{"id":58486,"date":"2021-06-11T18:25:38","date_gmt":"2021-06-11T18:25:38","guid":{"rendered":"http:\/\/www.noticiasradioreflejos.com.ar\/2021\/?p=58486"},"modified":"2021-06-11T18:25:38","modified_gmt":"2021-06-11T18:25:38","slug":"lo-que-queremos-hacer-es-hacer-que-la-gente-se-acepte-que-tenga-amor-propio-soledad-mennuto","status":"publish","type":"post","link":"https:\/\/www.noticiasradioreflejos.com.ar\/2021\/lo-que-queremos-hacer-es-hacer-que-la-gente-se-acepte-que-tenga-amor-propio-soledad-mennuto\/","title":{"rendered":"\u00abLo que queremos hacer, es hacer que la gente se acepte, que tenga amor propio\u00bb &#8211; Soledad Mennuto"},"content":{"rendered":"<p>Hoy en Tiempo Educativo conocemos una empresa textil que hace ropa para todos los talles. Un verdadero ejemplo. Durante el programa, entrevistamos a <strong>Soledad Mennuto<\/strong>, emprendedora a la cabeza de la marca.<!--more--><\/p>\n<p>Soledad Mennuto tiene 32 a\u00f1os y es Comunicadora Social. \u00abA partir de una necesidad propia la cual era no conseguir prendas acorde a mi cuerpo, decid\u00ed crear una marca que abarque todos los talles\u00bb explic\u00f3 el origen de su emprendimiento.<\/p>\n<p>\u00abMennu\u00bb es una empresa textil que fabrica prendas de vestir desde el XXXS hasta el XXXXXXXL para adultos, y los talles infantiles abarcan desde el talle 4 hasta el 20. \u00abTodo surgi\u00f3 a partir de que yo quer\u00eda una remera personalizada, yo uso talle XXL, y la tienda me dijo que no hac\u00edan talles especiales. Escuchar que un XXL es un talle especial, para mi fue un antes y un despu\u00e9s. Entonces, decid\u00ed emprender\u00bb.<\/p>\n<p>Mennu es una marca que tiene como fin concientizar acerca de la gordofobia, el gordoodio y la discriminaci\u00f3n que hay en el territorio nacional. A pesar de que la Ley de Talles Nacional est\u00e1 vigente, la misma no se est\u00e1 aplicando. Soledad, con su emprendimiento, pretende despertar a la sociedad y volverla consciente de estas problem\u00e1ticas sociales. \u00abEl vestirse es un derecho y no deber\u00eda ser un privilegio\u00bb.<\/p>\n<p><a data-flickr-embed=\"true\" href=\"https:\/\/www.flickr.com\/photos\/182279889@N02\/51241325260\/in\/dateposted-public\/\" title=\"WhatsApp Image 2021-06-11 at 09.22.02\"><img loading=\"lazy\" decoding=\"async\" src=\"https:\/\/live.staticflickr.com\/65535\/51241325260_aa334d9231_z.jpg\" width=\"640\" height=\"640\" alt=\"WhatsApp Image 2021-06-11 at 09.22.02\"><\/a><script async src=\"\/\/embedr.flickr.com\/assets\/client-code.js\" charset=\"utf-8\"><\/script><\/p>\n<p>\u00abLa gordofobia y el gordoodio est\u00e1n asociados al rechazo de los cuerpos que no son hegem\u00f3nicos, priorizando que la delgadez es salud, y que los kilos de m\u00e1s son una enfermedad. Caemos en juzgar a una persona por s\u00f3lo c\u00f3mo se ve\u00bb explic\u00f3 claramente la problem\u00e1tica que abunda en el sector textil.<\/p>\n<p>El taller de Mennu funciona en Lomas de Zamora. \u00abEs muy amplio, ya no es un living. La verdad, que es muy c\u00f3modo trabajar desde mi casa\u00bb.<\/p>\n<p>Si queres contactarte con Mennu, los canales de comunicaci\u00f3n son:<br \/>\nInstagram: @mennu.remeras<br \/>\nFacebook: Mennu Remeras<\/p>\n<p>Soledad coment\u00f3 que dentro de poco, lanzar\u00e1n su propia p\u00e1gina web que facilitar\u00e1 mucho m\u00e1s el contacto y las compras.<\/p>\n<p>\u00abLa verdad que estoy muy contenta con todos los logros a los que lleg\u00f3 la marca. Nosotros lo que queremos hacer, es hacer que la gente se acepte, que tenga amor propio\u00bb expres\u00f3.<\/p>\n<p>Nota completa a continuaci\u00f3n:<br \/>\n<iframe loading=\"lazy\" src=\"https:\/\/w.soundcloud.com\/player\/?url=https%3A\/\/api.soundcloud.com\/tracks\/1066566145&amp;color=%23ff5500&amp;auto_play=false&amp;hide_related=false&amp;show_comments=true&amp;show_user=true&amp;show_reposts=false&amp;show_teaser=true&amp;visual=true\" width=\"100%\" height=\"300\" frameborder=\"no\" scrolling=\"no\"><\/iframe><\/p>\n<div style=\"font-size: 10px; color: #cccccc; line-break: anywhere; word-break: normal; overflow: hidden; white-space: nowrap; text-overflow: ellipsis; font-family: Interstate,Lucida Grande,Lucida Sans Unicode,Lucida Sans,Garuda,Verdana,Tahoma,sans-serif; font-weight: 100;\"><a style=\"color: #cccccc; text-decoration: none;\" title=\"fmreflejos 103.7\" href=\"https:\/\/soundcloud.com\/fmreflejos-103-7\" target=\"_blank\" rel=\"noopener\">fmreflejos 103.7<\/a> \u00b7 <a style=\"color: #cccccc; text-decoration: none;\" title=\"Nota Soledad Mennuto\" href=\"https:\/\/soundcloud.com\/fmreflejos-103-7\/nota-soledad-mennuto\" target=\"_blank\" rel=\"noopener\">Nota Soledad Mennuto<\/a><\/div>\n","protected":false},"excerpt":{"rendered":"<p>Hoy en Tiempo Educativo conocemos una empresa textil que hace ropa para todos los talles. Un verdadero ejemplo. Durante el programa, entrevistamos a Soledad Mennuto, emprendedora a la cabeza de la marca.<\/p>\n","protected":false},"author":3,"featured_media":0,"comment_status":"closed","ping_status":"closed","sticky":false,"template":"","format":"standard","meta":{"footnotes":""},"categories":[26],"tags":[48],"class_list":["post-58486","post","type-post","status-publish","format-standard","hentry","category-sociedad","tag-destacada"],"yoast_head":"<!-- This site is optimized with the Yoast SEO plugin v25.9 - https:\/\/yoast.com\/wordpress\/plugins\/seo\/ -->\n<title>&quot;Lo que queremos hacer, es hacer que la gente se acepte, que tenga amor propio&quot; - Soledad Mennuto - Noticias Radio Reflejos<\/title>\n<meta name=\"robots\" content=\"index, follow, max-snippet:-1, max-image-preview:large, max-video-preview:-1\" \/>\n<link rel=\"canonical\" href=\"https:\/\/www.noticiasradioreflejos.com.ar\/2021\/lo-que-queremos-hacer-es-hacer-que-la-gente-se-acepte-que-tenga-amor-propio-soledad-mennuto\/\" \/>\n<meta property=\"og:locale\" content=\"es_ES\" \/>\n<meta property=\"og:type\" content=\"article\" \/>\n<meta property=\"og:title\" content=\"&quot;Lo que queremos hacer, es hacer que la gente se acepte, que tenga amor propio&quot; - Soledad Mennuto - Noticias Radio Reflejos\" \/>\n<meta property=\"og:description\" content=\"Hoy en Tiempo Educativo conocemos una empresa textil que hace ropa para todos los talles. Un verdadero ejemplo. Durante el programa, entrevistamos a Soledad Mennuto, emprendedora a la cabeza de la marca.\" \/>\n<meta property=\"og:url\" content=\"https:\/\/www.noticiasradioreflejos.com.ar\/2021\/lo-que-queremos-hacer-es-hacer-que-la-gente-se-acepte-que-tenga-amor-propio-soledad-mennuto\/\" \/>\n<meta property=\"og:site_name\" content=\"Noticias Radio Reflejos\" \/>\n<meta property=\"article:published_time\" content=\"2021-06-11T18:25:38+00:00\" \/>\n<meta property=\"og:image\" content=\"https:\/\/live.staticflickr.com\/65535\/51241325260_aa334d9231_z.jpg\" \/>\n<meta name=\"author\" content=\"Arnaldo Botto\" \/>\n<meta name=\"twitter:card\" content=\"summary_large_image\" \/>\n<script type=\"application\/ld+json\" class=\"yoast-schema-graph\">{\"@context\":\"https:\/\/schema.org\",\"@graph\":[{\"@type\":\"WebPage\",\"@id\":\"https:\/\/www.noticiasradioreflejos.com.ar\/2021\/lo-que-queremos-hacer-es-hacer-que-la-gente-se-acepte-que-tenga-amor-propio-soledad-mennuto\/\",\"url\":\"https:\/\/www.noticiasradioreflejos.com.ar\/2021\/lo-que-queremos-hacer-es-hacer-que-la-gente-se-acepte-que-tenga-amor-propio-soledad-mennuto\/\",\"name\":\"\\\"Lo que queremos hacer, es hacer que la gente se acepte, que tenga amor propio\\\" - Soledad Mennuto - Noticias Radio Reflejos\",\"isPartOf\":{\"@id\":\"https:\/\/www.noticiasradioreflejos.com.ar\/2021\/#website\"},\"primaryImageOfPage\":{\"@id\":\"https:\/\/www.noticiasradioreflejos.com.ar\/2021\/lo-que-queremos-hacer-es-hacer-que-la-gente-se-acepte-que-tenga-amor-propio-soledad-mennuto\/#primaryimage\"},\"image\":{\"@id\":\"https:\/\/www.noticiasradioreflejos.com.ar\/2021\/lo-que-queremos-hacer-es-hacer-que-la-gente-se-acepte-que-tenga-amor-propio-soledad-mennuto\/#primaryimage\"},\"thumbnailUrl\":\"https:\/\/live.staticflickr.com\/65535\/51241325260_aa334d9231_z.jpg\",\"datePublished\":\"2021-06-11T18:25:38+00:00\",\"author\":{\"@id\":\"https:\/\/www.noticiasradioreflejos.com.ar\/2021\/#\/schema\/person\/ad82545263dcc5ec0996818884fd5fb1\"},\"breadcrumb\":{\"@id\":\"https:\/\/www.noticiasradioreflejos.com.ar\/2021\/lo-que-queremos-hacer-es-hacer-que-la-gente-se-acepte-que-tenga-amor-propio-soledad-mennuto\/#breadcrumb\"},\"inLanguage\":\"es\",\"potentialAction\":[{\"@type\":\"ReadAction\",\"target\":[\"https:\/\/www.noticiasradioreflejos.com.ar\/2021\/lo-que-queremos-hacer-es-hacer-que-la-gente-se-acepte-que-tenga-amor-propio-soledad-mennuto\/\"]}]},{\"@type\":\"ImageObject\",\"inLanguage\":\"es\",\"@id\":\"https:\/\/www.noticiasradioreflejos.com.ar\/2021\/lo-que-queremos-hacer-es-hacer-que-la-gente-se-acepte-que-tenga-amor-propio-soledad-mennuto\/#primaryimage\",\"url\":\"https:\/\/live.staticflickr.com\/65535\/51241325260_aa334d9231_z.jpg\",\"contentUrl\":\"https:\/\/live.staticflickr.com\/65535\/51241325260_aa334d9231_z.jpg\"},{\"@type\":\"BreadcrumbList\",\"@id\":\"https:\/\/www.noticiasradioreflejos.com.ar\/2021\/lo-que-queremos-hacer-es-hacer-que-la-gente-se-acepte-que-tenga-amor-propio-soledad-mennuto\/#breadcrumb\",\"itemListElement\":[{\"@type\":\"ListItem\",\"position\":1,\"name\":\"Portada\",\"item\":\"https:\/\/www.noticiasradioreflejos.com.ar\/2021\/\"},{\"@type\":\"ListItem\",\"position\":2,\"name\":\"\u00abLo que queremos hacer, es hacer que la gente se acepte, que tenga amor propio\u00bb &#8211; Soledad Mennuto\"}]},{\"@type\":\"WebSite\",\"@id\":\"https:\/\/www.noticiasradioreflejos.com.ar\/2021\/#website\",\"url\":\"https:\/\/www.noticiasradioreflejos.com.ar\/2021\/\",\"name\":\"Noticias Radio Reflejos\",\"description\":\"Las noticias de mi comarca\",\"potentialAction\":[{\"@type\":\"SearchAction\",\"target\":{\"@type\":\"EntryPoint\",\"urlTemplate\":\"https:\/\/www.noticiasradioreflejos.com.ar\/2021\/?s={search_term_string}\"},\"query-input\":{\"@type\":\"PropertyValueSpecification\",\"valueRequired\":true,\"valueName\":\"search_term_string\"}}],\"inLanguage\":\"es\"},{\"@type\":\"Person\",\"@id\":\"https:\/\/www.noticiasradioreflejos.com.ar\/2021\/#\/schema\/person\/ad82545263dcc5ec0996818884fd5fb1\",\"name\":\"Arnaldo Botto\",\"image\":{\"@type\":\"ImageObject\",\"inLanguage\":\"es\",\"@id\":\"https:\/\/www.noticiasradioreflejos.com.ar\/2021\/#\/schema\/person\/image\/\",\"url\":\"https:\/\/secure.gravatar.com\/avatar\/55cb5e37c1efa326397366e6974cb338056df65cb50e7d64d1cf314e87504837?s=96&d=mm&r=g\",\"contentUrl\":\"https:\/\/secure.gravatar.com\/avatar\/55cb5e37c1efa326397366e6974cb338056df65cb50e7d64d1cf314e87504837?s=96&d=mm&r=g\",\"caption\":\"Arnaldo Botto\"},\"url\":\"https:\/\/www.noticiasradioreflejos.com.ar\/2021\/author\/arnaldo\/\"}]}<\/script>\n<!-- \/ Yoast SEO plugin. -->","yoast_head_json":{"title":"\"Lo que queremos hacer, es hacer que la gente se acepte, que tenga amor propio\" - Soledad Mennuto - Noticias Radio Reflejos","robots":{"index":"index","follow":"follow","max-snippet":"max-snippet:-1","max-image-preview":"max-image-preview:large","max-video-preview":"max-video-preview:-1"},"canonical":"https:\/\/www.noticiasradioreflejos.com.ar\/2021\/lo-que-queremos-hacer-es-hacer-que-la-gente-se-acepte-que-tenga-amor-propio-soledad-mennuto\/","og_locale":"es_ES","og_type":"article","og_title":"\"Lo que queremos hacer, es hacer que la gente se acepte, que tenga amor propio\" - Soledad Mennuto - Noticias Radio Reflejos","og_description":"Hoy en Tiempo Educativo conocemos una empresa textil que hace ropa para todos los talles. Un verdadero ejemplo. Durante el programa, entrevistamos a Soledad Mennuto, emprendedora a la cabeza de la marca.","og_url":"https:\/\/www.noticiasradioreflejos.com.ar\/2021\/lo-que-queremos-hacer-es-hacer-que-la-gente-se-acepte-que-tenga-amor-propio-soledad-mennuto\/","og_site_name":"Noticias Radio Reflejos","article_published_time":"2021-06-11T18:25:38+00:00","og_image":[{"url":"https:\/\/live.staticflickr.com\/65535\/51241325260_aa334d9231_z.jpg","type":"","width":"","height":""}],"author":"Arnaldo Botto","twitter_card":"summary_large_image","schema":{"@context":"https:\/\/schema.org","@graph":[{"@type":"WebPage","@id":"https:\/\/www.noticiasradioreflejos.com.ar\/2021\/lo-que-queremos-hacer-es-hacer-que-la-gente-se-acepte-que-tenga-amor-propio-soledad-mennuto\/","url":"https:\/\/www.noticiasradioreflejos.com.ar\/2021\/lo-que-queremos-hacer-es-hacer-que-la-gente-se-acepte-que-tenga-amor-propio-soledad-mennuto\/","name":"\"Lo que queremos hacer, es hacer que la gente se acepte, que tenga amor propio\" - Soledad Mennuto - Noticias Radio Reflejos","isPartOf":{"@id":"https:\/\/www.noticiasradioreflejos.com.ar\/2021\/#website"},"primaryImageOfPage":{"@id":"https:\/\/www.noticiasradioreflejos.com.ar\/2021\/lo-que-queremos-hacer-es-hacer-que-la-gente-se-acepte-que-tenga-amor-propio-soledad-mennuto\/#primaryimage"},"image":{"@id":"https:\/\/www.noticiasradioreflejos.com.ar\/2021\/lo-que-queremos-hacer-es-hacer-que-la-gente-se-acepte-que-tenga-amor-propio-soledad-mennuto\/#primaryimage"},"thumbnailUrl":"https:\/\/live.staticflickr.com\/65535\/51241325260_aa334d9231_z.jpg","datePublished":"2021-06-11T18:25:38+00:00","author":{"@id":"https:\/\/www.noticiasradioreflejos.com.ar\/2021\/#\/schema\/person\/ad82545263dcc5ec0996818884fd5fb1"},"breadcrumb":{"@id":"https:\/\/www.noticiasradioreflejos.com.ar\/2021\/lo-que-queremos-hacer-es-hacer-que-la-gente-se-acepte-que-tenga-amor-propio-soledad-mennuto\/#breadcrumb"},"inLanguage":"es","potentialAction":[{"@type":"ReadAction","target":["https:\/\/www.noticiasradioreflejos.com.ar\/2021\/lo-que-queremos-hacer-es-hacer-que-la-gente-se-acepte-que-tenga-amor-propio-soledad-mennuto\/"]}]},{"@type":"ImageObject","inLanguage":"es","@id":"https:\/\/www.noticiasradioreflejos.com.ar\/2021\/lo-que-queremos-hacer-es-hacer-que-la-gente-se-acepte-que-tenga-amor-propio-soledad-mennuto\/#primaryimage","url":"https:\/\/live.staticflickr.com\/65535\/51241325260_aa334d9231_z.jpg","contentUrl":"https:\/\/live.staticflickr.com\/65535\/51241325260_aa334d9231_z.jpg"},{"@type":"BreadcrumbList","@id":"https:\/\/www.noticiasradioreflejos.com.ar\/2021\/lo-que-queremos-hacer-es-hacer-que-la-gente-se-acepte-que-tenga-amor-propio-soledad-mennuto\/#breadcrumb","itemListElement":[{"@type":"ListItem","position":1,"name":"Portada","item":"https:\/\/www.noticiasradioreflejos.com.ar\/2021\/"},{"@type":"ListItem","position":2,"name":"\u00abLo que queremos hacer, es hacer que la gente se acepte, que tenga amor propio\u00bb &#8211; Soledad Mennuto"}]},{"@type":"WebSite","@id":"https:\/\/www.noticiasradioreflejos.com.ar\/2021\/#website","url":"https:\/\/www.noticiasradioreflejos.com.ar\/2021\/","name":"Noticias Radio Reflejos","description":"Las noticias de mi comarca","potentialAction":[{"@type":"SearchAction","target":{"@type":"EntryPoint","urlTemplate":"https:\/\/www.noticiasradioreflejos.com.ar\/2021\/?s={search_term_string}"},"query-input":{"@type":"PropertyValueSpecification","valueRequired":true,"valueName":"search_term_string"}}],"inLanguage":"es"},{"@type":"Person","@id":"https:\/\/www.noticiasradioreflejos.com.ar\/2021\/#\/schema\/person\/ad82545263dcc5ec0996818884fd5fb1","name":"Arnaldo Botto","image":{"@type":"ImageObject","inLanguage":"es","@id":"https:\/\/www.noticiasradioreflejos.com.ar\/2021\/#\/schema\/person\/image\/","url":"https:\/\/secure.gravatar.com\/avatar\/55cb5e37c1efa326397366e6974cb338056df65cb50e7d64d1cf314e87504837?s=96&d=mm&r=g","contentUrl":"https:\/\/secure.gravatar.com\/avatar\/55cb5e37c1efa326397366e6974cb338056df65cb50e7d64d1cf314e87504837?s=96&d=mm&r=g","caption":"Arnaldo Botto"},"url":"https:\/\/www.noticiasradioreflejos.com.ar\/2021\/author\/arnaldo\/"}]}},"_links":{"self":[{"href":"https:\/\/www.noticiasradioreflejos.com.ar\/2021\/wp-json\/wp\/v2\/posts\/58486","targetHints":{"allow":["GET"]}}],"collection":[{"href":"https:\/\/www.noticiasradioreflejos.com.ar\/2021\/wp-json\/wp\/v2\/posts"}],"about":[{"href":"https:\/\/www.noticiasradioreflejos.com.ar\/2021\/wp-json\/wp\/v2\/types\/post"}],"author":[{"embeddable":true,"href":"https:\/\/www.noticiasradioreflejos.com.ar\/2021\/wp-json\/wp\/v2\/users\/3"}],"replies":[{"embeddable":true,"href":"https:\/\/www.noticiasradioreflejos.com.ar\/2021\/wp-json\/wp\/v2\/comments?post=58486"}],"version-history":[{"count":3,"href":"https:\/\/www.noticiasradioreflejos.com.ar\/2021\/wp-json\/wp\/v2\/posts\/58486\/revisions"}],"predecessor-version":[{"id":58526,"href":"https:\/\/www.noticiasradioreflejos.com.ar\/2021\/wp-json\/wp\/v2\/posts\/58486\/revisions\/58526"}],"wp:attachment":[{"href":"https:\/\/www.noticiasradioreflejos.com.ar\/2021\/wp-json\/wp\/v2\/media?parent=58486"}],"wp:term":[{"taxonomy":"category","embeddable":true,"href":"https:\/\/www.noticiasradioreflejos.com.ar\/2021\/wp-json\/wp\/v2\/categories?post=58486"},{"taxonomy":"post_tag","embeddable":true,"href":"https:\/\/www.noticiasradioreflejos.com.ar\/2021\/wp-json\/wp\/v2\/tags?post=58486"}],"curies":[{"name":"wp","href":"https:\/\/api.w.org\/{rel}","templated":true}]}}