{"id":58431,"date":"2021-06-10T20:15:17","date_gmt":"2021-06-10T20:15:17","guid":{"rendered":"http:\/\/www.noticiasradioreflejos.com.ar\/2021\/?p=58431"},"modified":"2021-06-10T20:17:29","modified_gmt":"2021-06-10T20:17:29","slug":"mas-actos-de-vandalismo-ahora-le-toco-al-club-ventana","status":"publish","type":"post","link":"https:\/\/www.noticiasradioreflejos.com.ar\/2021\/mas-actos-de-vandalismo-ahora-le-toco-al-club-ventana\/","title":{"rendered":"M\u00e1s actos de vandalismo: Ahora le toc\u00f3 al Club Ventana."},"content":{"rendered":"<p><strong>Horacio Granci<\/strong>, presidente del Club Ventana, nos comunica que esta ma\u00f1ana han encontrado vandalizado el alambrado que divide la cancha de f\u00fatbol y la cancha de hockey. Horacio aprovecha el espacio de la radio para concientizar sobre la importancia de mantener el club en condiciones y les pide a los oyentes que colaboren con informaci\u00f3n.<!--more--><\/p>\n<p><a title=\"Horacio Granci\" href=\"https:\/\/www.flickr.com\/photos\/182279889@N02\/51238677381\/in\/dateposted-public\/\" data-flickr-embed=\"true\"><img loading=\"lazy\" decoding=\"async\" src=\"https:\/\/live.staticflickr.com\/65535\/51238677381_49d512d0be_c.jpg\" alt=\"Horacio Granci\" width=\"800\" height=\"571\" \/><\/a><script async src=\"\/\/embedr.flickr.com\/assets\/client-code.js\" charset=\"utf-8\"><\/script><\/p>\n<p>\u00abDespu\u00e9s de unos hechos de encontronazos despu\u00e9s del \u00faltimo campeonato, decidimos hacer un alambre ol\u00edmpico para separar las dos canchas. En ese lugar esta trabajando gente del club. En la ma\u00f1ana de hoy, encuentran un pa\u00f1o y algo m\u00e1s de ese alambrado roto\u00bb present\u00f3 Horacio con lo que se encontraron esta ma\u00f1ana en el campo deportivo de la instituci\u00f3n.<\/p>\n<p>\u00abHay mucha indignaci\u00f3n en mis compa\u00f1eros por tanto esfuerzo, adem\u00e1s de todo el dinero que cuesta eso\u00bb expres\u00f3.<\/p>\n<p>Horacio quiso hacer un llamado a la solidaridad, aprovechando el espacio de la radio: \u00abA quien nos aporte alg\u00fan dato para descubrir qui\u00e9n ha hecho esto\u00bb. El presidente del tricolor confirma que a\u00fan no han hecho la denuncia policial porque no saben c\u00f3mo resolver la situaci\u00f3n.<\/p>\n<p><a title=\"Da\u00f1os al club Ventana (2)\" href=\"https:\/\/www.flickr.com\/photos\/182279889@N02\/51238246488\/in\/dateposted-public\/\" data-flickr-embed=\"true\"><img loading=\"lazy\" decoding=\"async\" src=\"https:\/\/live.staticflickr.com\/65535\/51238246488_0657a4509f_c.jpg\" alt=\"Da\u00f1os al club Ventana (2)\" width=\"800\" height=\"450\" \/><\/a><script async src=\"\/\/embedr.flickr.com\/assets\/client-code.js\" charset=\"utf-8\"><\/script><\/p>\n<p>\u00abEs la actitud de romper algo que consideramos que es de toda la comunidad. Los hombres pasamos y las instituciones quedan\u00bb concientiz\u00f3 Horacio. \u00abQuien se tenga que hacer responsable del da\u00f1o hecho, que as\u00ed sea\u00bb.<\/p>\n<p><em><strong>Nota completa a continuaci\u00f3n:<\/strong><\/em><br \/>\n<iframe loading=\"lazy\" src=\"https:\/\/w.soundcloud.com\/player\/?url=https%3A\/\/api.soundcloud.com\/tracks\/1065757852&amp;color=%23ff5500&amp;auto_play=false&amp;hide_related=false&amp;show_comments=true&amp;show_user=true&amp;show_reposts=false&amp;show_teaser=true\" width=\"100%\" height=\"166\" frameborder=\"no\" scrolling=\"no\"><\/iframe><\/p>\n<div style=\"font-size: 10px; color: #cccccc; line-break: anywhere; word-break: normal; overflow: hidden; white-space: nowrap; text-overflow: ellipsis; font-family: Interstate,Lucida Grande,Lucida Sans Unicode,Lucida Sans,Garuda,Verdana,Tahoma,sans-serif; font-weight: 100;\"><a style=\"color: #cccccc; text-decoration: none;\" title=\"fmreflejos 103.7\" href=\"https:\/\/soundcloud.com\/fmreflejos-103-7\" target=\"_blank\" rel=\"noopener\">fmreflejos 103.7<\/a> \u00b7 <a style=\"color: #cccccc; text-decoration: none;\" title=\"Horacio Granci\" href=\"https:\/\/soundcloud.com\/fmreflejos-103-7\/horacio-granci\" target=\"_blank\" rel=\"noopener\">Horacio Granci<\/a><\/div>\n","protected":false},"excerpt":{"rendered":"<p>Horacio Granci, presidente del Club Ventana, nos comunica que esta ma\u00f1ana han encontrado vandalizado el alambrado que divide la cancha de f\u00fatbol y la cancha de hockey. Horacio aprovecha el espacio de la radio para concientizar sobre la importancia de mantener el club en condiciones y les pide a los oyentes que colaboren con informaci\u00f3n.<\/p>\n","protected":false},"author":3,"featured_media":0,"comment_status":"closed","ping_status":"closed","sticky":false,"template":"","format":"standard","meta":{"footnotes":""},"categories":[26],"tags":[48],"class_list":["post-58431","post","type-post","status-publish","format-standard","hentry","category-sociedad","tag-destacada"],"yoast_head":"<!-- This site is optimized with the Yoast SEO plugin v25.9 - https:\/\/yoast.com\/wordpress\/plugins\/seo\/ -->\n<title>M\u00e1s actos de vandalismo: Ahora le toc\u00f3 al Club Ventana. - Noticias Radio Reflejos<\/title>\n<meta name=\"robots\" content=\"index, follow, max-snippet:-1, max-image-preview:large, max-video-preview:-1\" \/>\n<link rel=\"canonical\" href=\"https:\/\/www.noticiasradioreflejos.com.ar\/2021\/mas-actos-de-vandalismo-ahora-le-toco-al-club-ventana\/\" \/>\n<meta property=\"og:locale\" content=\"es_ES\" \/>\n<meta property=\"og:type\" content=\"article\" \/>\n<meta property=\"og:title\" content=\"M\u00e1s actos de vandalismo: Ahora le toc\u00f3 al Club Ventana. - Noticias Radio Reflejos\" \/>\n<meta property=\"og:description\" content=\"Horacio Granci, presidente del Club Ventana, nos comunica que esta ma\u00f1ana han encontrado vandalizado el alambrado que divide la cancha de f\u00fatbol y la cancha de hockey. Horacio aprovecha el espacio de la radio para concientizar sobre la importancia de mantener el club en condiciones y les pide a los oyentes que colaboren con informaci\u00f3n.\" \/>\n<meta property=\"og:url\" content=\"https:\/\/www.noticiasradioreflejos.com.ar\/2021\/mas-actos-de-vandalismo-ahora-le-toco-al-club-ventana\/\" \/>\n<meta property=\"og:site_name\" content=\"Noticias Radio Reflejos\" \/>\n<meta property=\"article:published_time\" content=\"2021-06-10T20:15:17+00:00\" \/>\n<meta property=\"article:modified_time\" content=\"2021-06-10T20:17:29+00:00\" \/>\n<meta property=\"og:image\" content=\"https:\/\/live.staticflickr.com\/65535\/51238677381_49d512d0be_c.jpg\" \/>\n<meta name=\"author\" content=\"Arnaldo Botto\" \/>\n<meta name=\"twitter:card\" content=\"summary_large_image\" \/>\n<script type=\"application\/ld+json\" class=\"yoast-schema-graph\">{\"@context\":\"https:\/\/schema.org\",\"@graph\":[{\"@type\":\"WebPage\",\"@id\":\"https:\/\/www.noticiasradioreflejos.com.ar\/2021\/mas-actos-de-vandalismo-ahora-le-toco-al-club-ventana\/\",\"url\":\"https:\/\/www.noticiasradioreflejos.com.ar\/2021\/mas-actos-de-vandalismo-ahora-le-toco-al-club-ventana\/\",\"name\":\"M\u00e1s actos de vandalismo: Ahora le toc\u00f3 al Club Ventana. - Noticias Radio Reflejos\",\"isPartOf\":{\"@id\":\"https:\/\/www.noticiasradioreflejos.com.ar\/2021\/#website\"},\"primaryImageOfPage\":{\"@id\":\"https:\/\/www.noticiasradioreflejos.com.ar\/2021\/mas-actos-de-vandalismo-ahora-le-toco-al-club-ventana\/#primaryimage\"},\"image\":{\"@id\":\"https:\/\/www.noticiasradioreflejos.com.ar\/2021\/mas-actos-de-vandalismo-ahora-le-toco-al-club-ventana\/#primaryimage\"},\"thumbnailUrl\":\"https:\/\/live.staticflickr.com\/65535\/51238677381_49d512d0be_c.jpg\",\"datePublished\":\"2021-06-10T20:15:17+00:00\",\"dateModified\":\"2021-06-10T20:17:29+00:00\",\"author\":{\"@id\":\"https:\/\/www.noticiasradioreflejos.com.ar\/2021\/#\/schema\/person\/ad82545263dcc5ec0996818884fd5fb1\"},\"breadcrumb\":{\"@id\":\"https:\/\/www.noticiasradioreflejos.com.ar\/2021\/mas-actos-de-vandalismo-ahora-le-toco-al-club-ventana\/#breadcrumb\"},\"inLanguage\":\"es\",\"potentialAction\":[{\"@type\":\"ReadAction\",\"target\":[\"https:\/\/www.noticiasradioreflejos.com.ar\/2021\/mas-actos-de-vandalismo-ahora-le-toco-al-club-ventana\/\"]}]},{\"@type\":\"ImageObject\",\"inLanguage\":\"es\",\"@id\":\"https:\/\/www.noticiasradioreflejos.com.ar\/2021\/mas-actos-de-vandalismo-ahora-le-toco-al-club-ventana\/#primaryimage\",\"url\":\"https:\/\/live.staticflickr.com\/65535\/51238677381_49d512d0be_c.jpg\",\"contentUrl\":\"https:\/\/live.staticflickr.com\/65535\/51238677381_49d512d0be_c.jpg\"},{\"@type\":\"BreadcrumbList\",\"@id\":\"https:\/\/www.noticiasradioreflejos.com.ar\/2021\/mas-actos-de-vandalismo-ahora-le-toco-al-club-ventana\/#breadcrumb\",\"itemListElement\":[{\"@type\":\"ListItem\",\"position\":1,\"name\":\"Portada\",\"item\":\"https:\/\/www.noticiasradioreflejos.com.ar\/2021\/\"},{\"@type\":\"ListItem\",\"position\":2,\"name\":\"M\u00e1s actos de vandalismo: Ahora le toc\u00f3 al Club Ventana.\"}]},{\"@type\":\"WebSite\",\"@id\":\"https:\/\/www.noticiasradioreflejos.com.ar\/2021\/#website\",\"url\":\"https:\/\/www.noticiasradioreflejos.com.ar\/2021\/\",\"name\":\"Noticias Radio Reflejos\",\"description\":\"Las noticias de mi comarca\",\"potentialAction\":[{\"@type\":\"SearchAction\",\"target\":{\"@type\":\"EntryPoint\",\"urlTemplate\":\"https:\/\/www.noticiasradioreflejos.com.ar\/2021\/?s={search_term_string}\"},\"query-input\":{\"@type\":\"PropertyValueSpecification\",\"valueRequired\":true,\"valueName\":\"search_term_string\"}}],\"inLanguage\":\"es\"},{\"@type\":\"Person\",\"@id\":\"https:\/\/www.noticiasradioreflejos.com.ar\/2021\/#\/schema\/person\/ad82545263dcc5ec0996818884fd5fb1\",\"name\":\"Arnaldo Botto\",\"image\":{\"@type\":\"ImageObject\",\"inLanguage\":\"es\",\"@id\":\"https:\/\/www.noticiasradioreflejos.com.ar\/2021\/#\/schema\/person\/image\/\",\"url\":\"https:\/\/secure.gravatar.com\/avatar\/55cb5e37c1efa326397366e6974cb338056df65cb50e7d64d1cf314e87504837?s=96&d=mm&r=g\",\"contentUrl\":\"https:\/\/secure.gravatar.com\/avatar\/55cb5e37c1efa326397366e6974cb338056df65cb50e7d64d1cf314e87504837?s=96&d=mm&r=g\",\"caption\":\"Arnaldo Botto\"},\"url\":\"https:\/\/www.noticiasradioreflejos.com.ar\/2021\/author\/arnaldo\/\"}]}<\/script>\n<!-- \/ Yoast SEO plugin. -->","yoast_head_json":{"title":"M\u00e1s actos de vandalismo: Ahora le toc\u00f3 al Club Ventana. - Noticias Radio Reflejos","robots":{"index":"index","follow":"follow","max-snippet":"max-snippet:-1","max-image-preview":"max-image-preview:large","max-video-preview":"max-video-preview:-1"},"canonical":"https:\/\/www.noticiasradioreflejos.com.ar\/2021\/mas-actos-de-vandalismo-ahora-le-toco-al-club-ventana\/","og_locale":"es_ES","og_type":"article","og_title":"M\u00e1s actos de vandalismo: Ahora le toc\u00f3 al Club Ventana. - Noticias Radio Reflejos","og_description":"Horacio Granci, presidente del Club Ventana, nos comunica que esta ma\u00f1ana han encontrado vandalizado el alambrado que divide la cancha de f\u00fatbol y la cancha de hockey. Horacio aprovecha el espacio de la radio para concientizar sobre la importancia de mantener el club en condiciones y les pide a los oyentes que colaboren con informaci\u00f3n.","og_url":"https:\/\/www.noticiasradioreflejos.com.ar\/2021\/mas-actos-de-vandalismo-ahora-le-toco-al-club-ventana\/","og_site_name":"Noticias Radio Reflejos","article_published_time":"2021-06-10T20:15:17+00:00","article_modified_time":"2021-06-10T20:17:29+00:00","og_image":[{"url":"https:\/\/live.staticflickr.com\/65535\/51238677381_49d512d0be_c.jpg","type":"","width":"","height":""}],"author":"Arnaldo Botto","twitter_card":"summary_large_image","schema":{"@context":"https:\/\/schema.org","@graph":[{"@type":"WebPage","@id":"https:\/\/www.noticiasradioreflejos.com.ar\/2021\/mas-actos-de-vandalismo-ahora-le-toco-al-club-ventana\/","url":"https:\/\/www.noticiasradioreflejos.com.ar\/2021\/mas-actos-de-vandalismo-ahora-le-toco-al-club-ventana\/","name":"M\u00e1s actos de vandalismo: Ahora le toc\u00f3 al Club Ventana. - Noticias Radio Reflejos","isPartOf":{"@id":"https:\/\/www.noticiasradioreflejos.com.ar\/2021\/#website"},"primaryImageOfPage":{"@id":"https:\/\/www.noticiasradioreflejos.com.ar\/2021\/mas-actos-de-vandalismo-ahora-le-toco-al-club-ventana\/#primaryimage"},"image":{"@id":"https:\/\/www.noticiasradioreflejos.com.ar\/2021\/mas-actos-de-vandalismo-ahora-le-toco-al-club-ventana\/#primaryimage"},"thumbnailUrl":"https:\/\/live.staticflickr.com\/65535\/51238677381_49d512d0be_c.jpg","datePublished":"2021-06-10T20:15:17+00:00","dateModified":"2021-06-10T20:17:29+00:00","author":{"@id":"https:\/\/www.noticiasradioreflejos.com.ar\/2021\/#\/schema\/person\/ad82545263dcc5ec0996818884fd5fb1"},"breadcrumb":{"@id":"https:\/\/www.noticiasradioreflejos.com.ar\/2021\/mas-actos-de-vandalismo-ahora-le-toco-al-club-ventana\/#breadcrumb"},"inLanguage":"es","potentialAction":[{"@type":"ReadAction","target":["https:\/\/www.noticiasradioreflejos.com.ar\/2021\/mas-actos-de-vandalismo-ahora-le-toco-al-club-ventana\/"]}]},{"@type":"ImageObject","inLanguage":"es","@id":"https:\/\/www.noticiasradioreflejos.com.ar\/2021\/mas-actos-de-vandalismo-ahora-le-toco-al-club-ventana\/#primaryimage","url":"https:\/\/live.staticflickr.com\/65535\/51238677381_49d512d0be_c.jpg","contentUrl":"https:\/\/live.staticflickr.com\/65535\/51238677381_49d512d0be_c.jpg"},{"@type":"BreadcrumbList","@id":"https:\/\/www.noticiasradioreflejos.com.ar\/2021\/mas-actos-de-vandalismo-ahora-le-toco-al-club-ventana\/#breadcrumb","itemListElement":[{"@type":"ListItem","position":1,"name":"Portada","item":"https:\/\/www.noticiasradioreflejos.com.ar\/2021\/"},{"@type":"ListItem","position":2,"name":"M\u00e1s actos de vandalismo: Ahora le toc\u00f3 al Club Ventana."}]},{"@type":"WebSite","@id":"https:\/\/www.noticiasradioreflejos.com.ar\/2021\/#website","url":"https:\/\/www.noticiasradioreflejos.com.ar\/2021\/","name":"Noticias Radio Reflejos","description":"Las noticias de mi comarca","potentialAction":[{"@type":"SearchAction","target":{"@type":"EntryPoint","urlTemplate":"https:\/\/www.noticiasradioreflejos.com.ar\/2021\/?s={search_term_string}"},"query-input":{"@type":"PropertyValueSpecification","valueRequired":true,"valueName":"search_term_string"}}],"inLanguage":"es"},{"@type":"Person","@id":"https:\/\/www.noticiasradioreflejos.com.ar\/2021\/#\/schema\/person\/ad82545263dcc5ec0996818884fd5fb1","name":"Arnaldo Botto","image":{"@type":"ImageObject","inLanguage":"es","@id":"https:\/\/www.noticiasradioreflejos.com.ar\/2021\/#\/schema\/person\/image\/","url":"https:\/\/secure.gravatar.com\/avatar\/55cb5e37c1efa326397366e6974cb338056df65cb50e7d64d1cf314e87504837?s=96&d=mm&r=g","contentUrl":"https:\/\/secure.gravatar.com\/avatar\/55cb5e37c1efa326397366e6974cb338056df65cb50e7d64d1cf314e87504837?s=96&d=mm&r=g","caption":"Arnaldo Botto"},"url":"https:\/\/www.noticiasradioreflejos.com.ar\/2021\/author\/arnaldo\/"}]}},"_links":{"self":[{"href":"https:\/\/www.noticiasradioreflejos.com.ar\/2021\/wp-json\/wp\/v2\/posts\/58431","targetHints":{"allow":["GET"]}}],"collection":[{"href":"https:\/\/www.noticiasradioreflejos.com.ar\/2021\/wp-json\/wp\/v2\/posts"}],"about":[{"href":"https:\/\/www.noticiasradioreflejos.com.ar\/2021\/wp-json\/wp\/v2\/types\/post"}],"author":[{"embeddable":true,"href":"https:\/\/www.noticiasradioreflejos.com.ar\/2021\/wp-json\/wp\/v2\/users\/3"}],"replies":[{"embeddable":true,"href":"https:\/\/www.noticiasradioreflejos.com.ar\/2021\/wp-json\/wp\/v2\/comments?post=58431"}],"version-history":[{"count":5,"href":"https:\/\/www.noticiasradioreflejos.com.ar\/2021\/wp-json\/wp\/v2\/posts\/58431\/revisions"}],"predecessor-version":[{"id":58439,"href":"https:\/\/www.noticiasradioreflejos.com.ar\/2021\/wp-json\/wp\/v2\/posts\/58431\/revisions\/58439"}],"wp:attachment":[{"href":"https:\/\/www.noticiasradioreflejos.com.ar\/2021\/wp-json\/wp\/v2\/media?parent=58431"}],"wp:term":[{"taxonomy":"category","embeddable":true,"href":"https:\/\/www.noticiasradioreflejos.com.ar\/2021\/wp-json\/wp\/v2\/categories?post=58431"},{"taxonomy":"post_tag","embeddable":true,"href":"https:\/\/www.noticiasradioreflejos.com.ar\/2021\/wp-json\/wp\/v2\/tags?post=58431"}],"curies":[{"name":"wp","href":"https:\/\/api.w.org\/{rel}","templated":true}]}}