{"id":58422,"date":"2021-06-10T18:10:09","date_gmt":"2021-06-10T18:10:09","guid":{"rendered":"http:\/\/www.noticiasradioreflejos.com.ar\/2021\/?p=58422"},"modified":"2021-06-10T18:35:14","modified_gmt":"2021-06-10T18:35:14","slug":"relanzan-el-plan-previaje-y-anuncian-otras-medidas-para-el-sector","status":"publish","type":"post","link":"https:\/\/www.noticiasradioreflejos.com.ar\/2021\/relanzan-el-plan-previaje-y-anuncian-otras-medidas-para-el-sector\/","title":{"rendered":"Relanzan el plan \u00abPreviaje\u00bb y anuncian otras medidas para el sector"},"content":{"rendered":"<div class=\"head-content\">\n<p>El Gobierno nacional presentar\u00e1 \u00abdos grandes medidas\u00bb para \u00abproteger\u00bb al turismo que es considerado como \u00abestrat\u00e9gico\u00bb, de cara a la recuperaci\u00f3n econ\u00f3mica de la pospandemia.<\/p>\n<div class=\"addthis_custom_sharing\" data-url=\"https:\/\/www.telam.com.ar\/notas\/202106\/557250-se-relanzara-el-plan-previaje-y-se-anunciaran-otras-medidas-para-el-sector.html\" data-title=\"Relanzan el plan &quot;Previaje&quot; y anuncian otras medidas para el sector\" data-description=\"El Gobierno nacional presentar\u00e1 &quot;dos grandes medidas&quot; para &quot;proteger&quot; al turismo que es considerado como &quot;estrat\u00e9gico&quot;, de cara a la recuperaci\u00f3n econ\u00f3mica de la pospandemia.\">\n<div id=\"atstbx\" class=\"at-resp-share-element at-style-responsive addthis-smartlayers addthis-animated at4-show\" role=\"region\" aria-labelledby=\"at-501ef60d-6eb7-4d4d-8f56-e797f70eb213\"><\/div>\n<\/div>\n<\/div>\n<p><!--more--><\/p>\n<div class=\"main-content-block\">\n<div class=\"main-box clearfix\">\n<div class=\"wrapper-main-section clearfix\">\n<div class=\"wrapper-editable-content\">\n<div class=\"editable-content clearfix\">\n<div id=\"image\" class=\"image\">\n<p><img decoding=\"async\" title=\"El ministro inform\u00f3 que tambi\u00e9n se lanzar\u00e1 &quot;un plan adicional para las empresas que est\u00e1n recibiendo el Repro&quot;.\" src=\"https:\/\/www.telam.com.ar\/advf\/imagenes\/2021\/03\/60632539bb1a9_1004x565.jpg\" alt=\"El ministro inform\u00f3 que tambi\u00e9n se lanzar\u00e1 &quot;un plan adicional para las empresas que est\u00e1n recibiendo el Repro&quot;.\" \/><\/p>\n<div class=\"epigrafe\">El ministro inform\u00f3 que tambi\u00e9n se lanzar\u00e1 \u00abun plan adicional para las empresas que est\u00e1n recibiendo el Repro\u00bb.<\/div>\n<\/div>\n<p>El\u00a0<strong>ministro de Turismo, Mat\u00edas Lammens<\/strong>, adelant\u00f3 este jueves que \u00aben las pr\u00f3ximas horas\u00bb el Gobierno nacional lanzar\u00e1 una\u00a0<strong>\u00absegunda etapa del plan Previaje\u00bb y se anunciar\u00e1 un nuevo programa de asistencia\u00a0<\/strong>para empresas del sector.<\/p>\n<p>Luego de participar en la reuni\u00f3n de Gabinete econ\u00f3mico que se desarroll\u00f3 en Casa Rosada, el funcionario sostuvo que el Gobierno nacional presentar\u00e1 \u00abdos grandes medidas\u00bb para \u00abproteger\u00bb al sector del turismo que es considerado como \u00abestrat\u00e9gico\u00bb, de cara a la recuperaci\u00f3n econ\u00f3mica de la pospandemia.<\/p>\n<p>Respecto de la nueva edici\u00f3n del<strong>\u00a0\u00abPreviaje\u00bb<\/strong>, adelant\u00f3 que servir\u00e1 -de la misma forma que el a\u00f1o pasado- para posibilitar la compra de paquetes por adelantado.<\/p>\n<blockquote class=\"small-left\"><p>\u00abEs una medida que ven\u00eda siendo muy demandada por el sector\u00bb<\/p>\n<div class=\"sign\"><strong>MAT\u00cdAS LAMMENS<\/strong><\/div>\n<\/blockquote>\n<p>Los mismos se podr\u00e1n usar \u00aba partir de diciembre y durante el a\u00f1o pr\u00f3ximo\u00bb, clarific\u00f3.<\/p>\n<p>\u00abEs un plan que funcion\u00f3 de manera extraordinaria, que fue exitoso y permiti\u00f3 que la gente viajara por Argentina pero, adem\u00e1s, le dio al sector una inyecci\u00f3n de liquidez importante. Es una medida que ven\u00eda siendo muy demandada por el sector\u00bb, se\u00f1al\u00f3 Lammens en di\u00e1logo con la prensa acreditada.<\/p>\n<p>El ministro inform\u00f3 que tambi\u00e9n se lanzar\u00e1 \u00abun<strong>\u00a0plan adicional para las empresas que est\u00e1n recibiendo el Repro<\/strong>\u00ab, para otorgar 22 mil pesos por trabajador de empresas del turismo \u00abpara gastos corrientes de capital\u00bb.<\/p>\n<p>El programa ser\u00e1 dirigido por el propio Ministerio y estar\u00e1 solventado por aportes del Tesoro Nacional.<\/p>\n<p>Respecto de la posibilidad de realizar en fecha, adelantar o diferir las<strong>\u00a0vacaciones de invierno, Lammens aclar\u00f3 que la situaci\u00f3n epidemiol\u00f3gica \u00abimpide dar certezas\u00bb, pero que se est\u00e1 \u00abtrabajando para poder, si la situaci\u00f3n lo permite, tener temporada<\/strong>\u00ab.<\/p>\n<p>Sobre la fecha de las vacaciones invernales, aclar\u00f3 que ser\u00e1 decisi\u00f3n de las provincias pero aclar\u00f3 que, m\u00e1s all\u00e1 de la importancia central del turismo, \u00abla prioridad es que los chicos puedan ir a la escuela\u00bb.<\/p>\n<\/div>\n<\/div>\n<\/div>\n<\/div>\n<\/div>\n","protected":false},"excerpt":{"rendered":"<p>El Gobierno nacional presentar\u00e1 \u00abdos grandes medidas\u00bb para \u00abproteger\u00bb al turismo que es considerado como \u00abestrat\u00e9gico\u00bb, de cara a la recuperaci\u00f3n econ\u00f3mica de la pospandemia.<\/p>\n","protected":false},"author":3,"featured_media":58429,"comment_status":"closed","ping_status":"closed","sticky":false,"template":"","format":"standard","meta":{"footnotes":""},"categories":[33],"tags":[48],"class_list":["post-58422","post","type-post","status-publish","format-standard","has-post-thumbnail","hentry","category-turismo","tag-destacada"],"yoast_head":"<!-- This site is optimized with the Yoast SEO plugin v25.9 - https:\/\/yoast.com\/wordpress\/plugins\/seo\/ -->\n<title>Relanzan el plan &quot;Previaje&quot; y anuncian otras medidas para el sector - Noticias Radio Reflejos<\/title>\n<meta name=\"robots\" content=\"index, follow, max-snippet:-1, max-image-preview:large, max-video-preview:-1\" \/>\n<link rel=\"canonical\" href=\"https:\/\/www.noticiasradioreflejos.com.ar\/2021\/relanzan-el-plan-previaje-y-anuncian-otras-medidas-para-el-sector\/\" \/>\n<meta property=\"og:locale\" content=\"es_ES\" \/>\n<meta property=\"og:type\" content=\"article\" \/>\n<meta property=\"og:title\" content=\"Relanzan el plan &quot;Previaje&quot; y anuncian otras medidas para el sector - Noticias Radio Reflejos\" \/>\n<meta property=\"og:description\" content=\"El Gobierno nacional presentar\u00e1 \u00abdos grandes medidas\u00bb para \u00abproteger\u00bb al turismo que es considerado como \u00abestrat\u00e9gico\u00bb, de cara a la recuperaci\u00f3n econ\u00f3mica de la pospandemia.\" \/>\n<meta property=\"og:url\" content=\"https:\/\/www.noticiasradioreflejos.com.ar\/2021\/relanzan-el-plan-previaje-y-anuncian-otras-medidas-para-el-sector\/\" \/>\n<meta property=\"og:site_name\" content=\"Noticias Radio Reflejos\" \/>\n<meta property=\"article:published_time\" content=\"2021-06-10T18:10:09+00:00\" \/>\n<meta property=\"article:modified_time\" content=\"2021-06-10T18:35:14+00:00\" \/>\n<meta property=\"og:image\" content=\"https:\/\/www.noticiasradioreflejos.com.ar\/2021\/wp-content\/uploads\/2021\/06\/11570051.jpg\" \/>\n\t<meta property=\"og:image:width\" content=\"1024\" \/>\n\t<meta property=\"og:image:height\" content=\"576\" \/>\n\t<meta property=\"og:image:type\" content=\"image\/jpeg\" \/>\n<meta name=\"author\" content=\"Arnaldo Botto\" \/>\n<meta name=\"twitter:card\" content=\"summary_large_image\" \/>\n<script type=\"application\/ld+json\" class=\"yoast-schema-graph\">{\"@context\":\"https:\/\/schema.org\",\"@graph\":[{\"@type\":\"WebPage\",\"@id\":\"https:\/\/www.noticiasradioreflejos.com.ar\/2021\/relanzan-el-plan-previaje-y-anuncian-otras-medidas-para-el-sector\/\",\"url\":\"https:\/\/www.noticiasradioreflejos.com.ar\/2021\/relanzan-el-plan-previaje-y-anuncian-otras-medidas-para-el-sector\/\",\"name\":\"Relanzan el plan \\\"Previaje\\\" y anuncian otras medidas para el sector - Noticias Radio Reflejos\",\"isPartOf\":{\"@id\":\"https:\/\/www.noticiasradioreflejos.com.ar\/2021\/#website\"},\"primaryImageOfPage\":{\"@id\":\"https:\/\/www.noticiasradioreflejos.com.ar\/2021\/relanzan-el-plan-previaje-y-anuncian-otras-medidas-para-el-sector\/#primaryimage\"},\"image\":{\"@id\":\"https:\/\/www.noticiasradioreflejos.com.ar\/2021\/relanzan-el-plan-previaje-y-anuncian-otras-medidas-para-el-sector\/#primaryimage\"},\"thumbnailUrl\":\"https:\/\/www.noticiasradioreflejos.com.ar\/2021\/wp-content\/uploads\/2021\/06\/11570051.jpg\",\"datePublished\":\"2021-06-10T18:10:09+00:00\",\"dateModified\":\"2021-06-10T18:35:14+00:00\",\"author\":{\"@id\":\"https:\/\/www.noticiasradioreflejos.com.ar\/2021\/#\/schema\/person\/ad82545263dcc5ec0996818884fd5fb1\"},\"breadcrumb\":{\"@id\":\"https:\/\/www.noticiasradioreflejos.com.ar\/2021\/relanzan-el-plan-previaje-y-anuncian-otras-medidas-para-el-sector\/#breadcrumb\"},\"inLanguage\":\"es\",\"potentialAction\":[{\"@type\":\"ReadAction\",\"target\":[\"https:\/\/www.noticiasradioreflejos.com.ar\/2021\/relanzan-el-plan-previaje-y-anuncian-otras-medidas-para-el-sector\/\"]}]},{\"@type\":\"ImageObject\",\"inLanguage\":\"es\",\"@id\":\"https:\/\/www.noticiasradioreflejos.com.ar\/2021\/relanzan-el-plan-previaje-y-anuncian-otras-medidas-para-el-sector\/#primaryimage\",\"url\":\"https:\/\/www.noticiasradioreflejos.com.ar\/2021\/wp-content\/uploads\/2021\/06\/11570051.jpg\",\"contentUrl\":\"https:\/\/www.noticiasradioreflejos.com.ar\/2021\/wp-content\/uploads\/2021\/06\/11570051.jpg\",\"width\":1024,\"height\":576},{\"@type\":\"BreadcrumbList\",\"@id\":\"https:\/\/www.noticiasradioreflejos.com.ar\/2021\/relanzan-el-plan-previaje-y-anuncian-otras-medidas-para-el-sector\/#breadcrumb\",\"itemListElement\":[{\"@type\":\"ListItem\",\"position\":1,\"name\":\"Portada\",\"item\":\"https:\/\/www.noticiasradioreflejos.com.ar\/2021\/\"},{\"@type\":\"ListItem\",\"position\":2,\"name\":\"Relanzan el plan \u00abPreviaje\u00bb y anuncian otras medidas para el sector\"}]},{\"@type\":\"WebSite\",\"@id\":\"https:\/\/www.noticiasradioreflejos.com.ar\/2021\/#website\",\"url\":\"https:\/\/www.noticiasradioreflejos.com.ar\/2021\/\",\"name\":\"Noticias Radio Reflejos\",\"description\":\"Las noticias de mi comarca\",\"potentialAction\":[{\"@type\":\"SearchAction\",\"target\":{\"@type\":\"EntryPoint\",\"urlTemplate\":\"https:\/\/www.noticiasradioreflejos.com.ar\/2021\/?s={search_term_string}\"},\"query-input\":{\"@type\":\"PropertyValueSpecification\",\"valueRequired\":true,\"valueName\":\"search_term_string\"}}],\"inLanguage\":\"es\"},{\"@type\":\"Person\",\"@id\":\"https:\/\/www.noticiasradioreflejos.com.ar\/2021\/#\/schema\/person\/ad82545263dcc5ec0996818884fd5fb1\",\"name\":\"Arnaldo Botto\",\"image\":{\"@type\":\"ImageObject\",\"inLanguage\":\"es\",\"@id\":\"https:\/\/www.noticiasradioreflejos.com.ar\/2021\/#\/schema\/person\/image\/\",\"url\":\"https:\/\/secure.gravatar.com\/avatar\/55cb5e37c1efa326397366e6974cb338056df65cb50e7d64d1cf314e87504837?s=96&d=mm&r=g\",\"contentUrl\":\"https:\/\/secure.gravatar.com\/avatar\/55cb5e37c1efa326397366e6974cb338056df65cb50e7d64d1cf314e87504837?s=96&d=mm&r=g\",\"caption\":\"Arnaldo Botto\"},\"url\":\"https:\/\/www.noticiasradioreflejos.com.ar\/2021\/author\/arnaldo\/\"}]}<\/script>\n<!-- \/ Yoast SEO plugin. -->","yoast_head_json":{"title":"Relanzan el plan \"Previaje\" y anuncian otras medidas para el sector - Noticias Radio Reflejos","robots":{"index":"index","follow":"follow","max-snippet":"max-snippet:-1","max-image-preview":"max-image-preview:large","max-video-preview":"max-video-preview:-1"},"canonical":"https:\/\/www.noticiasradioreflejos.com.ar\/2021\/relanzan-el-plan-previaje-y-anuncian-otras-medidas-para-el-sector\/","og_locale":"es_ES","og_type":"article","og_title":"Relanzan el plan \"Previaje\" y anuncian otras medidas para el sector - Noticias Radio Reflejos","og_description":"El Gobierno nacional presentar\u00e1 \u00abdos grandes medidas\u00bb para \u00abproteger\u00bb al turismo que es considerado como \u00abestrat\u00e9gico\u00bb, de cara a la recuperaci\u00f3n econ\u00f3mica de la pospandemia.","og_url":"https:\/\/www.noticiasradioreflejos.com.ar\/2021\/relanzan-el-plan-previaje-y-anuncian-otras-medidas-para-el-sector\/","og_site_name":"Noticias Radio Reflejos","article_published_time":"2021-06-10T18:10:09+00:00","article_modified_time":"2021-06-10T18:35:14+00:00","og_image":[{"width":1024,"height":576,"url":"https:\/\/www.noticiasradioreflejos.com.ar\/2021\/wp-content\/uploads\/2021\/06\/11570051.jpg","type":"image\/jpeg"}],"author":"Arnaldo Botto","twitter_card":"summary_large_image","schema":{"@context":"https:\/\/schema.org","@graph":[{"@type":"WebPage","@id":"https:\/\/www.noticiasradioreflejos.com.ar\/2021\/relanzan-el-plan-previaje-y-anuncian-otras-medidas-para-el-sector\/","url":"https:\/\/www.noticiasradioreflejos.com.ar\/2021\/relanzan-el-plan-previaje-y-anuncian-otras-medidas-para-el-sector\/","name":"Relanzan el plan \"Previaje\" y anuncian otras medidas para el sector - Noticias Radio Reflejos","isPartOf":{"@id":"https:\/\/www.noticiasradioreflejos.com.ar\/2021\/#website"},"primaryImageOfPage":{"@id":"https:\/\/www.noticiasradioreflejos.com.ar\/2021\/relanzan-el-plan-previaje-y-anuncian-otras-medidas-para-el-sector\/#primaryimage"},"image":{"@id":"https:\/\/www.noticiasradioreflejos.com.ar\/2021\/relanzan-el-plan-previaje-y-anuncian-otras-medidas-para-el-sector\/#primaryimage"},"thumbnailUrl":"https:\/\/www.noticiasradioreflejos.com.ar\/2021\/wp-content\/uploads\/2021\/06\/11570051.jpg","datePublished":"2021-06-10T18:10:09+00:00","dateModified":"2021-06-10T18:35:14+00:00","author":{"@id":"https:\/\/www.noticiasradioreflejos.com.ar\/2021\/#\/schema\/person\/ad82545263dcc5ec0996818884fd5fb1"},"breadcrumb":{"@id":"https:\/\/www.noticiasradioreflejos.com.ar\/2021\/relanzan-el-plan-previaje-y-anuncian-otras-medidas-para-el-sector\/#breadcrumb"},"inLanguage":"es","potentialAction":[{"@type":"ReadAction","target":["https:\/\/www.noticiasradioreflejos.com.ar\/2021\/relanzan-el-plan-previaje-y-anuncian-otras-medidas-para-el-sector\/"]}]},{"@type":"ImageObject","inLanguage":"es","@id":"https:\/\/www.noticiasradioreflejos.com.ar\/2021\/relanzan-el-plan-previaje-y-anuncian-otras-medidas-para-el-sector\/#primaryimage","url":"https:\/\/www.noticiasradioreflejos.com.ar\/2021\/wp-content\/uploads\/2021\/06\/11570051.jpg","contentUrl":"https:\/\/www.noticiasradioreflejos.com.ar\/2021\/wp-content\/uploads\/2021\/06\/11570051.jpg","width":1024,"height":576},{"@type":"BreadcrumbList","@id":"https:\/\/www.noticiasradioreflejos.com.ar\/2021\/relanzan-el-plan-previaje-y-anuncian-otras-medidas-para-el-sector\/#breadcrumb","itemListElement":[{"@type":"ListItem","position":1,"name":"Portada","item":"https:\/\/www.noticiasradioreflejos.com.ar\/2021\/"},{"@type":"ListItem","position":2,"name":"Relanzan el plan \u00abPreviaje\u00bb y anuncian otras medidas para el sector"}]},{"@type":"WebSite","@id":"https:\/\/www.noticiasradioreflejos.com.ar\/2021\/#website","url":"https:\/\/www.noticiasradioreflejos.com.ar\/2021\/","name":"Noticias Radio Reflejos","description":"Las noticias de mi comarca","potentialAction":[{"@type":"SearchAction","target":{"@type":"EntryPoint","urlTemplate":"https:\/\/www.noticiasradioreflejos.com.ar\/2021\/?s={search_term_string}"},"query-input":{"@type":"PropertyValueSpecification","valueRequired":true,"valueName":"search_term_string"}}],"inLanguage":"es"},{"@type":"Person","@id":"https:\/\/www.noticiasradioreflejos.com.ar\/2021\/#\/schema\/person\/ad82545263dcc5ec0996818884fd5fb1","name":"Arnaldo Botto","image":{"@type":"ImageObject","inLanguage":"es","@id":"https:\/\/www.noticiasradioreflejos.com.ar\/2021\/#\/schema\/person\/image\/","url":"https:\/\/secure.gravatar.com\/avatar\/55cb5e37c1efa326397366e6974cb338056df65cb50e7d64d1cf314e87504837?s=96&d=mm&r=g","contentUrl":"https:\/\/secure.gravatar.com\/avatar\/55cb5e37c1efa326397366e6974cb338056df65cb50e7d64d1cf314e87504837?s=96&d=mm&r=g","caption":"Arnaldo Botto"},"url":"https:\/\/www.noticiasradioreflejos.com.ar\/2021\/author\/arnaldo\/"}]}},"_links":{"self":[{"href":"https:\/\/www.noticiasradioreflejos.com.ar\/2021\/wp-json\/wp\/v2\/posts\/58422","targetHints":{"allow":["GET"]}}],"collection":[{"href":"https:\/\/www.noticiasradioreflejos.com.ar\/2021\/wp-json\/wp\/v2\/posts"}],"about":[{"href":"https:\/\/www.noticiasradioreflejos.com.ar\/2021\/wp-json\/wp\/v2\/types\/post"}],"author":[{"embeddable":true,"href":"https:\/\/www.noticiasradioreflejos.com.ar\/2021\/wp-json\/wp\/v2\/users\/3"}],"replies":[{"embeddable":true,"href":"https:\/\/www.noticiasradioreflejos.com.ar\/2021\/wp-json\/wp\/v2\/comments?post=58422"}],"version-history":[{"count":2,"href":"https:\/\/www.noticiasradioreflejos.com.ar\/2021\/wp-json\/wp\/v2\/posts\/58422\/revisions"}],"predecessor-version":[{"id":58430,"href":"https:\/\/www.noticiasradioreflejos.com.ar\/2021\/wp-json\/wp\/v2\/posts\/58422\/revisions\/58430"}],"wp:featuredmedia":[{"embeddable":true,"href":"https:\/\/www.noticiasradioreflejos.com.ar\/2021\/wp-json\/wp\/v2\/media\/58429"}],"wp:attachment":[{"href":"https:\/\/www.noticiasradioreflejos.com.ar\/2021\/wp-json\/wp\/v2\/media?parent=58422"}],"wp:term":[{"taxonomy":"category","embeddable":true,"href":"https:\/\/www.noticiasradioreflejos.com.ar\/2021\/wp-json\/wp\/v2\/categories?post=58422"},{"taxonomy":"post_tag","embeddable":true,"href":"https:\/\/www.noticiasradioreflejos.com.ar\/2021\/wp-json\/wp\/v2\/tags?post=58422"}],"curies":[{"name":"wp","href":"https:\/\/api.w.org\/{rel}","templated":true}]}}