{"id":58391,"date":"2021-06-10T13:03:42","date_gmt":"2021-06-10T13:03:42","guid":{"rendered":"http:\/\/www.noticiasradioreflejos.com.ar\/2021\/?p=58391"},"modified":"2021-06-10T13:03:42","modified_gmt":"2021-06-10T13:03:42","slug":"el-chico-de-banfield-que-creo-un-dispositivo-que-usan-las-clinicas-para-casos-de-covid-19","status":"publish","type":"post","link":"https:\/\/www.noticiasradioreflejos.com.ar\/2021\/el-chico-de-banfield-que-creo-un-dispositivo-que-usan-las-clinicas-para-casos-de-covid-19\/","title":{"rendered":"El chico de Banfield que cre\u00f3 un dispositivo que usan las cl\u00ednicas para casos de Covid-19"},"content":{"rendered":"<p>Thiago Mirabella tiene 17 a\u00f1os y dise\u00f1\u00f3 una pieza impresa en 3D que empezaron a utilizar en centros de salud de la zona, a los que solamente les cobra los materiales y no su mano de obra<!--more--><img decoding=\"async\" class=\"i-amphtml-fill-content i-amphtml-replaced-content\" src=\"https:\/\/zonales.com\/wp-content\/uploads\/2021\/06\/Thiago-Mirabella-2-1-1-768x432.jpg\" alt=\"Thiago Mirabella Cre\u00f3 Dispositivo Covid Banfield\" data-hero=\"\" \/><\/p>\n<div class=\"single-featured\">\n<div id=\"featured-thumbnail-single\">\n<figure><figcaption>Thiago Mirabella tiene 17 a\u00f1os y cre\u00f3 un dispositivo que se usa para tratar a pacientes con Covid-19.<\/figcaption><\/figure>\n<\/div>\n<\/div>\n<div class=\"post-single-content box mark-links\">\n<p>En distintas cl\u00ednicas y hospitales de Lomas de Zamora est\u00e1n utilizando \u00abMucosuctores\u00bb, un dispositivo hecho con una impresora 3D que sirve para extraer las secreciones pulmonares a los pacientes de Covid-19 que est\u00e1n intubados sin necesidad de extubarlos. Lo curioso del caso es que quien pens\u00f3, desarroll\u00f3 y fabric\u00f3 cada uno de ellos no es una empresa multinacional llena de trabajadores, sino que la iniciativa surgi\u00f3 de la mente de un joven de 17 a\u00f1os de\u00a0<strong><a href=\"https:\/\/zonales.com\/tag\/banfield\/\">Banfield<\/a><\/strong>\u00a0que puso en marcha el proyecto a partir de la consulta de un conocido.<\/p>\n<p>Su nombre es Thiago Mirabella, un alumno de sexto a\u00f1o del Colegio Westminster que al inicio de la pandemia aprendi\u00f3 a realizar piezas en tres dimensiones y luego se compr\u00f3 una impresora para poder volver realidad sus ideas. \u00abLa curiosidad me llev\u00f3 a comenzar a investigar sobre el tema. Y una vez que empec\u00e9 a averiguar, surgieron las ganas de querer intentarlo yo. Arranqu\u00e9 por cosas chicas: un organizador para cables, un lapicero\u2026\u00bb, cont\u00f3 a Zonales el vecino que vive en Banfield junto a Sebasti\u00e1n y Laura, sus pap\u00e1s, y a Dante, su hermano menor.<\/p>\n<p>Pero este chico que arranc\u00f3 a mediados de 2020 mirando tutoriales en YouTube, un sello de su generaci\u00f3n, y luego se meti\u00f3 en distintos foros en la web para seguir investigando sobre las impresiones 3D, recibi\u00f3 un d\u00eda un llamado que le agreg\u00f3 a su pasi\u00f3n por la tecnolog\u00eda la posibilidad de dar una mano.<\/p>\n<figure class=\"wp-block-image size-large\"><img decoding=\"async\" class=\"i-amphtml-fill-content i-amphtml-replaced-content\" src=\"https:\/\/zonales.com\/wp-content\/uploads\/2021\/06\/Thiago-Mirabella-3-1024x469.jpg\" alt=\"Thiago Mirabella Cre\u00f3 Dispositivo Covid Banfield\" \/><figcaption>El dispositivo creado por el chico de Banfield para enfermos de Covid-19 que est\u00e1n intubados.<\/figcaption><\/figure>\n<p>\u00abMe contact\u00f3 un conocido que trabaja en cl\u00ednicas de la zona cuando se enter\u00f3 que estaba imprimiendo cosas en 3D y me pregunt\u00f3 si pod\u00eda hacer algo que ellos necesitaban para los pacientes con Covid-19. Me cont\u00f3 bien qu\u00e9 era, me pas\u00f3 las medidas y fui haciendo varios prototipos hasta dar con el indicado\u00bb, cont\u00f3 Thiago a Zonales sobre sus \u00abmucosuctores\u00bb.<\/p>\n<h2><strong>Thiago ya entreg\u00f3 los primeros 100 dispositivos<\/strong><\/h2>\n<p>Luego de encontrar el modelo indicado, lleg\u00f3 el primer encargo de 100 dispositivos que Thiago entreg\u00f3 a las distintas cl\u00ednicas en las que se desempe\u00f1a su contacto sin cobrarles por su trabajo, ya que solamente les pas\u00f3 el costo de los materiales que se utilizaron durante las impresiones.<\/p>\n<p>\u00abLa idea con los \u2018mucosoctores\u2019 es que no sea necesario sacarle los tubos a un paciente si se requieren tomar muestras, algo frecuente en una internaci\u00f3n por\u00a0<strong><a href=\"https:\/\/zonales.com\/tag\/covid-19\/\">Covid-19<\/a><\/strong>. No s\u00e9 si hay otros dispositivos parecidos a mi invento, calculo que s\u00ed, pero buscando no encontr\u00e9. Me encantar\u00eda que puedan llegar a m\u00e1s cl\u00ednicas y hospitales, pero habr\u00eda que ver bien c\u00f3mo llevarlo adelante. El tema es que, aunque sean piezas chicas, cada una de ellas tarda aproximadamente una hora en imprimirse\u00bb, explic\u00f3 Mirabella.<\/p>\n<figure class=\"wp-block-image size-large\"><img decoding=\"async\" class=\"i-amphtml-fill-content i-amphtml-replaced-content\" src=\"https:\/\/zonales.com\/wp-content\/uploads\/2021\/06\/Thiago-Mirabella-1-896x1024.jpg\" alt=\"Thiago Mirabella Cre\u00f3 Dispositivo Covid Banfield\" \/><figcaption>Thiago Mirabella cre\u00f3 a sus 17 a\u00f1os un dispositivo que se usa en pacientes con Covid-19.<\/figcaption><\/figure>\n<p>Thiago, quien est\u00e1 cursando el \u00faltimo a\u00f1o del secundario en plena pandemia, tiene en claro que su futuro est\u00e1 en la ingenier\u00eda mec\u00e1nica y, aunque todav\u00eda no defini\u00f3 bien en qu\u00e9 rama, por el momento cree que lo suyo va por el lado de lo aeroespacial.<\/p>\n<p>En una publicaci\u00f3n en sus redes sociales que fue acompa\u00f1ada por un video del chico, el\u00a0<strong><a href=\"https:\/\/www.colegiowestminster.com.ar\/?gclid=Cj0KCQjw5PGFBhC2ARIsAIFIMNfMOgKKwEwR8vFfG2Ckyd3lPoBwzD2ggoHmZpKAWO62SsrDNW_GXg8aAp0nEALw_wcB\" target=\"_blank\" rel=\"noopener\" data-type=\"URL\" data-id=\"https:\/\/www.colegiowestminster.com.ar\/?gclid=Cj0KCQjw5PGFBhC2ARIsAIFIMNfMOgKKwEwR8vFfG2Ckyd3lPoBwzD2ggoHmZpKAWO62SsrDNW_GXg8aAp0nEALw_wcB\">Colegio Westminster<\/a><\/strong>\u00a0comparti\u00f3 su alegr\u00eda por el logro de su alumno: \u00abQueremos felicitar a Thiago, futuro egresado y pr\u00f3ximo estudiante de la carrera de Ingenier\u00eda, por sus valores, saberes y, principalmente, solidaridad hacia otros en tiempos tan complejos como los que nos tocan vivir en el mundo\u00bb.<\/p>\n<p><iframe loading=\"lazy\" title=\"YouTube video player\" src=\"https:\/\/www.youtube.com\/embed\/oUFpYmys9rs\" width=\"739\" height=\"416\" frameborder=\"0\" allowfullscreen=\"allowfullscreen\"><\/iframe><\/p>\n<\/div>\n","protected":false},"excerpt":{"rendered":"<p>Thiago Mirabella tiene 17 a\u00f1os y dise\u00f1\u00f3 una pieza impresa en 3D que empezaron a utilizar en centros de salud de la zona, a los que solamente les cobra los materiales y no su mano de obra<\/p>\n","protected":false},"author":3,"featured_media":0,"comment_status":"closed","ping_status":"closed","sticky":false,"template":"","format":"standard","meta":{"footnotes":""},"categories":[46,30],"tags":[48],"class_list":["post-58391","post","type-post","status-publish","format-standard","hentry","category-ciencia-y-tecnologia","category-salud","tag-destacada"],"yoast_head":"<!-- This site is optimized with the Yoast SEO plugin v25.9 - https:\/\/yoast.com\/wordpress\/plugins\/seo\/ -->\n<title>El chico de Banfield que cre\u00f3 un dispositivo que usan las cl\u00ednicas para casos de Covid-19 - Noticias Radio Reflejos<\/title>\n<meta name=\"robots\" content=\"index, follow, max-snippet:-1, max-image-preview:large, max-video-preview:-1\" \/>\n<link rel=\"canonical\" href=\"https:\/\/www.noticiasradioreflejos.com.ar\/2021\/el-chico-de-banfield-que-creo-un-dispositivo-que-usan-las-clinicas-para-casos-de-covid-19\/\" \/>\n<meta property=\"og:locale\" content=\"es_ES\" \/>\n<meta property=\"og:type\" content=\"article\" \/>\n<meta property=\"og:title\" content=\"El chico de Banfield que cre\u00f3 un dispositivo que usan las cl\u00ednicas para casos de Covid-19 - Noticias Radio Reflejos\" \/>\n<meta property=\"og:description\" content=\"Thiago Mirabella tiene 17 a\u00f1os y dise\u00f1\u00f3 una pieza impresa en 3D que empezaron a utilizar en centros de salud de la zona, a los que solamente les cobra los materiales y no su mano de obra\" \/>\n<meta property=\"og:url\" content=\"https:\/\/www.noticiasradioreflejos.com.ar\/2021\/el-chico-de-banfield-que-creo-un-dispositivo-que-usan-las-clinicas-para-casos-de-covid-19\/\" \/>\n<meta property=\"og:site_name\" content=\"Noticias Radio Reflejos\" \/>\n<meta property=\"article:published_time\" content=\"2021-06-10T13:03:42+00:00\" \/>\n<meta property=\"og:image\" content=\"https:\/\/zonales.com\/wp-content\/uploads\/2021\/06\/Thiago-Mirabella-2-1-1-768x432.jpg\" \/>\n<meta name=\"author\" content=\"Arnaldo Botto\" \/>\n<meta name=\"twitter:card\" content=\"summary_large_image\" \/>\n<script type=\"application\/ld+json\" class=\"yoast-schema-graph\">{\"@context\":\"https:\/\/schema.org\",\"@graph\":[{\"@type\":\"WebPage\",\"@id\":\"https:\/\/www.noticiasradioreflejos.com.ar\/2021\/el-chico-de-banfield-que-creo-un-dispositivo-que-usan-las-clinicas-para-casos-de-covid-19\/\",\"url\":\"https:\/\/www.noticiasradioreflejos.com.ar\/2021\/el-chico-de-banfield-que-creo-un-dispositivo-que-usan-las-clinicas-para-casos-de-covid-19\/\",\"name\":\"El chico de Banfield que cre\u00f3 un dispositivo que usan las cl\u00ednicas para casos de Covid-19 - Noticias Radio Reflejos\",\"isPartOf\":{\"@id\":\"https:\/\/www.noticiasradioreflejos.com.ar\/2021\/#website\"},\"primaryImageOfPage\":{\"@id\":\"https:\/\/www.noticiasradioreflejos.com.ar\/2021\/el-chico-de-banfield-que-creo-un-dispositivo-que-usan-las-clinicas-para-casos-de-covid-19\/#primaryimage\"},\"image\":{\"@id\":\"https:\/\/www.noticiasradioreflejos.com.ar\/2021\/el-chico-de-banfield-que-creo-un-dispositivo-que-usan-las-clinicas-para-casos-de-covid-19\/#primaryimage\"},\"thumbnailUrl\":\"https:\/\/zonales.com\/wp-content\/uploads\/2021\/06\/Thiago-Mirabella-2-1-1-768x432.jpg\",\"datePublished\":\"2021-06-10T13:03:42+00:00\",\"author\":{\"@id\":\"https:\/\/www.noticiasradioreflejos.com.ar\/2021\/#\/schema\/person\/ad82545263dcc5ec0996818884fd5fb1\"},\"breadcrumb\":{\"@id\":\"https:\/\/www.noticiasradioreflejos.com.ar\/2021\/el-chico-de-banfield-que-creo-un-dispositivo-que-usan-las-clinicas-para-casos-de-covid-19\/#breadcrumb\"},\"inLanguage\":\"es\",\"potentialAction\":[{\"@type\":\"ReadAction\",\"target\":[\"https:\/\/www.noticiasradioreflejos.com.ar\/2021\/el-chico-de-banfield-que-creo-un-dispositivo-que-usan-las-clinicas-para-casos-de-covid-19\/\"]}]},{\"@type\":\"ImageObject\",\"inLanguage\":\"es\",\"@id\":\"https:\/\/www.noticiasradioreflejos.com.ar\/2021\/el-chico-de-banfield-que-creo-un-dispositivo-que-usan-las-clinicas-para-casos-de-covid-19\/#primaryimage\",\"url\":\"https:\/\/zonales.com\/wp-content\/uploads\/2021\/06\/Thiago-Mirabella-2-1-1-768x432.jpg\",\"contentUrl\":\"https:\/\/zonales.com\/wp-content\/uploads\/2021\/06\/Thiago-Mirabella-2-1-1-768x432.jpg\"},{\"@type\":\"BreadcrumbList\",\"@id\":\"https:\/\/www.noticiasradioreflejos.com.ar\/2021\/el-chico-de-banfield-que-creo-un-dispositivo-que-usan-las-clinicas-para-casos-de-covid-19\/#breadcrumb\",\"itemListElement\":[{\"@type\":\"ListItem\",\"position\":1,\"name\":\"Portada\",\"item\":\"https:\/\/www.noticiasradioreflejos.com.ar\/2021\/\"},{\"@type\":\"ListItem\",\"position\":2,\"name\":\"El chico de Banfield que cre\u00f3 un dispositivo que usan las cl\u00ednicas para casos de Covid-19\"}]},{\"@type\":\"WebSite\",\"@id\":\"https:\/\/www.noticiasradioreflejos.com.ar\/2021\/#website\",\"url\":\"https:\/\/www.noticiasradioreflejos.com.ar\/2021\/\",\"name\":\"Noticias Radio Reflejos\",\"description\":\"Las noticias de mi comarca\",\"potentialAction\":[{\"@type\":\"SearchAction\",\"target\":{\"@type\":\"EntryPoint\",\"urlTemplate\":\"https:\/\/www.noticiasradioreflejos.com.ar\/2021\/?s={search_term_string}\"},\"query-input\":{\"@type\":\"PropertyValueSpecification\",\"valueRequired\":true,\"valueName\":\"search_term_string\"}}],\"inLanguage\":\"es\"},{\"@type\":\"Person\",\"@id\":\"https:\/\/www.noticiasradioreflejos.com.ar\/2021\/#\/schema\/person\/ad82545263dcc5ec0996818884fd5fb1\",\"name\":\"Arnaldo Botto\",\"image\":{\"@type\":\"ImageObject\",\"inLanguage\":\"es\",\"@id\":\"https:\/\/www.noticiasradioreflejos.com.ar\/2021\/#\/schema\/person\/image\/\",\"url\":\"https:\/\/secure.gravatar.com\/avatar\/55cb5e37c1efa326397366e6974cb338056df65cb50e7d64d1cf314e87504837?s=96&d=mm&r=g\",\"contentUrl\":\"https:\/\/secure.gravatar.com\/avatar\/55cb5e37c1efa326397366e6974cb338056df65cb50e7d64d1cf314e87504837?s=96&d=mm&r=g\",\"caption\":\"Arnaldo Botto\"},\"url\":\"https:\/\/www.noticiasradioreflejos.com.ar\/2021\/author\/arnaldo\/\"}]}<\/script>\n<!-- \/ Yoast SEO plugin. -->","yoast_head_json":{"title":"El chico de Banfield que cre\u00f3 un dispositivo que usan las cl\u00ednicas para casos de Covid-19 - Noticias Radio Reflejos","robots":{"index":"index","follow":"follow","max-snippet":"max-snippet:-1","max-image-preview":"max-image-preview:large","max-video-preview":"max-video-preview:-1"},"canonical":"https:\/\/www.noticiasradioreflejos.com.ar\/2021\/el-chico-de-banfield-que-creo-un-dispositivo-que-usan-las-clinicas-para-casos-de-covid-19\/","og_locale":"es_ES","og_type":"article","og_title":"El chico de Banfield que cre\u00f3 un dispositivo que usan las cl\u00ednicas para casos de Covid-19 - Noticias Radio Reflejos","og_description":"Thiago Mirabella tiene 17 a\u00f1os y dise\u00f1\u00f3 una pieza impresa en 3D que empezaron a utilizar en centros de salud de la zona, a los que solamente les cobra los materiales y no su mano de obra","og_url":"https:\/\/www.noticiasradioreflejos.com.ar\/2021\/el-chico-de-banfield-que-creo-un-dispositivo-que-usan-las-clinicas-para-casos-de-covid-19\/","og_site_name":"Noticias Radio Reflejos","article_published_time":"2021-06-10T13:03:42+00:00","og_image":[{"url":"https:\/\/zonales.com\/wp-content\/uploads\/2021\/06\/Thiago-Mirabella-2-1-1-768x432.jpg","type":"","width":"","height":""}],"author":"Arnaldo Botto","twitter_card":"summary_large_image","schema":{"@context":"https:\/\/schema.org","@graph":[{"@type":"WebPage","@id":"https:\/\/www.noticiasradioreflejos.com.ar\/2021\/el-chico-de-banfield-que-creo-un-dispositivo-que-usan-las-clinicas-para-casos-de-covid-19\/","url":"https:\/\/www.noticiasradioreflejos.com.ar\/2021\/el-chico-de-banfield-que-creo-un-dispositivo-que-usan-las-clinicas-para-casos-de-covid-19\/","name":"El chico de Banfield que cre\u00f3 un dispositivo que usan las cl\u00ednicas para casos de Covid-19 - Noticias Radio Reflejos","isPartOf":{"@id":"https:\/\/www.noticiasradioreflejos.com.ar\/2021\/#website"},"primaryImageOfPage":{"@id":"https:\/\/www.noticiasradioreflejos.com.ar\/2021\/el-chico-de-banfield-que-creo-un-dispositivo-que-usan-las-clinicas-para-casos-de-covid-19\/#primaryimage"},"image":{"@id":"https:\/\/www.noticiasradioreflejos.com.ar\/2021\/el-chico-de-banfield-que-creo-un-dispositivo-que-usan-las-clinicas-para-casos-de-covid-19\/#primaryimage"},"thumbnailUrl":"https:\/\/zonales.com\/wp-content\/uploads\/2021\/06\/Thiago-Mirabella-2-1-1-768x432.jpg","datePublished":"2021-06-10T13:03:42+00:00","author":{"@id":"https:\/\/www.noticiasradioreflejos.com.ar\/2021\/#\/schema\/person\/ad82545263dcc5ec0996818884fd5fb1"},"breadcrumb":{"@id":"https:\/\/www.noticiasradioreflejos.com.ar\/2021\/el-chico-de-banfield-que-creo-un-dispositivo-que-usan-las-clinicas-para-casos-de-covid-19\/#breadcrumb"},"inLanguage":"es","potentialAction":[{"@type":"ReadAction","target":["https:\/\/www.noticiasradioreflejos.com.ar\/2021\/el-chico-de-banfield-que-creo-un-dispositivo-que-usan-las-clinicas-para-casos-de-covid-19\/"]}]},{"@type":"ImageObject","inLanguage":"es","@id":"https:\/\/www.noticiasradioreflejos.com.ar\/2021\/el-chico-de-banfield-que-creo-un-dispositivo-que-usan-las-clinicas-para-casos-de-covid-19\/#primaryimage","url":"https:\/\/zonales.com\/wp-content\/uploads\/2021\/06\/Thiago-Mirabella-2-1-1-768x432.jpg","contentUrl":"https:\/\/zonales.com\/wp-content\/uploads\/2021\/06\/Thiago-Mirabella-2-1-1-768x432.jpg"},{"@type":"BreadcrumbList","@id":"https:\/\/www.noticiasradioreflejos.com.ar\/2021\/el-chico-de-banfield-que-creo-un-dispositivo-que-usan-las-clinicas-para-casos-de-covid-19\/#breadcrumb","itemListElement":[{"@type":"ListItem","position":1,"name":"Portada","item":"https:\/\/www.noticiasradioreflejos.com.ar\/2021\/"},{"@type":"ListItem","position":2,"name":"El chico de Banfield que cre\u00f3 un dispositivo que usan las cl\u00ednicas para casos de Covid-19"}]},{"@type":"WebSite","@id":"https:\/\/www.noticiasradioreflejos.com.ar\/2021\/#website","url":"https:\/\/www.noticiasradioreflejos.com.ar\/2021\/","name":"Noticias Radio Reflejos","description":"Las noticias de mi comarca","potentialAction":[{"@type":"SearchAction","target":{"@type":"EntryPoint","urlTemplate":"https:\/\/www.noticiasradioreflejos.com.ar\/2021\/?s={search_term_string}"},"query-input":{"@type":"PropertyValueSpecification","valueRequired":true,"valueName":"search_term_string"}}],"inLanguage":"es"},{"@type":"Person","@id":"https:\/\/www.noticiasradioreflejos.com.ar\/2021\/#\/schema\/person\/ad82545263dcc5ec0996818884fd5fb1","name":"Arnaldo Botto","image":{"@type":"ImageObject","inLanguage":"es","@id":"https:\/\/www.noticiasradioreflejos.com.ar\/2021\/#\/schema\/person\/image\/","url":"https:\/\/secure.gravatar.com\/avatar\/55cb5e37c1efa326397366e6974cb338056df65cb50e7d64d1cf314e87504837?s=96&d=mm&r=g","contentUrl":"https:\/\/secure.gravatar.com\/avatar\/55cb5e37c1efa326397366e6974cb338056df65cb50e7d64d1cf314e87504837?s=96&d=mm&r=g","caption":"Arnaldo Botto"},"url":"https:\/\/www.noticiasradioreflejos.com.ar\/2021\/author\/arnaldo\/"}]}},"_links":{"self":[{"href":"https:\/\/www.noticiasradioreflejos.com.ar\/2021\/wp-json\/wp\/v2\/posts\/58391","targetHints":{"allow":["GET"]}}],"collection":[{"href":"https:\/\/www.noticiasradioreflejos.com.ar\/2021\/wp-json\/wp\/v2\/posts"}],"about":[{"href":"https:\/\/www.noticiasradioreflejos.com.ar\/2021\/wp-json\/wp\/v2\/types\/post"}],"author":[{"embeddable":true,"href":"https:\/\/www.noticiasradioreflejos.com.ar\/2021\/wp-json\/wp\/v2\/users\/3"}],"replies":[{"embeddable":true,"href":"https:\/\/www.noticiasradioreflejos.com.ar\/2021\/wp-json\/wp\/v2\/comments?post=58391"}],"version-history":[{"count":1,"href":"https:\/\/www.noticiasradioreflejos.com.ar\/2021\/wp-json\/wp\/v2\/posts\/58391\/revisions"}],"predecessor-version":[{"id":58393,"href":"https:\/\/www.noticiasradioreflejos.com.ar\/2021\/wp-json\/wp\/v2\/posts\/58391\/revisions\/58393"}],"wp:attachment":[{"href":"https:\/\/www.noticiasradioreflejos.com.ar\/2021\/wp-json\/wp\/v2\/media?parent=58391"}],"wp:term":[{"taxonomy":"category","embeddable":true,"href":"https:\/\/www.noticiasradioreflejos.com.ar\/2021\/wp-json\/wp\/v2\/categories?post=58391"},{"taxonomy":"post_tag","embeddable":true,"href":"https:\/\/www.noticiasradioreflejos.com.ar\/2021\/wp-json\/wp\/v2\/tags?post=58391"}],"curies":[{"name":"wp","href":"https:\/\/api.w.org\/{rel}","templated":true}]}}