{"id":58354,"date":"2021-06-09T17:38:04","date_gmt":"2021-06-09T17:38:04","guid":{"rendered":"http:\/\/www.noticiasradioreflejos.com.ar\/2021\/?p=58354"},"modified":"2021-06-09T17:38:04","modified_gmt":"2021-06-09T17:38:04","slug":"brasil-registra-la-mayor-cifra-de-muertes-por-coronavirus-en-mas-de-un-mes","status":"publish","type":"post","link":"https:\/\/www.noticiasradioreflejos.com.ar\/2021\/brasil-registra-la-mayor-cifra-de-muertes-por-coronavirus-en-mas-de-un-mes\/","title":{"rendered":"Brasil registra la mayor cifra de muertes por coronavirus en m\u00e1s de un mes"},"content":{"rendered":"<div class=\"head-content\">\n<p>Autoridades y especialistas advirtieron que la marcha relativamente lenta de la vacunaci\u00f3n, la reapertura prematura de la econom\u00eda y la circulaci\u00f3n de la variante india auguran una nueva embestida de la pandemia en el pa\u00eds.<\/p>\n<\/div>\n<p><!--more--><\/p>\n<div class=\"main-content-block\">\n<div class=\"main-box clearfix\">\n<div class=\"wrapper-main-section clearfix\">\n<div class=\"wrapper-editable-content\">\n<div class=\"editable-content clearfix\">\n<div id=\"image\" class=\"image\"><img decoding=\"async\" title=\"Algunos expertos hablan de la llegada de una tercera ola este mes de junio m\u00e1s letal que las dos primeras.\" src=\"https:\/\/www.telam.com.ar\/advf\/imagenes\/2021\/04\/60783d49c02d4_1004x565.jpg\" alt=\"Algunos expertos hablan de la llegada de una tercera ola este mes de junio m\u00e1s letal que las dos primeras.\" \/><\/p>\n<div class=\"epigrafe\">Algunos expertos hablan de la llegada de una tercera ola este mes de junio m\u00e1s letal que las dos primeras.<\/div>\n<\/div>\n<p>Enfrentado a un tercer embate del coronavirus,\u00a0<strong>Brasil registr\u00f3 casi 2.700 muertes en 24 horas, la mayor cifra en m\u00e1s de un mes,<\/strong>\u00a0en medio de un alarmante repunte en la ocupaci\u00f3n de las salas de terapia intensiva con pacientes con la infecci\u00f3n.<\/p>\n<p>Autoridades y especialistas han advertido que la marcha relativamente lenta de la vacunaci\u00f3n, la reapertura prematura de la econom\u00eda y la circulaci\u00f3n de la variante india auguran una nueva embestida de la pandemia en el segundo pa\u00eds m\u00e1s enlutado por ella.<\/p>\n<div class=\"auth\">Los n\u00fameros<\/div>\n<p>La naci\u00f3n sudamericana gobernada por el presidente Jair Bolsonaro, que se opone a los confinamientos y ha promovido aglomeraciones,\u00a0<strong>sum\u00f3 este martes otros 52.448 casos de coronavirus en las 24 horas previas<\/strong>, informaron autoridades.<\/p>\n<p>La cifra, que eleva el total de contagios a 17,03 millones, representa un gran salto respecto del d\u00eda anterior, cuando se hab\u00edan registrado 39.712.<\/p>\n<p>Por otra parte,\u00a0<strong>el total de personas fallecidas lleg\u00f3 a 477.307\u00a0<\/strong>tras sumarse otras 2.693, la cifra m\u00e1s grande desde el 5 de mayo, con un promedio m\u00f3vil de 1.714 por d\u00eda en la \u00faltima.<\/p>\n<blockquote class=\"small-left\"><p>Algunos expertos hablan de la llegada de una tercera ola este mes de junio m\u00e1s letal que las dos primeras<\/p><\/blockquote>\n<p>Algunos expertos hablan de la llegada de una tercera ola este mes de junio m\u00e1s letal que las dos primeras, puesto que se parte de una meseta mucho m\u00e1s alta de muertes diarias.<\/p>\n<p>Otros aseveran que en Brasil no se puede hablar de olas, porque jam\u00e1s en los 16 meses de pandemia se sofoc\u00f3 la circulaci\u00f3n del virus hasta rebajar al m\u00ednimo los muertos y los casos, como sucedi\u00f3 en pa\u00edses vecinos o en Europa, por ejemplo.<\/p>\n<p>El Instituto de investigaci\u00f3n Fiocruz, del Gobierno federal, report\u00f3 que por tercera semana consecutiva subi\u00f3 la ocupaci\u00f3n de las UTI para pacientes infectados con la Covid-19.<\/p>\n<p><strong>En 11 de las 27 capitales, la tasa de ocupaci\u00f3n de ese tipo de salas super\u00f3 el 90%<\/strong>, dijo el instituto.<\/p>\n<p>En los dram\u00e1ticos meses de marzo y abril, cuando se lleg\u00f3 a un pico de\u00a0<strong>m\u00e1s de 4.000 muertos en un solo d\u00eda<\/strong>, casi todos los gobernadores reimpusieron el cierre de servicios no esenciales y toques de queda nocturnos.<\/p>\n<p>Sin embargo, ni bien empezaron a caer los n\u00fameros, las medidas se relajaron, seg\u00fan los expertos, de manera prematura, mientras el pa\u00eds de 212 millones habitantes se acerca al medio mill\u00f3n de muertos y presenta una de las mayores tasas de mortalidad por cada 100.000 habitantes del mundo (m\u00e1s de 220).<\/p>\n<p>Fiocruz advirti\u00f3 que la \u00abflexibilizaci\u00f3n\u00bb de las medidas conllevar\u00e1 \u00abuna intensificaci\u00f3n de la pandemia\u00bb en las pr\u00f3ximas semanas.<\/p>\n<div id=\"image\" class=\"image\"><img decoding=\"async\" title=\"En 11 de las 27 capitales, la tasa de ocupaci\u00f3n de las salas para Covid super\u00f3 el 90%.\" src=\"https:\/\/www.telam.com.ar\/advf\/imagenes\/2021\/05\/60b27cad72c37_1004x565.jpg\" alt=\"En 11 de las 27 capitales, la tasa de ocupaci\u00f3n de las salas para Covid super\u00f3 el 90%.\" \/><\/p>\n<div class=\"epigrafe\">En 11 de las 27 capitales, la tasa de ocupaci\u00f3n de las salas para Covid super\u00f3 el 90%.<\/div>\n<\/div>\n<h4 class=\"auth\">La vacunaci\u00f3n<\/h4>\n<p>Tambi\u00e9n, en tanto, Brasil inmuniz\u00f3 1,6 millones de personas contra el coronavirus, al tiempo que recibi\u00f3 un noveno embarque con vacunas del laboratorio estadounidense Pfizer.<\/p>\n<p><strong>Unos 1,3 millones de brasile\u00f1os recibieron este martes la primera dosis de una vacuna contra la Covid 19<\/strong>, el n\u00famero m\u00e1s alto desde que comenz\u00f3 la campa\u00f1a de inmunizaci\u00f3n, el 17 de enero pasado, informaron autoridades de Salud.<\/p>\n<p>Desde entonces fueron colocadas 74,2 millones de las vacunas AstraZeneca, brit\u00e1nica, Coronavac, china, y Pfizer.<\/p>\n<p>Hasta el momento, 23,3 millones de personas se aplicaron las dos dosis, lo que representa el 24 % de la poblaci\u00f3n brasile\u00f1a.<\/p>\n<p>Por otra parte, arrib\u00f3 al Aeropuerto de Viracopos, en el interior de San Pablo, un lote con 526.500 unidades del ant\u00eddoto de Pfizer.<\/p>\n<p>Este fue el noveno cargamento de productos de ese laboratorio norteamericano, que ya envi\u00f3 5,9 millones de inyecciones, como parte de dos contratos por la venta de 200 millones que ser\u00e1n entregadas hasta 2022.<\/p>\n<div id=\"image\" class=\"image\"><img decoding=\"async\" title=\"Unos 1,3 millones de brasile\u00f1os recibieron este martes la primera dosis de una vacuna contra la Covid 19.\" src=\"https:\/\/www.telam.com.ar\/advf\/imagenes\/2021\/03\/604a35f97c185_1004x565.jpg\" alt=\"Unos 1,3 millones de brasile\u00f1os recibieron este martes la primera dosis de una vacuna contra la Covid 19.\" \/><\/p>\n<div class=\"epigrafe\">Unos 1,3 millones de brasile\u00f1os recibieron este martes la primera dosis de una vacuna contra la Covid 19.<\/div>\n<\/div>\n<p>El ministro de Salud, Marcelo Queiroga, admiti\u00f3 el martes en el Congreso que\u00a0<strong>habr\u00e1 una ca\u00edda en el ritmo de vacunaci\u00f3n en julio<\/strong>, dado que el flujo de productos importados est\u00e1 por debajo de lo previsto.<\/div>\n<\/div>\n<\/div>\n<\/div>\n<\/div>\n","protected":false},"excerpt":{"rendered":"<p>Autoridades y especialistas advirtieron que la marcha relativamente lenta de la vacunaci\u00f3n, la reapertura prematura de la econom\u00eda y la circulaci\u00f3n de la variante india auguran una nueva embestida de la pandemia en el pa\u00eds.<\/p>\n","protected":false},"author":3,"featured_media":0,"comment_status":"closed","ping_status":"closed","sticky":false,"template":"","format":"standard","meta":{"footnotes":""},"categories":[24,30],"tags":[],"class_list":["post-58354","post","type-post","status-publish","format-standard","hentry","category-politica","category-salud"],"yoast_head":"<!-- This site is optimized with the Yoast SEO plugin v25.9 - https:\/\/yoast.com\/wordpress\/plugins\/seo\/ -->\n<title>Brasil registra la mayor cifra de muertes por coronavirus en m\u00e1s de un mes - Noticias Radio Reflejos<\/title>\n<meta name=\"robots\" content=\"index, follow, max-snippet:-1, max-image-preview:large, max-video-preview:-1\" \/>\n<link rel=\"canonical\" href=\"https:\/\/www.noticiasradioreflejos.com.ar\/2021\/brasil-registra-la-mayor-cifra-de-muertes-por-coronavirus-en-mas-de-un-mes\/\" \/>\n<meta property=\"og:locale\" content=\"es_ES\" \/>\n<meta property=\"og:type\" content=\"article\" \/>\n<meta property=\"og:title\" content=\"Brasil registra la mayor cifra de muertes por coronavirus en m\u00e1s de un mes - Noticias Radio Reflejos\" \/>\n<meta property=\"og:description\" content=\"Autoridades y especialistas advirtieron que la marcha relativamente lenta de la vacunaci\u00f3n, la reapertura prematura de la econom\u00eda y la circulaci\u00f3n de la variante india auguran una nueva embestida de la pandemia en el pa\u00eds.\" \/>\n<meta property=\"og:url\" content=\"https:\/\/www.noticiasradioreflejos.com.ar\/2021\/brasil-registra-la-mayor-cifra-de-muertes-por-coronavirus-en-mas-de-un-mes\/\" \/>\n<meta property=\"og:site_name\" content=\"Noticias Radio Reflejos\" \/>\n<meta property=\"article:published_time\" content=\"2021-06-09T17:38:04+00:00\" \/>\n<meta property=\"og:image\" content=\"https:\/\/www.telam.com.ar\/advf\/imagenes\/2021\/04\/60783d49c02d4_1004x565.jpg\" \/>\n<meta name=\"author\" content=\"Arnaldo Botto\" \/>\n<meta name=\"twitter:card\" content=\"summary_large_image\" \/>\n<script type=\"application\/ld+json\" class=\"yoast-schema-graph\">{\"@context\":\"https:\/\/schema.org\",\"@graph\":[{\"@type\":\"WebPage\",\"@id\":\"https:\/\/www.noticiasradioreflejos.com.ar\/2021\/brasil-registra-la-mayor-cifra-de-muertes-por-coronavirus-en-mas-de-un-mes\/\",\"url\":\"https:\/\/www.noticiasradioreflejos.com.ar\/2021\/brasil-registra-la-mayor-cifra-de-muertes-por-coronavirus-en-mas-de-un-mes\/\",\"name\":\"Brasil registra la mayor cifra de muertes por coronavirus en m\u00e1s de un mes - Noticias Radio Reflejos\",\"isPartOf\":{\"@id\":\"https:\/\/www.noticiasradioreflejos.com.ar\/2021\/#website\"},\"primaryImageOfPage\":{\"@id\":\"https:\/\/www.noticiasradioreflejos.com.ar\/2021\/brasil-registra-la-mayor-cifra-de-muertes-por-coronavirus-en-mas-de-un-mes\/#primaryimage\"},\"image\":{\"@id\":\"https:\/\/www.noticiasradioreflejos.com.ar\/2021\/brasil-registra-la-mayor-cifra-de-muertes-por-coronavirus-en-mas-de-un-mes\/#primaryimage\"},\"thumbnailUrl\":\"https:\/\/www.telam.com.ar\/advf\/imagenes\/2021\/04\/60783d49c02d4_1004x565.jpg\",\"datePublished\":\"2021-06-09T17:38:04+00:00\",\"author\":{\"@id\":\"https:\/\/www.noticiasradioreflejos.com.ar\/2021\/#\/schema\/person\/ad82545263dcc5ec0996818884fd5fb1\"},\"breadcrumb\":{\"@id\":\"https:\/\/www.noticiasradioreflejos.com.ar\/2021\/brasil-registra-la-mayor-cifra-de-muertes-por-coronavirus-en-mas-de-un-mes\/#breadcrumb\"},\"inLanguage\":\"es\",\"potentialAction\":[{\"@type\":\"ReadAction\",\"target\":[\"https:\/\/www.noticiasradioreflejos.com.ar\/2021\/brasil-registra-la-mayor-cifra-de-muertes-por-coronavirus-en-mas-de-un-mes\/\"]}]},{\"@type\":\"ImageObject\",\"inLanguage\":\"es\",\"@id\":\"https:\/\/www.noticiasradioreflejos.com.ar\/2021\/brasil-registra-la-mayor-cifra-de-muertes-por-coronavirus-en-mas-de-un-mes\/#primaryimage\",\"url\":\"https:\/\/www.telam.com.ar\/advf\/imagenes\/2021\/04\/60783d49c02d4_1004x565.jpg\",\"contentUrl\":\"https:\/\/www.telam.com.ar\/advf\/imagenes\/2021\/04\/60783d49c02d4_1004x565.jpg\"},{\"@type\":\"BreadcrumbList\",\"@id\":\"https:\/\/www.noticiasradioreflejos.com.ar\/2021\/brasil-registra-la-mayor-cifra-de-muertes-por-coronavirus-en-mas-de-un-mes\/#breadcrumb\",\"itemListElement\":[{\"@type\":\"ListItem\",\"position\":1,\"name\":\"Portada\",\"item\":\"https:\/\/www.noticiasradioreflejos.com.ar\/2021\/\"},{\"@type\":\"ListItem\",\"position\":2,\"name\":\"Brasil registra la mayor cifra de muertes por coronavirus en m\u00e1s de un mes\"}]},{\"@type\":\"WebSite\",\"@id\":\"https:\/\/www.noticiasradioreflejos.com.ar\/2021\/#website\",\"url\":\"https:\/\/www.noticiasradioreflejos.com.ar\/2021\/\",\"name\":\"Noticias Radio Reflejos\",\"description\":\"Las noticias de mi comarca\",\"potentialAction\":[{\"@type\":\"SearchAction\",\"target\":{\"@type\":\"EntryPoint\",\"urlTemplate\":\"https:\/\/www.noticiasradioreflejos.com.ar\/2021\/?s={search_term_string}\"},\"query-input\":{\"@type\":\"PropertyValueSpecification\",\"valueRequired\":true,\"valueName\":\"search_term_string\"}}],\"inLanguage\":\"es\"},{\"@type\":\"Person\",\"@id\":\"https:\/\/www.noticiasradioreflejos.com.ar\/2021\/#\/schema\/person\/ad82545263dcc5ec0996818884fd5fb1\",\"name\":\"Arnaldo Botto\",\"image\":{\"@type\":\"ImageObject\",\"inLanguage\":\"es\",\"@id\":\"https:\/\/www.noticiasradioreflejos.com.ar\/2021\/#\/schema\/person\/image\/\",\"url\":\"https:\/\/secure.gravatar.com\/avatar\/55cb5e37c1efa326397366e6974cb338056df65cb50e7d64d1cf314e87504837?s=96&d=mm&r=g\",\"contentUrl\":\"https:\/\/secure.gravatar.com\/avatar\/55cb5e37c1efa326397366e6974cb338056df65cb50e7d64d1cf314e87504837?s=96&d=mm&r=g\",\"caption\":\"Arnaldo Botto\"},\"url\":\"https:\/\/www.noticiasradioreflejos.com.ar\/2021\/author\/arnaldo\/\"}]}<\/script>\n<!-- \/ Yoast SEO plugin. -->","yoast_head_json":{"title":"Brasil registra la mayor cifra de muertes por coronavirus en m\u00e1s de un mes - Noticias Radio Reflejos","robots":{"index":"index","follow":"follow","max-snippet":"max-snippet:-1","max-image-preview":"max-image-preview:large","max-video-preview":"max-video-preview:-1"},"canonical":"https:\/\/www.noticiasradioreflejos.com.ar\/2021\/brasil-registra-la-mayor-cifra-de-muertes-por-coronavirus-en-mas-de-un-mes\/","og_locale":"es_ES","og_type":"article","og_title":"Brasil registra la mayor cifra de muertes por coronavirus en m\u00e1s de un mes - Noticias Radio Reflejos","og_description":"Autoridades y especialistas advirtieron que la marcha relativamente lenta de la vacunaci\u00f3n, la reapertura prematura de la econom\u00eda y la circulaci\u00f3n de la variante india auguran una nueva embestida de la pandemia en el pa\u00eds.","og_url":"https:\/\/www.noticiasradioreflejos.com.ar\/2021\/brasil-registra-la-mayor-cifra-de-muertes-por-coronavirus-en-mas-de-un-mes\/","og_site_name":"Noticias Radio Reflejos","article_published_time":"2021-06-09T17:38:04+00:00","og_image":[{"url":"https:\/\/www.telam.com.ar\/advf\/imagenes\/2021\/04\/60783d49c02d4_1004x565.jpg","type":"","width":"","height":""}],"author":"Arnaldo Botto","twitter_card":"summary_large_image","schema":{"@context":"https:\/\/schema.org","@graph":[{"@type":"WebPage","@id":"https:\/\/www.noticiasradioreflejos.com.ar\/2021\/brasil-registra-la-mayor-cifra-de-muertes-por-coronavirus-en-mas-de-un-mes\/","url":"https:\/\/www.noticiasradioreflejos.com.ar\/2021\/brasil-registra-la-mayor-cifra-de-muertes-por-coronavirus-en-mas-de-un-mes\/","name":"Brasil registra la mayor cifra de muertes por coronavirus en m\u00e1s de un mes - Noticias Radio Reflejos","isPartOf":{"@id":"https:\/\/www.noticiasradioreflejos.com.ar\/2021\/#website"},"primaryImageOfPage":{"@id":"https:\/\/www.noticiasradioreflejos.com.ar\/2021\/brasil-registra-la-mayor-cifra-de-muertes-por-coronavirus-en-mas-de-un-mes\/#primaryimage"},"image":{"@id":"https:\/\/www.noticiasradioreflejos.com.ar\/2021\/brasil-registra-la-mayor-cifra-de-muertes-por-coronavirus-en-mas-de-un-mes\/#primaryimage"},"thumbnailUrl":"https:\/\/www.telam.com.ar\/advf\/imagenes\/2021\/04\/60783d49c02d4_1004x565.jpg","datePublished":"2021-06-09T17:38:04+00:00","author":{"@id":"https:\/\/www.noticiasradioreflejos.com.ar\/2021\/#\/schema\/person\/ad82545263dcc5ec0996818884fd5fb1"},"breadcrumb":{"@id":"https:\/\/www.noticiasradioreflejos.com.ar\/2021\/brasil-registra-la-mayor-cifra-de-muertes-por-coronavirus-en-mas-de-un-mes\/#breadcrumb"},"inLanguage":"es","potentialAction":[{"@type":"ReadAction","target":["https:\/\/www.noticiasradioreflejos.com.ar\/2021\/brasil-registra-la-mayor-cifra-de-muertes-por-coronavirus-en-mas-de-un-mes\/"]}]},{"@type":"ImageObject","inLanguage":"es","@id":"https:\/\/www.noticiasradioreflejos.com.ar\/2021\/brasil-registra-la-mayor-cifra-de-muertes-por-coronavirus-en-mas-de-un-mes\/#primaryimage","url":"https:\/\/www.telam.com.ar\/advf\/imagenes\/2021\/04\/60783d49c02d4_1004x565.jpg","contentUrl":"https:\/\/www.telam.com.ar\/advf\/imagenes\/2021\/04\/60783d49c02d4_1004x565.jpg"},{"@type":"BreadcrumbList","@id":"https:\/\/www.noticiasradioreflejos.com.ar\/2021\/brasil-registra-la-mayor-cifra-de-muertes-por-coronavirus-en-mas-de-un-mes\/#breadcrumb","itemListElement":[{"@type":"ListItem","position":1,"name":"Portada","item":"https:\/\/www.noticiasradioreflejos.com.ar\/2021\/"},{"@type":"ListItem","position":2,"name":"Brasil registra la mayor cifra de muertes por coronavirus en m\u00e1s de un mes"}]},{"@type":"WebSite","@id":"https:\/\/www.noticiasradioreflejos.com.ar\/2021\/#website","url":"https:\/\/www.noticiasradioreflejos.com.ar\/2021\/","name":"Noticias Radio Reflejos","description":"Las noticias de mi comarca","potentialAction":[{"@type":"SearchAction","target":{"@type":"EntryPoint","urlTemplate":"https:\/\/www.noticiasradioreflejos.com.ar\/2021\/?s={search_term_string}"},"query-input":{"@type":"PropertyValueSpecification","valueRequired":true,"valueName":"search_term_string"}}],"inLanguage":"es"},{"@type":"Person","@id":"https:\/\/www.noticiasradioreflejos.com.ar\/2021\/#\/schema\/person\/ad82545263dcc5ec0996818884fd5fb1","name":"Arnaldo Botto","image":{"@type":"ImageObject","inLanguage":"es","@id":"https:\/\/www.noticiasradioreflejos.com.ar\/2021\/#\/schema\/person\/image\/","url":"https:\/\/secure.gravatar.com\/avatar\/55cb5e37c1efa326397366e6974cb338056df65cb50e7d64d1cf314e87504837?s=96&d=mm&r=g","contentUrl":"https:\/\/secure.gravatar.com\/avatar\/55cb5e37c1efa326397366e6974cb338056df65cb50e7d64d1cf314e87504837?s=96&d=mm&r=g","caption":"Arnaldo Botto"},"url":"https:\/\/www.noticiasradioreflejos.com.ar\/2021\/author\/arnaldo\/"}]}},"_links":{"self":[{"href":"https:\/\/www.noticiasradioreflejos.com.ar\/2021\/wp-json\/wp\/v2\/posts\/58354","targetHints":{"allow":["GET"]}}],"collection":[{"href":"https:\/\/www.noticiasradioreflejos.com.ar\/2021\/wp-json\/wp\/v2\/posts"}],"about":[{"href":"https:\/\/www.noticiasradioreflejos.com.ar\/2021\/wp-json\/wp\/v2\/types\/post"}],"author":[{"embeddable":true,"href":"https:\/\/www.noticiasradioreflejos.com.ar\/2021\/wp-json\/wp\/v2\/users\/3"}],"replies":[{"embeddable":true,"href":"https:\/\/www.noticiasradioreflejos.com.ar\/2021\/wp-json\/wp\/v2\/comments?post=58354"}],"version-history":[{"count":1,"href":"https:\/\/www.noticiasradioreflejos.com.ar\/2021\/wp-json\/wp\/v2\/posts\/58354\/revisions"}],"predecessor-version":[{"id":58356,"href":"https:\/\/www.noticiasradioreflejos.com.ar\/2021\/wp-json\/wp\/v2\/posts\/58354\/revisions\/58356"}],"wp:attachment":[{"href":"https:\/\/www.noticiasradioreflejos.com.ar\/2021\/wp-json\/wp\/v2\/media?parent=58354"}],"wp:term":[{"taxonomy":"category","embeddable":true,"href":"https:\/\/www.noticiasradioreflejos.com.ar\/2021\/wp-json\/wp\/v2\/categories?post=58354"},{"taxonomy":"post_tag","embeddable":true,"href":"https:\/\/www.noticiasradioreflejos.com.ar\/2021\/wp-json\/wp\/v2\/tags?post=58354"}],"curies":[{"name":"wp","href":"https:\/\/api.w.org\/{rel}","templated":true}]}}