{"id":58256,"date":"2021-06-08T15:49:29","date_gmt":"2021-06-08T15:49:29","guid":{"rendered":"http:\/\/www.noticiasradioreflejos.com.ar\/2021\/?p=58256"},"modified":"2021-06-08T15:49:29","modified_gmt":"2021-06-08T15:49:29","slug":"plus-auh-como-hacer-y-completar-la-declaracion-jurada-de-anses-que-habilita-a-cobrar-un-extra-de-7-000","status":"publish","type":"post","link":"https:\/\/www.noticiasradioreflejos.com.ar\/2021\/plus-auh-como-hacer-y-completar-la-declaracion-jurada-de-anses-que-habilita-a-cobrar-un-extra-de-7-000\/","title":{"rendered":"Plus AUH: c\u00f3mo hacer y completar la declaraci\u00f3n jurada de Anses que habilita a cobrar un extra de $ 7.000"},"content":{"rendered":"<header>\n<div class=\"article-header \">\n<p class=\"article-subheadline\">Desde hoy la Anses empieza a pagar un adelanto de $ 7.000 a beneficiarios de la asignaci\u00f3n que hayan presentado una declaraci\u00f3n jurada antes del 30 de abril. El mes que viene pagar\u00e1 a quienes presentaron m\u00e1s tarde<\/p>\n<div class=\"grid\">\n<div class=\"byline | col widescreen-8 desktop-8 tablet-12 nd-article-byline display_flex isText width_full\">\n<div class=\"byline-text-wrapper\"><\/div>\n<\/div>\n<\/div>\n<\/div>\n<\/header>\n<p><!--more--><\/p>\n<article class=\"article | col widescreen-8 desktop-8 tablet-12 width_full\">\n<div class=\"nd-body-article\">\n<div class=\"visual__image \"><img loading=\"lazy\" decoding=\"async\" src=\"https:\/\/www.infobae.com\/new-resizer\/BwbJPRtCvvBb53bUWw2NSWPFPDI=\/420x236\/filters:format(jpg):quality(85)\/cloudfront-us-east-1.images.arcpublishing.com\/infobae\/UA74MGQU6ZD3PKNC67AT4DKUQY.jpg%20420w\" sizes=\"auto, (min-width: 800px) 50vw, 90vw\" srcset=\"https:\/\/www.infobae.com\/new-resizer\/BwbJPRtCvvBb53bUWw2NSWPFPDI=\/420x236\/filters:format(jpg):quality(85)\/cloudfront-us-east-1.images.arcpublishing.com\/infobae\/UA74MGQU6ZD3PKNC67AT4DKUQY.jpg 420w,https:\/\/www.infobae.com\/new-resizer\/VVpopCo0MTFr28Wcos8LZ_K_b0A=\/768x432\/filters:format(jpg):quality(85)\/cloudfront-us-east-1.images.arcpublishing.com\/infobae\/UA74MGQU6ZD3PKNC67AT4DKUQY.jpg 768w,https:\/\/www.infobae.com\/new-resizer\/mpahVhT2AWzZ4VAX9WWRqn5qQRU=\/992x558\/filters:format(jpg):quality(85)\/cloudfront-us-east-1.images.arcpublishing.com\/infobae\/UA74MGQU6ZD3PKNC67AT4DKUQY.jpg 992w,https:\/\/www.infobae.com\/new-resizer\/NU4RytxddESDS4-p7gXUPKIQbX4=\/1200x675\/filters:format(jpg):quality(85)\/cloudfront-us-east-1.images.arcpublishing.com\/infobae\/UA74MGQU6ZD3PKNC67AT4DKUQY.jpg 1200w\" alt=\"La Anses adelanta parte del 20% de la AUH que suele cobrarse cada diciembre\" width=\"1920\" height=\"1080\" \/><\/div>\n<p class=\"paragraph\">Desde hoy,\u00a0<mark class=\"hl_yellow\"><b>la Administraci\u00f3n Nacional de la Seguridad Social (Anses)\u00a0<\/b><\/mark><a href=\"https:\/\/www.infobae.com\/economia\/2021\/06\/07\/mas-de-740000-beneficiarios-de-la-auh-recibiran-un-pago-adelantado-de-7000-por-cada-hijo-quienes-podran-cobrarlo\/\" target=\"_blank\" rel=\"noopener\"><mark class=\"hl_yellow\"><b>empezar\u00e1 a pagar un plus de $ 7.000 a los beneficiarios de la Asignaci\u00f3n Universal por Hijo (AUH)<\/b><\/mark><\/a><mark class=\"hl_yellow\"><b>, que es un adelanto de parte del 20% del beneficio que se suele cobrar cada mes de diciembre<\/b><\/mark>. El pago le corresponde a quienes ya completaron la declaraci\u00f3n jurada que reemplaza a la libreta de escolaridad y salud que se presenta todos los a\u00f1os. A partir del mes que viene empezar\u00e1n a cobrar quienes la presentaron despu\u00e9s del 30 de abril.<\/p>\n<p class=\"paragraph\"><b>Qu\u00e9 es el Plus AUH<\/b><\/p>\n<p class=\"paragraph\">Hoy, martes 8 de junio, la Anses comenzar\u00e1 a abonar el 20 por ciento acumulado del complemento de la Asignaci\u00f3n Universal por Hijo (AUH). De esta manera,\u00a0<b>cada titular percibir\u00e1 la suma de 7083,40 pesos por hijo o hija<\/b>.<\/p>\n<p class=\"paragraph\">As\u00ed, el organismo previsional realizar\u00e1 una inversi\u00f3n de 10.532 millones de pesos para m\u00e1s de 1.300.000 ni\u00f1os, ni\u00f1as y adolescentes de la AUH.<\/p>\n<div class=\"visual__image \"><img loading=\"lazy\" decoding=\"async\" src=\"https:\/\/www.infobae.com\/new-resizer\/rV5RCiPr8yOQHV7vvnQP6uhfBBc=\/420x236\/filters:format(jpg):quality(85)\/cloudfront-us-east-1.images.arcpublishing.com\/infobae\/YFEY3M5JTRETLA3E7AXGIUIBBU.jpg%20420w\" sizes=\"auto, (min-width: 800px) 50vw, 90vw\" srcset=\"https:\/\/www.infobae.com\/new-resizer\/rV5RCiPr8yOQHV7vvnQP6uhfBBc=\/420x236\/filters:format(jpg):quality(85)\/cloudfront-us-east-1.images.arcpublishing.com\/infobae\/YFEY3M5JTRETLA3E7AXGIUIBBU.jpg 420w,https:\/\/www.infobae.com\/new-resizer\/fGo4ws6Ar1t1A89ucV3vEkb3tN8=\/768x432\/filters:format(jpg):quality(85)\/cloudfront-us-east-1.images.arcpublishing.com\/infobae\/YFEY3M5JTRETLA3E7AXGIUIBBU.jpg 768w,https:\/\/www.infobae.com\/new-resizer\/11gKBmUEGEviM4g3bbqB1cA4we4=\/992x558\/filters:format(jpg):quality(85)\/cloudfront-us-east-1.images.arcpublishing.com\/infobae\/YFEY3M5JTRETLA3E7AXGIUIBBU.jpg 992w,https:\/\/www.infobae.com\/new-resizer\/XleuCDLSz6LECqqGYzDPZbQo-FY=\/1200x675\/filters:format(jpg):quality(85)\/cloudfront-us-east-1.images.arcpublishing.com\/infobae\/YFEY3M5JTRETLA3E7AXGIUIBBU.jpg 1200w\" alt=\"El presidente Alberto Fern\u00e1ndez y la directora de la Anses, Fernanda Raverta\" width=\"1920\" height=\"1080\" \/>El presidente Alberto Fern\u00e1ndez y la directora de la Anses, Fernanda Raverta<\/div>\n<p class=\"paragraph\">\u201cLa medida tiene como objetivo acompa\u00f1ar a las familias con un ingreso extra en el marco de la emergencia econ\u00f3mica por los efectos de la pandemia\u201d, explic\u00f3 el organismo en un comunicado.<\/p>\n<p class=\"paragraph\">Cada a\u00f1o, la Anses retiene un 20% de la AUH que se paga una vez que el beneficiario acredit\u00f3 que los menores recibieron educaci\u00f3n escolar y cumplieron con el calendario de vacunas; una vez acreditado se cobra todo lo retenido correspondiente al a\u00f1o. Para 2020, a trav\u00e9s de un decreto presidencial, se dispuso que por razones sanitarias la Libreta Nacional de Seguridad Social, Salud y Educaci\u00f3n donde constan esas certificaciones pueda ser reemplazada por una declaraci\u00f3n jurada online.<\/p>\n<p class=\"paragraph\"><b>Cu\u00e1ndo se cobra<\/b><\/p>\n<p class=\"paragraph\"><b>El calendario de pago iniciar\u00e1 hoy 8 de junio y se extender\u00e1 hasta el 22 de este mismo mes<\/b>. Para percibirlo no se requerir\u00e1 ning\u00fan tr\u00e1mite adicional, por lo que cada titular recibir\u00e1 el monto en su medio de pago habitual y en la misma fecha.<\/p>\n<p class=\"paragraph\"><b>Qui\u00e9nes lo van a cobrar<\/b><\/p>\n<p class=\"paragraph\">Se trata de 743 mil titulares de la AUH\u00a0<b>que hayan cargado hasta el 30 de abril en MI Anses la declaraci\u00f3n jurada<\/b>\u00a0en reemplazo de la Libreta Nacional de la Seguridad Social, Salud y Educaci\u00f3n correspondiente a 2020.<\/p>\n<p class=\"paragraph\">A partir del mes que viene se completar\u00e1 el pago para el resto de los titulares que presentaron la declaraci\u00f3n jurada en una fecha posterior.<\/p>\n<p class=\"paragraph\"><b>C\u00f3mo tramitar la declaraci\u00f3n jurada<\/b><\/p>\n<p class=\"paragraph\">El tr\u00e1mite de la Declaraci\u00f3n Jurada se puede realizar desde un tel\u00e9fono m\u00f3vil o desde una computadora.<\/p>\n<blockquote class=\"color_figcaption\">\n<div class=\"text\">La presentaci\u00f3n de la declaraci\u00f3n jurada habilita al cobro del complemento dentro de los 60 d\u00edas, por eso desde hoy empiezan a cobrar quienes la completaron antes del 30 de abril<\/div>\n<\/blockquote>\n<p class=\"paragraph\"><b>Hay que acceder a la web de Anses, ingresar en \u2018Mi Anses\u2019 con CUIL y Clave de Seguridad Social. A continuaci\u00f3n, hay que dirigirse al men\u00fa Hijas e Hijos &gt; Presentaci\u00f3n DDJJ Libreta AUH &#8211; Dto 840\/2020 y elegir los CUIL de cada ni\u00f1o\u00a0<\/b>para finalizar la declaraci\u00f3n jurada.<\/p>\n<p class=\"paragraph\">Tambi\u00e9n se puede hacer en forma presencial en centros de atenci\u00f3n Anses.<\/p>\n<p class=\"paragraph\">Para ello, hay que descargar y completar el formulario PS 1.72. Sacar un turno para ir a una oficina de Anses en la p\u00e1gina Web del organismo. Y, por \u00faltimo, presentarse el d\u00eda y horario del turno con DNI y el formulario completo.<\/p>\n<p class=\"paragraph\">Cabe recordar que<b>\u00a0la presentaci\u00f3n de la declaraci\u00f3n jurada online puede efectuarse hasta el 31 de diciembre de 2021<\/b>.<\/p>\n<p class=\"paragraph\">No obstante, es conveniente hacerlo lo antes posible, ya que esa presentaci\u00f3n habilita\u00a0<b>el cobro del complemento del 20% acumulado, que se har\u00e1 efectivo dentro de los 60 d\u00edas de presentada la declaraci\u00f3n jurada. Por ese motivo, quienes lo hicieron antes del 30 de abril comenzar\u00e1n a cobrar desde hoy.<\/b><\/p>\n<\/div>\n<\/article>\n","protected":false},"excerpt":{"rendered":"<p>Desde hoy la Anses empieza a pagar un adelanto de $ 7.000 a beneficiarios de la asignaci\u00f3n que hayan presentado una declaraci\u00f3n jurada antes del 30 de abril. El mes que viene pagar\u00e1 a quienes presentaron m\u00e1s tarde<\/p>\n","protected":false},"author":3,"featured_media":0,"comment_status":"closed","ping_status":"closed","sticky":false,"template":"","format":"standard","meta":{"footnotes":""},"categories":[1],"tags":[],"class_list":["post-58256","post","type-post","status-publish","format-standard","hentry","category-sin-categoria"],"yoast_head":"<!-- This site is optimized with the Yoast SEO plugin v25.9 - https:\/\/yoast.com\/wordpress\/plugins\/seo\/ -->\n<title>Plus AUH: c\u00f3mo hacer y completar la declaraci\u00f3n jurada de Anses que habilita a cobrar un extra de $ 7.000 - Noticias Radio Reflejos<\/title>\n<meta name=\"robots\" content=\"index, follow, max-snippet:-1, max-image-preview:large, max-video-preview:-1\" \/>\n<link rel=\"canonical\" href=\"https:\/\/www.noticiasradioreflejos.com.ar\/2021\/plus-auh-como-hacer-y-completar-la-declaracion-jurada-de-anses-que-habilita-a-cobrar-un-extra-de-7-000\/\" \/>\n<meta property=\"og:locale\" content=\"es_ES\" \/>\n<meta property=\"og:type\" content=\"article\" \/>\n<meta property=\"og:title\" content=\"Plus AUH: c\u00f3mo hacer y completar la declaraci\u00f3n jurada de Anses que habilita a cobrar un extra de $ 7.000 - Noticias Radio Reflejos\" \/>\n<meta property=\"og:description\" content=\"Desde hoy la Anses empieza a pagar un adelanto de $ 7.000 a beneficiarios de la asignaci\u00f3n que hayan presentado una declaraci\u00f3n jurada antes del 30 de abril. El mes que viene pagar\u00e1 a quienes presentaron m\u00e1s tarde\" \/>\n<meta property=\"og:url\" content=\"https:\/\/www.noticiasradioreflejos.com.ar\/2021\/plus-auh-como-hacer-y-completar-la-declaracion-jurada-de-anses-que-habilita-a-cobrar-un-extra-de-7-000\/\" \/>\n<meta property=\"og:site_name\" content=\"Noticias Radio Reflejos\" \/>\n<meta property=\"article:published_time\" content=\"2021-06-08T15:49:29+00:00\" \/>\n<meta property=\"og:image\" content=\"https:\/\/www.infobae.com\/new-resizer\/BwbJPRtCvvBb53bUWw2NSWPFPDI=\/420x236\/filters:format(jpg):quality(85)\/cloudfront-us-east-1.images.arcpublishing.com\/infobae\/UA74MGQU6ZD3PKNC67AT4DKUQY.jpg%20420w\" \/>\n<meta name=\"author\" content=\"Arnaldo Botto\" \/>\n<meta name=\"twitter:card\" content=\"summary_large_image\" \/>\n<script type=\"application\/ld+json\" class=\"yoast-schema-graph\">{\"@context\":\"https:\/\/schema.org\",\"@graph\":[{\"@type\":\"WebPage\",\"@id\":\"https:\/\/www.noticiasradioreflejos.com.ar\/2021\/plus-auh-como-hacer-y-completar-la-declaracion-jurada-de-anses-que-habilita-a-cobrar-un-extra-de-7-000\/\",\"url\":\"https:\/\/www.noticiasradioreflejos.com.ar\/2021\/plus-auh-como-hacer-y-completar-la-declaracion-jurada-de-anses-que-habilita-a-cobrar-un-extra-de-7-000\/\",\"name\":\"Plus AUH: c\u00f3mo hacer y completar la declaraci\u00f3n jurada de Anses que habilita a cobrar un extra de $ 7.000 - Noticias Radio Reflejos\",\"isPartOf\":{\"@id\":\"https:\/\/www.noticiasradioreflejos.com.ar\/2021\/#website\"},\"primaryImageOfPage\":{\"@id\":\"https:\/\/www.noticiasradioreflejos.com.ar\/2021\/plus-auh-como-hacer-y-completar-la-declaracion-jurada-de-anses-que-habilita-a-cobrar-un-extra-de-7-000\/#primaryimage\"},\"image\":{\"@id\":\"https:\/\/www.noticiasradioreflejos.com.ar\/2021\/plus-auh-como-hacer-y-completar-la-declaracion-jurada-de-anses-que-habilita-a-cobrar-un-extra-de-7-000\/#primaryimage\"},\"thumbnailUrl\":\"https:\/\/www.infobae.com\/new-resizer\/BwbJPRtCvvBb53bUWw2NSWPFPDI=\/420x236\/filters:format(jpg):quality(85)\/cloudfront-us-east-1.images.arcpublishing.com\/infobae\/UA74MGQU6ZD3PKNC67AT4DKUQY.jpg%20420w\",\"datePublished\":\"2021-06-08T15:49:29+00:00\",\"author\":{\"@id\":\"https:\/\/www.noticiasradioreflejos.com.ar\/2021\/#\/schema\/person\/ad82545263dcc5ec0996818884fd5fb1\"},\"breadcrumb\":{\"@id\":\"https:\/\/www.noticiasradioreflejos.com.ar\/2021\/plus-auh-como-hacer-y-completar-la-declaracion-jurada-de-anses-que-habilita-a-cobrar-un-extra-de-7-000\/#breadcrumb\"},\"inLanguage\":\"es\",\"potentialAction\":[{\"@type\":\"ReadAction\",\"target\":[\"https:\/\/www.noticiasradioreflejos.com.ar\/2021\/plus-auh-como-hacer-y-completar-la-declaracion-jurada-de-anses-que-habilita-a-cobrar-un-extra-de-7-000\/\"]}]},{\"@type\":\"ImageObject\",\"inLanguage\":\"es\",\"@id\":\"https:\/\/www.noticiasradioreflejos.com.ar\/2021\/plus-auh-como-hacer-y-completar-la-declaracion-jurada-de-anses-que-habilita-a-cobrar-un-extra-de-7-000\/#primaryimage\",\"url\":\"https:\/\/www.infobae.com\/new-resizer\/BwbJPRtCvvBb53bUWw2NSWPFPDI=\/420x236\/filters:format(jpg):quality(85)\/cloudfront-us-east-1.images.arcpublishing.com\/infobae\/UA74MGQU6ZD3PKNC67AT4DKUQY.jpg%20420w\",\"contentUrl\":\"https:\/\/www.infobae.com\/new-resizer\/BwbJPRtCvvBb53bUWw2NSWPFPDI=\/420x236\/filters:format(jpg):quality(85)\/cloudfront-us-east-1.images.arcpublishing.com\/infobae\/UA74MGQU6ZD3PKNC67AT4DKUQY.jpg%20420w\"},{\"@type\":\"BreadcrumbList\",\"@id\":\"https:\/\/www.noticiasradioreflejos.com.ar\/2021\/plus-auh-como-hacer-y-completar-la-declaracion-jurada-de-anses-que-habilita-a-cobrar-un-extra-de-7-000\/#breadcrumb\",\"itemListElement\":[{\"@type\":\"ListItem\",\"position\":1,\"name\":\"Portada\",\"item\":\"https:\/\/www.noticiasradioreflejos.com.ar\/2021\/\"},{\"@type\":\"ListItem\",\"position\":2,\"name\":\"Plus AUH: c\u00f3mo hacer y completar la declaraci\u00f3n jurada de Anses que habilita a cobrar un extra de $ 7.000\"}]},{\"@type\":\"WebSite\",\"@id\":\"https:\/\/www.noticiasradioreflejos.com.ar\/2021\/#website\",\"url\":\"https:\/\/www.noticiasradioreflejos.com.ar\/2021\/\",\"name\":\"Noticias Radio Reflejos\",\"description\":\"Las noticias de mi comarca\",\"potentialAction\":[{\"@type\":\"SearchAction\",\"target\":{\"@type\":\"EntryPoint\",\"urlTemplate\":\"https:\/\/www.noticiasradioreflejos.com.ar\/2021\/?s={search_term_string}\"},\"query-input\":{\"@type\":\"PropertyValueSpecification\",\"valueRequired\":true,\"valueName\":\"search_term_string\"}}],\"inLanguage\":\"es\"},{\"@type\":\"Person\",\"@id\":\"https:\/\/www.noticiasradioreflejos.com.ar\/2021\/#\/schema\/person\/ad82545263dcc5ec0996818884fd5fb1\",\"name\":\"Arnaldo Botto\",\"image\":{\"@type\":\"ImageObject\",\"inLanguage\":\"es\",\"@id\":\"https:\/\/www.noticiasradioreflejos.com.ar\/2021\/#\/schema\/person\/image\/\",\"url\":\"https:\/\/secure.gravatar.com\/avatar\/55cb5e37c1efa326397366e6974cb338056df65cb50e7d64d1cf314e87504837?s=96&d=mm&r=g\",\"contentUrl\":\"https:\/\/secure.gravatar.com\/avatar\/55cb5e37c1efa326397366e6974cb338056df65cb50e7d64d1cf314e87504837?s=96&d=mm&r=g\",\"caption\":\"Arnaldo Botto\"},\"url\":\"https:\/\/www.noticiasradioreflejos.com.ar\/2021\/author\/arnaldo\/\"}]}<\/script>\n<!-- \/ Yoast SEO plugin. -->","yoast_head_json":{"title":"Plus AUH: c\u00f3mo hacer y completar la declaraci\u00f3n jurada de Anses que habilita a cobrar un extra de $ 7.000 - Noticias Radio Reflejos","robots":{"index":"index","follow":"follow","max-snippet":"max-snippet:-1","max-image-preview":"max-image-preview:large","max-video-preview":"max-video-preview:-1"},"canonical":"https:\/\/www.noticiasradioreflejos.com.ar\/2021\/plus-auh-como-hacer-y-completar-la-declaracion-jurada-de-anses-que-habilita-a-cobrar-un-extra-de-7-000\/","og_locale":"es_ES","og_type":"article","og_title":"Plus AUH: c\u00f3mo hacer y completar la declaraci\u00f3n jurada de Anses que habilita a cobrar un extra de $ 7.000 - Noticias Radio Reflejos","og_description":"Desde hoy la Anses empieza a pagar un adelanto de $ 7.000 a beneficiarios de la asignaci\u00f3n que hayan presentado una declaraci\u00f3n jurada antes del 30 de abril. El mes que viene pagar\u00e1 a quienes presentaron m\u00e1s tarde","og_url":"https:\/\/www.noticiasradioreflejos.com.ar\/2021\/plus-auh-como-hacer-y-completar-la-declaracion-jurada-de-anses-que-habilita-a-cobrar-un-extra-de-7-000\/","og_site_name":"Noticias Radio Reflejos","article_published_time":"2021-06-08T15:49:29+00:00","og_image":[{"url":"https:\/\/www.infobae.com\/new-resizer\/BwbJPRtCvvBb53bUWw2NSWPFPDI=\/420x236\/filters:format(jpg):quality(85)\/cloudfront-us-east-1.images.arcpublishing.com\/infobae\/UA74MGQU6ZD3PKNC67AT4DKUQY.jpg%20420w","type":"","width":"","height":""}],"author":"Arnaldo Botto","twitter_card":"summary_large_image","schema":{"@context":"https:\/\/schema.org","@graph":[{"@type":"WebPage","@id":"https:\/\/www.noticiasradioreflejos.com.ar\/2021\/plus-auh-como-hacer-y-completar-la-declaracion-jurada-de-anses-que-habilita-a-cobrar-un-extra-de-7-000\/","url":"https:\/\/www.noticiasradioreflejos.com.ar\/2021\/plus-auh-como-hacer-y-completar-la-declaracion-jurada-de-anses-que-habilita-a-cobrar-un-extra-de-7-000\/","name":"Plus AUH: c\u00f3mo hacer y completar la declaraci\u00f3n jurada de Anses que habilita a cobrar un extra de $ 7.000 - Noticias Radio Reflejos","isPartOf":{"@id":"https:\/\/www.noticiasradioreflejos.com.ar\/2021\/#website"},"primaryImageOfPage":{"@id":"https:\/\/www.noticiasradioreflejos.com.ar\/2021\/plus-auh-como-hacer-y-completar-la-declaracion-jurada-de-anses-que-habilita-a-cobrar-un-extra-de-7-000\/#primaryimage"},"image":{"@id":"https:\/\/www.noticiasradioreflejos.com.ar\/2021\/plus-auh-como-hacer-y-completar-la-declaracion-jurada-de-anses-que-habilita-a-cobrar-un-extra-de-7-000\/#primaryimage"},"thumbnailUrl":"https:\/\/www.infobae.com\/new-resizer\/BwbJPRtCvvBb53bUWw2NSWPFPDI=\/420x236\/filters:format(jpg):quality(85)\/cloudfront-us-east-1.images.arcpublishing.com\/infobae\/UA74MGQU6ZD3PKNC67AT4DKUQY.jpg%20420w","datePublished":"2021-06-08T15:49:29+00:00","author":{"@id":"https:\/\/www.noticiasradioreflejos.com.ar\/2021\/#\/schema\/person\/ad82545263dcc5ec0996818884fd5fb1"},"breadcrumb":{"@id":"https:\/\/www.noticiasradioreflejos.com.ar\/2021\/plus-auh-como-hacer-y-completar-la-declaracion-jurada-de-anses-que-habilita-a-cobrar-un-extra-de-7-000\/#breadcrumb"},"inLanguage":"es","potentialAction":[{"@type":"ReadAction","target":["https:\/\/www.noticiasradioreflejos.com.ar\/2021\/plus-auh-como-hacer-y-completar-la-declaracion-jurada-de-anses-que-habilita-a-cobrar-un-extra-de-7-000\/"]}]},{"@type":"ImageObject","inLanguage":"es","@id":"https:\/\/www.noticiasradioreflejos.com.ar\/2021\/plus-auh-como-hacer-y-completar-la-declaracion-jurada-de-anses-que-habilita-a-cobrar-un-extra-de-7-000\/#primaryimage","url":"https:\/\/www.infobae.com\/new-resizer\/BwbJPRtCvvBb53bUWw2NSWPFPDI=\/420x236\/filters:format(jpg):quality(85)\/cloudfront-us-east-1.images.arcpublishing.com\/infobae\/UA74MGQU6ZD3PKNC67AT4DKUQY.jpg%20420w","contentUrl":"https:\/\/www.infobae.com\/new-resizer\/BwbJPRtCvvBb53bUWw2NSWPFPDI=\/420x236\/filters:format(jpg):quality(85)\/cloudfront-us-east-1.images.arcpublishing.com\/infobae\/UA74MGQU6ZD3PKNC67AT4DKUQY.jpg%20420w"},{"@type":"BreadcrumbList","@id":"https:\/\/www.noticiasradioreflejos.com.ar\/2021\/plus-auh-como-hacer-y-completar-la-declaracion-jurada-de-anses-que-habilita-a-cobrar-un-extra-de-7-000\/#breadcrumb","itemListElement":[{"@type":"ListItem","position":1,"name":"Portada","item":"https:\/\/www.noticiasradioreflejos.com.ar\/2021\/"},{"@type":"ListItem","position":2,"name":"Plus AUH: c\u00f3mo hacer y completar la declaraci\u00f3n jurada de Anses que habilita a cobrar un extra de $ 7.000"}]},{"@type":"WebSite","@id":"https:\/\/www.noticiasradioreflejos.com.ar\/2021\/#website","url":"https:\/\/www.noticiasradioreflejos.com.ar\/2021\/","name":"Noticias Radio Reflejos","description":"Las noticias de mi comarca","potentialAction":[{"@type":"SearchAction","target":{"@type":"EntryPoint","urlTemplate":"https:\/\/www.noticiasradioreflejos.com.ar\/2021\/?s={search_term_string}"},"query-input":{"@type":"PropertyValueSpecification","valueRequired":true,"valueName":"search_term_string"}}],"inLanguage":"es"},{"@type":"Person","@id":"https:\/\/www.noticiasradioreflejos.com.ar\/2021\/#\/schema\/person\/ad82545263dcc5ec0996818884fd5fb1","name":"Arnaldo Botto","image":{"@type":"ImageObject","inLanguage":"es","@id":"https:\/\/www.noticiasradioreflejos.com.ar\/2021\/#\/schema\/person\/image\/","url":"https:\/\/secure.gravatar.com\/avatar\/55cb5e37c1efa326397366e6974cb338056df65cb50e7d64d1cf314e87504837?s=96&d=mm&r=g","contentUrl":"https:\/\/secure.gravatar.com\/avatar\/55cb5e37c1efa326397366e6974cb338056df65cb50e7d64d1cf314e87504837?s=96&d=mm&r=g","caption":"Arnaldo Botto"},"url":"https:\/\/www.noticiasradioreflejos.com.ar\/2021\/author\/arnaldo\/"}]}},"_links":{"self":[{"href":"https:\/\/www.noticiasradioreflejos.com.ar\/2021\/wp-json\/wp\/v2\/posts\/58256","targetHints":{"allow":["GET"]}}],"collection":[{"href":"https:\/\/www.noticiasradioreflejos.com.ar\/2021\/wp-json\/wp\/v2\/posts"}],"about":[{"href":"https:\/\/www.noticiasradioreflejos.com.ar\/2021\/wp-json\/wp\/v2\/types\/post"}],"author":[{"embeddable":true,"href":"https:\/\/www.noticiasradioreflejos.com.ar\/2021\/wp-json\/wp\/v2\/users\/3"}],"replies":[{"embeddable":true,"href":"https:\/\/www.noticiasradioreflejos.com.ar\/2021\/wp-json\/wp\/v2\/comments?post=58256"}],"version-history":[{"count":1,"href":"https:\/\/www.noticiasradioreflejos.com.ar\/2021\/wp-json\/wp\/v2\/posts\/58256\/revisions"}],"predecessor-version":[{"id":58261,"href":"https:\/\/www.noticiasradioreflejos.com.ar\/2021\/wp-json\/wp\/v2\/posts\/58256\/revisions\/58261"}],"wp:attachment":[{"href":"https:\/\/www.noticiasradioreflejos.com.ar\/2021\/wp-json\/wp\/v2\/media?parent=58256"}],"wp:term":[{"taxonomy":"category","embeddable":true,"href":"https:\/\/www.noticiasradioreflejos.com.ar\/2021\/wp-json\/wp\/v2\/categories?post=58256"},{"taxonomy":"post_tag","embeddable":true,"href":"https:\/\/www.noticiasradioreflejos.com.ar\/2021\/wp-json\/wp\/v2\/tags?post=58256"}],"curies":[{"name":"wp","href":"https:\/\/api.w.org\/{rel}","templated":true}]}}