{"id":58208,"date":"2021-06-07T18:28:40","date_gmt":"2021-06-07T18:28:40","guid":{"rendered":"http:\/\/www.noticiasradioreflejos.com.ar\/2021\/?p=58208"},"modified":"2021-06-07T18:28:40","modified_gmt":"2021-06-07T18:28:40","slug":"contribuyentes-y-profesionales-en-su-laberinto-el-complejo-regimen-simplificado-y-la-falta-de-oportunidad","status":"publish","type":"post","link":"https:\/\/www.noticiasradioreflejos.com.ar\/2021\/contribuyentes-y-profesionales-en-su-laberinto-el-complejo-regimen-simplificado-y-la-falta-de-oportunidad\/","title":{"rendered":"Contribuyentes y Profesionales en su laberinto: El complejo \u00abR\u00e9gimen Simplificado\u00bb y la falta de oportunidad"},"content":{"rendered":"<p>Desde hace tiempo y debido, entre otras cosas, a la gran cantidad de normas dictadas, muchas veces con plazos de cumplimiento faltos de racionalidad, la vinculaci\u00f3n de contribuyentes y profesionales con los organismos tributarios se ha tornado altamente dificultosa. Pese a los constantes reclamos y propuestas realizados por las instituciones profesionales, los administradores no han logrado darle un principio de soluci\u00f3n a \u00e9ste problema.<!--more--><\/p>\n<p>El d\u00eda 02 del corriente mes se ha dictado la Resoluci\u00f3n General (AFIP) 5003, que establece el procedimiento a realizar a efectos de regularizar la situaci\u00f3n de los contribuyentes adheridos al R\u00e9gimen Simplificado. La misma establece que los contribuyentes, que no pudieron categorizarse en el mes de enero del presente a\u00f1o (por razones ajenas a su voluntad), deber\u00e1n ingresar las diferencias que en forma retroactiva se imponen, al producirse la entrada en vigencia de la Ley 27.618 (sancionada 3 meses despu\u00e9s de la fecha en la que sus alcances hubieran generado menos perjuicios).<\/p>\n<p>Esta situaci\u00f3n afecta a contribuyentes que, por su dimensi\u00f3n, se encuentran m\u00e1s expuestos a las dificultades por las que atraviesa nuestra econom\u00eda en general. Efectivamente, los peque\u00f1os contribuyentes, a partir del dictado de esta norma, se encuentran con deudas retroactivas en su cuenta corriente de monotributo, en un momento en el que enfrentamos el peor momento sanitario de nuestro pa\u00eds en su lucha contra la Pandemia declarada por el COVID-19. Luego se intenta disimular este hecho con un plan de pagos que solamente logra distribuir en el tiempo una carga que, en funci\u00f3n de la coyuntura, no debiera haber existido. En su momento, las instituciones profesionales hicieron saber a las autoridades de aplicaci\u00f3n, la necesidad de contar con las tablas actualizadas para proceder al correcto encuadramiento de los contribuyentes incluidos en el r\u00e9gimen \u201csimplificado\u201d, y evitar as\u00ed las inoportunas sorpresas con las que se encuentran en este momento.<\/p>\n<p>En virtud de la tard\u00eda sanci\u00f3n de la Ley 27.618 (publicada el 21\/04\/2021), del decreto 337 (25\/05\/2021) y la RG 5.003 (02\/06\/2021) que generan diferencias retroactivas a asumir por los contribuyentes, es que entendemos que debiera liberarse de las mismas a todos los afectados por esta situaci\u00f3n. Paralelamente entendemos que deben ser prorrogadas las fechas l\u00edmites para acceder a los beneficios de reingreso al monotributo de aquellos contribuyentes que se excluyeron por aplicaci\u00f3n de los viejos par\u00e1metros o la categorizaci\u00f3n retroactiva del art. 11 de la mencionada Resoluci\u00f3n General.<\/p>\n<p>Todo lo descripto se suma al complejo marco en el que nuestros matriculados desarrollan su actividad (falta de funcionalidad de las aplicaciones, interrupciones permanentes en las p\u00e1ginas web utilizadas, etc.). En muchas oportunidades nos hemos manifestado sobre esta inc\u00f3moda realidad. Una vez m\u00e1s corresponde dejar en claro que la vocaci\u00f3n de los profesionales de ciencias econ\u00f3micas es la de cumplir en tiempo y forma con la manda de sus comitentes, pero el laberinto normativo atenta permanentemente contra la adecuada planificaci\u00f3n de la actividad profesional, aun trat\u00e1ndose de reg\u00edmenes pretendidamente simplificados.<\/p>\n<p>Apelamos al criterio de quienes conducen los Organismos de aplicaci\u00f3n, para evitar estas situaciones que no hacen m\u00e1s que atentar contra la tarea llevada a cabo por quienes han tenido una tarea fundamental a la hora de acompa\u00f1ar a las unidades econ\u00f3micas que se vieron fuertemente afectadas por esta pandemia, cuyo final no est\u00e1 a\u00fan a la vista.<\/p>\n<p>Nuestro Consejo participa activamente de las gestiones que lleva a cabo la Federaci\u00f3n Argentina de Consejos Profesionales de Ciencias Econ\u00f3micas en representaci\u00f3n de los 24 Consejos del pa\u00eds y apoya todo lo actuado por la misma en pos de la modificaci\u00f3n definitiva de las condiciones en las que los profesionales desarrollan su actividad.<\/p>\n","protected":false},"excerpt":{"rendered":"<p>Desde hace tiempo y debido, entre otras cosas, a la gran cantidad de normas dictadas, muchas veces con plazos de cumplimiento faltos de racionalidad, la vinculaci\u00f3n de contribuyentes y profesionales con los organismos tributarios se ha tornado altamente dificultosa. Pese a los constantes reclamos y propuestas realizados por las instituciones profesionales, los administradores no han [&hellip;]<\/p>\n","protected":false},"author":3,"featured_media":0,"comment_status":"closed","ping_status":"closed","sticky":false,"template":"","format":"standard","meta":{"footnotes":""},"categories":[26],"tags":[],"class_list":["post-58208","post","type-post","status-publish","format-standard","hentry","category-sociedad"],"yoast_head":"<!-- This site is optimized with the Yoast SEO plugin v25.9 - https:\/\/yoast.com\/wordpress\/plugins\/seo\/ -->\n<title>Contribuyentes y Profesionales en su laberinto: El complejo &quot;R\u00e9gimen Simplificado&quot; y la falta de oportunidad - Noticias Radio Reflejos<\/title>\n<meta name=\"robots\" content=\"index, follow, max-snippet:-1, max-image-preview:large, max-video-preview:-1\" \/>\n<link rel=\"canonical\" href=\"https:\/\/www.noticiasradioreflejos.com.ar\/2021\/contribuyentes-y-profesionales-en-su-laberinto-el-complejo-regimen-simplificado-y-la-falta-de-oportunidad\/\" \/>\n<meta property=\"og:locale\" content=\"es_ES\" \/>\n<meta property=\"og:type\" content=\"article\" \/>\n<meta property=\"og:title\" content=\"Contribuyentes y Profesionales en su laberinto: El complejo &quot;R\u00e9gimen Simplificado&quot; y la falta de oportunidad - Noticias Radio Reflejos\" \/>\n<meta property=\"og:description\" content=\"Desde hace tiempo y debido, entre otras cosas, a la gran cantidad de normas dictadas, muchas veces con plazos de cumplimiento faltos de racionalidad, la vinculaci\u00f3n de contribuyentes y profesionales con los organismos tributarios se ha tornado altamente dificultosa. Pese a los constantes reclamos y propuestas realizados por las instituciones profesionales, los administradores no han [&hellip;]\" \/>\n<meta property=\"og:url\" content=\"https:\/\/www.noticiasradioreflejos.com.ar\/2021\/contribuyentes-y-profesionales-en-su-laberinto-el-complejo-regimen-simplificado-y-la-falta-de-oportunidad\/\" \/>\n<meta property=\"og:site_name\" content=\"Noticias Radio Reflejos\" \/>\n<meta property=\"article:published_time\" content=\"2021-06-07T18:28:40+00:00\" \/>\n<meta property=\"og:image\" content=\"https:\/\/www.noticiasradioreflejos.com.ar\/2021\/wp-content\/uploads\/2021\/07\/logosol300x200.png\" \/>\n\t<meta property=\"og:image:width\" content=\"300\" \/>\n\t<meta property=\"og:image:height\" content=\"200\" \/>\n\t<meta property=\"og:image:type\" content=\"image\/png\" \/>\n<meta name=\"author\" content=\"Arnaldo Botto\" \/>\n<meta name=\"twitter:card\" content=\"summary_large_image\" \/>\n<script type=\"application\/ld+json\" class=\"yoast-schema-graph\">{\"@context\":\"https:\/\/schema.org\",\"@graph\":[{\"@type\":\"WebPage\",\"@id\":\"https:\/\/www.noticiasradioreflejos.com.ar\/2021\/contribuyentes-y-profesionales-en-su-laberinto-el-complejo-regimen-simplificado-y-la-falta-de-oportunidad\/\",\"url\":\"https:\/\/www.noticiasradioreflejos.com.ar\/2021\/contribuyentes-y-profesionales-en-su-laberinto-el-complejo-regimen-simplificado-y-la-falta-de-oportunidad\/\",\"name\":\"Contribuyentes y Profesionales en su laberinto: El complejo \\\"R\u00e9gimen Simplificado\\\" y la falta de oportunidad - Noticias Radio Reflejos\",\"isPartOf\":{\"@id\":\"https:\/\/www.noticiasradioreflejos.com.ar\/2021\/#website\"},\"datePublished\":\"2021-06-07T18:28:40+00:00\",\"author\":{\"@id\":\"https:\/\/www.noticiasradioreflejos.com.ar\/2021\/#\/schema\/person\/ad82545263dcc5ec0996818884fd5fb1\"},\"breadcrumb\":{\"@id\":\"https:\/\/www.noticiasradioreflejos.com.ar\/2021\/contribuyentes-y-profesionales-en-su-laberinto-el-complejo-regimen-simplificado-y-la-falta-de-oportunidad\/#breadcrumb\"},\"inLanguage\":\"es\",\"potentialAction\":[{\"@type\":\"ReadAction\",\"target\":[\"https:\/\/www.noticiasradioreflejos.com.ar\/2021\/contribuyentes-y-profesionales-en-su-laberinto-el-complejo-regimen-simplificado-y-la-falta-de-oportunidad\/\"]}]},{\"@type\":\"BreadcrumbList\",\"@id\":\"https:\/\/www.noticiasradioreflejos.com.ar\/2021\/contribuyentes-y-profesionales-en-su-laberinto-el-complejo-regimen-simplificado-y-la-falta-de-oportunidad\/#breadcrumb\",\"itemListElement\":[{\"@type\":\"ListItem\",\"position\":1,\"name\":\"Portada\",\"item\":\"https:\/\/www.noticiasradioreflejos.com.ar\/2021\/\"},{\"@type\":\"ListItem\",\"position\":2,\"name\":\"Contribuyentes y Profesionales en su laberinto: El complejo \u00abR\u00e9gimen Simplificado\u00bb y la falta de oportunidad\"}]},{\"@type\":\"WebSite\",\"@id\":\"https:\/\/www.noticiasradioreflejos.com.ar\/2021\/#website\",\"url\":\"https:\/\/www.noticiasradioreflejos.com.ar\/2021\/\",\"name\":\"Noticias Radio Reflejos\",\"description\":\"Las noticias de mi comarca\",\"potentialAction\":[{\"@type\":\"SearchAction\",\"target\":{\"@type\":\"EntryPoint\",\"urlTemplate\":\"https:\/\/www.noticiasradioreflejos.com.ar\/2021\/?s={search_term_string}\"},\"query-input\":{\"@type\":\"PropertyValueSpecification\",\"valueRequired\":true,\"valueName\":\"search_term_string\"}}],\"inLanguage\":\"es\"},{\"@type\":\"Person\",\"@id\":\"https:\/\/www.noticiasradioreflejos.com.ar\/2021\/#\/schema\/person\/ad82545263dcc5ec0996818884fd5fb1\",\"name\":\"Arnaldo Botto\",\"image\":{\"@type\":\"ImageObject\",\"inLanguage\":\"es\",\"@id\":\"https:\/\/www.noticiasradioreflejos.com.ar\/2021\/#\/schema\/person\/image\/\",\"url\":\"https:\/\/secure.gravatar.com\/avatar\/55cb5e37c1efa326397366e6974cb338056df65cb50e7d64d1cf314e87504837?s=96&d=mm&r=g\",\"contentUrl\":\"https:\/\/secure.gravatar.com\/avatar\/55cb5e37c1efa326397366e6974cb338056df65cb50e7d64d1cf314e87504837?s=96&d=mm&r=g\",\"caption\":\"Arnaldo Botto\"},\"url\":\"https:\/\/www.noticiasradioreflejos.com.ar\/2021\/author\/arnaldo\/\"}]}<\/script>\n<!-- \/ Yoast SEO plugin. -->","yoast_head_json":{"title":"Contribuyentes y Profesionales en su laberinto: El complejo \"R\u00e9gimen Simplificado\" y la falta de oportunidad - Noticias Radio Reflejos","robots":{"index":"index","follow":"follow","max-snippet":"max-snippet:-1","max-image-preview":"max-image-preview:large","max-video-preview":"max-video-preview:-1"},"canonical":"https:\/\/www.noticiasradioreflejos.com.ar\/2021\/contribuyentes-y-profesionales-en-su-laberinto-el-complejo-regimen-simplificado-y-la-falta-de-oportunidad\/","og_locale":"es_ES","og_type":"article","og_title":"Contribuyentes y Profesionales en su laberinto: El complejo \"R\u00e9gimen Simplificado\" y la falta de oportunidad - Noticias Radio Reflejos","og_description":"Desde hace tiempo y debido, entre otras cosas, a la gran cantidad de normas dictadas, muchas veces con plazos de cumplimiento faltos de racionalidad, la vinculaci\u00f3n de contribuyentes y profesionales con los organismos tributarios se ha tornado altamente dificultosa. Pese a los constantes reclamos y propuestas realizados por las instituciones profesionales, los administradores no han [&hellip;]","og_url":"https:\/\/www.noticiasradioreflejos.com.ar\/2021\/contribuyentes-y-profesionales-en-su-laberinto-el-complejo-regimen-simplificado-y-la-falta-de-oportunidad\/","og_site_name":"Noticias Radio Reflejos","article_published_time":"2021-06-07T18:28:40+00:00","og_image":[{"width":300,"height":200,"url":"https:\/\/www.noticiasradioreflejos.com.ar\/2021\/wp-content\/uploads\/2021\/07\/logosol300x200.png","type":"image\/png"}],"author":"Arnaldo Botto","twitter_card":"summary_large_image","schema":{"@context":"https:\/\/schema.org","@graph":[{"@type":"WebPage","@id":"https:\/\/www.noticiasradioreflejos.com.ar\/2021\/contribuyentes-y-profesionales-en-su-laberinto-el-complejo-regimen-simplificado-y-la-falta-de-oportunidad\/","url":"https:\/\/www.noticiasradioreflejos.com.ar\/2021\/contribuyentes-y-profesionales-en-su-laberinto-el-complejo-regimen-simplificado-y-la-falta-de-oportunidad\/","name":"Contribuyentes y Profesionales en su laberinto: El complejo \"R\u00e9gimen Simplificado\" y la falta de oportunidad - Noticias Radio Reflejos","isPartOf":{"@id":"https:\/\/www.noticiasradioreflejos.com.ar\/2021\/#website"},"datePublished":"2021-06-07T18:28:40+00:00","author":{"@id":"https:\/\/www.noticiasradioreflejos.com.ar\/2021\/#\/schema\/person\/ad82545263dcc5ec0996818884fd5fb1"},"breadcrumb":{"@id":"https:\/\/www.noticiasradioreflejos.com.ar\/2021\/contribuyentes-y-profesionales-en-su-laberinto-el-complejo-regimen-simplificado-y-la-falta-de-oportunidad\/#breadcrumb"},"inLanguage":"es","potentialAction":[{"@type":"ReadAction","target":["https:\/\/www.noticiasradioreflejos.com.ar\/2021\/contribuyentes-y-profesionales-en-su-laberinto-el-complejo-regimen-simplificado-y-la-falta-de-oportunidad\/"]}]},{"@type":"BreadcrumbList","@id":"https:\/\/www.noticiasradioreflejos.com.ar\/2021\/contribuyentes-y-profesionales-en-su-laberinto-el-complejo-regimen-simplificado-y-la-falta-de-oportunidad\/#breadcrumb","itemListElement":[{"@type":"ListItem","position":1,"name":"Portada","item":"https:\/\/www.noticiasradioreflejos.com.ar\/2021\/"},{"@type":"ListItem","position":2,"name":"Contribuyentes y Profesionales en su laberinto: El complejo \u00abR\u00e9gimen Simplificado\u00bb y la falta de oportunidad"}]},{"@type":"WebSite","@id":"https:\/\/www.noticiasradioreflejos.com.ar\/2021\/#website","url":"https:\/\/www.noticiasradioreflejos.com.ar\/2021\/","name":"Noticias Radio Reflejos","description":"Las noticias de mi comarca","potentialAction":[{"@type":"SearchAction","target":{"@type":"EntryPoint","urlTemplate":"https:\/\/www.noticiasradioreflejos.com.ar\/2021\/?s={search_term_string}"},"query-input":{"@type":"PropertyValueSpecification","valueRequired":true,"valueName":"search_term_string"}}],"inLanguage":"es"},{"@type":"Person","@id":"https:\/\/www.noticiasradioreflejos.com.ar\/2021\/#\/schema\/person\/ad82545263dcc5ec0996818884fd5fb1","name":"Arnaldo Botto","image":{"@type":"ImageObject","inLanguage":"es","@id":"https:\/\/www.noticiasradioreflejos.com.ar\/2021\/#\/schema\/person\/image\/","url":"https:\/\/secure.gravatar.com\/avatar\/55cb5e37c1efa326397366e6974cb338056df65cb50e7d64d1cf314e87504837?s=96&d=mm&r=g","contentUrl":"https:\/\/secure.gravatar.com\/avatar\/55cb5e37c1efa326397366e6974cb338056df65cb50e7d64d1cf314e87504837?s=96&d=mm&r=g","caption":"Arnaldo Botto"},"url":"https:\/\/www.noticiasradioreflejos.com.ar\/2021\/author\/arnaldo\/"}]}},"_links":{"self":[{"href":"https:\/\/www.noticiasradioreflejos.com.ar\/2021\/wp-json\/wp\/v2\/posts\/58208","targetHints":{"allow":["GET"]}}],"collection":[{"href":"https:\/\/www.noticiasradioreflejos.com.ar\/2021\/wp-json\/wp\/v2\/posts"}],"about":[{"href":"https:\/\/www.noticiasradioreflejos.com.ar\/2021\/wp-json\/wp\/v2\/types\/post"}],"author":[{"embeddable":true,"href":"https:\/\/www.noticiasradioreflejos.com.ar\/2021\/wp-json\/wp\/v2\/users\/3"}],"replies":[{"embeddable":true,"href":"https:\/\/www.noticiasradioreflejos.com.ar\/2021\/wp-json\/wp\/v2\/comments?post=58208"}],"version-history":[{"count":2,"href":"https:\/\/www.noticiasradioreflejos.com.ar\/2021\/wp-json\/wp\/v2\/posts\/58208\/revisions"}],"predecessor-version":[{"id":58211,"href":"https:\/\/www.noticiasradioreflejos.com.ar\/2021\/wp-json\/wp\/v2\/posts\/58208\/revisions\/58211"}],"wp:attachment":[{"href":"https:\/\/www.noticiasradioreflejos.com.ar\/2021\/wp-json\/wp\/v2\/media?parent=58208"}],"wp:term":[{"taxonomy":"category","embeddable":true,"href":"https:\/\/www.noticiasradioreflejos.com.ar\/2021\/wp-json\/wp\/v2\/categories?post=58208"},{"taxonomy":"post_tag","embeddable":true,"href":"https:\/\/www.noticiasradioreflejos.com.ar\/2021\/wp-json\/wp\/v2\/tags?post=58208"}],"curies":[{"name":"wp","href":"https:\/\/api.w.org\/{rel}","templated":true}]}}