{"id":58203,"date":"2021-06-07T18:01:35","date_gmt":"2021-06-07T18:01:35","guid":{"rendered":"http:\/\/www.noticiasradioreflejos.com.ar\/2021\/?p=58203"},"modified":"2021-06-07T18:01:35","modified_gmt":"2021-06-07T18:01:35","slug":"el-oficialismo-se-impuso-ampliamente-en-las-elecciones-legislativas","status":"publish","type":"post","link":"https:\/\/www.noticiasradioreflejos.com.ar\/2021\/el-oficialismo-se-impuso-ampliamente-en-las-elecciones-legislativas\/","title":{"rendered":"El oficialismo se impuso ampliamente en las elecciones legislativas"},"content":{"rendered":"<div class=\"head-content\">\n<p>El diputado provincial Mart\u00edn Cesino alcanz\u00f3 su reelecci\u00f3n con el 46,60% de los votos, acompa\u00f1ado por Sonia Rojas Decut y Mario Vialey en las principales posiciones de la lista.<\/p>\n<\/div>\n<p><!--more--><\/p>\n<div class=\"main-content-block\">\n<div class=\"main-box clearfix\">\n<div class=\"wrapper-main-section clearfix\">\n<div class=\"wrapper-editable-content\">\n<div class=\"editable-content clearfix\">\n<div id=\"image\" class=\"image\"><img decoding=\"async\" title=\"Concurrieron a las urnas un 63,49% de los ciudadanos\" src=\"https:\/\/www.telam.com.ar\/advf\/imagenes\/2020\/12\/5fe070a945436_1004x565.jpg\" alt=\"Concurrieron a las urnas un 63,49% de los ciudadanos\" \/><\/p>\n<div class=\"epigrafe\">Concurrieron a las urnas un 63,49% de los ciudadanos<\/div>\n<\/div>\n<p>El oficialista Frente Renovador de la Concordia se impuso ampliamente en los comicios realizados el domingo en la provincia de Misiones para elegir diputados provinciales, con el 46,60% de los votos, escrutado el 98,47% de las mesas.<\/p>\n<p>Como resultado de los comicios,\u00a0<strong>el actual provincial Mart\u00edn Cesino alcanz\u00f3 su reelecci\u00f3n con el 46,60% de los votos<\/strong>, acompa\u00f1ado por Sonia Rojas Decut y Mario Vialey en las principales posiciones de la lista.<\/p>\n<p>Le sigui\u00f3 Juntos por el Cambio, con el radical Ariel Pianesi a la cabeza, que obtuvo el 27,77% de los sufragios, seguido en la lista por Micaela Gonz\u00e1lez Coria y Germ\u00e1n Kiczka.<\/p>\n<blockquote><p>Del total de ciudadanos habilitados para votar, concurrieron a las urnas un 63,49%, seg\u00fan inform\u00f3 la Direcci\u00f3n General de Seguridad de la Polic\u00eda de Misiones, lo que reflej\u00f3 una participaci\u00f3n menor a las del 2017<\/p><\/blockquote>\n<p><strong>En tercer lugar result\u00f3 el Frente Encuentro Popular Agrario y Social para la Victoria (PAyS), con el 14,29% de los votos<\/strong>, que postula a Santiago Mansilla, actual gerente de la UDAI Anses de Eldorado, como primer candidato a diputado provincial, acompa\u00f1ado por Blanca \u00c1lvez y Mart\u00edn Sancho.<\/p>\n<p>En los comicios misioneros, que abrieron el calendario electoral en el pa\u00eds, se eligieron 20 diputados provinciales titulares (la mitad de la Legislatura) y siete suplentes, concejales en algunas localidades, convencionales constituyentes en otras y Defensor del Pueblo en Ober\u00e1.<\/p>\n<p><strong>Los comicios se realizaron bajo un estricto protocolo de seguridad en el marco de la segunda ola de coronavirus<\/strong>\u00a0que atraviesa el pa\u00eds. En la provincia estaban habilitadas para votar 947.560 personas (943.726 nacionales y 3.834 extranjeros).<\/p>\n<p>Del total de ciudadanos habilitados para votar,\u00a0<strong>concurrieron a las urnas un 63,49%, seg\u00fan inform\u00f3 la Direcci\u00f3n General de Seguridad de la Polic\u00eda de Misiones<\/strong>, lo que reflej\u00f3 una participaci\u00f3n menor a las del 2017, en las que concurri\u00f3 el 78% de los misioneros en un contexto muy diferente.<\/p>\n<blockquote><p>El despliegue de seguridad del Comando Electoral cont\u00f3 con casi 3.500 efectivos, de la polic\u00eda provincial y de Gendarmer\u00eda Nacional, adem\u00e1s de 105 veh\u00edculos<\/p><\/blockquote>\n<p>En los 77 municipios de Misiones se habilitaron 459 centros de votaci\u00f3n (97 m\u00e1s que en los \u00faltimos comicios de 2019), cada uno con un m\u00e1ximo de siete mesas para garantizar el distanciamiento y evitar aglomeraciones, con un total de 2.771 mesas (2.749 para argentinos y 22 para extranjeros), inform\u00f3 el Tribunal Electoral de Misiones.<\/p>\n<p>El despliegue de seguridad del Comando Electoral cont\u00f3 con casi 3.500 efectivos, de la polic\u00eda provincial y de Gendarmer\u00eda Nacional, adem\u00e1s de 105 veh\u00edculos.<\/p>\n<p>En cuanto a las personas que no concurrieron a votar, a partir del lunes estar\u00e1 habilitado el formulario para justificar el no voto, el cual deber\u00e1 hacerse dentro de los 60 d\u00edas, informaron hoy desde el Tribunal Electoral de la provincia.<\/p><\/div>\n<\/div>\n<\/div>\n<\/div>\n<\/div>\n","protected":false},"excerpt":{"rendered":"<p>El diputado provincial Mart\u00edn Cesino alcanz\u00f3 su reelecci\u00f3n con el 46,60% de los votos, acompa\u00f1ado por Sonia Rojas Decut y Mario Vialey en las principales posiciones de la lista.<\/p>\n","protected":false},"author":3,"featured_media":0,"comment_status":"closed","ping_status":"closed","sticky":false,"template":"","format":"standard","meta":{"footnotes":""},"categories":[24],"tags":[],"class_list":["post-58203","post","type-post","status-publish","format-standard","hentry","category-politica"],"yoast_head":"<!-- This site is optimized with the Yoast SEO plugin v25.9 - https:\/\/yoast.com\/wordpress\/plugins\/seo\/ -->\n<title>El oficialismo se impuso ampliamente en las elecciones legislativas - Noticias Radio Reflejos<\/title>\n<meta name=\"robots\" content=\"index, follow, max-snippet:-1, max-image-preview:large, max-video-preview:-1\" \/>\n<link rel=\"canonical\" href=\"https:\/\/www.noticiasradioreflejos.com.ar\/2021\/el-oficialismo-se-impuso-ampliamente-en-las-elecciones-legislativas\/\" \/>\n<meta property=\"og:locale\" content=\"es_ES\" \/>\n<meta property=\"og:type\" content=\"article\" \/>\n<meta property=\"og:title\" content=\"El oficialismo se impuso ampliamente en las elecciones legislativas - Noticias Radio Reflejos\" \/>\n<meta property=\"og:description\" content=\"El diputado provincial Mart\u00edn Cesino alcanz\u00f3 su reelecci\u00f3n con el 46,60% de los votos, acompa\u00f1ado por Sonia Rojas Decut y Mario Vialey en las principales posiciones de la lista.\" \/>\n<meta property=\"og:url\" content=\"https:\/\/www.noticiasradioreflejos.com.ar\/2021\/el-oficialismo-se-impuso-ampliamente-en-las-elecciones-legislativas\/\" \/>\n<meta property=\"og:site_name\" content=\"Noticias Radio Reflejos\" \/>\n<meta property=\"article:published_time\" content=\"2021-06-07T18:01:35+00:00\" \/>\n<meta property=\"og:image\" content=\"https:\/\/www.telam.com.ar\/advf\/imagenes\/2020\/12\/5fe070a945436_1004x565.jpg\" \/>\n<meta name=\"author\" content=\"Arnaldo Botto\" \/>\n<meta name=\"twitter:card\" content=\"summary_large_image\" \/>\n<script type=\"application\/ld+json\" class=\"yoast-schema-graph\">{\"@context\":\"https:\/\/schema.org\",\"@graph\":[{\"@type\":\"WebPage\",\"@id\":\"https:\/\/www.noticiasradioreflejos.com.ar\/2021\/el-oficialismo-se-impuso-ampliamente-en-las-elecciones-legislativas\/\",\"url\":\"https:\/\/www.noticiasradioreflejos.com.ar\/2021\/el-oficialismo-se-impuso-ampliamente-en-las-elecciones-legislativas\/\",\"name\":\"El oficialismo se impuso ampliamente en las elecciones legislativas - Noticias Radio Reflejos\",\"isPartOf\":{\"@id\":\"https:\/\/www.noticiasradioreflejos.com.ar\/2021\/#website\"},\"primaryImageOfPage\":{\"@id\":\"https:\/\/www.noticiasradioreflejos.com.ar\/2021\/el-oficialismo-se-impuso-ampliamente-en-las-elecciones-legislativas\/#primaryimage\"},\"image\":{\"@id\":\"https:\/\/www.noticiasradioreflejos.com.ar\/2021\/el-oficialismo-se-impuso-ampliamente-en-las-elecciones-legislativas\/#primaryimage\"},\"thumbnailUrl\":\"https:\/\/www.telam.com.ar\/advf\/imagenes\/2020\/12\/5fe070a945436_1004x565.jpg\",\"datePublished\":\"2021-06-07T18:01:35+00:00\",\"author\":{\"@id\":\"https:\/\/www.noticiasradioreflejos.com.ar\/2021\/#\/schema\/person\/ad82545263dcc5ec0996818884fd5fb1\"},\"breadcrumb\":{\"@id\":\"https:\/\/www.noticiasradioreflejos.com.ar\/2021\/el-oficialismo-se-impuso-ampliamente-en-las-elecciones-legislativas\/#breadcrumb\"},\"inLanguage\":\"es\",\"potentialAction\":[{\"@type\":\"ReadAction\",\"target\":[\"https:\/\/www.noticiasradioreflejos.com.ar\/2021\/el-oficialismo-se-impuso-ampliamente-en-las-elecciones-legislativas\/\"]}]},{\"@type\":\"ImageObject\",\"inLanguage\":\"es\",\"@id\":\"https:\/\/www.noticiasradioreflejos.com.ar\/2021\/el-oficialismo-se-impuso-ampliamente-en-las-elecciones-legislativas\/#primaryimage\",\"url\":\"https:\/\/www.telam.com.ar\/advf\/imagenes\/2020\/12\/5fe070a945436_1004x565.jpg\",\"contentUrl\":\"https:\/\/www.telam.com.ar\/advf\/imagenes\/2020\/12\/5fe070a945436_1004x565.jpg\"},{\"@type\":\"BreadcrumbList\",\"@id\":\"https:\/\/www.noticiasradioreflejos.com.ar\/2021\/el-oficialismo-se-impuso-ampliamente-en-las-elecciones-legislativas\/#breadcrumb\",\"itemListElement\":[{\"@type\":\"ListItem\",\"position\":1,\"name\":\"Portada\",\"item\":\"https:\/\/www.noticiasradioreflejos.com.ar\/2021\/\"},{\"@type\":\"ListItem\",\"position\":2,\"name\":\"El oficialismo se impuso ampliamente en las elecciones legislativas\"}]},{\"@type\":\"WebSite\",\"@id\":\"https:\/\/www.noticiasradioreflejos.com.ar\/2021\/#website\",\"url\":\"https:\/\/www.noticiasradioreflejos.com.ar\/2021\/\",\"name\":\"Noticias Radio Reflejos\",\"description\":\"Las noticias de mi comarca\",\"potentialAction\":[{\"@type\":\"SearchAction\",\"target\":{\"@type\":\"EntryPoint\",\"urlTemplate\":\"https:\/\/www.noticiasradioreflejos.com.ar\/2021\/?s={search_term_string}\"},\"query-input\":{\"@type\":\"PropertyValueSpecification\",\"valueRequired\":true,\"valueName\":\"search_term_string\"}}],\"inLanguage\":\"es\"},{\"@type\":\"Person\",\"@id\":\"https:\/\/www.noticiasradioreflejos.com.ar\/2021\/#\/schema\/person\/ad82545263dcc5ec0996818884fd5fb1\",\"name\":\"Arnaldo Botto\",\"image\":{\"@type\":\"ImageObject\",\"inLanguage\":\"es\",\"@id\":\"https:\/\/www.noticiasradioreflejos.com.ar\/2021\/#\/schema\/person\/image\/\",\"url\":\"https:\/\/secure.gravatar.com\/avatar\/55cb5e37c1efa326397366e6974cb338056df65cb50e7d64d1cf314e87504837?s=96&d=mm&r=g\",\"contentUrl\":\"https:\/\/secure.gravatar.com\/avatar\/55cb5e37c1efa326397366e6974cb338056df65cb50e7d64d1cf314e87504837?s=96&d=mm&r=g\",\"caption\":\"Arnaldo Botto\"},\"url\":\"https:\/\/www.noticiasradioreflejos.com.ar\/2021\/author\/arnaldo\/\"}]}<\/script>\n<!-- \/ Yoast SEO plugin. -->","yoast_head_json":{"title":"El oficialismo se impuso ampliamente en las elecciones legislativas - Noticias Radio Reflejos","robots":{"index":"index","follow":"follow","max-snippet":"max-snippet:-1","max-image-preview":"max-image-preview:large","max-video-preview":"max-video-preview:-1"},"canonical":"https:\/\/www.noticiasradioreflejos.com.ar\/2021\/el-oficialismo-se-impuso-ampliamente-en-las-elecciones-legislativas\/","og_locale":"es_ES","og_type":"article","og_title":"El oficialismo se impuso ampliamente en las elecciones legislativas - Noticias Radio Reflejos","og_description":"El diputado provincial Mart\u00edn Cesino alcanz\u00f3 su reelecci\u00f3n con el 46,60% de los votos, acompa\u00f1ado por Sonia Rojas Decut y Mario Vialey en las principales posiciones de la lista.","og_url":"https:\/\/www.noticiasradioreflejos.com.ar\/2021\/el-oficialismo-se-impuso-ampliamente-en-las-elecciones-legislativas\/","og_site_name":"Noticias Radio Reflejos","article_published_time":"2021-06-07T18:01:35+00:00","og_image":[{"url":"https:\/\/www.telam.com.ar\/advf\/imagenes\/2020\/12\/5fe070a945436_1004x565.jpg","type":"","width":"","height":""}],"author":"Arnaldo Botto","twitter_card":"summary_large_image","schema":{"@context":"https:\/\/schema.org","@graph":[{"@type":"WebPage","@id":"https:\/\/www.noticiasradioreflejos.com.ar\/2021\/el-oficialismo-se-impuso-ampliamente-en-las-elecciones-legislativas\/","url":"https:\/\/www.noticiasradioreflejos.com.ar\/2021\/el-oficialismo-se-impuso-ampliamente-en-las-elecciones-legislativas\/","name":"El oficialismo se impuso ampliamente en las elecciones legislativas - Noticias Radio Reflejos","isPartOf":{"@id":"https:\/\/www.noticiasradioreflejos.com.ar\/2021\/#website"},"primaryImageOfPage":{"@id":"https:\/\/www.noticiasradioreflejos.com.ar\/2021\/el-oficialismo-se-impuso-ampliamente-en-las-elecciones-legislativas\/#primaryimage"},"image":{"@id":"https:\/\/www.noticiasradioreflejos.com.ar\/2021\/el-oficialismo-se-impuso-ampliamente-en-las-elecciones-legislativas\/#primaryimage"},"thumbnailUrl":"https:\/\/www.telam.com.ar\/advf\/imagenes\/2020\/12\/5fe070a945436_1004x565.jpg","datePublished":"2021-06-07T18:01:35+00:00","author":{"@id":"https:\/\/www.noticiasradioreflejos.com.ar\/2021\/#\/schema\/person\/ad82545263dcc5ec0996818884fd5fb1"},"breadcrumb":{"@id":"https:\/\/www.noticiasradioreflejos.com.ar\/2021\/el-oficialismo-se-impuso-ampliamente-en-las-elecciones-legislativas\/#breadcrumb"},"inLanguage":"es","potentialAction":[{"@type":"ReadAction","target":["https:\/\/www.noticiasradioreflejos.com.ar\/2021\/el-oficialismo-se-impuso-ampliamente-en-las-elecciones-legislativas\/"]}]},{"@type":"ImageObject","inLanguage":"es","@id":"https:\/\/www.noticiasradioreflejos.com.ar\/2021\/el-oficialismo-se-impuso-ampliamente-en-las-elecciones-legislativas\/#primaryimage","url":"https:\/\/www.telam.com.ar\/advf\/imagenes\/2020\/12\/5fe070a945436_1004x565.jpg","contentUrl":"https:\/\/www.telam.com.ar\/advf\/imagenes\/2020\/12\/5fe070a945436_1004x565.jpg"},{"@type":"BreadcrumbList","@id":"https:\/\/www.noticiasradioreflejos.com.ar\/2021\/el-oficialismo-se-impuso-ampliamente-en-las-elecciones-legislativas\/#breadcrumb","itemListElement":[{"@type":"ListItem","position":1,"name":"Portada","item":"https:\/\/www.noticiasradioreflejos.com.ar\/2021\/"},{"@type":"ListItem","position":2,"name":"El oficialismo se impuso ampliamente en las elecciones legislativas"}]},{"@type":"WebSite","@id":"https:\/\/www.noticiasradioreflejos.com.ar\/2021\/#website","url":"https:\/\/www.noticiasradioreflejos.com.ar\/2021\/","name":"Noticias Radio Reflejos","description":"Las noticias de mi comarca","potentialAction":[{"@type":"SearchAction","target":{"@type":"EntryPoint","urlTemplate":"https:\/\/www.noticiasradioreflejos.com.ar\/2021\/?s={search_term_string}"},"query-input":{"@type":"PropertyValueSpecification","valueRequired":true,"valueName":"search_term_string"}}],"inLanguage":"es"},{"@type":"Person","@id":"https:\/\/www.noticiasradioreflejos.com.ar\/2021\/#\/schema\/person\/ad82545263dcc5ec0996818884fd5fb1","name":"Arnaldo Botto","image":{"@type":"ImageObject","inLanguage":"es","@id":"https:\/\/www.noticiasradioreflejos.com.ar\/2021\/#\/schema\/person\/image\/","url":"https:\/\/secure.gravatar.com\/avatar\/55cb5e37c1efa326397366e6974cb338056df65cb50e7d64d1cf314e87504837?s=96&d=mm&r=g","contentUrl":"https:\/\/secure.gravatar.com\/avatar\/55cb5e37c1efa326397366e6974cb338056df65cb50e7d64d1cf314e87504837?s=96&d=mm&r=g","caption":"Arnaldo Botto"},"url":"https:\/\/www.noticiasradioreflejos.com.ar\/2021\/author\/arnaldo\/"}]}},"_links":{"self":[{"href":"https:\/\/www.noticiasradioreflejos.com.ar\/2021\/wp-json\/wp\/v2\/posts\/58203","targetHints":{"allow":["GET"]}}],"collection":[{"href":"https:\/\/www.noticiasradioreflejos.com.ar\/2021\/wp-json\/wp\/v2\/posts"}],"about":[{"href":"https:\/\/www.noticiasradioreflejos.com.ar\/2021\/wp-json\/wp\/v2\/types\/post"}],"author":[{"embeddable":true,"href":"https:\/\/www.noticiasradioreflejos.com.ar\/2021\/wp-json\/wp\/v2\/users\/3"}],"replies":[{"embeddable":true,"href":"https:\/\/www.noticiasradioreflejos.com.ar\/2021\/wp-json\/wp\/v2\/comments?post=58203"}],"version-history":[{"count":1,"href":"https:\/\/www.noticiasradioreflejos.com.ar\/2021\/wp-json\/wp\/v2\/posts\/58203\/revisions"}],"predecessor-version":[{"id":58204,"href":"https:\/\/www.noticiasradioreflejos.com.ar\/2021\/wp-json\/wp\/v2\/posts\/58203\/revisions\/58204"}],"wp:attachment":[{"href":"https:\/\/www.noticiasradioreflejos.com.ar\/2021\/wp-json\/wp\/v2\/media?parent=58203"}],"wp:term":[{"taxonomy":"category","embeddable":true,"href":"https:\/\/www.noticiasradioreflejos.com.ar\/2021\/wp-json\/wp\/v2\/categories?post=58203"},{"taxonomy":"post_tag","embeddable":true,"href":"https:\/\/www.noticiasradioreflejos.com.ar\/2021\/wp-json\/wp\/v2\/tags?post=58203"}],"curies":[{"name":"wp","href":"https:\/\/api.w.org\/{rel}","templated":true}]}}