{"id":58198,"date":"2021-06-07T17:56:45","date_gmt":"2021-06-07T17:56:45","guid":{"rendered":"http:\/\/www.noticiasradioreflejos.com.ar\/2021\/?p=58198"},"modified":"2021-06-08T11:13:27","modified_gmt":"2021-06-08T11:13:27","slug":"los-bonaerenses-menores-de-40-empiezan-a-ser-vacunados-antes-de-fin-de-mes","status":"publish","type":"post","link":"https:\/\/www.noticiasradioreflejos.com.ar\/2021\/los-bonaerenses-menores-de-40-empiezan-a-ser-vacunados-antes-de-fin-de-mes\/","title":{"rendered":"Los bonaerenses menores de 40 empiezan a ser vacunados antes de fin de mes"},"content":{"rendered":"<p>Gran parte de los residentes en la provincia de Buenos Aires de entre 40 y 49 a\u00f1os estar\u00e1n vacunados en junio y\u00a0tienen enormes chances de ser citados much\u00edsimos treinta\u00f1eros. En CABA est\u00e1n un poco m\u00e1s atrasados, pero es muy posible que la perspectiva sea la misma. Principales declaraciones del ministro.<!--more--><\/p>\n<div class=\"section-2-col article-main-image\">\n<div class=\"col 2-col\">\n<div class=\"article-main-media-image__container\">\n<div class=\"image-wrapper\">\n<figure>\n<figure class=\"object-fit-block--contain intrinsic-container intrinsic-container-3x2\"><\/figure><figcaption><b>\u201cAntes de fin de mes vamos a estar vacunando a muchas personas menores de 40 a\u00f1os\u201d<\/b>.\u00a0<b>La frase del ministro Daniel Gollan<\/b>\u00a0<b>produce<\/b>\u00a0verdadero\u00a0<b>impacto<\/b>: adelanta que\u00a0<b>gran parte de los bonaerenses de 40 a 49 estar\u00e1n vacunados en junio<\/b>\u00a0y que<b>\u00a0tienen enormes chances de ser citados much\u00edsimos treinta\u00f1eros.\u00a0<\/b>En CABA est\u00e1n un poco m\u00e1s atrasados, pero es muy posible que la perspectiva sea la misma.\u00a0<b>La clave estar\u00e1<\/b>\u00a0<b>en que se pueda mantener el flujo de vacunas<\/b>\u00a0y los records de vacunaci\u00f3n. Este lunes hubo una buena y una mala noticia. La buena es que sali\u00f3 el vuelo 1062 de Aerol\u00edneas Argentinas hacia Mosc\u00fa y traer\u00e1 dosis 1 y dosis 2 de Sputnik, adem\u00e1s de la sustancia activa para terminar de fabricar la vacuna rusa en la Argentina. La mala es que el Ministerio de Salud inform\u00f3 el domingo que este lunes no llega la partida de 900.000 dosis de Oxford\/AstraZeneca, con la parte activa fabricada en la Argentina y terminadas en Albuquerque, Estados Unidos. Las vacunas llegar\u00edan antes del fin de semana.<\/figcaption><\/figure>\n<\/div>\n<\/div>\n<\/div>\n<\/div>\n<div class=\"section-2-col article-main-content\">\n<div class=\"col 2-col\">\n<div class=\"article-main-content article-text \">\n<p>Gollan, en di\u00e1logo con\u00a0<i>Radio 10<\/i>, sorprendi\u00f3 con novedades de m\u00e1xima importancia:<\/p>\n<div id=\"talkFireEvent\"><\/div>\n<ul>\n<li>\u201dEstamos vacunando a gran velocidad. Entre s\u00e1bado y domingo mandamos m\u00e1s de 400.000 citaciones, incluyendo 150.000 a menores de 50 a\u00f1os\u201d.<\/li>\n<li>\u201dVamos a estar vacunando a muchas personas menores de 40 a\u00f1os antes de fin de mes\u201d<\/li>\n<li><b>\u201dEste domingo se vacunaron 830 mayores de 70 que concurrieron sin turno\u201d.<\/b>\u00a0Esta iniciativa est\u00e1 dirigida a convencer a los que no se inscribieron.<\/li>\n<li>\u201d<b>Nuestro proyecto es ir con heladeritas, casa por casa, a vacunar a los que no se inscribieron<\/b>. Muchos carecen de computadoras en sus casas para inscribirse, otros no se animan. Ya lo vimos con la gripe: si vamos a buscarlos, se vacunan\u201d.<\/li>\n<li>\u201dLas restricciones funcionaron. Hay un descenso de mil casos por d\u00eda en promedio y una baja interesante en la ocupaci\u00f3n de terapias intensivas.<b>\u00a0En diez d\u00edas deber\u00edamos ver menos internaciones y menos fallecimientos<\/b>. Esperamos que eso se concrete\u201d.<\/li>\n<li>\u201d<b>La alternativa de unos pocos d\u00edas con confinamiento, combinado con otros d\u00edas con menos restricciones, parece un camino a seguir a corto plazo<\/b>\u201d.<\/li>\n<li><b>*\u201cEl \u00faltimo cuatrimestre del a\u00f1o podemos pasar una vida un poco m\u00e1s normal.\u00a0<\/b>Pero esto depende de que un alto porcentaje de la poblaci\u00f3n est\u00e9 vacunada. Estamos bien encaminados\u201d.<\/li>\n<li>\u201dPfizer incumpli\u00f3 en casi todos los pa\u00edses. No nos hubiese cambiado la vida la cantidad de dosis que nos hubiese mandado ese laboratorio\u201d.<\/li>\n<li>\u201dSi nos quiere mandar vacunas ahora, ser\u00edan bienvenidas, como todas las vacunas, pese a que la vacuna de Pfizer presenta complicaciones log\u00edsticas muy serias porque se necesitan ultra-freezers para almacenarlas. Ojal\u00e1 acepten la palabra\u00a0<i>negligencia<\/i>\u00a0en el contrato, algo que hasta ahora no aceptaron\u201d.<\/li>\n<\/ul>\n<p><b>El horizonte de vacunaci\u00f3n de menores de 40 para antes de fin de mes requiere de que se mantenga firme el flujo de llegada de vacunas<\/b>\u00a0y que se sigan batiendo los records de vacunaci\u00f3n.<\/p>\n<p>El vuelo a Mosc\u00fa que sali\u00f3 en la madrugada de este lunes, llega el martes con 100.000 dosis 1 y 400.000 dosis 2 de Sputnik V. Adem\u00e1s, como se sabe, viene el principio activo para que el laboratorio Richmond termine de fabricar en una planta alquilada de Malvinas Argentinas, 500.000 dosis 1 y 500.000 dosis 2. El titular del Richmond, Marcelo Figueiras, espera entregar la partida antes de fin de mes.<\/p>\n<p>Este lunes, la ministra Carla Vizzotti hab\u00eda adelantado que llegar\u00eda un vuelo con 900.000 dosis de Oxford\/AstraZeneca, con principio activo fabricado en el laboratorio mAbxience de Hugo Sigman y terminadas en Albuquerque. La partida se demor\u00f3 por controles de calidad del laboratorio norteamericano, pero llegar\u00e1 esta misma semana. Todo indica que, casi al mismo tiempo, vendr\u00e1n desde M\u00e9xico otras 800.000 dosis de la misma vacuna, tambi\u00e9n con sustancia activa argentina y terminadas en tierra azteca en el laboratorio Liomont.<\/p>\n<p>Todas\u00a0las variables deben funcionar &#8211;la llegada de vacunas, la vacunaci\u00f3n, la fabricaci\u00f3n&#8211; para apuntar al horizonte trazado por Gollan: vida bastante normal en agosto, o sea en el \u00faltimo cuatrimestre de 2021.<\/p>\n<\/div>\n<\/div>\n<\/div>\n","protected":false},"excerpt":{"rendered":"<p>Gran parte de los residentes en la provincia de Buenos Aires de entre 40 y 49 a\u00f1os estar\u00e1n vacunados en junio y\u00a0tienen enormes chances de ser citados much\u00edsimos treinta\u00f1eros. En CABA est\u00e1n un poco m\u00e1s atrasados, pero es muy posible que la perspectiva sea la misma. Principales declaraciones del ministro.<\/p>\n","protected":false},"author":3,"featured_media":0,"comment_status":"closed","ping_status":"closed","sticky":false,"template":"","format":"standard","meta":{"footnotes":""},"categories":[24,30],"tags":[],"class_list":["post-58198","post","type-post","status-publish","format-standard","hentry","category-politica","category-salud"],"yoast_head":"<!-- This site is optimized with the Yoast SEO plugin v25.9 - https:\/\/yoast.com\/wordpress\/plugins\/seo\/ -->\n<title>Los bonaerenses menores de 40 empiezan a ser vacunados antes de fin de mes - Noticias Radio Reflejos<\/title>\n<meta name=\"robots\" content=\"index, follow, max-snippet:-1, max-image-preview:large, max-video-preview:-1\" \/>\n<link rel=\"canonical\" href=\"https:\/\/www.noticiasradioreflejos.com.ar\/2021\/los-bonaerenses-menores-de-40-empiezan-a-ser-vacunados-antes-de-fin-de-mes\/\" \/>\n<meta property=\"og:locale\" content=\"es_ES\" \/>\n<meta property=\"og:type\" content=\"article\" \/>\n<meta property=\"og:title\" content=\"Los bonaerenses menores de 40 empiezan a ser vacunados antes de fin de mes - Noticias Radio Reflejos\" \/>\n<meta property=\"og:description\" content=\"Gran parte de los residentes en la provincia de Buenos Aires de entre 40 y 49 a\u00f1os estar\u00e1n vacunados en junio y\u00a0tienen enormes chances de ser citados much\u00edsimos treinta\u00f1eros. En CABA est\u00e1n un poco m\u00e1s atrasados, pero es muy posible que la perspectiva sea la misma. Principales declaraciones del ministro.\" \/>\n<meta property=\"og:url\" content=\"https:\/\/www.noticiasradioreflejos.com.ar\/2021\/los-bonaerenses-menores-de-40-empiezan-a-ser-vacunados-antes-de-fin-de-mes\/\" \/>\n<meta property=\"og:site_name\" content=\"Noticias Radio Reflejos\" \/>\n<meta property=\"article:published_time\" content=\"2021-06-07T17:56:45+00:00\" \/>\n<meta property=\"article:modified_time\" content=\"2021-06-08T11:13:27+00:00\" \/>\n<meta property=\"og:image\" content=\"https:\/\/www.noticiasradioreflejos.com.ar\/2021\/wp-content\/uploads\/2021\/07\/logosol300x200.png\" \/>\n\t<meta property=\"og:image:width\" content=\"300\" \/>\n\t<meta property=\"og:image:height\" content=\"200\" \/>\n\t<meta property=\"og:image:type\" content=\"image\/png\" \/>\n<meta name=\"author\" content=\"Arnaldo Botto\" \/>\n<meta name=\"twitter:card\" content=\"summary_large_image\" \/>\n<script type=\"application\/ld+json\" class=\"yoast-schema-graph\">{\"@context\":\"https:\/\/schema.org\",\"@graph\":[{\"@type\":\"WebPage\",\"@id\":\"https:\/\/www.noticiasradioreflejos.com.ar\/2021\/los-bonaerenses-menores-de-40-empiezan-a-ser-vacunados-antes-de-fin-de-mes\/\",\"url\":\"https:\/\/www.noticiasradioreflejos.com.ar\/2021\/los-bonaerenses-menores-de-40-empiezan-a-ser-vacunados-antes-de-fin-de-mes\/\",\"name\":\"Los bonaerenses menores de 40 empiezan a ser vacunados antes de fin de mes - Noticias Radio Reflejos\",\"isPartOf\":{\"@id\":\"https:\/\/www.noticiasradioreflejos.com.ar\/2021\/#website\"},\"datePublished\":\"2021-06-07T17:56:45+00:00\",\"dateModified\":\"2021-06-08T11:13:27+00:00\",\"author\":{\"@id\":\"https:\/\/www.noticiasradioreflejos.com.ar\/2021\/#\/schema\/person\/ad82545263dcc5ec0996818884fd5fb1\"},\"breadcrumb\":{\"@id\":\"https:\/\/www.noticiasradioreflejos.com.ar\/2021\/los-bonaerenses-menores-de-40-empiezan-a-ser-vacunados-antes-de-fin-de-mes\/#breadcrumb\"},\"inLanguage\":\"es\",\"potentialAction\":[{\"@type\":\"ReadAction\",\"target\":[\"https:\/\/www.noticiasradioreflejos.com.ar\/2021\/los-bonaerenses-menores-de-40-empiezan-a-ser-vacunados-antes-de-fin-de-mes\/\"]}]},{\"@type\":\"BreadcrumbList\",\"@id\":\"https:\/\/www.noticiasradioreflejos.com.ar\/2021\/los-bonaerenses-menores-de-40-empiezan-a-ser-vacunados-antes-de-fin-de-mes\/#breadcrumb\",\"itemListElement\":[{\"@type\":\"ListItem\",\"position\":1,\"name\":\"Portada\",\"item\":\"https:\/\/www.noticiasradioreflejos.com.ar\/2021\/\"},{\"@type\":\"ListItem\",\"position\":2,\"name\":\"Los bonaerenses menores de 40 empiezan a ser vacunados antes de fin de mes\"}]},{\"@type\":\"WebSite\",\"@id\":\"https:\/\/www.noticiasradioreflejos.com.ar\/2021\/#website\",\"url\":\"https:\/\/www.noticiasradioreflejos.com.ar\/2021\/\",\"name\":\"Noticias Radio Reflejos\",\"description\":\"Las noticias de mi comarca\",\"potentialAction\":[{\"@type\":\"SearchAction\",\"target\":{\"@type\":\"EntryPoint\",\"urlTemplate\":\"https:\/\/www.noticiasradioreflejos.com.ar\/2021\/?s={search_term_string}\"},\"query-input\":{\"@type\":\"PropertyValueSpecification\",\"valueRequired\":true,\"valueName\":\"search_term_string\"}}],\"inLanguage\":\"es\"},{\"@type\":\"Person\",\"@id\":\"https:\/\/www.noticiasradioreflejos.com.ar\/2021\/#\/schema\/person\/ad82545263dcc5ec0996818884fd5fb1\",\"name\":\"Arnaldo Botto\",\"image\":{\"@type\":\"ImageObject\",\"inLanguage\":\"es\",\"@id\":\"https:\/\/www.noticiasradioreflejos.com.ar\/2021\/#\/schema\/person\/image\/\",\"url\":\"https:\/\/secure.gravatar.com\/avatar\/55cb5e37c1efa326397366e6974cb338056df65cb50e7d64d1cf314e87504837?s=96&d=mm&r=g\",\"contentUrl\":\"https:\/\/secure.gravatar.com\/avatar\/55cb5e37c1efa326397366e6974cb338056df65cb50e7d64d1cf314e87504837?s=96&d=mm&r=g\",\"caption\":\"Arnaldo Botto\"},\"url\":\"https:\/\/www.noticiasradioreflejos.com.ar\/2021\/author\/arnaldo\/\"}]}<\/script>\n<!-- \/ Yoast SEO plugin. -->","yoast_head_json":{"title":"Los bonaerenses menores de 40 empiezan a ser vacunados antes de fin de mes - Noticias Radio Reflejos","robots":{"index":"index","follow":"follow","max-snippet":"max-snippet:-1","max-image-preview":"max-image-preview:large","max-video-preview":"max-video-preview:-1"},"canonical":"https:\/\/www.noticiasradioreflejos.com.ar\/2021\/los-bonaerenses-menores-de-40-empiezan-a-ser-vacunados-antes-de-fin-de-mes\/","og_locale":"es_ES","og_type":"article","og_title":"Los bonaerenses menores de 40 empiezan a ser vacunados antes de fin de mes - Noticias Radio Reflejos","og_description":"Gran parte de los residentes en la provincia de Buenos Aires de entre 40 y 49 a\u00f1os estar\u00e1n vacunados en junio y\u00a0tienen enormes chances de ser citados much\u00edsimos treinta\u00f1eros. En CABA est\u00e1n un poco m\u00e1s atrasados, pero es muy posible que la perspectiva sea la misma. Principales declaraciones del ministro.","og_url":"https:\/\/www.noticiasradioreflejos.com.ar\/2021\/los-bonaerenses-menores-de-40-empiezan-a-ser-vacunados-antes-de-fin-de-mes\/","og_site_name":"Noticias Radio Reflejos","article_published_time":"2021-06-07T17:56:45+00:00","article_modified_time":"2021-06-08T11:13:27+00:00","og_image":[{"width":300,"height":200,"url":"https:\/\/www.noticiasradioreflejos.com.ar\/2021\/wp-content\/uploads\/2021\/07\/logosol300x200.png","type":"image\/png"}],"author":"Arnaldo Botto","twitter_card":"summary_large_image","schema":{"@context":"https:\/\/schema.org","@graph":[{"@type":"WebPage","@id":"https:\/\/www.noticiasradioreflejos.com.ar\/2021\/los-bonaerenses-menores-de-40-empiezan-a-ser-vacunados-antes-de-fin-de-mes\/","url":"https:\/\/www.noticiasradioreflejos.com.ar\/2021\/los-bonaerenses-menores-de-40-empiezan-a-ser-vacunados-antes-de-fin-de-mes\/","name":"Los bonaerenses menores de 40 empiezan a ser vacunados antes de fin de mes - Noticias Radio Reflejos","isPartOf":{"@id":"https:\/\/www.noticiasradioreflejos.com.ar\/2021\/#website"},"datePublished":"2021-06-07T17:56:45+00:00","dateModified":"2021-06-08T11:13:27+00:00","author":{"@id":"https:\/\/www.noticiasradioreflejos.com.ar\/2021\/#\/schema\/person\/ad82545263dcc5ec0996818884fd5fb1"},"breadcrumb":{"@id":"https:\/\/www.noticiasradioreflejos.com.ar\/2021\/los-bonaerenses-menores-de-40-empiezan-a-ser-vacunados-antes-de-fin-de-mes\/#breadcrumb"},"inLanguage":"es","potentialAction":[{"@type":"ReadAction","target":["https:\/\/www.noticiasradioreflejos.com.ar\/2021\/los-bonaerenses-menores-de-40-empiezan-a-ser-vacunados-antes-de-fin-de-mes\/"]}]},{"@type":"BreadcrumbList","@id":"https:\/\/www.noticiasradioreflejos.com.ar\/2021\/los-bonaerenses-menores-de-40-empiezan-a-ser-vacunados-antes-de-fin-de-mes\/#breadcrumb","itemListElement":[{"@type":"ListItem","position":1,"name":"Portada","item":"https:\/\/www.noticiasradioreflejos.com.ar\/2021\/"},{"@type":"ListItem","position":2,"name":"Los bonaerenses menores de 40 empiezan a ser vacunados antes de fin de mes"}]},{"@type":"WebSite","@id":"https:\/\/www.noticiasradioreflejos.com.ar\/2021\/#website","url":"https:\/\/www.noticiasradioreflejos.com.ar\/2021\/","name":"Noticias Radio Reflejos","description":"Las noticias de mi comarca","potentialAction":[{"@type":"SearchAction","target":{"@type":"EntryPoint","urlTemplate":"https:\/\/www.noticiasradioreflejos.com.ar\/2021\/?s={search_term_string}"},"query-input":{"@type":"PropertyValueSpecification","valueRequired":true,"valueName":"search_term_string"}}],"inLanguage":"es"},{"@type":"Person","@id":"https:\/\/www.noticiasradioreflejos.com.ar\/2021\/#\/schema\/person\/ad82545263dcc5ec0996818884fd5fb1","name":"Arnaldo Botto","image":{"@type":"ImageObject","inLanguage":"es","@id":"https:\/\/www.noticiasradioreflejos.com.ar\/2021\/#\/schema\/person\/image\/","url":"https:\/\/secure.gravatar.com\/avatar\/55cb5e37c1efa326397366e6974cb338056df65cb50e7d64d1cf314e87504837?s=96&d=mm&r=g","contentUrl":"https:\/\/secure.gravatar.com\/avatar\/55cb5e37c1efa326397366e6974cb338056df65cb50e7d64d1cf314e87504837?s=96&d=mm&r=g","caption":"Arnaldo Botto"},"url":"https:\/\/www.noticiasradioreflejos.com.ar\/2021\/author\/arnaldo\/"}]}},"_links":{"self":[{"href":"https:\/\/www.noticiasradioreflejos.com.ar\/2021\/wp-json\/wp\/v2\/posts\/58198","targetHints":{"allow":["GET"]}}],"collection":[{"href":"https:\/\/www.noticiasradioreflejos.com.ar\/2021\/wp-json\/wp\/v2\/posts"}],"about":[{"href":"https:\/\/www.noticiasradioreflejos.com.ar\/2021\/wp-json\/wp\/v2\/types\/post"}],"author":[{"embeddable":true,"href":"https:\/\/www.noticiasradioreflejos.com.ar\/2021\/wp-json\/wp\/v2\/users\/3"}],"replies":[{"embeddable":true,"href":"https:\/\/www.noticiasradioreflejos.com.ar\/2021\/wp-json\/wp\/v2\/comments?post=58198"}],"version-history":[{"count":1,"href":"https:\/\/www.noticiasradioreflejos.com.ar\/2021\/wp-json\/wp\/v2\/posts\/58198\/revisions"}],"predecessor-version":[{"id":58202,"href":"https:\/\/www.noticiasradioreflejos.com.ar\/2021\/wp-json\/wp\/v2\/posts\/58198\/revisions\/58202"}],"wp:attachment":[{"href":"https:\/\/www.noticiasradioreflejos.com.ar\/2021\/wp-json\/wp\/v2\/media?parent=58198"}],"wp:term":[{"taxonomy":"category","embeddable":true,"href":"https:\/\/www.noticiasradioreflejos.com.ar\/2021\/wp-json\/wp\/v2\/categories?post=58198"},{"taxonomy":"post_tag","embeddable":true,"href":"https:\/\/www.noticiasradioreflejos.com.ar\/2021\/wp-json\/wp\/v2\/tags?post=58198"}],"curies":[{"name":"wp","href":"https:\/\/api.w.org\/{rel}","templated":true}]}}