{"id":58192,"date":"2021-06-07T17:49:55","date_gmt":"2021-06-07T17:49:55","guid":{"rendered":"http:\/\/www.noticiasradioreflejos.com.ar\/2021\/?p=58192"},"modified":"2021-06-07T17:49:55","modified_gmt":"2021-06-07T17:49:55","slug":"se-aplicaron-mas-de-dos-millones-de-dosis-en-una-semana-y-se-alcanzo-un-nuevo-record-diario","status":"publish","type":"post","link":"https:\/\/www.noticiasradioreflejos.com.ar\/2021\/se-aplicaron-mas-de-dos-millones-de-dosis-en-una-semana-y-se-alcanzo-un-nuevo-record-diario\/","title":{"rendered":"Se aplicaron m\u00e1s de dos millones de dosis en una semana y se alcanz\u00f3 un nuevo r\u00e9cord diario"},"content":{"rendered":"<div class=\"head-content\">\n<p>En los primeros siete d\u00edas de junio se aplicaron 2.078.867 dosis en todo el pa\u00eds. El s\u00e1bado se alcanz\u00f3 una nueva m\u00e1xima, con un total de 361.972 aplicaciones en un d\u00eda.<!--more--><\/p>\n<p><iframe loading=\"lazy\" title=\"YouTube video player\" src=\"https:\/\/www.youtube.com\/embed\/c5j8wwC2Tk8\" width=\"640\" height=\"360\" frameborder=\"0\" allowfullscreen=\"allowfullscreen\"><\/iframe><\/p>\n<div class=\"epigrafe\">M\u00e1s de dos millones de aplicaciones en una semana<\/div>\n<p><strong>Argentina aplic\u00f3 durante la primera semana de junio 2.078.867 vacunas<\/strong>\u00a0contra el coronavirus en todo el pa\u00eds, con un promedio de 296.981 inoculaciones diarias y\u00a0<strong>llegando a un nuevo m\u00e1ximo hist\u00f3rico de 361.972<\/strong>\u00a0el \u00faltimo s\u00e1bado.<\/p>\n<p>Seg\u00fan se inform\u00f3 oficialmente, el lunes 31 de mayo fueron vacunadas 239.781 personas en todo el pa\u00eds, el martes 1 de junio 304.037, el mi\u00e9rcoles 278.080, el jueves 294.872, el viernes 356.454, el s\u00e1bado -r\u00e9cord- 361.972, mientras que ayer domingo se vacunaron 243.671 personas.<\/p>\n<p>Las cifras se dan e<strong>n el marco de un arribo masivo de f\u00e1rmacos contra la Covid-19<\/strong>\u00a0al pa\u00eds: en \u00faltima semana llegaron 2.966.750 vacunas, 2.148.600 Astrazeneca el lunes pasado y\u00a0<a href=\"https:\/\/www.telam.com.ar\/notas\/202106\/556813-parte-a-la-madrugada-un-vuelo-de-aerolineas-para-traer-vacunas-y-el-principio-activo-para-fabricarla.html\" target=\"_blank\" rel=\"noopener\">818.150 Sputnik V del componente 1 el \u00faltimo jueves<\/a>.<\/p>\n<p>Adem\u00e1s, esta madrugada\u00a0<a href=\"https:\/\/www.telam.com.ar\/notas\/202106\/556838-vuelo-moscu-vacunas-sputnik-v-tractivo-fabricacion-nacional.html\" target=\"_blank\" rel=\"noopener\">parti\u00f3 hacia Mosc\u00fa un nuevo vuelo de Aerol\u00edneas Argentinas que traer\u00e1 componentes 1 y 2 de Sputnik V<\/a>\u00a0y el primer lote de su principio activo para comenzar la producci\u00f3n de esa vacunal en el pa\u00eds.<\/p>\n<p>De acuerdo a los datos del\u00a0<a href=\"https:\/\/www.argentina.gob.ar\/coronavirus\/vacuna\/aplicadas\" target=\"_blank\" rel=\"noopener\">Monitor P\u00fablico de Vacunaci\u00f3n<\/a>, el registro online que muestra en tiempo real el operativo de inmunizaci\u00f3n en todo el territorio argentino, hasta la ma\u00f1ana del lunes\u00a0<strong>fueron distribuidas 17.863.890 vacunas, de las cuales 14.336.164 ya fueron aplicadas: 11.290.468 personas recibieron la primera dosis y 3.045.696 ambas<\/strong>.<\/p>\n<\/div>\n<p>&nbsp;<\/p>\n","protected":false},"excerpt":{"rendered":"<p>En los primeros siete d\u00edas de junio se aplicaron 2.078.867 dosis en todo el pa\u00eds. El s\u00e1bado se alcanz\u00f3 una nueva m\u00e1xima, con un total de 361.972 aplicaciones en un d\u00eda.<\/p>\n","protected":false},"author":3,"featured_media":0,"comment_status":"closed","ping_status":"closed","sticky":false,"template":"","format":"standard","meta":{"footnotes":""},"categories":[24,30],"tags":[],"class_list":["post-58192","post","type-post","status-publish","format-standard","hentry","category-politica","category-salud"],"yoast_head":"<!-- This site is optimized with the Yoast SEO plugin v25.9 - https:\/\/yoast.com\/wordpress\/plugins\/seo\/ -->\n<title>Se aplicaron m\u00e1s de dos millones de dosis en una semana y se alcanz\u00f3 un nuevo r\u00e9cord diario - Noticias Radio Reflejos<\/title>\n<meta name=\"robots\" content=\"index, follow, max-snippet:-1, max-image-preview:large, max-video-preview:-1\" \/>\n<link rel=\"canonical\" href=\"https:\/\/www.noticiasradioreflejos.com.ar\/2021\/se-aplicaron-mas-de-dos-millones-de-dosis-en-una-semana-y-se-alcanzo-un-nuevo-record-diario\/\" \/>\n<meta property=\"og:locale\" content=\"es_ES\" \/>\n<meta property=\"og:type\" content=\"article\" \/>\n<meta property=\"og:title\" content=\"Se aplicaron m\u00e1s de dos millones de dosis en una semana y se alcanz\u00f3 un nuevo r\u00e9cord diario - Noticias Radio Reflejos\" \/>\n<meta property=\"og:description\" content=\"En los primeros siete d\u00edas de junio se aplicaron 2.078.867 dosis en todo el pa\u00eds. El s\u00e1bado se alcanz\u00f3 una nueva m\u00e1xima, con un total de 361.972 aplicaciones en un d\u00eda.\" \/>\n<meta property=\"og:url\" content=\"https:\/\/www.noticiasradioreflejos.com.ar\/2021\/se-aplicaron-mas-de-dos-millones-de-dosis-en-una-semana-y-se-alcanzo-un-nuevo-record-diario\/\" \/>\n<meta property=\"og:site_name\" content=\"Noticias Radio Reflejos\" \/>\n<meta property=\"article:published_time\" content=\"2021-06-07T17:49:55+00:00\" \/>\n<meta property=\"og:image\" content=\"https:\/\/www.noticiasradioreflejos.com.ar\/2021\/wp-content\/uploads\/2021\/07\/logosol300x200.png\" \/>\n\t<meta property=\"og:image:width\" content=\"300\" \/>\n\t<meta property=\"og:image:height\" content=\"200\" \/>\n\t<meta property=\"og:image:type\" content=\"image\/png\" \/>\n<meta name=\"author\" content=\"Arnaldo Botto\" \/>\n<meta name=\"twitter:card\" content=\"summary_large_image\" \/>\n<script type=\"application\/ld+json\" class=\"yoast-schema-graph\">{\"@context\":\"https:\/\/schema.org\",\"@graph\":[{\"@type\":\"WebPage\",\"@id\":\"https:\/\/www.noticiasradioreflejos.com.ar\/2021\/se-aplicaron-mas-de-dos-millones-de-dosis-en-una-semana-y-se-alcanzo-un-nuevo-record-diario\/\",\"url\":\"https:\/\/www.noticiasradioreflejos.com.ar\/2021\/se-aplicaron-mas-de-dos-millones-de-dosis-en-una-semana-y-se-alcanzo-un-nuevo-record-diario\/\",\"name\":\"Se aplicaron m\u00e1s de dos millones de dosis en una semana y se alcanz\u00f3 un nuevo r\u00e9cord diario - Noticias Radio Reflejos\",\"isPartOf\":{\"@id\":\"https:\/\/www.noticiasradioreflejos.com.ar\/2021\/#website\"},\"datePublished\":\"2021-06-07T17:49:55+00:00\",\"author\":{\"@id\":\"https:\/\/www.noticiasradioreflejos.com.ar\/2021\/#\/schema\/person\/ad82545263dcc5ec0996818884fd5fb1\"},\"breadcrumb\":{\"@id\":\"https:\/\/www.noticiasradioreflejos.com.ar\/2021\/se-aplicaron-mas-de-dos-millones-de-dosis-en-una-semana-y-se-alcanzo-un-nuevo-record-diario\/#breadcrumb\"},\"inLanguage\":\"es\",\"potentialAction\":[{\"@type\":\"ReadAction\",\"target\":[\"https:\/\/www.noticiasradioreflejos.com.ar\/2021\/se-aplicaron-mas-de-dos-millones-de-dosis-en-una-semana-y-se-alcanzo-un-nuevo-record-diario\/\"]}]},{\"@type\":\"BreadcrumbList\",\"@id\":\"https:\/\/www.noticiasradioreflejos.com.ar\/2021\/se-aplicaron-mas-de-dos-millones-de-dosis-en-una-semana-y-se-alcanzo-un-nuevo-record-diario\/#breadcrumb\",\"itemListElement\":[{\"@type\":\"ListItem\",\"position\":1,\"name\":\"Portada\",\"item\":\"https:\/\/www.noticiasradioreflejos.com.ar\/2021\/\"},{\"@type\":\"ListItem\",\"position\":2,\"name\":\"Se aplicaron m\u00e1s de dos millones de dosis en una semana y se alcanz\u00f3 un nuevo r\u00e9cord diario\"}]},{\"@type\":\"WebSite\",\"@id\":\"https:\/\/www.noticiasradioreflejos.com.ar\/2021\/#website\",\"url\":\"https:\/\/www.noticiasradioreflejos.com.ar\/2021\/\",\"name\":\"Noticias Radio Reflejos\",\"description\":\"Las noticias de mi comarca\",\"potentialAction\":[{\"@type\":\"SearchAction\",\"target\":{\"@type\":\"EntryPoint\",\"urlTemplate\":\"https:\/\/www.noticiasradioreflejos.com.ar\/2021\/?s={search_term_string}\"},\"query-input\":{\"@type\":\"PropertyValueSpecification\",\"valueRequired\":true,\"valueName\":\"search_term_string\"}}],\"inLanguage\":\"es\"},{\"@type\":\"Person\",\"@id\":\"https:\/\/www.noticiasradioreflejos.com.ar\/2021\/#\/schema\/person\/ad82545263dcc5ec0996818884fd5fb1\",\"name\":\"Arnaldo Botto\",\"image\":{\"@type\":\"ImageObject\",\"inLanguage\":\"es\",\"@id\":\"https:\/\/www.noticiasradioreflejos.com.ar\/2021\/#\/schema\/person\/image\/\",\"url\":\"https:\/\/secure.gravatar.com\/avatar\/55cb5e37c1efa326397366e6974cb338056df65cb50e7d64d1cf314e87504837?s=96&d=mm&r=g\",\"contentUrl\":\"https:\/\/secure.gravatar.com\/avatar\/55cb5e37c1efa326397366e6974cb338056df65cb50e7d64d1cf314e87504837?s=96&d=mm&r=g\",\"caption\":\"Arnaldo Botto\"},\"url\":\"https:\/\/www.noticiasradioreflejos.com.ar\/2021\/author\/arnaldo\/\"}]}<\/script>\n<!-- \/ Yoast SEO plugin. -->","yoast_head_json":{"title":"Se aplicaron m\u00e1s de dos millones de dosis en una semana y se alcanz\u00f3 un nuevo r\u00e9cord diario - Noticias Radio Reflejos","robots":{"index":"index","follow":"follow","max-snippet":"max-snippet:-1","max-image-preview":"max-image-preview:large","max-video-preview":"max-video-preview:-1"},"canonical":"https:\/\/www.noticiasradioreflejos.com.ar\/2021\/se-aplicaron-mas-de-dos-millones-de-dosis-en-una-semana-y-se-alcanzo-un-nuevo-record-diario\/","og_locale":"es_ES","og_type":"article","og_title":"Se aplicaron m\u00e1s de dos millones de dosis en una semana y se alcanz\u00f3 un nuevo r\u00e9cord diario - Noticias Radio Reflejos","og_description":"En los primeros siete d\u00edas de junio se aplicaron 2.078.867 dosis en todo el pa\u00eds. El s\u00e1bado se alcanz\u00f3 una nueva m\u00e1xima, con un total de 361.972 aplicaciones en un d\u00eda.","og_url":"https:\/\/www.noticiasradioreflejos.com.ar\/2021\/se-aplicaron-mas-de-dos-millones-de-dosis-en-una-semana-y-se-alcanzo-un-nuevo-record-diario\/","og_site_name":"Noticias Radio Reflejos","article_published_time":"2021-06-07T17:49:55+00:00","og_image":[{"width":300,"height":200,"url":"https:\/\/www.noticiasradioreflejos.com.ar\/2021\/wp-content\/uploads\/2021\/07\/logosol300x200.png","type":"image\/png"}],"author":"Arnaldo Botto","twitter_card":"summary_large_image","schema":{"@context":"https:\/\/schema.org","@graph":[{"@type":"WebPage","@id":"https:\/\/www.noticiasradioreflejos.com.ar\/2021\/se-aplicaron-mas-de-dos-millones-de-dosis-en-una-semana-y-se-alcanzo-un-nuevo-record-diario\/","url":"https:\/\/www.noticiasradioreflejos.com.ar\/2021\/se-aplicaron-mas-de-dos-millones-de-dosis-en-una-semana-y-se-alcanzo-un-nuevo-record-diario\/","name":"Se aplicaron m\u00e1s de dos millones de dosis en una semana y se alcanz\u00f3 un nuevo r\u00e9cord diario - Noticias Radio Reflejos","isPartOf":{"@id":"https:\/\/www.noticiasradioreflejos.com.ar\/2021\/#website"},"datePublished":"2021-06-07T17:49:55+00:00","author":{"@id":"https:\/\/www.noticiasradioreflejos.com.ar\/2021\/#\/schema\/person\/ad82545263dcc5ec0996818884fd5fb1"},"breadcrumb":{"@id":"https:\/\/www.noticiasradioreflejos.com.ar\/2021\/se-aplicaron-mas-de-dos-millones-de-dosis-en-una-semana-y-se-alcanzo-un-nuevo-record-diario\/#breadcrumb"},"inLanguage":"es","potentialAction":[{"@type":"ReadAction","target":["https:\/\/www.noticiasradioreflejos.com.ar\/2021\/se-aplicaron-mas-de-dos-millones-de-dosis-en-una-semana-y-se-alcanzo-un-nuevo-record-diario\/"]}]},{"@type":"BreadcrumbList","@id":"https:\/\/www.noticiasradioreflejos.com.ar\/2021\/se-aplicaron-mas-de-dos-millones-de-dosis-en-una-semana-y-se-alcanzo-un-nuevo-record-diario\/#breadcrumb","itemListElement":[{"@type":"ListItem","position":1,"name":"Portada","item":"https:\/\/www.noticiasradioreflejos.com.ar\/2021\/"},{"@type":"ListItem","position":2,"name":"Se aplicaron m\u00e1s de dos millones de dosis en una semana y se alcanz\u00f3 un nuevo r\u00e9cord diario"}]},{"@type":"WebSite","@id":"https:\/\/www.noticiasradioreflejos.com.ar\/2021\/#website","url":"https:\/\/www.noticiasradioreflejos.com.ar\/2021\/","name":"Noticias Radio Reflejos","description":"Las noticias de mi comarca","potentialAction":[{"@type":"SearchAction","target":{"@type":"EntryPoint","urlTemplate":"https:\/\/www.noticiasradioreflejos.com.ar\/2021\/?s={search_term_string}"},"query-input":{"@type":"PropertyValueSpecification","valueRequired":true,"valueName":"search_term_string"}}],"inLanguage":"es"},{"@type":"Person","@id":"https:\/\/www.noticiasradioreflejos.com.ar\/2021\/#\/schema\/person\/ad82545263dcc5ec0996818884fd5fb1","name":"Arnaldo Botto","image":{"@type":"ImageObject","inLanguage":"es","@id":"https:\/\/www.noticiasradioreflejos.com.ar\/2021\/#\/schema\/person\/image\/","url":"https:\/\/secure.gravatar.com\/avatar\/55cb5e37c1efa326397366e6974cb338056df65cb50e7d64d1cf314e87504837?s=96&d=mm&r=g","contentUrl":"https:\/\/secure.gravatar.com\/avatar\/55cb5e37c1efa326397366e6974cb338056df65cb50e7d64d1cf314e87504837?s=96&d=mm&r=g","caption":"Arnaldo Botto"},"url":"https:\/\/www.noticiasradioreflejos.com.ar\/2021\/author\/arnaldo\/"}]}},"_links":{"self":[{"href":"https:\/\/www.noticiasradioreflejos.com.ar\/2021\/wp-json\/wp\/v2\/posts\/58192","targetHints":{"allow":["GET"]}}],"collection":[{"href":"https:\/\/www.noticiasradioreflejos.com.ar\/2021\/wp-json\/wp\/v2\/posts"}],"about":[{"href":"https:\/\/www.noticiasradioreflejos.com.ar\/2021\/wp-json\/wp\/v2\/types\/post"}],"author":[{"embeddable":true,"href":"https:\/\/www.noticiasradioreflejos.com.ar\/2021\/wp-json\/wp\/v2\/users\/3"}],"replies":[{"embeddable":true,"href":"https:\/\/www.noticiasradioreflejos.com.ar\/2021\/wp-json\/wp\/v2\/comments?post=58192"}],"version-history":[{"count":2,"href":"https:\/\/www.noticiasradioreflejos.com.ar\/2021\/wp-json\/wp\/v2\/posts\/58192\/revisions"}],"predecessor-version":[{"id":58194,"href":"https:\/\/www.noticiasradioreflejos.com.ar\/2021\/wp-json\/wp\/v2\/posts\/58192\/revisions\/58194"}],"wp:attachment":[{"href":"https:\/\/www.noticiasradioreflejos.com.ar\/2021\/wp-json\/wp\/v2\/media?parent=58192"}],"wp:term":[{"taxonomy":"category","embeddable":true,"href":"https:\/\/www.noticiasradioreflejos.com.ar\/2021\/wp-json\/wp\/v2\/categories?post=58192"},{"taxonomy":"post_tag","embeddable":true,"href":"https:\/\/www.noticiasradioreflejos.com.ar\/2021\/wp-json\/wp\/v2\/tags?post=58192"}],"curies":[{"name":"wp","href":"https:\/\/api.w.org\/{rel}","templated":true}]}}