{"id":58108,"date":"2021-06-06T22:36:36","date_gmt":"2021-06-06T22:36:36","guid":{"rendered":"http:\/\/www.noticiasradioreflejos.com.ar\/2021\/?p=58108"},"modified":"2021-06-06T22:36:36","modified_gmt":"2021-06-06T22:36:36","slug":"detalles-de-la-detencion-y-allanamientos-fue-aprehendida-una-pareja-por-robar-un-almacen-en-sierra-de-la-ventana","status":"publish","type":"post","link":"https:\/\/www.noticiasradioreflejos.com.ar\/2021\/detalles-de-la-detencion-y-allanamientos-fue-aprehendida-una-pareja-por-robar-un-almacen-en-sierra-de-la-ventana\/","title":{"rendered":"Detalles de la detenci\u00f3n y allanamientos:  Fue aprehendida una pareja por robar un almac\u00e9n en SIERRA DE LA VENTANA"},"content":{"rendered":"<p>En el d\u00eda de ayer siendo las 12:40 hs personal de la Sub Estaci\u00f3n de Polic\u00eda Comunal de Sierra de la Ventana,<!--more--><br \/>\n<a title=\"Robo a la Entrada (6)\" href=\"https:\/\/www.flickr.com\/photos\/182279889@N02\/51224383997\/in\/dateposted-public\/\" data-flickr-embed=\"true\"><img loading=\"lazy\" decoding=\"async\" src=\"https:\/\/live.staticflickr.com\/65535\/51224383997_63620f79af_c.jpg\" alt=\"Robo a la Entrada (6)\" width=\"800\" height=\"600\" \/><\/a><script async src=\"\/\/embedr.flickr.com\/assets\/client-code.js\" charset=\"utf-8\"><\/script><br \/>\ntras un hecho de Robo en el que resulta damnificado JOSE LUIS GREGORINI ya que en la madrugada del martes primero de Junio autor\/es ignorados previo romper la vidriera del comercio denominado \u201cLa Entrada\u201d ubicado en Av. San Martin 748 de este medio sustrajeron una Notebook marca HO, $10000 en efectivo y gran cantidad de atados de cigarrillos, bebidas varias, gran cantidad de golosinas, mercader\u00eda comestible y de limpieza.- A Ra\u00edz de amplias tareas investigativas llevadas a cabo por personal de la Subestaci\u00f3n de Polic\u00eda de Sierra de la Ventana, mediante el arduo trabajo de la revisi\u00f3n de c\u00e1maras de seguridad tanto del municipio de Tornquist como privadas, y a ra\u00edz de las descripciones f\u00edsicas, y recepci\u00f3n de declaraciones testimoniales se logr\u00f3 establecer la autor\u00eda del hecho por parte de GONZALO EMANUEL BERARDO y su novia VICTORIA MARTA FILIPPA SALINAS. Que en el d\u00eda de ayer siendo las 12:30 hs se procede a la aprehensi\u00f3n GONZALO EMANUEL BERARDO quien a bordo de un Fiat Palio color rojo dominio DDL133 se retiraba de la localidad en direcci\u00f3n hacia Santa Rosa La Pampa, y en un\u00a0 operativo de interceptaci\u00f3n vehicular al ser identificado y registrado el veh\u00edculo se procedi\u00f3 al secuestro 425 atados de cigarrillos de diferentes marcas, gran cantidad de golosinas, la notebook marca HP propiedad de Gregorini, mercader\u00edas varias tanto comestible, como de limpieza y bebidas varias, as\u00ed tambi\u00e9n se secuestr\u00f3 la suma de $4890 en efectivo y las prendas de vestir utilizada por Berardo al momento de cometer el hecho, siendo reconocidas f\u00e1cilmente a trav\u00e9s de los registros f\u00edlmicos, por cuanto se procedi\u00f3 a la Aprehensi\u00f3n de Berardo Gonzalo por el delito de ROBO con intervenci\u00f3n de la UFIJ Nro. 12 de B. Blanca y la Ayudant\u00eda Fiscal de Tornquist.-<br \/>\n<a title=\"Robo a la Entrada (1)\" href=\"https:\/\/www.flickr.com\/photos\/182279889@N02\/51225303488\/in\/dateposted-public\/\" data-flickr-embed=\"true\"><img loading=\"lazy\" decoding=\"async\" src=\"https:\/\/live.staticflickr.com\/65535\/51225303488_d390fa21bd_c.jpg\" alt=\"Robo a la Entrada (1)\" width=\"600\" height=\"800\" \/><\/a><script async src=\"\/\/embedr.flickr.com\/assets\/client-code.js\" charset=\"utf-8\"><\/script><\/p>\n<p>En el d\u00eda de la fecha, a ra\u00edz de los elementos recolectados en la investigaci\u00f3n, la Ayudant\u00eda Fiscal interviniente solicit\u00f3 una orden de allanamiento la cual fue otorgada por el Juzgado de Paz de Tornquist, para el domicilio de calle Rodr\u00edguez 64 de Bah\u00eda Blanca, lugar all\u00ed donde se hallaba residiendo la novia del Berardo de nombre VICTORIA MARTA FILIPPA SALINAS, y siendo las 12:30 hs personal de esta seccional policial llevo a cabo la diligencia procediendo al secuestro de 263 atados de cigarrillos, de diferentes marcas, gran cantidad de golosinas, mercader\u00edas varias tanto comestible como de limpieza, por cuanto se procedi\u00f3 en el lugar a la aprehensi\u00f3n de VICTORIA MARTA FILIPPA SALINAS de 38 a\u00f1os de edad por el delito de ROBO.- En el d\u00eda de ma\u00f1ana ambos aprehendidos ser\u00e1n indagados por el magistrado interviniente.-<\/p>\n<p>&nbsp;<\/p>\n<p><strong>SECRETARIA DE SEGURIDAD DE TORNQUIST<\/strong><\/p>\n<p><a title=\"Robo a la Entrada (4)\" href=\"https:\/\/www.flickr.com\/photos\/182279889@N02\/51226160850\/in\/dateposted-public\/\" data-flickr-embed=\"true\"><img loading=\"lazy\" decoding=\"async\" src=\"https:\/\/live.staticflickr.com\/65535\/51226160850_53259700b0_c.jpg\" alt=\"Robo a la Entrada (4)\" width=\"800\" height=\"600\" \/><\/a><script async src=\"\/\/embedr.flickr.com\/assets\/client-code.js\" charset=\"utf-8\"><\/script><\/p>\n","protected":false},"excerpt":{"rendered":"<p>En el d\u00eda de ayer siendo las 12:40 hs personal de la Sub Estaci\u00f3n de Polic\u00eda Comunal de Sierra de la Ventana,<\/p>\n","protected":false},"author":3,"featured_media":0,"comment_status":"closed","ping_status":"closed","sticky":false,"template":"","format":"standard","meta":{"footnotes":""},"categories":[29],"tags":[48],"class_list":["post-58108","post","type-post","status-publish","format-standard","hentry","category-policiales","tag-destacada"],"yoast_head":"<!-- This site is optimized with the Yoast SEO plugin v25.9 - https:\/\/yoast.com\/wordpress\/plugins\/seo\/ -->\n<title>Detalles de la detenci\u00f3n y allanamientos: Fue aprehendida una pareja por robar un almac\u00e9n en SIERRA DE LA VENTANA - Noticias Radio Reflejos<\/title>\n<meta name=\"robots\" content=\"index, follow, max-snippet:-1, max-image-preview:large, max-video-preview:-1\" \/>\n<link rel=\"canonical\" href=\"https:\/\/www.noticiasradioreflejos.com.ar\/2021\/detalles-de-la-detencion-y-allanamientos-fue-aprehendida-una-pareja-por-robar-un-almacen-en-sierra-de-la-ventana\/\" \/>\n<meta property=\"og:locale\" content=\"es_ES\" \/>\n<meta property=\"og:type\" content=\"article\" \/>\n<meta property=\"og:title\" content=\"Detalles de la detenci\u00f3n y allanamientos: Fue aprehendida una pareja por robar un almac\u00e9n en SIERRA DE LA VENTANA - Noticias Radio Reflejos\" \/>\n<meta property=\"og:description\" content=\"En el d\u00eda de ayer siendo las 12:40 hs personal de la Sub Estaci\u00f3n de Polic\u00eda Comunal de Sierra de la Ventana,\" \/>\n<meta property=\"og:url\" content=\"https:\/\/www.noticiasradioreflejos.com.ar\/2021\/detalles-de-la-detencion-y-allanamientos-fue-aprehendida-una-pareja-por-robar-un-almacen-en-sierra-de-la-ventana\/\" \/>\n<meta property=\"og:site_name\" content=\"Noticias Radio Reflejos\" \/>\n<meta property=\"article:published_time\" content=\"2021-06-06T22:36:36+00:00\" \/>\n<meta property=\"og:image\" content=\"https:\/\/live.staticflickr.com\/65535\/51224383997_63620f79af_c.jpg\" \/>\n<meta name=\"author\" content=\"Arnaldo Botto\" \/>\n<meta name=\"twitter:card\" content=\"summary_large_image\" \/>\n<script type=\"application\/ld+json\" class=\"yoast-schema-graph\">{\"@context\":\"https:\/\/schema.org\",\"@graph\":[{\"@type\":\"WebPage\",\"@id\":\"https:\/\/www.noticiasradioreflejos.com.ar\/2021\/detalles-de-la-detencion-y-allanamientos-fue-aprehendida-una-pareja-por-robar-un-almacen-en-sierra-de-la-ventana\/\",\"url\":\"https:\/\/www.noticiasradioreflejos.com.ar\/2021\/detalles-de-la-detencion-y-allanamientos-fue-aprehendida-una-pareja-por-robar-un-almacen-en-sierra-de-la-ventana\/\",\"name\":\"Detalles de la detenci\u00f3n y allanamientos: Fue aprehendida una pareja por robar un almac\u00e9n en SIERRA DE LA VENTANA - Noticias Radio Reflejos\",\"isPartOf\":{\"@id\":\"https:\/\/www.noticiasradioreflejos.com.ar\/2021\/#website\"},\"primaryImageOfPage\":{\"@id\":\"https:\/\/www.noticiasradioreflejos.com.ar\/2021\/detalles-de-la-detencion-y-allanamientos-fue-aprehendida-una-pareja-por-robar-un-almacen-en-sierra-de-la-ventana\/#primaryimage\"},\"image\":{\"@id\":\"https:\/\/www.noticiasradioreflejos.com.ar\/2021\/detalles-de-la-detencion-y-allanamientos-fue-aprehendida-una-pareja-por-robar-un-almacen-en-sierra-de-la-ventana\/#primaryimage\"},\"thumbnailUrl\":\"https:\/\/live.staticflickr.com\/65535\/51224383997_63620f79af_c.jpg\",\"datePublished\":\"2021-06-06T22:36:36+00:00\",\"author\":{\"@id\":\"https:\/\/www.noticiasradioreflejos.com.ar\/2021\/#\/schema\/person\/ad82545263dcc5ec0996818884fd5fb1\"},\"breadcrumb\":{\"@id\":\"https:\/\/www.noticiasradioreflejos.com.ar\/2021\/detalles-de-la-detencion-y-allanamientos-fue-aprehendida-una-pareja-por-robar-un-almacen-en-sierra-de-la-ventana\/#breadcrumb\"},\"inLanguage\":\"es\",\"potentialAction\":[{\"@type\":\"ReadAction\",\"target\":[\"https:\/\/www.noticiasradioreflejos.com.ar\/2021\/detalles-de-la-detencion-y-allanamientos-fue-aprehendida-una-pareja-por-robar-un-almacen-en-sierra-de-la-ventana\/\"]}]},{\"@type\":\"ImageObject\",\"inLanguage\":\"es\",\"@id\":\"https:\/\/www.noticiasradioreflejos.com.ar\/2021\/detalles-de-la-detencion-y-allanamientos-fue-aprehendida-una-pareja-por-robar-un-almacen-en-sierra-de-la-ventana\/#primaryimage\",\"url\":\"https:\/\/live.staticflickr.com\/65535\/51224383997_63620f79af_c.jpg\",\"contentUrl\":\"https:\/\/live.staticflickr.com\/65535\/51224383997_63620f79af_c.jpg\"},{\"@type\":\"BreadcrumbList\",\"@id\":\"https:\/\/www.noticiasradioreflejos.com.ar\/2021\/detalles-de-la-detencion-y-allanamientos-fue-aprehendida-una-pareja-por-robar-un-almacen-en-sierra-de-la-ventana\/#breadcrumb\",\"itemListElement\":[{\"@type\":\"ListItem\",\"position\":1,\"name\":\"Portada\",\"item\":\"https:\/\/www.noticiasradioreflejos.com.ar\/2021\/\"},{\"@type\":\"ListItem\",\"position\":2,\"name\":\"Detalles de la detenci\u00f3n y allanamientos: Fue aprehendida una pareja por robar un almac\u00e9n en SIERRA DE LA VENTANA\"}]},{\"@type\":\"WebSite\",\"@id\":\"https:\/\/www.noticiasradioreflejos.com.ar\/2021\/#website\",\"url\":\"https:\/\/www.noticiasradioreflejos.com.ar\/2021\/\",\"name\":\"Noticias Radio Reflejos\",\"description\":\"Las noticias de mi comarca\",\"potentialAction\":[{\"@type\":\"SearchAction\",\"target\":{\"@type\":\"EntryPoint\",\"urlTemplate\":\"https:\/\/www.noticiasradioreflejos.com.ar\/2021\/?s={search_term_string}\"},\"query-input\":{\"@type\":\"PropertyValueSpecification\",\"valueRequired\":true,\"valueName\":\"search_term_string\"}}],\"inLanguage\":\"es\"},{\"@type\":\"Person\",\"@id\":\"https:\/\/www.noticiasradioreflejos.com.ar\/2021\/#\/schema\/person\/ad82545263dcc5ec0996818884fd5fb1\",\"name\":\"Arnaldo Botto\",\"image\":{\"@type\":\"ImageObject\",\"inLanguage\":\"es\",\"@id\":\"https:\/\/www.noticiasradioreflejos.com.ar\/2021\/#\/schema\/person\/image\/\",\"url\":\"https:\/\/secure.gravatar.com\/avatar\/55cb5e37c1efa326397366e6974cb338056df65cb50e7d64d1cf314e87504837?s=96&d=mm&r=g\",\"contentUrl\":\"https:\/\/secure.gravatar.com\/avatar\/55cb5e37c1efa326397366e6974cb338056df65cb50e7d64d1cf314e87504837?s=96&d=mm&r=g\",\"caption\":\"Arnaldo Botto\"},\"url\":\"https:\/\/www.noticiasradioreflejos.com.ar\/2021\/author\/arnaldo\/\"}]}<\/script>\n<!-- \/ Yoast SEO plugin. -->","yoast_head_json":{"title":"Detalles de la detenci\u00f3n y allanamientos: Fue aprehendida una pareja por robar un almac\u00e9n en SIERRA DE LA VENTANA - Noticias Radio Reflejos","robots":{"index":"index","follow":"follow","max-snippet":"max-snippet:-1","max-image-preview":"max-image-preview:large","max-video-preview":"max-video-preview:-1"},"canonical":"https:\/\/www.noticiasradioreflejos.com.ar\/2021\/detalles-de-la-detencion-y-allanamientos-fue-aprehendida-una-pareja-por-robar-un-almacen-en-sierra-de-la-ventana\/","og_locale":"es_ES","og_type":"article","og_title":"Detalles de la detenci\u00f3n y allanamientos: Fue aprehendida una pareja por robar un almac\u00e9n en SIERRA DE LA VENTANA - Noticias Radio Reflejos","og_description":"En el d\u00eda de ayer siendo las 12:40 hs personal de la Sub Estaci\u00f3n de Polic\u00eda Comunal de Sierra de la Ventana,","og_url":"https:\/\/www.noticiasradioreflejos.com.ar\/2021\/detalles-de-la-detencion-y-allanamientos-fue-aprehendida-una-pareja-por-robar-un-almacen-en-sierra-de-la-ventana\/","og_site_name":"Noticias Radio Reflejos","article_published_time":"2021-06-06T22:36:36+00:00","og_image":[{"url":"https:\/\/live.staticflickr.com\/65535\/51224383997_63620f79af_c.jpg","type":"","width":"","height":""}],"author":"Arnaldo Botto","twitter_card":"summary_large_image","schema":{"@context":"https:\/\/schema.org","@graph":[{"@type":"WebPage","@id":"https:\/\/www.noticiasradioreflejos.com.ar\/2021\/detalles-de-la-detencion-y-allanamientos-fue-aprehendida-una-pareja-por-robar-un-almacen-en-sierra-de-la-ventana\/","url":"https:\/\/www.noticiasradioreflejos.com.ar\/2021\/detalles-de-la-detencion-y-allanamientos-fue-aprehendida-una-pareja-por-robar-un-almacen-en-sierra-de-la-ventana\/","name":"Detalles de la detenci\u00f3n y allanamientos: Fue aprehendida una pareja por robar un almac\u00e9n en SIERRA DE LA VENTANA - Noticias Radio Reflejos","isPartOf":{"@id":"https:\/\/www.noticiasradioreflejos.com.ar\/2021\/#website"},"primaryImageOfPage":{"@id":"https:\/\/www.noticiasradioreflejos.com.ar\/2021\/detalles-de-la-detencion-y-allanamientos-fue-aprehendida-una-pareja-por-robar-un-almacen-en-sierra-de-la-ventana\/#primaryimage"},"image":{"@id":"https:\/\/www.noticiasradioreflejos.com.ar\/2021\/detalles-de-la-detencion-y-allanamientos-fue-aprehendida-una-pareja-por-robar-un-almacen-en-sierra-de-la-ventana\/#primaryimage"},"thumbnailUrl":"https:\/\/live.staticflickr.com\/65535\/51224383997_63620f79af_c.jpg","datePublished":"2021-06-06T22:36:36+00:00","author":{"@id":"https:\/\/www.noticiasradioreflejos.com.ar\/2021\/#\/schema\/person\/ad82545263dcc5ec0996818884fd5fb1"},"breadcrumb":{"@id":"https:\/\/www.noticiasradioreflejos.com.ar\/2021\/detalles-de-la-detencion-y-allanamientos-fue-aprehendida-una-pareja-por-robar-un-almacen-en-sierra-de-la-ventana\/#breadcrumb"},"inLanguage":"es","potentialAction":[{"@type":"ReadAction","target":["https:\/\/www.noticiasradioreflejos.com.ar\/2021\/detalles-de-la-detencion-y-allanamientos-fue-aprehendida-una-pareja-por-robar-un-almacen-en-sierra-de-la-ventana\/"]}]},{"@type":"ImageObject","inLanguage":"es","@id":"https:\/\/www.noticiasradioreflejos.com.ar\/2021\/detalles-de-la-detencion-y-allanamientos-fue-aprehendida-una-pareja-por-robar-un-almacen-en-sierra-de-la-ventana\/#primaryimage","url":"https:\/\/live.staticflickr.com\/65535\/51224383997_63620f79af_c.jpg","contentUrl":"https:\/\/live.staticflickr.com\/65535\/51224383997_63620f79af_c.jpg"},{"@type":"BreadcrumbList","@id":"https:\/\/www.noticiasradioreflejos.com.ar\/2021\/detalles-de-la-detencion-y-allanamientos-fue-aprehendida-una-pareja-por-robar-un-almacen-en-sierra-de-la-ventana\/#breadcrumb","itemListElement":[{"@type":"ListItem","position":1,"name":"Portada","item":"https:\/\/www.noticiasradioreflejos.com.ar\/2021\/"},{"@type":"ListItem","position":2,"name":"Detalles de la detenci\u00f3n y allanamientos: Fue aprehendida una pareja por robar un almac\u00e9n en SIERRA DE LA VENTANA"}]},{"@type":"WebSite","@id":"https:\/\/www.noticiasradioreflejos.com.ar\/2021\/#website","url":"https:\/\/www.noticiasradioreflejos.com.ar\/2021\/","name":"Noticias Radio Reflejos","description":"Las noticias de mi comarca","potentialAction":[{"@type":"SearchAction","target":{"@type":"EntryPoint","urlTemplate":"https:\/\/www.noticiasradioreflejos.com.ar\/2021\/?s={search_term_string}"},"query-input":{"@type":"PropertyValueSpecification","valueRequired":true,"valueName":"search_term_string"}}],"inLanguage":"es"},{"@type":"Person","@id":"https:\/\/www.noticiasradioreflejos.com.ar\/2021\/#\/schema\/person\/ad82545263dcc5ec0996818884fd5fb1","name":"Arnaldo Botto","image":{"@type":"ImageObject","inLanguage":"es","@id":"https:\/\/www.noticiasradioreflejos.com.ar\/2021\/#\/schema\/person\/image\/","url":"https:\/\/secure.gravatar.com\/avatar\/55cb5e37c1efa326397366e6974cb338056df65cb50e7d64d1cf314e87504837?s=96&d=mm&r=g","contentUrl":"https:\/\/secure.gravatar.com\/avatar\/55cb5e37c1efa326397366e6974cb338056df65cb50e7d64d1cf314e87504837?s=96&d=mm&r=g","caption":"Arnaldo Botto"},"url":"https:\/\/www.noticiasradioreflejos.com.ar\/2021\/author\/arnaldo\/"}]}},"_links":{"self":[{"href":"https:\/\/www.noticiasradioreflejos.com.ar\/2021\/wp-json\/wp\/v2\/posts\/58108","targetHints":{"allow":["GET"]}}],"collection":[{"href":"https:\/\/www.noticiasradioreflejos.com.ar\/2021\/wp-json\/wp\/v2\/posts"}],"about":[{"href":"https:\/\/www.noticiasradioreflejos.com.ar\/2021\/wp-json\/wp\/v2\/types\/post"}],"author":[{"embeddable":true,"href":"https:\/\/www.noticiasradioreflejos.com.ar\/2021\/wp-json\/wp\/v2\/users\/3"}],"replies":[{"embeddable":true,"href":"https:\/\/www.noticiasradioreflejos.com.ar\/2021\/wp-json\/wp\/v2\/comments?post=58108"}],"version-history":[{"count":1,"href":"https:\/\/www.noticiasradioreflejos.com.ar\/2021\/wp-json\/wp\/v2\/posts\/58108\/revisions"}],"predecessor-version":[{"id":58110,"href":"https:\/\/www.noticiasradioreflejos.com.ar\/2021\/wp-json\/wp\/v2\/posts\/58108\/revisions\/58110"}],"wp:attachment":[{"href":"https:\/\/www.noticiasradioreflejos.com.ar\/2021\/wp-json\/wp\/v2\/media?parent=58108"}],"wp:term":[{"taxonomy":"category","embeddable":true,"href":"https:\/\/www.noticiasradioreflejos.com.ar\/2021\/wp-json\/wp\/v2\/categories?post=58108"},{"taxonomy":"post_tag","embeddable":true,"href":"https:\/\/www.noticiasradioreflejos.com.ar\/2021\/wp-json\/wp\/v2\/tags?post=58108"}],"curies":[{"name":"wp","href":"https:\/\/api.w.org\/{rel}","templated":true}]}}