{"id":58105,"date":"2021-06-06T22:08:06","date_gmt":"2021-06-06T22:08:06","guid":{"rendered":"http:\/\/www.noticiasradioreflejos.com.ar\/2021\/?p=58105"},"modified":"2021-06-06T22:08:06","modified_gmt":"2021-06-06T22:08:06","slug":"atendio-a-mas-de-500-pacientes-y-dirigia-una-clinica-pero-no-habia-cursado-ni-una-materia-de-medicina","status":"publish","type":"post","link":"https:\/\/www.noticiasradioreflejos.com.ar\/2021\/atendio-a-mas-de-500-pacientes-y-dirigia-una-clinica-pero-no-habia-cursado-ni-una-materia-de-medicina\/","title":{"rendered":"Atendi\u00f3 a m\u00e1s de 500 pacientes y dirig\u00eda una cl\u00ednica, pero no hab\u00eda cursado ni una materia de Medicina"},"content":{"rendered":"<div class=\"section-2-col article-header\">\n<div class=\"col 2-col\">\n<p>Lo detuvieron cuando sal\u00eda de su casa de Lomas de Zamora con un estetoscopio en el cuello y un malet\u00edn de m\u00e9dico. Dec\u00eda ser especialista en pediatr\u00eda y neurolog\u00eda. Usaba la matr\u00edcula de una doctora.\u00a0\u00abRealiz\u00f3 una buena fotocopia de un t\u00edtulo y lleg\u00f3 a ser el director m\u00e9dico de una cl\u00ednica\u00bb, se\u00f1alan los investigadores.<\/p>\n<\/div>\n<\/div>\n<p><!--more--><\/p>\n<div class=\"section-2-col article-main-image\">\n<div class=\"col 2-col\">\n<div class=\"article-main-media-image__container\">\n<div class=\"image-wrapper\"><\/div>\n<\/div>\n<\/div>\n<\/div>\n<div class=\"section-2-col article-main-content\">\n<div class=\"col 2-col\">\n<div class=\"article-main-content article-text \">\n<p>La polic\u00eda bonaerense detuvo a\u00a0<b>un hombre que se hac\u00eda pasar por m\u00e9dico<\/b>\u00a0y\u00a0<b>atendi\u00f3 a m\u00e1s de 500 pacientes<\/b>\u00a0en los \u00faltimos cuatro a\u00f1os. El hombre, que lleg\u00f3 a dirigir una cl\u00ednica y\u00a0<b>dec\u00eda especializarse en neurolog\u00eda y pediatr\u00eda<\/b>, hab\u00eda\u00a0<b>robado el n\u00famero de matr\u00edcula<\/b>\u00a0<b>de una m\u00e9dica<\/b>\u00a0y se lo acusa de \u00abejercicio ilegal de la medicina\u00bb y \u00abusurpaci\u00f3n de t\u00edtulos, en concurso ideal con el uso e instrumento p\u00fablico falso\u00bb.<\/p>\n<p>Este viernes, efectivos de la bonaerense detuvieron en la puerta de su casa a\u00a0<b>Carlos Alberto Murguia<\/b>, quien atend\u00eda en su Centro M\u00e9dico Laboral Luzuriaga, ubicado en la calle Luzuriaga al 200 en el partido de Lomas de Zamora.<\/p>\n<div id=\"talkFireEvent\"><\/div>\n<p>Al momento de su detenci\u00f3n, Murguia cargaba un malet\u00edn de m\u00e9dico en el que llevaba tarjetas donde se presentaba como \u00absocio gerente\u00bb de la cl\u00ednica, sellos y hasta un estetoscopio, mientras que en su cl\u00ednica -que ya hab\u00eda sido allanada por orden judicial-\u00a0<b>ten\u00eda colgado un t\u00edtulo de la Universidad del Salvador<\/b>.<\/p>\n<p>Seg\u00fan los investigadores, Murguia \u00abnunca estuvo en la Universidad de El Salvador ni en ninguna otra al menos cursando una materia vinculada a la medicina\u00bb.<\/p>\n<p><b>\u00abRealiz\u00f3 una buena fotocopia de un t\u00edtulo y lleg\u00f3 a ser el director m\u00e9dico de la Cl\u00ednica. Estamos investigando si las autoridades estaban al tanto de esta situaci\u00f3n o tambi\u00e9n las enga\u00f1\u00f3\u00bb<\/b>, dijo un vocero a la agencia N\/A.<\/p>\n<p>La causa contra Murguia empez\u00f3 en 2019 cuando una mujer fue a su consultorio de la calle Luzuriaga porque necesitaba un certificado m\u00e9dico para presentar ante la Embajada de Espa\u00f1a.<\/p>\n<p>Sin embargo, los representantes de la sede diplom\u00e1tica le informaron que, seg\u00fan sus registros,\u00a0<b>el n\u00famero de matr\u00edcula no correspond\u00eda a Murguia, sino a una doctora llamada Sabrina Natalia S<\/b>. y, por lo tanto, el certificado m\u00e9dico carec\u00eda de validez.<\/p>\n<p>La mujer contact\u00f3 a Sabrina Natalia S. a trav\u00e9s de LinkedIn para contarle lo sucedido. La mujer volvi\u00f3 a pedir un turno con Murguia para pedirle una receta m\u00e9dica y luego entreg\u00e1rsela a la doctora.\u00a0<b>Con esa evidencia, Sabrina Natalia S. pudo radicar la denuncia.<\/b><\/p>\n<p>Despu\u00e9s de que la investigaci\u00f3n sufriera un parate, el fiscal Javier Mart\u00ednez, a cargo de la Unidad Funcional de Instrucci\u00f3n (UFI) n\u00famero 8 de Lomas de Zamora, orden\u00f3 reubicar a Murguia, quien continuaba ejerciendo la medicina y se dedicaba a la atenci\u00f3n pedi\u00e1trica con la misma matr\u00edcula: la de Sabrina Natalia S.<\/p>\n<p><b>\u00abMurguia atendi\u00f3 a m\u00e1s de 500 pacientes, muchos de ellos ni\u00f1os, por lo que estamos buscando que los padres lo reconozcan como el pediatra de sus hijos<\/b>\u00a0y se acerquen a la Fiscal\u00eda para sumar m\u00e1s denuncias contra este falso m\u00e9dico, que daba medicamentos a los menores, con el peligro que ello genera no siendo doctor\u00bb, explic\u00f3 un vocero judicial.<\/p>\n<p>La orden de arresto fue dictada por el titular del Juzgado de Garant\u00edas n\u00famero 4 de Lomas de Zamora, Sebasti\u00e1n Monelos. Hasta el momento, Murguia se neg\u00f3 a declarar, mientras los investigadores tratan de recolectar m\u00e1s pruebas, v\u00edctimas y testigos en su contra.<\/p>\n<p><strong>Fuente P\u00e1gina 12<\/strong><\/p>\n<\/div>\n<\/div>\n<\/div>\n","protected":false},"excerpt":{"rendered":"<p>Lo detuvieron cuando sal\u00eda de su casa de Lomas de Zamora con un estetoscopio en el cuello y un malet\u00edn de m\u00e9dico. Dec\u00eda ser especialista en pediatr\u00eda y neurolog\u00eda. Usaba la matr\u00edcula de una doctora.\u00a0\u00abRealiz\u00f3 una buena fotocopia de un t\u00edtulo y lleg\u00f3 a ser el director m\u00e9dico de una cl\u00ednica\u00bb, se\u00f1alan los investigadores.<\/p>\n","protected":false},"author":3,"featured_media":0,"comment_status":"closed","ping_status":"closed","sticky":false,"template":"","format":"standard","meta":{"footnotes":""},"categories":[1],"tags":[],"class_list":["post-58105","post","type-post","status-publish","format-standard","hentry","category-sin-categoria"],"yoast_head":"<!-- This site is optimized with the Yoast SEO plugin v25.9 - https:\/\/yoast.com\/wordpress\/plugins\/seo\/ -->\n<title>Atendi\u00f3 a m\u00e1s de 500 pacientes y dirig\u00eda una cl\u00ednica, pero no hab\u00eda cursado ni una materia de Medicina - Noticias Radio Reflejos<\/title>\n<meta name=\"robots\" content=\"index, follow, max-snippet:-1, max-image-preview:large, max-video-preview:-1\" \/>\n<link rel=\"canonical\" href=\"https:\/\/www.noticiasradioreflejos.com.ar\/2021\/atendio-a-mas-de-500-pacientes-y-dirigia-una-clinica-pero-no-habia-cursado-ni-una-materia-de-medicina\/\" \/>\n<meta property=\"og:locale\" content=\"es_ES\" \/>\n<meta property=\"og:type\" content=\"article\" \/>\n<meta property=\"og:title\" content=\"Atendi\u00f3 a m\u00e1s de 500 pacientes y dirig\u00eda una cl\u00ednica, pero no hab\u00eda cursado ni una materia de Medicina - Noticias Radio Reflejos\" \/>\n<meta property=\"og:description\" content=\"Lo detuvieron cuando sal\u00eda de su casa de Lomas de Zamora con un estetoscopio en el cuello y un malet\u00edn de m\u00e9dico. Dec\u00eda ser especialista en pediatr\u00eda y neurolog\u00eda. Usaba la matr\u00edcula de una doctora.\u00a0\u00abRealiz\u00f3 una buena fotocopia de un t\u00edtulo y lleg\u00f3 a ser el director m\u00e9dico de una cl\u00ednica\u00bb, se\u00f1alan los investigadores.\" \/>\n<meta property=\"og:url\" content=\"https:\/\/www.noticiasradioreflejos.com.ar\/2021\/atendio-a-mas-de-500-pacientes-y-dirigia-una-clinica-pero-no-habia-cursado-ni-una-materia-de-medicina\/\" \/>\n<meta property=\"og:site_name\" content=\"Noticias Radio Reflejos\" \/>\n<meta property=\"article:published_time\" content=\"2021-06-06T22:08:06+00:00\" \/>\n<meta property=\"og:image\" content=\"https:\/\/www.noticiasradioreflejos.com.ar\/2021\/wp-content\/uploads\/2021\/07\/logosol300x200.png\" \/>\n\t<meta property=\"og:image:width\" content=\"300\" \/>\n\t<meta property=\"og:image:height\" content=\"200\" \/>\n\t<meta property=\"og:image:type\" content=\"image\/png\" \/>\n<meta name=\"author\" content=\"Arnaldo Botto\" \/>\n<meta name=\"twitter:card\" content=\"summary_large_image\" \/>\n<script type=\"application\/ld+json\" class=\"yoast-schema-graph\">{\"@context\":\"https:\/\/schema.org\",\"@graph\":[{\"@type\":\"WebPage\",\"@id\":\"https:\/\/www.noticiasradioreflejos.com.ar\/2021\/atendio-a-mas-de-500-pacientes-y-dirigia-una-clinica-pero-no-habia-cursado-ni-una-materia-de-medicina\/\",\"url\":\"https:\/\/www.noticiasradioreflejos.com.ar\/2021\/atendio-a-mas-de-500-pacientes-y-dirigia-una-clinica-pero-no-habia-cursado-ni-una-materia-de-medicina\/\",\"name\":\"Atendi\u00f3 a m\u00e1s de 500 pacientes y dirig\u00eda una cl\u00ednica, pero no hab\u00eda cursado ni una materia de Medicina - Noticias Radio Reflejos\",\"isPartOf\":{\"@id\":\"https:\/\/www.noticiasradioreflejos.com.ar\/2021\/#website\"},\"datePublished\":\"2021-06-06T22:08:06+00:00\",\"author\":{\"@id\":\"https:\/\/www.noticiasradioreflejos.com.ar\/2021\/#\/schema\/person\/ad82545263dcc5ec0996818884fd5fb1\"},\"breadcrumb\":{\"@id\":\"https:\/\/www.noticiasradioreflejos.com.ar\/2021\/atendio-a-mas-de-500-pacientes-y-dirigia-una-clinica-pero-no-habia-cursado-ni-una-materia-de-medicina\/#breadcrumb\"},\"inLanguage\":\"es\",\"potentialAction\":[{\"@type\":\"ReadAction\",\"target\":[\"https:\/\/www.noticiasradioreflejos.com.ar\/2021\/atendio-a-mas-de-500-pacientes-y-dirigia-una-clinica-pero-no-habia-cursado-ni-una-materia-de-medicina\/\"]}]},{\"@type\":\"BreadcrumbList\",\"@id\":\"https:\/\/www.noticiasradioreflejos.com.ar\/2021\/atendio-a-mas-de-500-pacientes-y-dirigia-una-clinica-pero-no-habia-cursado-ni-una-materia-de-medicina\/#breadcrumb\",\"itemListElement\":[{\"@type\":\"ListItem\",\"position\":1,\"name\":\"Portada\",\"item\":\"https:\/\/www.noticiasradioreflejos.com.ar\/2021\/\"},{\"@type\":\"ListItem\",\"position\":2,\"name\":\"Atendi\u00f3 a m\u00e1s de 500 pacientes y dirig\u00eda una cl\u00ednica, pero no hab\u00eda cursado ni una materia de Medicina\"}]},{\"@type\":\"WebSite\",\"@id\":\"https:\/\/www.noticiasradioreflejos.com.ar\/2021\/#website\",\"url\":\"https:\/\/www.noticiasradioreflejos.com.ar\/2021\/\",\"name\":\"Noticias Radio Reflejos\",\"description\":\"Las noticias de mi comarca\",\"potentialAction\":[{\"@type\":\"SearchAction\",\"target\":{\"@type\":\"EntryPoint\",\"urlTemplate\":\"https:\/\/www.noticiasradioreflejos.com.ar\/2021\/?s={search_term_string}\"},\"query-input\":{\"@type\":\"PropertyValueSpecification\",\"valueRequired\":true,\"valueName\":\"search_term_string\"}}],\"inLanguage\":\"es\"},{\"@type\":\"Person\",\"@id\":\"https:\/\/www.noticiasradioreflejos.com.ar\/2021\/#\/schema\/person\/ad82545263dcc5ec0996818884fd5fb1\",\"name\":\"Arnaldo Botto\",\"image\":{\"@type\":\"ImageObject\",\"inLanguage\":\"es\",\"@id\":\"https:\/\/www.noticiasradioreflejos.com.ar\/2021\/#\/schema\/person\/image\/\",\"url\":\"https:\/\/secure.gravatar.com\/avatar\/55cb5e37c1efa326397366e6974cb338056df65cb50e7d64d1cf314e87504837?s=96&d=mm&r=g\",\"contentUrl\":\"https:\/\/secure.gravatar.com\/avatar\/55cb5e37c1efa326397366e6974cb338056df65cb50e7d64d1cf314e87504837?s=96&d=mm&r=g\",\"caption\":\"Arnaldo Botto\"},\"url\":\"https:\/\/www.noticiasradioreflejos.com.ar\/2021\/author\/arnaldo\/\"}]}<\/script>\n<!-- \/ Yoast SEO plugin. -->","yoast_head_json":{"title":"Atendi\u00f3 a m\u00e1s de 500 pacientes y dirig\u00eda una cl\u00ednica, pero no hab\u00eda cursado ni una materia de Medicina - Noticias Radio Reflejos","robots":{"index":"index","follow":"follow","max-snippet":"max-snippet:-1","max-image-preview":"max-image-preview:large","max-video-preview":"max-video-preview:-1"},"canonical":"https:\/\/www.noticiasradioreflejos.com.ar\/2021\/atendio-a-mas-de-500-pacientes-y-dirigia-una-clinica-pero-no-habia-cursado-ni-una-materia-de-medicina\/","og_locale":"es_ES","og_type":"article","og_title":"Atendi\u00f3 a m\u00e1s de 500 pacientes y dirig\u00eda una cl\u00ednica, pero no hab\u00eda cursado ni una materia de Medicina - Noticias Radio Reflejos","og_description":"Lo detuvieron cuando sal\u00eda de su casa de Lomas de Zamora con un estetoscopio en el cuello y un malet\u00edn de m\u00e9dico. Dec\u00eda ser especialista en pediatr\u00eda y neurolog\u00eda. Usaba la matr\u00edcula de una doctora.\u00a0\u00abRealiz\u00f3 una buena fotocopia de un t\u00edtulo y lleg\u00f3 a ser el director m\u00e9dico de una cl\u00ednica\u00bb, se\u00f1alan los investigadores.","og_url":"https:\/\/www.noticiasradioreflejos.com.ar\/2021\/atendio-a-mas-de-500-pacientes-y-dirigia-una-clinica-pero-no-habia-cursado-ni-una-materia-de-medicina\/","og_site_name":"Noticias Radio Reflejos","article_published_time":"2021-06-06T22:08:06+00:00","og_image":[{"width":300,"height":200,"url":"https:\/\/www.noticiasradioreflejos.com.ar\/2021\/wp-content\/uploads\/2021\/07\/logosol300x200.png","type":"image\/png"}],"author":"Arnaldo Botto","twitter_card":"summary_large_image","schema":{"@context":"https:\/\/schema.org","@graph":[{"@type":"WebPage","@id":"https:\/\/www.noticiasradioreflejos.com.ar\/2021\/atendio-a-mas-de-500-pacientes-y-dirigia-una-clinica-pero-no-habia-cursado-ni-una-materia-de-medicina\/","url":"https:\/\/www.noticiasradioreflejos.com.ar\/2021\/atendio-a-mas-de-500-pacientes-y-dirigia-una-clinica-pero-no-habia-cursado-ni-una-materia-de-medicina\/","name":"Atendi\u00f3 a m\u00e1s de 500 pacientes y dirig\u00eda una cl\u00ednica, pero no hab\u00eda cursado ni una materia de Medicina - Noticias Radio Reflejos","isPartOf":{"@id":"https:\/\/www.noticiasradioreflejos.com.ar\/2021\/#website"},"datePublished":"2021-06-06T22:08:06+00:00","author":{"@id":"https:\/\/www.noticiasradioreflejos.com.ar\/2021\/#\/schema\/person\/ad82545263dcc5ec0996818884fd5fb1"},"breadcrumb":{"@id":"https:\/\/www.noticiasradioreflejos.com.ar\/2021\/atendio-a-mas-de-500-pacientes-y-dirigia-una-clinica-pero-no-habia-cursado-ni-una-materia-de-medicina\/#breadcrumb"},"inLanguage":"es","potentialAction":[{"@type":"ReadAction","target":["https:\/\/www.noticiasradioreflejos.com.ar\/2021\/atendio-a-mas-de-500-pacientes-y-dirigia-una-clinica-pero-no-habia-cursado-ni-una-materia-de-medicina\/"]}]},{"@type":"BreadcrumbList","@id":"https:\/\/www.noticiasradioreflejos.com.ar\/2021\/atendio-a-mas-de-500-pacientes-y-dirigia-una-clinica-pero-no-habia-cursado-ni-una-materia-de-medicina\/#breadcrumb","itemListElement":[{"@type":"ListItem","position":1,"name":"Portada","item":"https:\/\/www.noticiasradioreflejos.com.ar\/2021\/"},{"@type":"ListItem","position":2,"name":"Atendi\u00f3 a m\u00e1s de 500 pacientes y dirig\u00eda una cl\u00ednica, pero no hab\u00eda cursado ni una materia de Medicina"}]},{"@type":"WebSite","@id":"https:\/\/www.noticiasradioreflejos.com.ar\/2021\/#website","url":"https:\/\/www.noticiasradioreflejos.com.ar\/2021\/","name":"Noticias Radio Reflejos","description":"Las noticias de mi comarca","potentialAction":[{"@type":"SearchAction","target":{"@type":"EntryPoint","urlTemplate":"https:\/\/www.noticiasradioreflejos.com.ar\/2021\/?s={search_term_string}"},"query-input":{"@type":"PropertyValueSpecification","valueRequired":true,"valueName":"search_term_string"}}],"inLanguage":"es"},{"@type":"Person","@id":"https:\/\/www.noticiasradioreflejos.com.ar\/2021\/#\/schema\/person\/ad82545263dcc5ec0996818884fd5fb1","name":"Arnaldo Botto","image":{"@type":"ImageObject","inLanguage":"es","@id":"https:\/\/www.noticiasradioreflejos.com.ar\/2021\/#\/schema\/person\/image\/","url":"https:\/\/secure.gravatar.com\/avatar\/55cb5e37c1efa326397366e6974cb338056df65cb50e7d64d1cf314e87504837?s=96&d=mm&r=g","contentUrl":"https:\/\/secure.gravatar.com\/avatar\/55cb5e37c1efa326397366e6974cb338056df65cb50e7d64d1cf314e87504837?s=96&d=mm&r=g","caption":"Arnaldo Botto"},"url":"https:\/\/www.noticiasradioreflejos.com.ar\/2021\/author\/arnaldo\/"}]}},"_links":{"self":[{"href":"https:\/\/www.noticiasradioreflejos.com.ar\/2021\/wp-json\/wp\/v2\/posts\/58105","targetHints":{"allow":["GET"]}}],"collection":[{"href":"https:\/\/www.noticiasradioreflejos.com.ar\/2021\/wp-json\/wp\/v2\/posts"}],"about":[{"href":"https:\/\/www.noticiasradioreflejos.com.ar\/2021\/wp-json\/wp\/v2\/types\/post"}],"author":[{"embeddable":true,"href":"https:\/\/www.noticiasradioreflejos.com.ar\/2021\/wp-json\/wp\/v2\/users\/3"}],"replies":[{"embeddable":true,"href":"https:\/\/www.noticiasradioreflejos.com.ar\/2021\/wp-json\/wp\/v2\/comments?post=58105"}],"version-history":[{"count":1,"href":"https:\/\/www.noticiasradioreflejos.com.ar\/2021\/wp-json\/wp\/v2\/posts\/58105\/revisions"}],"predecessor-version":[{"id":58107,"href":"https:\/\/www.noticiasradioreflejos.com.ar\/2021\/wp-json\/wp\/v2\/posts\/58105\/revisions\/58107"}],"wp:attachment":[{"href":"https:\/\/www.noticiasradioreflejos.com.ar\/2021\/wp-json\/wp\/v2\/media?parent=58105"}],"wp:term":[{"taxonomy":"category","embeddable":true,"href":"https:\/\/www.noticiasradioreflejos.com.ar\/2021\/wp-json\/wp\/v2\/categories?post=58105"},{"taxonomy":"post_tag","embeddable":true,"href":"https:\/\/www.noticiasradioreflejos.com.ar\/2021\/wp-json\/wp\/v2\/tags?post=58105"}],"curies":[{"name":"wp","href":"https:\/\/api.w.org\/{rel}","templated":true}]}}