{"id":58091,"date":"2021-06-06T21:45:51","date_gmt":"2021-06-06T21:45:51","guid":{"rendered":"http:\/\/www.noticiasradioreflejos.com.ar\/2021\/?p=58091"},"modified":"2021-06-06T21:51:00","modified_gmt":"2021-06-06T21:51:00","slug":"llega-por-aerolineas-argentinas-el-primer-lote-del-principio-activo-para-la-fabricacion-de-vacunas","status":"publish","type":"post","link":"https:\/\/www.noticiasradioreflejos.com.ar\/2021\/llega-por-aerolineas-argentinas-el-primer-lote-del-principio-activo-para-la-fabricacion-de-vacunas\/","title":{"rendered":"Llega por Aerol\u00edneas Argentinas el primer lote del principio activo para la fabricaci\u00f3n de vacunas"},"content":{"rendered":"<div class=\"head-content\">\n<p>Adem\u00e1s de las vacunas el avi\u00f3n traer\u00e1 el principio activo para que pueda comenzar a producirse la vacuna desarrollada por el Instituto Gamaleya en el Laboratorio Richmond ubicado en el partido bonaerense de Pilar, con el fin de fortalecer el Plan Estrat\u00e9gico de Vacunaci\u00f3n que despliega el Gobierno nacional en todo el pa\u00eds y ampliar su acceso en Am\u00e9rica Latina.<\/p>\n<\/div>\n<p><!--more--><\/p>\n<div class=\"main-content-block\">\n<div class=\"main-box clearfix\">\n<div class=\"wrapper-main-section clearfix\">\n<div class=\"wrapper-editable-content\">\n<div class=\"editable-content clearfix\">\n<div id=\"image\" class=\"image\">\n<p><img decoding=\"async\" title=\"El vuelo que partir\u00e1 a la madrugada es la operaci\u00f3n n\u00famero 24 que realiza Aerol\u00edneas Argentinas\" src=\"https:\/\/www.telam.com.ar\/advf\/imagenes\/2021\/02\/60248e14454d5_1004x565.jpg\" alt=\"El vuelo que partir\u00e1 a la madrugada es la operaci\u00f3n n\u00famero 24 que realiza Aerol\u00edneas Argentinas\" \/><\/p>\n<div class=\"epigrafe\">El vuelo que partir\u00e1 a la madrugada es la operaci\u00f3n n\u00famero 24 que realiza Aerol\u00edneas Argentinas<\/div>\n<\/div>\n<p><strong>Un vuelo de Aerol\u00edneas Argentinas saldr\u00e1 este lunes hacia Mosc\u00fa para traer el primer lote del principio activo de la vacuna Sputnik V\u00a0<\/strong>para comenzar a ser producida en el pa\u00eds, as\u00ed como nueva una partida de dosis de los componentes 1 y 2 del medicamento contra el coronavirus.<\/p>\n<p>Esas dosis reforzar\u00e1n, junto a las llegadas durante la semana anterior, el Plan de Vacunaci\u00f3n contra el coronavirus que lleva adelante el Gobierno Nacional.<\/p>\n<p>La partida del vuelo fue confirmada en Twitter por el presidente de la compa\u00f1\u00eda, Pablo Ceriani, quien escribi\u00f3: \u00abNuevo vuelo a Mosc\u00fa, m\u00e1s dosis de vacunas para los argentinos y argentinas. Nuestra operaci\u00f3n n\u00famero 24 parte ma\u00f1ana 02am para traer al pa\u00eds m\u00e1s @sputnikvaccine. Es fundamental el ritmo con el que est\u00e1n llegando las vacunas para continuar con la campa\u00f1a de vacunaci\u00f3n\u00bb, escribi\u00f3 Ceriani en la red social.<\/p>\n<blockquote class=\"twitter-tweet\" data-width=\"500\" data-dnt=\"true\">\n<p lang=\"es\" dir=\"ltr\">Nuevo vuelo a Mosc\u00fa, m\u00e1s dosis de vacunas para los argentinos y argentinas. Nuestra operaci\u00f3n n\u00famero 24 parte ma\u00f1ana 02am para traer al pa\u00eds m\u00e1s <a href=\"https:\/\/twitter.com\/sputnikvaccine?ref_src=twsrc%5Etfw\">@sputnikvaccine<\/a>. Es fundamental el ritmo con el que est\u00e1n llegando las vacunas para continuar con la campa\u00f1a de vacunaci\u00f3n. <a href=\"https:\/\/t.co\/4zSEAKcbUr\">pic.twitter.com\/4zSEAKcbUr<\/a><\/p>\n<p>&mdash; Pablo Ceriani (@ceriani_pablo) <a href=\"https:\/\/twitter.com\/ceriani_pablo\/status\/1401622422374191104?ref_src=twsrc%5Etfw\">June 6, 2021<\/a><\/p><\/blockquote>\n<p><script async src=\"https:\/\/platform.twitter.com\/widgets.js\" charset=\"utf-8\"><\/script><\/p>\n<p>En tanto, el Gobierno nacional inform\u00f3 que<strong>\u00a0\u00abesta madrugada partir\u00e1 hacia Mosc\u00fa un vuelo de Aerol\u00edneas Argentinas que traer\u00e1 dosis 1 y 2 de Sputnik V y el primer lote de su principio activo para comenzar la producci\u00f3n en el pa\u00eds\u00bb.<\/strong><\/p>\n<p>Es la vigesimocuarta operaci\u00f3n que realiza la empresa de bandera en busca de inmunizaciones contra la Covid-19, y el primero que traer\u00e1 el principio activo para que pueda comenzar a producirse la vacuna desarrollada por el Instituto Gamaleya en el Laboratorio Richmond de la Argentina.<\/p>\n<p>Esta firma farmac\u00e9utica, ubicada en el partido bonaerense de Pilar, llevar\u00e1 adelante la formulaci\u00f3n, filtrado y envasado con el fin fortalecer el Plan Estrat\u00e9gico de Vacunaci\u00f3n que despliega el Gobierno nacional en todo el pa\u00eds y ampliar su acceso en Am\u00e9rica Latina.<\/p>\n<blockquote class=\"twitter-tweet\" data-width=\"500\" data-dnt=\"true\">\n<p lang=\"es\" dir=\"ltr\">Junto al presidente de la Federaci\u00f3n Rusa, anunci\u00e9 el inicio de la producci\u00f3n de la vacuna Sputnik V en nuestro pa\u00eds. <\/p>\n<p>Fuimos los primeros de la regi\u00f3n en aprobar esta vacuna que ha preservado la vida de millones de argentinos. Es un orgullo que podamos empezar su fabricaci\u00f3n. <a href=\"https:\/\/t.co\/igeWCH8vak\">pic.twitter.com\/igeWCH8vak<\/a><\/p>\n<p>&mdash; Alberto Fern\u00e1ndez (@alferdez) <a href=\"https:\/\/twitter.com\/alferdez\/status\/1400900843218653187?ref_src=twsrc%5Etfw\">June 4, 2021<\/a><\/p><\/blockquote>\n<p><script async src=\"https:\/\/platform.twitter.com\/widgets.js\" charset=\"utf-8\"><\/script><\/p>\n<p><a href=\"https:\/\/www.telam.com.ar\/notas\/202106\/556541-fernandez-putin-inicio-produccion-sputnik-argentina.html\" target=\"_blank\" rel=\"noopener\">\u00abEmpezamos ya el trabajo concreto para empezar a producir en la Argentina la Sputnik V\u00bb,<\/a>\u00a0celebr\u00f3 el presidente Alberto Fern\u00e1ndez el viernes \u00faltimo en una videoconferencia con su par ruso, Vladimir Putin.<\/p>\n<p>\u00abEstamos muy conformes con los logros que hemos alcanzado con esa vacuna porque millones de argentinos han visto preservar su vida gracias al desarrollo cient\u00edfico de Rusia, en el que siempre confiamos\u00bb, dijo el mandatario argentino.<\/p>\n<p>En tanto, la llegada de otra partida de vacunas de AstraZeneca, que se esperaba para este lunes, fue reprogramada por el laboratorio para fines de la semana que se inicia por una observaci\u00f3n operativa.<\/p>\n<p>En la semana que concluy\u00f3<strong>\u00a0arribaron al pa\u00eds 2.148.600 dosis de la vacuna AstraZeneca,\u00a0<\/strong>de producci\u00f3n conjunta con M\u00e9xico, mientras Aerol\u00edneas Argentinas -en su decimoctavo servicio desde Mosc\u00fa- trajo 815.150 dosis de Sputnik V, el mayor cargamento que la compa\u00f1\u00eda de bandera transport\u00f3 desde la Federaci\u00f3n Rusa en un solo vuelo. As\u00ed, la Argentina super\u00f3 los 18,4 millones de inoculaciones recibidas contra el coronavirus.<\/p>\n<h4 class=\"auth\">Las dosis recibidas<\/h4>\n<p>Hasta ahora\u00a0<strong>la Argentina ya recibi\u00f3 18.450.150 dosis de vacunas:<\/strong>\u00a08.933.895 Sputnik V (7.793.735 del componente 1 y 1.140.160 del componente 2), 4.000.000 de Sinopharm, 580.000 AstraZeneca \u2013 Covishield, 1.944.000 AstraZeneca a trav\u00e9s del mecanismo Covax y 2.992.200 AstraZeneca-Universidad de Oxford cuyo principio activo se produjo en la Argentina.<\/p>\n<p>En relaci\u00f3n al grupo etario, entre las personas de m\u00e1s de 80 a\u00f1os, el 78% ya fue vacunado con la primera dosis, y el 23,8% con las dos dosis; entre las personas de 70 a 79 a\u00f1os, el 86,6% ya fueron vacunados con la primera dosis, y el 23,4% con las dos; entre los de 60 a 69 a\u00f1os, el 83,3% ya fue vacunado con la primera dosis, y el 15,5% con las dos. Finalmente, entre las personas de 20 a 59 a\u00f1os, el 17% ya recibi\u00f3 la primera dosis y el 6,2% ambas.<\/p>\n<p>Con este flujo de llegada de vacunas, ayer se volvi\u00f3 a superar el r\u00e9cord de vacunaciones diarias con 356.454 inoculaciones aplicadas en todo el pa\u00eds, de acuerdo a los datos del Ministerio de Salud de la Naci\u00f3n y, considerando los \u00faltimos siete d\u00edas, desde el jueves 27 hasta ayer inclusive, se realizaron en todo el pa\u00eds 1.823.824 aplicaciones de las distintas vacunas.<\/p>\n<h4 class=\"auth\"><strong>Las dosis aplicadas<\/strong><\/h4>\n<p>Seg\u00fan\u00a0<strong>el Monitor P\u00fablico de Vacunaci\u00f3n, el registro online que muestra en tiempo real el operativo de inmunizaci\u00f3n en todo el territorio argentino,<\/strong>\u00a0hasta esta ma\u00f1ana fueron distribuidas en todo el pa\u00eds 17.670.690 vacunas y las aplicadas totalizan 14.092.493: 11.071.365 personas recibieron la primera dosis y 3.021.128 ambas.<\/p>\n<p>En cuanto al vuelo de Aerol\u00edneas,\u00a0<strong>se trata de la vigesimocuarta operaci\u00f3n de la empresa en b\u00fasqueda de vacunas<\/strong>\u00a0contra el Covid-19, dieciocho de las cuales tuvieron como destino a la Federaci\u00f3n Rusa, en tanto que las cinco restantes fueron a Beijing.<\/p>\n<p>El vuelo n\u00famero AR1062, a cargo del Airbus 330-200 matr\u00edcula LV-GIF, tiene previsto partir a las 2 de la madrugada del lunes y estima aterrizar en el Aeropuerto Internacional de Sheremetievo alrededor de la medianoche rusa, las 18 en nuestro pa\u00eds.<\/p>\n<p><strong>@CJS2@<\/strong><\/p>\n<p>El regreso, bajo el n\u00famero AR1063 est\u00e1 programado para las 4.30 del martes en Rusia, las 22,30 de ma\u00f1ana, en Argentina y el arribo al Aeropuerto Internacional de Ezeiza ser\u00e1 a las 16.30 del martes.<\/p>\n<p>\u00abEs muy positivo que sigan llegando vuelos con este ritmo porque permite que la campa\u00f1a de vacunaci\u00f3n siga aceler\u00e1ndose. En Aerol\u00edneas estamos muy felices de ser parte de la soluci\u00f3n\u00bb, se\u00f1al\u00f3 Ceriani.<\/p>\n<p>Actualmente, las vacunas entregadas por el Fondo de Inversi\u00f3n Directa de Rusia (RIDF) y desarrolladas por el Instituto Gamaleya, son transportadas en contenedores del tipo \u00abthermobox\u00bb, de a 5 dosis por vial y refrigeradas a una temperatura de entre 18 y 20 grados bajo cero.<\/p>\n<h4 class=\"auth\">Los otros vuelos de Aerol\u00edneas<\/h4>\n<p><strong>Aerol\u00edneas Argentinas lleva completados 18 vuelos a la Federaci\u00f3n Rusa en los cuales fueron trasladadas un total de 8.951.440 de dosis.<\/strong><\/p>\n<p>Adem\u00e1s, se realizaron 5 vuelos hacia Beijing, Rep\u00fablica Popular China en los que arribaron al pa\u00eds 3.659.200 de vacunas de Sinopharm.<\/p>\n<p>De esta manera, en 23 vuelos completados hasta ahora, Aerol\u00edneas Argentinas aport\u00f3 12.610.640 dosis de vacunas contra el Covid-19.<\/p>\n<p>En lo que hace a la producci\u00f3n local de vacunas, el presidente de Laboratorios Richmond, Marcelo Figueiras, confirm\u00f3 que la actual planta del laboratorio ubicada en Pilar tiene capacidad para realizar la formulaci\u00f3n, filtrado y envasado de hasta 500 mil dosis de la vacuna Sputnik V por semana, \u00abunos 2 millones por mes\u00bb, siempre sujeto a la cantidad del principio activo que se env\u00ede desde Rusia.<\/p>\n<p>\u00abSi todo sale bien la producci\u00f3n comienza la semana que viene; en este momento est\u00e1n fermentando en Mosc\u00fa el principio activo del componente 1 de la vacuna y para antes de fin de mes podr\u00edamos tener las primeras dosis en la calle\u00bb.<\/p>\n<p>El empresario aclar\u00f3 que \u00absiempre est\u00e1 la posibilidad, en un proceso tan complicado como \u00e9ste que algo surja que demore el tr\u00e1mite\u00bb, pero destac\u00f3 que \u00abesperamos que no haya ning\u00fan inconveniente\u00bb.<\/p>\n<\/div>\n<\/div>\n<\/div>\n<\/div>\n<\/div>\n","protected":false},"excerpt":{"rendered":"<p>Adem\u00e1s de las vacunas el avi\u00f3n traer\u00e1 el principio activo para que pueda comenzar a producirse la vacuna desarrollada por el Instituto Gamaleya en el Laboratorio Richmond ubicado en el partido bonaerense de Pilar, con el fin de fortalecer el Plan Estrat\u00e9gico de Vacunaci\u00f3n que despliega el Gobierno nacional en todo el pa\u00eds y ampliar [&hellip;]<\/p>\n","protected":false},"author":3,"featured_media":0,"comment_status":"closed","ping_status":"closed","sticky":false,"template":"","format":"standard","meta":{"footnotes":""},"categories":[24,30],"tags":[],"class_list":["post-58091","post","type-post","status-publish","format-standard","hentry","category-politica","category-salud"],"yoast_head":"<!-- This site is optimized with the Yoast SEO plugin v25.9 - https:\/\/yoast.com\/wordpress\/plugins\/seo\/ -->\n<title>Llega por Aerol\u00edneas Argentinas el primer lote del principio activo para la fabricaci\u00f3n de vacunas - Noticias Radio Reflejos<\/title>\n<meta name=\"robots\" content=\"index, follow, max-snippet:-1, max-image-preview:large, max-video-preview:-1\" \/>\n<link rel=\"canonical\" href=\"https:\/\/www.noticiasradioreflejos.com.ar\/2021\/llega-por-aerolineas-argentinas-el-primer-lote-del-principio-activo-para-la-fabricacion-de-vacunas\/\" \/>\n<meta property=\"og:locale\" content=\"es_ES\" \/>\n<meta property=\"og:type\" content=\"article\" \/>\n<meta property=\"og:title\" content=\"Llega por Aerol\u00edneas Argentinas el primer lote del principio activo para la fabricaci\u00f3n de vacunas - Noticias Radio Reflejos\" \/>\n<meta property=\"og:description\" content=\"Adem\u00e1s de las vacunas el avi\u00f3n traer\u00e1 el principio activo para que pueda comenzar a producirse la vacuna desarrollada por el Instituto Gamaleya en el Laboratorio Richmond ubicado en el partido bonaerense de Pilar, con el fin de fortalecer el Plan Estrat\u00e9gico de Vacunaci\u00f3n que despliega el Gobierno nacional en todo el pa\u00eds y ampliar [&hellip;]\" \/>\n<meta property=\"og:url\" content=\"https:\/\/www.noticiasradioreflejos.com.ar\/2021\/llega-por-aerolineas-argentinas-el-primer-lote-del-principio-activo-para-la-fabricacion-de-vacunas\/\" \/>\n<meta property=\"og:site_name\" content=\"Noticias Radio Reflejos\" \/>\n<meta property=\"article:published_time\" content=\"2021-06-06T21:45:51+00:00\" \/>\n<meta property=\"article:modified_time\" content=\"2021-06-06T21:51:00+00:00\" \/>\n<meta property=\"og:image\" content=\"https:\/\/www.telam.com.ar\/advf\/imagenes\/2021\/02\/60248e14454d5_1004x565.jpg\" \/>\n<meta name=\"author\" content=\"Arnaldo Botto\" \/>\n<meta name=\"twitter:card\" content=\"summary_large_image\" \/>\n<script type=\"application\/ld+json\" class=\"yoast-schema-graph\">{\"@context\":\"https:\/\/schema.org\",\"@graph\":[{\"@type\":\"WebPage\",\"@id\":\"https:\/\/www.noticiasradioreflejos.com.ar\/2021\/llega-por-aerolineas-argentinas-el-primer-lote-del-principio-activo-para-la-fabricacion-de-vacunas\/\",\"url\":\"https:\/\/www.noticiasradioreflejos.com.ar\/2021\/llega-por-aerolineas-argentinas-el-primer-lote-del-principio-activo-para-la-fabricacion-de-vacunas\/\",\"name\":\"Llega por Aerol\u00edneas Argentinas el primer lote del principio activo para la fabricaci\u00f3n de vacunas - Noticias Radio Reflejos\",\"isPartOf\":{\"@id\":\"https:\/\/www.noticiasradioreflejos.com.ar\/2021\/#website\"},\"primaryImageOfPage\":{\"@id\":\"https:\/\/www.noticiasradioreflejos.com.ar\/2021\/llega-por-aerolineas-argentinas-el-primer-lote-del-principio-activo-para-la-fabricacion-de-vacunas\/#primaryimage\"},\"image\":{\"@id\":\"https:\/\/www.noticiasradioreflejos.com.ar\/2021\/llega-por-aerolineas-argentinas-el-primer-lote-del-principio-activo-para-la-fabricacion-de-vacunas\/#primaryimage\"},\"thumbnailUrl\":\"https:\/\/www.telam.com.ar\/advf\/imagenes\/2021\/02\/60248e14454d5_1004x565.jpg\",\"datePublished\":\"2021-06-06T21:45:51+00:00\",\"dateModified\":\"2021-06-06T21:51:00+00:00\",\"author\":{\"@id\":\"https:\/\/www.noticiasradioreflejos.com.ar\/2021\/#\/schema\/person\/ad82545263dcc5ec0996818884fd5fb1\"},\"breadcrumb\":{\"@id\":\"https:\/\/www.noticiasradioreflejos.com.ar\/2021\/llega-por-aerolineas-argentinas-el-primer-lote-del-principio-activo-para-la-fabricacion-de-vacunas\/#breadcrumb\"},\"inLanguage\":\"es\",\"potentialAction\":[{\"@type\":\"ReadAction\",\"target\":[\"https:\/\/www.noticiasradioreflejos.com.ar\/2021\/llega-por-aerolineas-argentinas-el-primer-lote-del-principio-activo-para-la-fabricacion-de-vacunas\/\"]}]},{\"@type\":\"ImageObject\",\"inLanguage\":\"es\",\"@id\":\"https:\/\/www.noticiasradioreflejos.com.ar\/2021\/llega-por-aerolineas-argentinas-el-primer-lote-del-principio-activo-para-la-fabricacion-de-vacunas\/#primaryimage\",\"url\":\"https:\/\/www.telam.com.ar\/advf\/imagenes\/2021\/02\/60248e14454d5_1004x565.jpg\",\"contentUrl\":\"https:\/\/www.telam.com.ar\/advf\/imagenes\/2021\/02\/60248e14454d5_1004x565.jpg\"},{\"@type\":\"BreadcrumbList\",\"@id\":\"https:\/\/www.noticiasradioreflejos.com.ar\/2021\/llega-por-aerolineas-argentinas-el-primer-lote-del-principio-activo-para-la-fabricacion-de-vacunas\/#breadcrumb\",\"itemListElement\":[{\"@type\":\"ListItem\",\"position\":1,\"name\":\"Portada\",\"item\":\"https:\/\/www.noticiasradioreflejos.com.ar\/2021\/\"},{\"@type\":\"ListItem\",\"position\":2,\"name\":\"Llega por Aerol\u00edneas Argentinas el primer lote del principio activo para la fabricaci\u00f3n de vacunas\"}]},{\"@type\":\"WebSite\",\"@id\":\"https:\/\/www.noticiasradioreflejos.com.ar\/2021\/#website\",\"url\":\"https:\/\/www.noticiasradioreflejos.com.ar\/2021\/\",\"name\":\"Noticias Radio Reflejos\",\"description\":\"Las noticias de mi comarca\",\"potentialAction\":[{\"@type\":\"SearchAction\",\"target\":{\"@type\":\"EntryPoint\",\"urlTemplate\":\"https:\/\/www.noticiasradioreflejos.com.ar\/2021\/?s={search_term_string}\"},\"query-input\":{\"@type\":\"PropertyValueSpecification\",\"valueRequired\":true,\"valueName\":\"search_term_string\"}}],\"inLanguage\":\"es\"},{\"@type\":\"Person\",\"@id\":\"https:\/\/www.noticiasradioreflejos.com.ar\/2021\/#\/schema\/person\/ad82545263dcc5ec0996818884fd5fb1\",\"name\":\"Arnaldo Botto\",\"image\":{\"@type\":\"ImageObject\",\"inLanguage\":\"es\",\"@id\":\"https:\/\/www.noticiasradioreflejos.com.ar\/2021\/#\/schema\/person\/image\/\",\"url\":\"https:\/\/secure.gravatar.com\/avatar\/55cb5e37c1efa326397366e6974cb338056df65cb50e7d64d1cf314e87504837?s=96&d=mm&r=g\",\"contentUrl\":\"https:\/\/secure.gravatar.com\/avatar\/55cb5e37c1efa326397366e6974cb338056df65cb50e7d64d1cf314e87504837?s=96&d=mm&r=g\",\"caption\":\"Arnaldo Botto\"},\"url\":\"https:\/\/www.noticiasradioreflejos.com.ar\/2021\/author\/arnaldo\/\"}]}<\/script>\n<!-- \/ Yoast SEO plugin. -->","yoast_head_json":{"title":"Llega por Aerol\u00edneas Argentinas el primer lote del principio activo para la fabricaci\u00f3n de vacunas - Noticias Radio Reflejos","robots":{"index":"index","follow":"follow","max-snippet":"max-snippet:-1","max-image-preview":"max-image-preview:large","max-video-preview":"max-video-preview:-1"},"canonical":"https:\/\/www.noticiasradioreflejos.com.ar\/2021\/llega-por-aerolineas-argentinas-el-primer-lote-del-principio-activo-para-la-fabricacion-de-vacunas\/","og_locale":"es_ES","og_type":"article","og_title":"Llega por Aerol\u00edneas Argentinas el primer lote del principio activo para la fabricaci\u00f3n de vacunas - Noticias Radio Reflejos","og_description":"Adem\u00e1s de las vacunas el avi\u00f3n traer\u00e1 el principio activo para que pueda comenzar a producirse la vacuna desarrollada por el Instituto Gamaleya en el Laboratorio Richmond ubicado en el partido bonaerense de Pilar, con el fin de fortalecer el Plan Estrat\u00e9gico de Vacunaci\u00f3n que despliega el Gobierno nacional en todo el pa\u00eds y ampliar [&hellip;]","og_url":"https:\/\/www.noticiasradioreflejos.com.ar\/2021\/llega-por-aerolineas-argentinas-el-primer-lote-del-principio-activo-para-la-fabricacion-de-vacunas\/","og_site_name":"Noticias Radio Reflejos","article_published_time":"2021-06-06T21:45:51+00:00","article_modified_time":"2021-06-06T21:51:00+00:00","og_image":[{"url":"https:\/\/www.telam.com.ar\/advf\/imagenes\/2021\/02\/60248e14454d5_1004x565.jpg","type":"","width":"","height":""}],"author":"Arnaldo Botto","twitter_card":"summary_large_image","schema":{"@context":"https:\/\/schema.org","@graph":[{"@type":"WebPage","@id":"https:\/\/www.noticiasradioreflejos.com.ar\/2021\/llega-por-aerolineas-argentinas-el-primer-lote-del-principio-activo-para-la-fabricacion-de-vacunas\/","url":"https:\/\/www.noticiasradioreflejos.com.ar\/2021\/llega-por-aerolineas-argentinas-el-primer-lote-del-principio-activo-para-la-fabricacion-de-vacunas\/","name":"Llega por Aerol\u00edneas Argentinas el primer lote del principio activo para la fabricaci\u00f3n de vacunas - Noticias Radio Reflejos","isPartOf":{"@id":"https:\/\/www.noticiasradioreflejos.com.ar\/2021\/#website"},"primaryImageOfPage":{"@id":"https:\/\/www.noticiasradioreflejos.com.ar\/2021\/llega-por-aerolineas-argentinas-el-primer-lote-del-principio-activo-para-la-fabricacion-de-vacunas\/#primaryimage"},"image":{"@id":"https:\/\/www.noticiasradioreflejos.com.ar\/2021\/llega-por-aerolineas-argentinas-el-primer-lote-del-principio-activo-para-la-fabricacion-de-vacunas\/#primaryimage"},"thumbnailUrl":"https:\/\/www.telam.com.ar\/advf\/imagenes\/2021\/02\/60248e14454d5_1004x565.jpg","datePublished":"2021-06-06T21:45:51+00:00","dateModified":"2021-06-06T21:51:00+00:00","author":{"@id":"https:\/\/www.noticiasradioreflejos.com.ar\/2021\/#\/schema\/person\/ad82545263dcc5ec0996818884fd5fb1"},"breadcrumb":{"@id":"https:\/\/www.noticiasradioreflejos.com.ar\/2021\/llega-por-aerolineas-argentinas-el-primer-lote-del-principio-activo-para-la-fabricacion-de-vacunas\/#breadcrumb"},"inLanguage":"es","potentialAction":[{"@type":"ReadAction","target":["https:\/\/www.noticiasradioreflejos.com.ar\/2021\/llega-por-aerolineas-argentinas-el-primer-lote-del-principio-activo-para-la-fabricacion-de-vacunas\/"]}]},{"@type":"ImageObject","inLanguage":"es","@id":"https:\/\/www.noticiasradioreflejos.com.ar\/2021\/llega-por-aerolineas-argentinas-el-primer-lote-del-principio-activo-para-la-fabricacion-de-vacunas\/#primaryimage","url":"https:\/\/www.telam.com.ar\/advf\/imagenes\/2021\/02\/60248e14454d5_1004x565.jpg","contentUrl":"https:\/\/www.telam.com.ar\/advf\/imagenes\/2021\/02\/60248e14454d5_1004x565.jpg"},{"@type":"BreadcrumbList","@id":"https:\/\/www.noticiasradioreflejos.com.ar\/2021\/llega-por-aerolineas-argentinas-el-primer-lote-del-principio-activo-para-la-fabricacion-de-vacunas\/#breadcrumb","itemListElement":[{"@type":"ListItem","position":1,"name":"Portada","item":"https:\/\/www.noticiasradioreflejos.com.ar\/2021\/"},{"@type":"ListItem","position":2,"name":"Llega por Aerol\u00edneas Argentinas el primer lote del principio activo para la fabricaci\u00f3n de vacunas"}]},{"@type":"WebSite","@id":"https:\/\/www.noticiasradioreflejos.com.ar\/2021\/#website","url":"https:\/\/www.noticiasradioreflejos.com.ar\/2021\/","name":"Noticias Radio Reflejos","description":"Las noticias de mi comarca","potentialAction":[{"@type":"SearchAction","target":{"@type":"EntryPoint","urlTemplate":"https:\/\/www.noticiasradioreflejos.com.ar\/2021\/?s={search_term_string}"},"query-input":{"@type":"PropertyValueSpecification","valueRequired":true,"valueName":"search_term_string"}}],"inLanguage":"es"},{"@type":"Person","@id":"https:\/\/www.noticiasradioreflejos.com.ar\/2021\/#\/schema\/person\/ad82545263dcc5ec0996818884fd5fb1","name":"Arnaldo Botto","image":{"@type":"ImageObject","inLanguage":"es","@id":"https:\/\/www.noticiasradioreflejos.com.ar\/2021\/#\/schema\/person\/image\/","url":"https:\/\/secure.gravatar.com\/avatar\/55cb5e37c1efa326397366e6974cb338056df65cb50e7d64d1cf314e87504837?s=96&d=mm&r=g","contentUrl":"https:\/\/secure.gravatar.com\/avatar\/55cb5e37c1efa326397366e6974cb338056df65cb50e7d64d1cf314e87504837?s=96&d=mm&r=g","caption":"Arnaldo Botto"},"url":"https:\/\/www.noticiasradioreflejos.com.ar\/2021\/author\/arnaldo\/"}]}},"_links":{"self":[{"href":"https:\/\/www.noticiasradioreflejos.com.ar\/2021\/wp-json\/wp\/v2\/posts\/58091","targetHints":{"allow":["GET"]}}],"collection":[{"href":"https:\/\/www.noticiasradioreflejos.com.ar\/2021\/wp-json\/wp\/v2\/posts"}],"about":[{"href":"https:\/\/www.noticiasradioreflejos.com.ar\/2021\/wp-json\/wp\/v2\/types\/post"}],"author":[{"embeddable":true,"href":"https:\/\/www.noticiasradioreflejos.com.ar\/2021\/wp-json\/wp\/v2\/users\/3"}],"replies":[{"embeddable":true,"href":"https:\/\/www.noticiasradioreflejos.com.ar\/2021\/wp-json\/wp\/v2\/comments?post=58091"}],"version-history":[{"count":3,"href":"https:\/\/www.noticiasradioreflejos.com.ar\/2021\/wp-json\/wp\/v2\/posts\/58091\/revisions"}],"predecessor-version":[{"id":58095,"href":"https:\/\/www.noticiasradioreflejos.com.ar\/2021\/wp-json\/wp\/v2\/posts\/58091\/revisions\/58095"}],"wp:attachment":[{"href":"https:\/\/www.noticiasradioreflejos.com.ar\/2021\/wp-json\/wp\/v2\/media?parent=58091"}],"wp:term":[{"taxonomy":"category","embeddable":true,"href":"https:\/\/www.noticiasradioreflejos.com.ar\/2021\/wp-json\/wp\/v2\/categories?post=58091"},{"taxonomy":"post_tag","embeddable":true,"href":"https:\/\/www.noticiasradioreflejos.com.ar\/2021\/wp-json\/wp\/v2\/tags?post=58091"}],"curies":[{"name":"wp","href":"https:\/\/api.w.org\/{rel}","templated":true}]}}