{"id":58088,"date":"2021-06-06T21:42:17","date_gmt":"2021-06-06T21:42:17","guid":{"rendered":"http:\/\/www.noticiasradioreflejos.com.ar\/2021\/?p=58088"},"modified":"2021-06-06T21:42:17","modified_gmt":"2021-06-06T21:42:17","slug":"la-columna-de-guille-fosforo-y-la-mh-segunda-parte","status":"publish","type":"post","link":"https:\/\/www.noticiasradioreflejos.com.ar\/2021\/la-columna-de-guille-fosforo-y-la-mh-segunda-parte\/","title":{"rendered":"La Columna De Guille &#8211; F\u00f3sforo y La MH, segunda parte"},"content":{"rendered":"<p>F\u00f3sforo es un m\u00fasico marplatense que reside en Monte Hermoso, con m\u00e1s de quince a\u00f1os de carrera, tres discos de estudio, presentaciones en estadios y en bares, solo o con su banda, F\u00f3sforo navega los r\u00edos dionisiacos del blues y del Rock con su letras dulces y voz \u00e1spera&#8230;<!--more--><br \/>\n<a title=\"WhatsApp Image 2021-06-02 at 15.56.09\" href=\"https:\/\/www.flickr.com\/photos\/182279889@N02\/51230566774\/in\/dateposted-public\/\" data-flickr-embed=\"true\"><img loading=\"lazy\" decoding=\"async\" src=\"https:\/\/live.staticflickr.com\/65535\/51230566774_cda1d3eacf_o.jpg\" alt=\"WhatsApp Image 2021-06-02 at 15.56.09\" width=\"320\" height=\"320\" \/><\/a><script async src=\"\/\/embedr.flickr.com\/assets\/client-code.js\" charset=\"utf-8\"><\/script><\/p>\n<p>La banda integrada por Teo Arribas (Guitarra) de Monte Hermoso, Pulpo Oca\u00f1o (Guitarra) de Bah\u00eda Blanca, Boris Rolheiser (Bajo) de Torquinst, Juan M. Panzzita, Juanchi (Bater\u00eda) de Torquinst, presenta su tercer disco Con Los Ojos Cerrado, grabado en 2020 cuenta con la canci\u00f3n ganadora del Certamen Cantacomuna Argentina, certamen nacional d\u00f3nde participaron m\u00e1s de 300 bandas y m\u00fasicos de toda Argentina con un destacado jurado como Eduardo de La Puente (Rock &amp; Pop) y El C\u00f3ndor Sbarbati (Bersuit Vergarabat)<br \/>\nF\u00f3sforo, nos presenta la MH en Cantar y Tocar (Con Los Ojos Cerrados) y luego Todo Un R\u00edo&#8230; En este nuevo disco<br \/>\nInvitamos a escuchar a disfrutar de F\u00f3sforo y La MH<\/p>\n<p><iframe loading=\"lazy\" src=\"https:\/\/w.soundcloud.com\/player\/?url=https%3A\/\/api.soundcloud.com\/tracks\/1063190068&amp;color=%23ff5500&amp;auto_play=false&amp;hide_related=false&amp;show_comments=true&amp;show_user=true&amp;show_reposts=false&amp;show_teaser=true\" width=\"100%\" height=\"166\" frameborder=\"no\" scrolling=\"no\"><\/iframe><\/p>\n<div style=\"font-size: 10px; color: #cccccc; line-break: anywhere; word-break: normal; overflow: hidden; white-space: nowrap; text-overflow: ellipsis; font-family: Interstate,Lucida Grande,Lucida Sans Unicode,Lucida Sans,Garuda,Verdana,Tahoma,sans-serif; font-weight: 100;\"><a style=\"color: #cccccc; text-decoration: none;\" title=\"fmreflejos 103.7\" href=\"https:\/\/soundcloud.com\/fmreflejos-103-7\" target=\"_blank\" rel=\"noopener\">fmreflejos 103.7<\/a> \u00b7 <a style=\"color: #cccccc; text-decoration: none;\" title=\"La Columna De Guille - Fosforo 2\" href=\"https:\/\/soundcloud.com\/fmreflejos-103-7\/la-columna-de-guille-fosforo-2\" target=\"_blank\" rel=\"noopener\">La Columna De Guille &#8211; Fosforo 2<\/a><\/div>\n<p><a title=\"WhatsApp Image 2021-06-02 at 15.56.08\" href=\"https:\/\/www.flickr.com\/photos\/182279889@N02\/51230011378\/in\/dateposted-public\/\" data-flickr-embed=\"true\"><img loading=\"lazy\" decoding=\"async\" src=\"https:\/\/live.staticflickr.com\/65535\/51230011378_ba18851131_o.jpg\" alt=\"WhatsApp Image 2021-06-02 at 15.56.08\" width=\"774\" height=\"774\" \/><\/a><script async src=\"\/\/embedr.flickr.com\/assets\/client-code.js\" charset=\"utf-8\"><\/script><\/p>\n","protected":false},"excerpt":{"rendered":"<p>F\u00f3sforo es un m\u00fasico marplatense que reside en Monte Hermoso, con m\u00e1s de quince a\u00f1os de carrera, tres discos de estudio, presentaciones en estadios y en bares, solo o con su banda, F\u00f3sforo navega los r\u00edos dionisiacos del blues y del Rock con su letras dulces y voz \u00e1spera&#8230;<\/p>\n","protected":false},"author":3,"featured_media":0,"comment_status":"closed","ping_status":"closed","sticky":false,"template":"","format":"standard","meta":{"footnotes":""},"categories":[35,26],"tags":[],"class_list":["post-58088","post","type-post","status-publish","format-standard","hentry","category-cultura","category-sociedad"],"yoast_head":"<!-- This site is optimized with the Yoast SEO plugin v25.9 - https:\/\/yoast.com\/wordpress\/plugins\/seo\/ -->\n<title>La Columna De Guille - F\u00f3sforo y La MH, segunda parte - Noticias Radio Reflejos<\/title>\n<meta name=\"robots\" content=\"index, follow, max-snippet:-1, max-image-preview:large, max-video-preview:-1\" \/>\n<link rel=\"canonical\" href=\"https:\/\/www.noticiasradioreflejos.com.ar\/2021\/la-columna-de-guille-fosforo-y-la-mh-segunda-parte\/\" \/>\n<meta property=\"og:locale\" content=\"es_ES\" \/>\n<meta property=\"og:type\" content=\"article\" \/>\n<meta property=\"og:title\" content=\"La Columna De Guille - F\u00f3sforo y La MH, segunda parte - Noticias Radio Reflejos\" \/>\n<meta property=\"og:description\" content=\"F\u00f3sforo es un m\u00fasico marplatense que reside en Monte Hermoso, con m\u00e1s de quince a\u00f1os de carrera, tres discos de estudio, presentaciones en estadios y en bares, solo o con su banda, F\u00f3sforo navega los r\u00edos dionisiacos del blues y del Rock con su letras dulces y voz \u00e1spera&#8230;\" \/>\n<meta property=\"og:url\" content=\"https:\/\/www.noticiasradioreflejos.com.ar\/2021\/la-columna-de-guille-fosforo-y-la-mh-segunda-parte\/\" \/>\n<meta property=\"og:site_name\" content=\"Noticias Radio Reflejos\" \/>\n<meta property=\"article:published_time\" content=\"2021-06-06T21:42:17+00:00\" \/>\n<meta property=\"og:image\" content=\"https:\/\/live.staticflickr.com\/65535\/51230566774_cda1d3eacf_o.jpg\" \/>\n<meta name=\"author\" content=\"Arnaldo Botto\" \/>\n<meta name=\"twitter:card\" content=\"summary_large_image\" \/>\n<script type=\"application\/ld+json\" class=\"yoast-schema-graph\">{\"@context\":\"https:\/\/schema.org\",\"@graph\":[{\"@type\":\"WebPage\",\"@id\":\"https:\/\/www.noticiasradioreflejos.com.ar\/2021\/la-columna-de-guille-fosforo-y-la-mh-segunda-parte\/\",\"url\":\"https:\/\/www.noticiasradioreflejos.com.ar\/2021\/la-columna-de-guille-fosforo-y-la-mh-segunda-parte\/\",\"name\":\"La Columna De Guille - F\u00f3sforo y La MH, segunda parte - Noticias Radio Reflejos\",\"isPartOf\":{\"@id\":\"https:\/\/www.noticiasradioreflejos.com.ar\/2021\/#website\"},\"primaryImageOfPage\":{\"@id\":\"https:\/\/www.noticiasradioreflejos.com.ar\/2021\/la-columna-de-guille-fosforo-y-la-mh-segunda-parte\/#primaryimage\"},\"image\":{\"@id\":\"https:\/\/www.noticiasradioreflejos.com.ar\/2021\/la-columna-de-guille-fosforo-y-la-mh-segunda-parte\/#primaryimage\"},\"thumbnailUrl\":\"https:\/\/live.staticflickr.com\/65535\/51230566774_cda1d3eacf_o.jpg\",\"datePublished\":\"2021-06-06T21:42:17+00:00\",\"author\":{\"@id\":\"https:\/\/www.noticiasradioreflejos.com.ar\/2021\/#\/schema\/person\/ad82545263dcc5ec0996818884fd5fb1\"},\"breadcrumb\":{\"@id\":\"https:\/\/www.noticiasradioreflejos.com.ar\/2021\/la-columna-de-guille-fosforo-y-la-mh-segunda-parte\/#breadcrumb\"},\"inLanguage\":\"es\",\"potentialAction\":[{\"@type\":\"ReadAction\",\"target\":[\"https:\/\/www.noticiasradioreflejos.com.ar\/2021\/la-columna-de-guille-fosforo-y-la-mh-segunda-parte\/\"]}]},{\"@type\":\"ImageObject\",\"inLanguage\":\"es\",\"@id\":\"https:\/\/www.noticiasradioreflejos.com.ar\/2021\/la-columna-de-guille-fosforo-y-la-mh-segunda-parte\/#primaryimage\",\"url\":\"https:\/\/live.staticflickr.com\/65535\/51230566774_cda1d3eacf_o.jpg\",\"contentUrl\":\"https:\/\/live.staticflickr.com\/65535\/51230566774_cda1d3eacf_o.jpg\"},{\"@type\":\"BreadcrumbList\",\"@id\":\"https:\/\/www.noticiasradioreflejos.com.ar\/2021\/la-columna-de-guille-fosforo-y-la-mh-segunda-parte\/#breadcrumb\",\"itemListElement\":[{\"@type\":\"ListItem\",\"position\":1,\"name\":\"Portada\",\"item\":\"https:\/\/www.noticiasradioreflejos.com.ar\/2021\/\"},{\"@type\":\"ListItem\",\"position\":2,\"name\":\"La Columna De Guille &#8211; F\u00f3sforo y La MH, segunda parte\"}]},{\"@type\":\"WebSite\",\"@id\":\"https:\/\/www.noticiasradioreflejos.com.ar\/2021\/#website\",\"url\":\"https:\/\/www.noticiasradioreflejos.com.ar\/2021\/\",\"name\":\"Noticias Radio Reflejos\",\"description\":\"Las noticias de mi comarca\",\"potentialAction\":[{\"@type\":\"SearchAction\",\"target\":{\"@type\":\"EntryPoint\",\"urlTemplate\":\"https:\/\/www.noticiasradioreflejos.com.ar\/2021\/?s={search_term_string}\"},\"query-input\":{\"@type\":\"PropertyValueSpecification\",\"valueRequired\":true,\"valueName\":\"search_term_string\"}}],\"inLanguage\":\"es\"},{\"@type\":\"Person\",\"@id\":\"https:\/\/www.noticiasradioreflejos.com.ar\/2021\/#\/schema\/person\/ad82545263dcc5ec0996818884fd5fb1\",\"name\":\"Arnaldo Botto\",\"image\":{\"@type\":\"ImageObject\",\"inLanguage\":\"es\",\"@id\":\"https:\/\/www.noticiasradioreflejos.com.ar\/2021\/#\/schema\/person\/image\/\",\"url\":\"https:\/\/secure.gravatar.com\/avatar\/55cb5e37c1efa326397366e6974cb338056df65cb50e7d64d1cf314e87504837?s=96&d=mm&r=g\",\"contentUrl\":\"https:\/\/secure.gravatar.com\/avatar\/55cb5e37c1efa326397366e6974cb338056df65cb50e7d64d1cf314e87504837?s=96&d=mm&r=g\",\"caption\":\"Arnaldo Botto\"},\"url\":\"https:\/\/www.noticiasradioreflejos.com.ar\/2021\/author\/arnaldo\/\"}]}<\/script>\n<!-- \/ Yoast SEO plugin. -->","yoast_head_json":{"title":"La Columna De Guille - F\u00f3sforo y La MH, segunda parte - Noticias Radio Reflejos","robots":{"index":"index","follow":"follow","max-snippet":"max-snippet:-1","max-image-preview":"max-image-preview:large","max-video-preview":"max-video-preview:-1"},"canonical":"https:\/\/www.noticiasradioreflejos.com.ar\/2021\/la-columna-de-guille-fosforo-y-la-mh-segunda-parte\/","og_locale":"es_ES","og_type":"article","og_title":"La Columna De Guille - F\u00f3sforo y La MH, segunda parte - Noticias Radio Reflejos","og_description":"F\u00f3sforo es un m\u00fasico marplatense que reside en Monte Hermoso, con m\u00e1s de quince a\u00f1os de carrera, tres discos de estudio, presentaciones en estadios y en bares, solo o con su banda, F\u00f3sforo navega los r\u00edos dionisiacos del blues y del Rock con su letras dulces y voz \u00e1spera&#8230;","og_url":"https:\/\/www.noticiasradioreflejos.com.ar\/2021\/la-columna-de-guille-fosforo-y-la-mh-segunda-parte\/","og_site_name":"Noticias Radio Reflejos","article_published_time":"2021-06-06T21:42:17+00:00","og_image":[{"url":"https:\/\/live.staticflickr.com\/65535\/51230566774_cda1d3eacf_o.jpg","type":"","width":"","height":""}],"author":"Arnaldo Botto","twitter_card":"summary_large_image","schema":{"@context":"https:\/\/schema.org","@graph":[{"@type":"WebPage","@id":"https:\/\/www.noticiasradioreflejos.com.ar\/2021\/la-columna-de-guille-fosforo-y-la-mh-segunda-parte\/","url":"https:\/\/www.noticiasradioreflejos.com.ar\/2021\/la-columna-de-guille-fosforo-y-la-mh-segunda-parte\/","name":"La Columna De Guille - F\u00f3sforo y La MH, segunda parte - Noticias Radio Reflejos","isPartOf":{"@id":"https:\/\/www.noticiasradioreflejos.com.ar\/2021\/#website"},"primaryImageOfPage":{"@id":"https:\/\/www.noticiasradioreflejos.com.ar\/2021\/la-columna-de-guille-fosforo-y-la-mh-segunda-parte\/#primaryimage"},"image":{"@id":"https:\/\/www.noticiasradioreflejos.com.ar\/2021\/la-columna-de-guille-fosforo-y-la-mh-segunda-parte\/#primaryimage"},"thumbnailUrl":"https:\/\/live.staticflickr.com\/65535\/51230566774_cda1d3eacf_o.jpg","datePublished":"2021-06-06T21:42:17+00:00","author":{"@id":"https:\/\/www.noticiasradioreflejos.com.ar\/2021\/#\/schema\/person\/ad82545263dcc5ec0996818884fd5fb1"},"breadcrumb":{"@id":"https:\/\/www.noticiasradioreflejos.com.ar\/2021\/la-columna-de-guille-fosforo-y-la-mh-segunda-parte\/#breadcrumb"},"inLanguage":"es","potentialAction":[{"@type":"ReadAction","target":["https:\/\/www.noticiasradioreflejos.com.ar\/2021\/la-columna-de-guille-fosforo-y-la-mh-segunda-parte\/"]}]},{"@type":"ImageObject","inLanguage":"es","@id":"https:\/\/www.noticiasradioreflejos.com.ar\/2021\/la-columna-de-guille-fosforo-y-la-mh-segunda-parte\/#primaryimage","url":"https:\/\/live.staticflickr.com\/65535\/51230566774_cda1d3eacf_o.jpg","contentUrl":"https:\/\/live.staticflickr.com\/65535\/51230566774_cda1d3eacf_o.jpg"},{"@type":"BreadcrumbList","@id":"https:\/\/www.noticiasradioreflejos.com.ar\/2021\/la-columna-de-guille-fosforo-y-la-mh-segunda-parte\/#breadcrumb","itemListElement":[{"@type":"ListItem","position":1,"name":"Portada","item":"https:\/\/www.noticiasradioreflejos.com.ar\/2021\/"},{"@type":"ListItem","position":2,"name":"La Columna De Guille &#8211; F\u00f3sforo y La MH, segunda parte"}]},{"@type":"WebSite","@id":"https:\/\/www.noticiasradioreflejos.com.ar\/2021\/#website","url":"https:\/\/www.noticiasradioreflejos.com.ar\/2021\/","name":"Noticias Radio Reflejos","description":"Las noticias de mi comarca","potentialAction":[{"@type":"SearchAction","target":{"@type":"EntryPoint","urlTemplate":"https:\/\/www.noticiasradioreflejos.com.ar\/2021\/?s={search_term_string}"},"query-input":{"@type":"PropertyValueSpecification","valueRequired":true,"valueName":"search_term_string"}}],"inLanguage":"es"},{"@type":"Person","@id":"https:\/\/www.noticiasradioreflejos.com.ar\/2021\/#\/schema\/person\/ad82545263dcc5ec0996818884fd5fb1","name":"Arnaldo Botto","image":{"@type":"ImageObject","inLanguage":"es","@id":"https:\/\/www.noticiasradioreflejos.com.ar\/2021\/#\/schema\/person\/image\/","url":"https:\/\/secure.gravatar.com\/avatar\/55cb5e37c1efa326397366e6974cb338056df65cb50e7d64d1cf314e87504837?s=96&d=mm&r=g","contentUrl":"https:\/\/secure.gravatar.com\/avatar\/55cb5e37c1efa326397366e6974cb338056df65cb50e7d64d1cf314e87504837?s=96&d=mm&r=g","caption":"Arnaldo Botto"},"url":"https:\/\/www.noticiasradioreflejos.com.ar\/2021\/author\/arnaldo\/"}]}},"_links":{"self":[{"href":"https:\/\/www.noticiasradioreflejos.com.ar\/2021\/wp-json\/wp\/v2\/posts\/58088","targetHints":{"allow":["GET"]}}],"collection":[{"href":"https:\/\/www.noticiasradioreflejos.com.ar\/2021\/wp-json\/wp\/v2\/posts"}],"about":[{"href":"https:\/\/www.noticiasradioreflejos.com.ar\/2021\/wp-json\/wp\/v2\/types\/post"}],"author":[{"embeddable":true,"href":"https:\/\/www.noticiasradioreflejos.com.ar\/2021\/wp-json\/wp\/v2\/users\/3"}],"replies":[{"embeddable":true,"href":"https:\/\/www.noticiasradioreflejos.com.ar\/2021\/wp-json\/wp\/v2\/comments?post=58088"}],"version-history":[{"count":1,"href":"https:\/\/www.noticiasradioreflejos.com.ar\/2021\/wp-json\/wp\/v2\/posts\/58088\/revisions"}],"predecessor-version":[{"id":58090,"href":"https:\/\/www.noticiasradioreflejos.com.ar\/2021\/wp-json\/wp\/v2\/posts\/58088\/revisions\/58090"}],"wp:attachment":[{"href":"https:\/\/www.noticiasradioreflejos.com.ar\/2021\/wp-json\/wp\/v2\/media?parent=58088"}],"wp:term":[{"taxonomy":"category","embeddable":true,"href":"https:\/\/www.noticiasradioreflejos.com.ar\/2021\/wp-json\/wp\/v2\/categories?post=58088"},{"taxonomy":"post_tag","embeddable":true,"href":"https:\/\/www.noticiasradioreflejos.com.ar\/2021\/wp-json\/wp\/v2\/tags?post=58088"}],"curies":[{"name":"wp","href":"https:\/\/api.w.org\/{rel}","templated":true}]}}