{"id":58064,"date":"2021-06-05T16:02:08","date_gmt":"2021-06-05T16:02:08","guid":{"rendered":"http:\/\/www.noticiasradioreflejos.com.ar\/2021\/?p=58064"},"modified":"2021-06-05T16:02:08","modified_gmt":"2021-06-05T16:02:08","slug":"las-vacunas-de-segunda-generacion-el-puntapie-para-un-nuevo-modelo-de-produccion-en-la-region","status":"publish","type":"post","link":"https:\/\/www.noticiasradioreflejos.com.ar\/2021\/las-vacunas-de-segunda-generacion-el-puntapie-para-un-nuevo-modelo-de-produccion-en-la-region\/","title":{"rendered":"Las vacunas de segunda generaci\u00f3n, \u00abel puntapi\u00e9\u00bb para un nuevo modelo de producci\u00f3n en la regi\u00f3n"},"content":{"rendered":"<p>Se trata de un tipo de vacuna que aparece en una segunda etapa y es m\u00e1s sofisticada, ya que indujo una respuesta inmune muy potente en laboratorio. La compa\u00f1\u00eda biotecnol\u00f3gica Vaxinz recientemente firm\u00f3 un acuerdo con la Fundaci\u00f3n Instituto Leloir y el Conicet para desarrollarlas. <!--more--><\/p>\n<p><iframe loading=\"lazy\" title=\"YouTube video player\" src=\"https:\/\/www.youtube.com\/embed\/QK3gXOubyZ4\" width=\"646\" height=\"363\" frameborder=\"0\" allowfullscreen=\"allowfullscreen\"><\/iframe><\/p>\n<div class=\"main-content-block\">\n<div class=\"main-box clearfix\">\n<div class=\"wrapper-main-section clearfix\">\n<div class=\"wrapper-editable-content\">\n<div class=\"editable-content clearfix\">\n<div><\/div>\n<div class=\"epigrafe\">Avanza el desarrollo de la vacuna de segunda generaci\u00f3n contra el coronavirus en el Instituto Leloir<\/div>\n<p>Juli\u00e1n Maggini, director m\u00e9dico de la compa\u00f1\u00eda biotecnol\u00f3gica Vaxinz que recientemente firm\u00f3 un acuerdo con la Fundaci\u00f3n Instituto Leloir y el Conicet para desarrollar una vacuna de segunda generaci\u00f3n contra el coronavirus, afirm\u00f3 que este convenio \u00abdeber\u00eda ser el puntapi\u00e9 para desarrollar este modelo de producci\u00f3n cient\u00edfica\u00bb en toda la regi\u00f3n.<\/p>\n<p>\u00abEs una prueba de concepto que estamos haciendo, estamos trabajando en un modelo nuevo porque la situaci\u00f3n de pandemia nos oblig\u00f3, y esto deber\u00eda resignificar un poco el concepto de producci\u00f3n cient\u00edfica, desarrollo tecnol\u00f3gico y de econom\u00eda del conocimiento\u00bb, dijo Maggini en di\u00e1logo con T\u00e9lam audiovisual.<\/p>\n<div id=\"image\" class=\"image\">\n<p><img decoding=\"async\" title=\"Vaxinz es una compa\u00f1\u00eda biotecnol\u00f3gica argentina que se constituy\u00f3 para el desarrollo de esta vacuna. Foto: Florencia Downes.\" src=\"https:\/\/www.telam.com.ar\/advf\/imagenes\/2021\/06\/60bb985c0e4a1_1004x565.jpg\" alt=\"Vaxinz es una compa\u00f1\u00eda biotecnol\u00f3gica argentina que se constituy\u00f3 para el desarrollo de esta vacuna. Foto: Florencia Downes.\" \/><\/p>\n<div class=\"epigrafe\">Vaxinz es una compa\u00f1\u00eda biotecnol\u00f3gica argentina que se constituy\u00f3 para el desarrollo de esta vacuna. Foto: Florencia Downes.<\/div>\n<\/div>\n<blockquote class=\"small-left\"><p>\u00abEstamos trabajando en un modelo nuevo porque la situaci\u00f3n de pandemia nos oblig\u00f3, y esto deber\u00eda resignificar un poco el concepto de producci\u00f3n cient\u00edfica, desarrollo tecnol\u00f3gico y de econom\u00eda del conocimiento\u00bb<\/p>\n<div class=\"sign\">JULI\u00c1N MAGGINI<\/div>\n<\/blockquote>\n<p>El director m\u00e9dico sostuvo que \u00aben Latinoam\u00e9rica y la Argentina tenemos las capacidades cient\u00edficas que necesitamos, las capacidades tecnol\u00f3gicas, la infraestructura, y las farmac\u00e9uticas\u00bb, y asegur\u00f3 que el pa\u00eds \u00abnecesita de estos enlaces entre econom\u00edas de inversi\u00f3n temprana, de investigaci\u00f3n y desarrollo, y grupos cient\u00edficos\u00bb.<\/p>\n<p>Vaxinz es una compa\u00f1\u00eda biotecnol\u00f3gica argentina que se constituy\u00f3 para el desarrollo de esta vacuna de segunda generaci\u00f3n hace un a\u00f1o y medio.<\/p>\n<p>Se trata de un tipo de vacuna que aparece en una segunda etapa y es m\u00e1s sofisticada contra el coronavirus, ya que indujo una respuesta inmune muy potente en laboratorio.<\/p>\n<p>\u00abTomamos la idea del grupo del laboratorio del doctor Osvaldo Podhajcer (coordinador del proyecto, jefe del Laboratorio de Terapia Molecular y Celular (LTMC) de la Fundaci\u00f3n Instituto Leloir e investigador superior del Conicet) y entramos en la fase m\u00e1s temprana del desarrollo en el laboratorio, acompa\u00f1ando todo lo que va a ser el progreso de la tecnolog\u00eda de la vacuna\u00bb, explic\u00f3 Maggini.<\/p>\n<div id=\"image\" class=\"image\">\n<p><img decoding=\"async\" title=\"Se trata de un tipo de vacuna que aparece en una segunda etapa y es m\u00e1s sofisticada contra el coronavirus. Foto: Florencia Downes.\" src=\"https:\/\/www.telam.com.ar\/advf\/imagenes\/2021\/06\/60bb985bd8263_1004x565.jpg\" alt=\"Se trata de un tipo de vacuna que aparece en una segunda etapa y es m\u00e1s sofisticada contra el coronavirus. Foto: Florencia Downes.\" \/><\/p>\n<div class=\"epigrafe\">Se trata de un tipo de vacuna que aparece en una segunda etapa y es m\u00e1s sofisticada contra el coronavirus. Foto: Florencia Downes.<\/div>\n<\/div>\n<p>En este sentido, indic\u00f3 que Vaxinz \u00abcongenia la din\u00e1mica de un laboratorio investigaciones cient\u00edficas con un objetivo farmac\u00e9utico, unimos las piezas para trasladar el conocimiento que se genera en el laboratorio para transformarlo en una soluci\u00f3n que pueda llegar al mercado y ser una vacuna para la regi\u00f3n\u00bb.<\/p>\n<p>Con respecto a la novedad de la inversi\u00f3n temprana en la regi\u00f3n, Maggini se\u00f1al\u00f3 que \u00abes algo raro para esta latitud, pero no es algo tan alocado si uno lo piensa\u00bb, y remarc\u00f3 que por las condiciones que impone la pandemia es necesario \u00abfuncionar de esta manera\u00bb.<\/p>\n<div id=\"image\" class=\"image\">\n<p><img decoding=\"async\" title=\"En los pr\u00f3ximos meses, este &quot;modelo de trabajo colaborativo en red con distintos centros&quot; cumplir\u00e1 la etapa de an\u00e1lisis precl\u00ednicos regulatorios. Foto: Florencia Downes.\" src=\"https:\/\/www.telam.com.ar\/advf\/imagenes\/2021\/06\/60bb985badabb_1004x565.jpg\" alt=\"En los pr\u00f3ximos meses, este &quot;modelo de trabajo colaborativo en red con distintos centros&quot; cumplir\u00e1 la etapa de an\u00e1lisis precl\u00ednicos regulatorios. Foto: Florencia Downes.\" \/><\/p>\n<div class=\"epigrafe\">En los pr\u00f3ximos meses, este \u00abmodelo de trabajo colaborativo en red con distintos centros\u00bb cumplir\u00e1 la etapa de an\u00e1lisis precl\u00ednicos regulatorios. Foto: Florencia Downes.<\/div>\n<\/div>\n<p>A su vez, asegur\u00f3 que encuentra \u00abmucho valor en trabajar junto con el cient\u00edfico\u00bb, ya que permite \u00abmitigar el riesgo desde una etapa muy temprana\u00bb.<\/p>\n<p>En los pr\u00f3ximos meses, este \u00abmodelo de trabajo colaborativo en red con distintos centros\u00bb cumplir\u00e1 la etapa de an\u00e1lisis precl\u00ednicos regulatorios y, a partir de ah\u00ed, se obtendr\u00e1 \u00abun producto que nos posicionar\u00e1 de una manera distinta para transaccionar con estados\u00bb, finaliz\u00f3 Maggini.<\/p>\n<div id=\"image\" class=\"image\">\n<p><img decoding=\"async\" title=\"Maggini: &quot;En Latinoam\u00e9rica y la Argentina tenemos las capacidades cient\u00edficas que necesitamos&quot;. Foto: Florencia Downes.\" src=\"https:\/\/www.telam.com.ar\/advf\/imagenes\/2021\/06\/60bb97af6f12a_1004x565.jpg\" alt=\"Maggini: &quot;En Latinoam\u00e9rica y la Argentina tenemos las capacidades cient\u00edficas que necesitamos&quot;. Foto: Florencia Downes.\" \/><\/p>\n<div class=\"epigrafe\">Maggini: \u00abEn Latinoam\u00e9rica y la Argentina tenemos las capacidades cient\u00edficas que necesitamos\u00bb. Foto: Florencia Downes.<\/div>\n<\/div>\n<\/div>\n<\/div>\n<\/div>\n<\/div>\n<\/div>\n","protected":false},"excerpt":{"rendered":"<p>Se trata de un tipo de vacuna que aparece en una segunda etapa y es m\u00e1s sofisticada, ya que indujo una respuesta inmune muy potente en laboratorio. La compa\u00f1\u00eda biotecnol\u00f3gica Vaxinz recientemente firm\u00f3 un acuerdo con la Fundaci\u00f3n Instituto Leloir y el Conicet para desarrollarlas.<\/p>\n","protected":false},"author":3,"featured_media":0,"comment_status":"closed","ping_status":"closed","sticky":false,"template":"","format":"standard","meta":{"footnotes":""},"categories":[46,30],"tags":[],"class_list":["post-58064","post","type-post","status-publish","format-standard","hentry","category-ciencia-y-tecnologia","category-salud"],"yoast_head":"<!-- This site is optimized with the Yoast SEO plugin v25.9 - https:\/\/yoast.com\/wordpress\/plugins\/seo\/ -->\n<title>Las vacunas de segunda generaci\u00f3n, &quot;el puntapi\u00e9&quot; para un nuevo modelo de producci\u00f3n en la regi\u00f3n - Noticias Radio Reflejos<\/title>\n<meta name=\"robots\" content=\"index, follow, max-snippet:-1, max-image-preview:large, max-video-preview:-1\" \/>\n<link rel=\"canonical\" href=\"https:\/\/www.noticiasradioreflejos.com.ar\/2021\/las-vacunas-de-segunda-generacion-el-puntapie-para-un-nuevo-modelo-de-produccion-en-la-region\/\" \/>\n<meta property=\"og:locale\" content=\"es_ES\" \/>\n<meta property=\"og:type\" content=\"article\" \/>\n<meta property=\"og:title\" content=\"Las vacunas de segunda generaci\u00f3n, &quot;el puntapi\u00e9&quot; para un nuevo modelo de producci\u00f3n en la regi\u00f3n - Noticias Radio Reflejos\" \/>\n<meta property=\"og:description\" content=\"Se trata de un tipo de vacuna que aparece en una segunda etapa y es m\u00e1s sofisticada, ya que indujo una respuesta inmune muy potente en laboratorio. La compa\u00f1\u00eda biotecnol\u00f3gica Vaxinz recientemente firm\u00f3 un acuerdo con la Fundaci\u00f3n Instituto Leloir y el Conicet para desarrollarlas.\" \/>\n<meta property=\"og:url\" content=\"https:\/\/www.noticiasradioreflejos.com.ar\/2021\/las-vacunas-de-segunda-generacion-el-puntapie-para-un-nuevo-modelo-de-produccion-en-la-region\/\" \/>\n<meta property=\"og:site_name\" content=\"Noticias Radio Reflejos\" \/>\n<meta property=\"article:published_time\" content=\"2021-06-05T16:02:08+00:00\" \/>\n<meta property=\"og:image\" content=\"https:\/\/www.telam.com.ar\/advf\/imagenes\/2021\/06\/60bb985c0e4a1_1004x565.jpg\" \/>\n<meta name=\"author\" content=\"Arnaldo Botto\" \/>\n<meta name=\"twitter:card\" content=\"summary_large_image\" \/>\n<script type=\"application\/ld+json\" class=\"yoast-schema-graph\">{\"@context\":\"https:\/\/schema.org\",\"@graph\":[{\"@type\":\"WebPage\",\"@id\":\"https:\/\/www.noticiasradioreflejos.com.ar\/2021\/las-vacunas-de-segunda-generacion-el-puntapie-para-un-nuevo-modelo-de-produccion-en-la-region\/\",\"url\":\"https:\/\/www.noticiasradioreflejos.com.ar\/2021\/las-vacunas-de-segunda-generacion-el-puntapie-para-un-nuevo-modelo-de-produccion-en-la-region\/\",\"name\":\"Las vacunas de segunda generaci\u00f3n, \\\"el puntapi\u00e9\\\" para un nuevo modelo de producci\u00f3n en la regi\u00f3n - Noticias Radio Reflejos\",\"isPartOf\":{\"@id\":\"https:\/\/www.noticiasradioreflejos.com.ar\/2021\/#website\"},\"primaryImageOfPage\":{\"@id\":\"https:\/\/www.noticiasradioreflejos.com.ar\/2021\/las-vacunas-de-segunda-generacion-el-puntapie-para-un-nuevo-modelo-de-produccion-en-la-region\/#primaryimage\"},\"image\":{\"@id\":\"https:\/\/www.noticiasradioreflejos.com.ar\/2021\/las-vacunas-de-segunda-generacion-el-puntapie-para-un-nuevo-modelo-de-produccion-en-la-region\/#primaryimage\"},\"thumbnailUrl\":\"https:\/\/www.telam.com.ar\/advf\/imagenes\/2021\/06\/60bb985c0e4a1_1004x565.jpg\",\"datePublished\":\"2021-06-05T16:02:08+00:00\",\"author\":{\"@id\":\"https:\/\/www.noticiasradioreflejos.com.ar\/2021\/#\/schema\/person\/ad82545263dcc5ec0996818884fd5fb1\"},\"breadcrumb\":{\"@id\":\"https:\/\/www.noticiasradioreflejos.com.ar\/2021\/las-vacunas-de-segunda-generacion-el-puntapie-para-un-nuevo-modelo-de-produccion-en-la-region\/#breadcrumb\"},\"inLanguage\":\"es\",\"potentialAction\":[{\"@type\":\"ReadAction\",\"target\":[\"https:\/\/www.noticiasradioreflejos.com.ar\/2021\/las-vacunas-de-segunda-generacion-el-puntapie-para-un-nuevo-modelo-de-produccion-en-la-region\/\"]}]},{\"@type\":\"ImageObject\",\"inLanguage\":\"es\",\"@id\":\"https:\/\/www.noticiasradioreflejos.com.ar\/2021\/las-vacunas-de-segunda-generacion-el-puntapie-para-un-nuevo-modelo-de-produccion-en-la-region\/#primaryimage\",\"url\":\"https:\/\/www.telam.com.ar\/advf\/imagenes\/2021\/06\/60bb985c0e4a1_1004x565.jpg\",\"contentUrl\":\"https:\/\/www.telam.com.ar\/advf\/imagenes\/2021\/06\/60bb985c0e4a1_1004x565.jpg\"},{\"@type\":\"BreadcrumbList\",\"@id\":\"https:\/\/www.noticiasradioreflejos.com.ar\/2021\/las-vacunas-de-segunda-generacion-el-puntapie-para-un-nuevo-modelo-de-produccion-en-la-region\/#breadcrumb\",\"itemListElement\":[{\"@type\":\"ListItem\",\"position\":1,\"name\":\"Portada\",\"item\":\"https:\/\/www.noticiasradioreflejos.com.ar\/2021\/\"},{\"@type\":\"ListItem\",\"position\":2,\"name\":\"Las vacunas de segunda generaci\u00f3n, \u00abel puntapi\u00e9\u00bb para un nuevo modelo de producci\u00f3n en la regi\u00f3n\"}]},{\"@type\":\"WebSite\",\"@id\":\"https:\/\/www.noticiasradioreflejos.com.ar\/2021\/#website\",\"url\":\"https:\/\/www.noticiasradioreflejos.com.ar\/2021\/\",\"name\":\"Noticias Radio Reflejos\",\"description\":\"Las noticias de mi comarca\",\"potentialAction\":[{\"@type\":\"SearchAction\",\"target\":{\"@type\":\"EntryPoint\",\"urlTemplate\":\"https:\/\/www.noticiasradioreflejos.com.ar\/2021\/?s={search_term_string}\"},\"query-input\":{\"@type\":\"PropertyValueSpecification\",\"valueRequired\":true,\"valueName\":\"search_term_string\"}}],\"inLanguage\":\"es\"},{\"@type\":\"Person\",\"@id\":\"https:\/\/www.noticiasradioreflejos.com.ar\/2021\/#\/schema\/person\/ad82545263dcc5ec0996818884fd5fb1\",\"name\":\"Arnaldo Botto\",\"image\":{\"@type\":\"ImageObject\",\"inLanguage\":\"es\",\"@id\":\"https:\/\/www.noticiasradioreflejos.com.ar\/2021\/#\/schema\/person\/image\/\",\"url\":\"https:\/\/secure.gravatar.com\/avatar\/55cb5e37c1efa326397366e6974cb338056df65cb50e7d64d1cf314e87504837?s=96&d=mm&r=g\",\"contentUrl\":\"https:\/\/secure.gravatar.com\/avatar\/55cb5e37c1efa326397366e6974cb338056df65cb50e7d64d1cf314e87504837?s=96&d=mm&r=g\",\"caption\":\"Arnaldo Botto\"},\"url\":\"https:\/\/www.noticiasradioreflejos.com.ar\/2021\/author\/arnaldo\/\"}]}<\/script>\n<!-- \/ Yoast SEO plugin. -->","yoast_head_json":{"title":"Las vacunas de segunda generaci\u00f3n, \"el puntapi\u00e9\" para un nuevo modelo de producci\u00f3n en la regi\u00f3n - Noticias Radio Reflejos","robots":{"index":"index","follow":"follow","max-snippet":"max-snippet:-1","max-image-preview":"max-image-preview:large","max-video-preview":"max-video-preview:-1"},"canonical":"https:\/\/www.noticiasradioreflejos.com.ar\/2021\/las-vacunas-de-segunda-generacion-el-puntapie-para-un-nuevo-modelo-de-produccion-en-la-region\/","og_locale":"es_ES","og_type":"article","og_title":"Las vacunas de segunda generaci\u00f3n, \"el puntapi\u00e9\" para un nuevo modelo de producci\u00f3n en la regi\u00f3n - Noticias Radio Reflejos","og_description":"Se trata de un tipo de vacuna que aparece en una segunda etapa y es m\u00e1s sofisticada, ya que indujo una respuesta inmune muy potente en laboratorio. La compa\u00f1\u00eda biotecnol\u00f3gica Vaxinz recientemente firm\u00f3 un acuerdo con la Fundaci\u00f3n Instituto Leloir y el Conicet para desarrollarlas.","og_url":"https:\/\/www.noticiasradioreflejos.com.ar\/2021\/las-vacunas-de-segunda-generacion-el-puntapie-para-un-nuevo-modelo-de-produccion-en-la-region\/","og_site_name":"Noticias Radio Reflejos","article_published_time":"2021-06-05T16:02:08+00:00","og_image":[{"url":"https:\/\/www.telam.com.ar\/advf\/imagenes\/2021\/06\/60bb985c0e4a1_1004x565.jpg","type":"","width":"","height":""}],"author":"Arnaldo Botto","twitter_card":"summary_large_image","schema":{"@context":"https:\/\/schema.org","@graph":[{"@type":"WebPage","@id":"https:\/\/www.noticiasradioreflejos.com.ar\/2021\/las-vacunas-de-segunda-generacion-el-puntapie-para-un-nuevo-modelo-de-produccion-en-la-region\/","url":"https:\/\/www.noticiasradioreflejos.com.ar\/2021\/las-vacunas-de-segunda-generacion-el-puntapie-para-un-nuevo-modelo-de-produccion-en-la-region\/","name":"Las vacunas de segunda generaci\u00f3n, \"el puntapi\u00e9\" para un nuevo modelo de producci\u00f3n en la regi\u00f3n - Noticias Radio Reflejos","isPartOf":{"@id":"https:\/\/www.noticiasradioreflejos.com.ar\/2021\/#website"},"primaryImageOfPage":{"@id":"https:\/\/www.noticiasradioreflejos.com.ar\/2021\/las-vacunas-de-segunda-generacion-el-puntapie-para-un-nuevo-modelo-de-produccion-en-la-region\/#primaryimage"},"image":{"@id":"https:\/\/www.noticiasradioreflejos.com.ar\/2021\/las-vacunas-de-segunda-generacion-el-puntapie-para-un-nuevo-modelo-de-produccion-en-la-region\/#primaryimage"},"thumbnailUrl":"https:\/\/www.telam.com.ar\/advf\/imagenes\/2021\/06\/60bb985c0e4a1_1004x565.jpg","datePublished":"2021-06-05T16:02:08+00:00","author":{"@id":"https:\/\/www.noticiasradioreflejos.com.ar\/2021\/#\/schema\/person\/ad82545263dcc5ec0996818884fd5fb1"},"breadcrumb":{"@id":"https:\/\/www.noticiasradioreflejos.com.ar\/2021\/las-vacunas-de-segunda-generacion-el-puntapie-para-un-nuevo-modelo-de-produccion-en-la-region\/#breadcrumb"},"inLanguage":"es","potentialAction":[{"@type":"ReadAction","target":["https:\/\/www.noticiasradioreflejos.com.ar\/2021\/las-vacunas-de-segunda-generacion-el-puntapie-para-un-nuevo-modelo-de-produccion-en-la-region\/"]}]},{"@type":"ImageObject","inLanguage":"es","@id":"https:\/\/www.noticiasradioreflejos.com.ar\/2021\/las-vacunas-de-segunda-generacion-el-puntapie-para-un-nuevo-modelo-de-produccion-en-la-region\/#primaryimage","url":"https:\/\/www.telam.com.ar\/advf\/imagenes\/2021\/06\/60bb985c0e4a1_1004x565.jpg","contentUrl":"https:\/\/www.telam.com.ar\/advf\/imagenes\/2021\/06\/60bb985c0e4a1_1004x565.jpg"},{"@type":"BreadcrumbList","@id":"https:\/\/www.noticiasradioreflejos.com.ar\/2021\/las-vacunas-de-segunda-generacion-el-puntapie-para-un-nuevo-modelo-de-produccion-en-la-region\/#breadcrumb","itemListElement":[{"@type":"ListItem","position":1,"name":"Portada","item":"https:\/\/www.noticiasradioreflejos.com.ar\/2021\/"},{"@type":"ListItem","position":2,"name":"Las vacunas de segunda generaci\u00f3n, \u00abel puntapi\u00e9\u00bb para un nuevo modelo de producci\u00f3n en la regi\u00f3n"}]},{"@type":"WebSite","@id":"https:\/\/www.noticiasradioreflejos.com.ar\/2021\/#website","url":"https:\/\/www.noticiasradioreflejos.com.ar\/2021\/","name":"Noticias Radio Reflejos","description":"Las noticias de mi comarca","potentialAction":[{"@type":"SearchAction","target":{"@type":"EntryPoint","urlTemplate":"https:\/\/www.noticiasradioreflejos.com.ar\/2021\/?s={search_term_string}"},"query-input":{"@type":"PropertyValueSpecification","valueRequired":true,"valueName":"search_term_string"}}],"inLanguage":"es"},{"@type":"Person","@id":"https:\/\/www.noticiasradioreflejos.com.ar\/2021\/#\/schema\/person\/ad82545263dcc5ec0996818884fd5fb1","name":"Arnaldo Botto","image":{"@type":"ImageObject","inLanguage":"es","@id":"https:\/\/www.noticiasradioreflejos.com.ar\/2021\/#\/schema\/person\/image\/","url":"https:\/\/secure.gravatar.com\/avatar\/55cb5e37c1efa326397366e6974cb338056df65cb50e7d64d1cf314e87504837?s=96&d=mm&r=g","contentUrl":"https:\/\/secure.gravatar.com\/avatar\/55cb5e37c1efa326397366e6974cb338056df65cb50e7d64d1cf314e87504837?s=96&d=mm&r=g","caption":"Arnaldo Botto"},"url":"https:\/\/www.noticiasradioreflejos.com.ar\/2021\/author\/arnaldo\/"}]}},"_links":{"self":[{"href":"https:\/\/www.noticiasradioreflejos.com.ar\/2021\/wp-json\/wp\/v2\/posts\/58064","targetHints":{"allow":["GET"]}}],"collection":[{"href":"https:\/\/www.noticiasradioreflejos.com.ar\/2021\/wp-json\/wp\/v2\/posts"}],"about":[{"href":"https:\/\/www.noticiasradioreflejos.com.ar\/2021\/wp-json\/wp\/v2\/types\/post"}],"author":[{"embeddable":true,"href":"https:\/\/www.noticiasradioreflejos.com.ar\/2021\/wp-json\/wp\/v2\/users\/3"}],"replies":[{"embeddable":true,"href":"https:\/\/www.noticiasradioreflejos.com.ar\/2021\/wp-json\/wp\/v2\/comments?post=58064"}],"version-history":[{"count":1,"href":"https:\/\/www.noticiasradioreflejos.com.ar\/2021\/wp-json\/wp\/v2\/posts\/58064\/revisions"}],"predecessor-version":[{"id":58066,"href":"https:\/\/www.noticiasradioreflejos.com.ar\/2021\/wp-json\/wp\/v2\/posts\/58064\/revisions\/58066"}],"wp:attachment":[{"href":"https:\/\/www.noticiasradioreflejos.com.ar\/2021\/wp-json\/wp\/v2\/media?parent=58064"}],"wp:term":[{"taxonomy":"category","embeddable":true,"href":"https:\/\/www.noticiasradioreflejos.com.ar\/2021\/wp-json\/wp\/v2\/categories?post=58064"},{"taxonomy":"post_tag","embeddable":true,"href":"https:\/\/www.noticiasradioreflejos.com.ar\/2021\/wp-json\/wp\/v2\/tags?post=58064"}],"curies":[{"name":"wp","href":"https:\/\/api.w.org\/{rel}","templated":true}]}}