{"id":58040,"date":"2021-06-04T16:15:42","date_gmt":"2021-06-04T16:15:42","guid":{"rendered":"http:\/\/www.noticiasradioreflejos.com.ar\/2021\/?p=58040"},"modified":"2021-06-04T16:15:56","modified_gmt":"2021-06-04T16:15:56","slug":"tres-allanamientos-positivos-en-tornquist-y-un-detenido-por-robo-en-sierra-de-la-ventana","status":"publish","type":"post","link":"https:\/\/www.noticiasradioreflejos.com.ar\/2021\/tres-allanamientos-positivos-en-tornquist-y-un-detenido-por-robo-en-sierra-de-la-ventana\/","title":{"rendered":"Tres allanamientos positivos en Tornquist y un detenido por robo en Sierra de la Ventana"},"content":{"rendered":"<p>Dos allanamientos en la ciudad de Tornquist y el autor del robo detenido en un operativo sobre la ruta 72 en el acceso a Sierra de la Ventana<!--more--><\/p>\n<p><strong><u>PARTE DE PRENSA<\/u><\/strong><\/p>\n<p><strong><u>ALLANAMIENTOS SIMULTANEOS CON RESULTADOS POSITIVOS<\/u><\/strong><\/p>\n<p><a title=\"Allanamiento en Tornquist\" href=\"https:\/\/www.flickr.com\/photos\/182279889@N02\/51223946787\/in\/dateposted-public\/\" data-flickr-embed=\"true\"><img loading=\"lazy\" decoding=\"async\" src=\"https:\/\/live.staticflickr.com\/65535\/51223946787_fb54fc48e9_o.jpg\" alt=\"Allanamiento en Tornquist\" width=\"427\" height=\"240\" \/><\/a><script async src=\"\/\/embedr.flickr.com\/assets\/client-code.js\" charset=\"utf-8\"><\/script><\/p>\n<p><strong>\u00a0<\/strong>La Secretaria de Seguridad de la Municipalidad de Tornquist lleva a conocimiento que con fecha 03 del corriente, a ra\u00edz de una causa penal instruida por infracci\u00f3n a la ley 12.569, personal policial de la Estaci\u00f3n Comunal Tornquist, llevo adelante amplias tareas investigativas por el titular de dicha Seccional Policial, Sub Comisario Andr\u00e9s Jorge Andr\u00e9, donde obtenidos los medios de pruebas suficientes, se solicit\u00f3 a la Ayudant\u00eda Fiscal de Tornquist las respectivas ordenes de allanamientos para tres domicilios de este medio, siendo el Dr. Frizza a cargo del Juzgado de Paz Local quien autorizara las mismas, por lo cual en forma simult\u00e1nea, se dio cumplimiento a la diligencia judicial, siendo que en el domicilio de Sarmiento al 600, en un departamento interno, lugar de residencia de <strong>MARIANI CARLOS MIGUEL JAVIER<\/strong>, se procedi\u00f3 al secuestro de dos tel\u00e9fonos celulares, una computadora de escritorio, un router de Wi fi, estupefaciente en infracci\u00f3n (marihuana y coca\u00edna) y elementos de inter\u00e9s para la causa de violencia familiar. Asimismo del domicilio de 25 de Mayo al 100, lugar de residencia de <strong>GABRIEL ANGEL SCROSOPPI<\/strong>, se procedi\u00f3 al secuestro de elementos de inter\u00e9s para la causa en curso, encontr\u00e1ndose en la requisa efectuada en la vivienda, una plantaci\u00f3n de marihuana, adem\u00e1s de encontrarse un arma de fuego tipo revolver sin la debida documentaci\u00f3n y autorizaci\u00f3n, por lo cual Scrosoppi qued\u00f3 aprehendido por <strong>INFRACCION AL ARTICULO 189 DEL CP<\/strong>, interviniendo la Ufij N\u00ba 12 de Ba. Bca. Por ultimo del domicilio de Secci\u00f3n Quinta, camino al basurero local, lugar de residencia de Guillermo Carlos Baier, la orden judicial arrojo resultados positivos para la causa de violencia familiar.-<\/p>\n<p><a title=\"Allanamiento en Tornquist 1\" href=\"https:\/\/www.flickr.com\/photos\/182279889@N02\/51225725680\/in\/dateposted-public\/\" data-flickr-embed=\"true\"><img loading=\"lazy\" decoding=\"async\" src=\"https:\/\/live.staticflickr.com\/65535\/51225725680_e2dfe38a54_o.jpg\" alt=\"Allanamiento en Tornquist 1\" width=\"335\" height=\"422\" \/><\/a><script async src=\"\/\/embedr.flickr.com\/assets\/client-code.js\" charset=\"utf-8\"><\/script><\/p>\n<p><strong><u>UN APREHENDIDO EN SIERRA DE LA VENTANA POR EL ROBO A UN COMERCIO<\/u><\/strong><\/p>\n<p>Se informa que con fecha 01 del corriente denuncio en la Sub Estaci\u00f3n Comunal de Sierra de la Ventana el Se\u00f1or Jos\u00e9 Luis Gregorini, quien manifestara que autor\/es ignorado\/s previo a romper un vidrio de una ventana, ingresaran a su local comercial y sustrajeron elementos de valor, mercader\u00eda y dinero en efectivo. Inmediatamente personal de dicha seccional policial se aboc\u00f3 a realizar amplias tareas investigativas, logrando la APREHENSION de GONZALO EMANUEL BERARDO, de 37 a\u00f1os de edad, a quien en su poder se SECUESTRARA gran parte de los efectos sustra\u00eddos. Intervino la Fiscal\u00eda Numero 12 y Ayudant\u00eda Fiscal de Tornquist.-<br \/>\n<a title=\"Detenido en Sierra\" href=\"https:\/\/www.flickr.com\/photos\/182279889@N02\/51224655331\/in\/dateposted-public\/\" data-flickr-embed=\"true\"><img loading=\"lazy\" decoding=\"async\" src=\"https:\/\/live.staticflickr.com\/65535\/51224655331_808b5fce70_o.jpg\" alt=\"Detenido en Sierra\" width=\"269\" height=\"359\" \/><\/a><script async src=\"\/\/embedr.flickr.com\/assets\/client-code.js\" charset=\"utf-8\"><\/script><\/p>\n<p>&nbsp;<\/p>\n<p><strong>SECRETARIA DE SEGURIDAD \u2013 MUNICIPALIDAD DE TORNQUIST<\/strong><\/p>\n<p><strong>JUNIO DE 04 DE 2021.-<\/strong><\/p>\n<p>&nbsp;<\/p>\n<p>&nbsp;<\/p>\n<p>&nbsp;<\/p>\n","protected":false},"excerpt":{"rendered":"<p>Dos allanamientos en la ciudad de Tornquist y el autor del robo detenido en un operativo sobre la ruta 72 en el acceso a Sierra de la Ventana<\/p>\n","protected":false},"author":3,"featured_media":58041,"comment_status":"closed","ping_status":"closed","sticky":false,"template":"","format":"standard","meta":{"footnotes":""},"categories":[29],"tags":[48],"class_list":["post-58040","post","type-post","status-publish","format-standard","has-post-thumbnail","hentry","category-policiales","tag-destacada"],"yoast_head":"<!-- This site is optimized with the Yoast SEO plugin v25.9 - https:\/\/yoast.com\/wordpress\/plugins\/seo\/ -->\n<title>Tres allanamientos positivos en Tornquist y un detenido por robo en Sierra de la Ventana - Noticias Radio Reflejos<\/title>\n<meta name=\"robots\" content=\"index, follow, max-snippet:-1, max-image-preview:large, max-video-preview:-1\" \/>\n<link rel=\"canonical\" href=\"https:\/\/www.noticiasradioreflejos.com.ar\/2021\/tres-allanamientos-positivos-en-tornquist-y-un-detenido-por-robo-en-sierra-de-la-ventana\/\" \/>\n<meta property=\"og:locale\" content=\"es_ES\" \/>\n<meta property=\"og:type\" content=\"article\" \/>\n<meta property=\"og:title\" content=\"Tres allanamientos positivos en Tornquist y un detenido por robo en Sierra de la Ventana - Noticias Radio Reflejos\" \/>\n<meta property=\"og:description\" content=\"Dos allanamientos en la ciudad de Tornquist y el autor del robo detenido en un operativo sobre la ruta 72 en el acceso a Sierra de la Ventana\" \/>\n<meta property=\"og:url\" content=\"https:\/\/www.noticiasradioreflejos.com.ar\/2021\/tres-allanamientos-positivos-en-tornquist-y-un-detenido-por-robo-en-sierra-de-la-ventana\/\" \/>\n<meta property=\"og:site_name\" content=\"Noticias Radio Reflejos\" \/>\n<meta property=\"article:published_time\" content=\"2021-06-04T16:15:42+00:00\" \/>\n<meta property=\"article:modified_time\" content=\"2021-06-04T16:15:56+00:00\" \/>\n<meta property=\"og:image\" content=\"https:\/\/www.noticiasradioreflejos.com.ar\/2021\/wp-content\/uploads\/2021\/06\/Detenido-en-Sierra-e1622840525205.jpg\" \/>\n\t<meta property=\"og:image:width\" content=\"369\" \/>\n\t<meta property=\"og:image:height\" content=\"295\" \/>\n\t<meta property=\"og:image:type\" content=\"image\/jpeg\" \/>\n<meta name=\"author\" content=\"Arnaldo Botto\" \/>\n<meta name=\"twitter:card\" content=\"summary_large_image\" \/>\n<script type=\"application\/ld+json\" class=\"yoast-schema-graph\">{\"@context\":\"https:\/\/schema.org\",\"@graph\":[{\"@type\":\"WebPage\",\"@id\":\"https:\/\/www.noticiasradioreflejos.com.ar\/2021\/tres-allanamientos-positivos-en-tornquist-y-un-detenido-por-robo-en-sierra-de-la-ventana\/\",\"url\":\"https:\/\/www.noticiasradioreflejos.com.ar\/2021\/tres-allanamientos-positivos-en-tornquist-y-un-detenido-por-robo-en-sierra-de-la-ventana\/\",\"name\":\"Tres allanamientos positivos en Tornquist y un detenido por robo en Sierra de la Ventana - Noticias Radio Reflejos\",\"isPartOf\":{\"@id\":\"https:\/\/www.noticiasradioreflejos.com.ar\/2021\/#website\"},\"primaryImageOfPage\":{\"@id\":\"https:\/\/www.noticiasradioreflejos.com.ar\/2021\/tres-allanamientos-positivos-en-tornquist-y-un-detenido-por-robo-en-sierra-de-la-ventana\/#primaryimage\"},\"image\":{\"@id\":\"https:\/\/www.noticiasradioreflejos.com.ar\/2021\/tres-allanamientos-positivos-en-tornquist-y-un-detenido-por-robo-en-sierra-de-la-ventana\/#primaryimage\"},\"thumbnailUrl\":\"https:\/\/www.noticiasradioreflejos.com.ar\/2021\/wp-content\/uploads\/2021\/06\/Detenido-en-Sierra-e1622840525205.jpg\",\"datePublished\":\"2021-06-04T16:15:42+00:00\",\"dateModified\":\"2021-06-04T16:15:56+00:00\",\"author\":{\"@id\":\"https:\/\/www.noticiasradioreflejos.com.ar\/2021\/#\/schema\/person\/ad82545263dcc5ec0996818884fd5fb1\"},\"breadcrumb\":{\"@id\":\"https:\/\/www.noticiasradioreflejos.com.ar\/2021\/tres-allanamientos-positivos-en-tornquist-y-un-detenido-por-robo-en-sierra-de-la-ventana\/#breadcrumb\"},\"inLanguage\":\"es\",\"potentialAction\":[{\"@type\":\"ReadAction\",\"target\":[\"https:\/\/www.noticiasradioreflejos.com.ar\/2021\/tres-allanamientos-positivos-en-tornquist-y-un-detenido-por-robo-en-sierra-de-la-ventana\/\"]}]},{\"@type\":\"ImageObject\",\"inLanguage\":\"es\",\"@id\":\"https:\/\/www.noticiasradioreflejos.com.ar\/2021\/tres-allanamientos-positivos-en-tornquist-y-un-detenido-por-robo-en-sierra-de-la-ventana\/#primaryimage\",\"url\":\"https:\/\/www.noticiasradioreflejos.com.ar\/2021\/wp-content\/uploads\/2021\/06\/Detenido-en-Sierra-e1622840525205.jpg\",\"contentUrl\":\"https:\/\/www.noticiasradioreflejos.com.ar\/2021\/wp-content\/uploads\/2021\/06\/Detenido-en-Sierra-e1622840525205.jpg\",\"width\":369,\"height\":295},{\"@type\":\"BreadcrumbList\",\"@id\":\"https:\/\/www.noticiasradioreflejos.com.ar\/2021\/tres-allanamientos-positivos-en-tornquist-y-un-detenido-por-robo-en-sierra-de-la-ventana\/#breadcrumb\",\"itemListElement\":[{\"@type\":\"ListItem\",\"position\":1,\"name\":\"Portada\",\"item\":\"https:\/\/www.noticiasradioreflejos.com.ar\/2021\/\"},{\"@type\":\"ListItem\",\"position\":2,\"name\":\"Tres allanamientos positivos en Tornquist y un detenido por robo en Sierra de la Ventana\"}]},{\"@type\":\"WebSite\",\"@id\":\"https:\/\/www.noticiasradioreflejos.com.ar\/2021\/#website\",\"url\":\"https:\/\/www.noticiasradioreflejos.com.ar\/2021\/\",\"name\":\"Noticias Radio Reflejos\",\"description\":\"Las noticias de mi comarca\",\"potentialAction\":[{\"@type\":\"SearchAction\",\"target\":{\"@type\":\"EntryPoint\",\"urlTemplate\":\"https:\/\/www.noticiasradioreflejos.com.ar\/2021\/?s={search_term_string}\"},\"query-input\":{\"@type\":\"PropertyValueSpecification\",\"valueRequired\":true,\"valueName\":\"search_term_string\"}}],\"inLanguage\":\"es\"},{\"@type\":\"Person\",\"@id\":\"https:\/\/www.noticiasradioreflejos.com.ar\/2021\/#\/schema\/person\/ad82545263dcc5ec0996818884fd5fb1\",\"name\":\"Arnaldo Botto\",\"image\":{\"@type\":\"ImageObject\",\"inLanguage\":\"es\",\"@id\":\"https:\/\/www.noticiasradioreflejos.com.ar\/2021\/#\/schema\/person\/image\/\",\"url\":\"https:\/\/secure.gravatar.com\/avatar\/55cb5e37c1efa326397366e6974cb338056df65cb50e7d64d1cf314e87504837?s=96&d=mm&r=g\",\"contentUrl\":\"https:\/\/secure.gravatar.com\/avatar\/55cb5e37c1efa326397366e6974cb338056df65cb50e7d64d1cf314e87504837?s=96&d=mm&r=g\",\"caption\":\"Arnaldo Botto\"},\"url\":\"https:\/\/www.noticiasradioreflejos.com.ar\/2021\/author\/arnaldo\/\"}]}<\/script>\n<!-- \/ Yoast SEO plugin. -->","yoast_head_json":{"title":"Tres allanamientos positivos en Tornquist y un detenido por robo en Sierra de la Ventana - Noticias Radio Reflejos","robots":{"index":"index","follow":"follow","max-snippet":"max-snippet:-1","max-image-preview":"max-image-preview:large","max-video-preview":"max-video-preview:-1"},"canonical":"https:\/\/www.noticiasradioreflejos.com.ar\/2021\/tres-allanamientos-positivos-en-tornquist-y-un-detenido-por-robo-en-sierra-de-la-ventana\/","og_locale":"es_ES","og_type":"article","og_title":"Tres allanamientos positivos en Tornquist y un detenido por robo en Sierra de la Ventana - Noticias Radio Reflejos","og_description":"Dos allanamientos en la ciudad de Tornquist y el autor del robo detenido en un operativo sobre la ruta 72 en el acceso a Sierra de la Ventana","og_url":"https:\/\/www.noticiasradioreflejos.com.ar\/2021\/tres-allanamientos-positivos-en-tornquist-y-un-detenido-por-robo-en-sierra-de-la-ventana\/","og_site_name":"Noticias Radio Reflejos","article_published_time":"2021-06-04T16:15:42+00:00","article_modified_time":"2021-06-04T16:15:56+00:00","og_image":[{"width":369,"height":295,"url":"https:\/\/www.noticiasradioreflejos.com.ar\/2021\/wp-content\/uploads\/2021\/06\/Detenido-en-Sierra-e1622840525205.jpg","type":"image\/jpeg"}],"author":"Arnaldo Botto","twitter_card":"summary_large_image","schema":{"@context":"https:\/\/schema.org","@graph":[{"@type":"WebPage","@id":"https:\/\/www.noticiasradioreflejos.com.ar\/2021\/tres-allanamientos-positivos-en-tornquist-y-un-detenido-por-robo-en-sierra-de-la-ventana\/","url":"https:\/\/www.noticiasradioreflejos.com.ar\/2021\/tres-allanamientos-positivos-en-tornquist-y-un-detenido-por-robo-en-sierra-de-la-ventana\/","name":"Tres allanamientos positivos en Tornquist y un detenido por robo en Sierra de la Ventana - Noticias Radio Reflejos","isPartOf":{"@id":"https:\/\/www.noticiasradioreflejos.com.ar\/2021\/#website"},"primaryImageOfPage":{"@id":"https:\/\/www.noticiasradioreflejos.com.ar\/2021\/tres-allanamientos-positivos-en-tornquist-y-un-detenido-por-robo-en-sierra-de-la-ventana\/#primaryimage"},"image":{"@id":"https:\/\/www.noticiasradioreflejos.com.ar\/2021\/tres-allanamientos-positivos-en-tornquist-y-un-detenido-por-robo-en-sierra-de-la-ventana\/#primaryimage"},"thumbnailUrl":"https:\/\/www.noticiasradioreflejos.com.ar\/2021\/wp-content\/uploads\/2021\/06\/Detenido-en-Sierra-e1622840525205.jpg","datePublished":"2021-06-04T16:15:42+00:00","dateModified":"2021-06-04T16:15:56+00:00","author":{"@id":"https:\/\/www.noticiasradioreflejos.com.ar\/2021\/#\/schema\/person\/ad82545263dcc5ec0996818884fd5fb1"},"breadcrumb":{"@id":"https:\/\/www.noticiasradioreflejos.com.ar\/2021\/tres-allanamientos-positivos-en-tornquist-y-un-detenido-por-robo-en-sierra-de-la-ventana\/#breadcrumb"},"inLanguage":"es","potentialAction":[{"@type":"ReadAction","target":["https:\/\/www.noticiasradioreflejos.com.ar\/2021\/tres-allanamientos-positivos-en-tornquist-y-un-detenido-por-robo-en-sierra-de-la-ventana\/"]}]},{"@type":"ImageObject","inLanguage":"es","@id":"https:\/\/www.noticiasradioreflejos.com.ar\/2021\/tres-allanamientos-positivos-en-tornquist-y-un-detenido-por-robo-en-sierra-de-la-ventana\/#primaryimage","url":"https:\/\/www.noticiasradioreflejos.com.ar\/2021\/wp-content\/uploads\/2021\/06\/Detenido-en-Sierra-e1622840525205.jpg","contentUrl":"https:\/\/www.noticiasradioreflejos.com.ar\/2021\/wp-content\/uploads\/2021\/06\/Detenido-en-Sierra-e1622840525205.jpg","width":369,"height":295},{"@type":"BreadcrumbList","@id":"https:\/\/www.noticiasradioreflejos.com.ar\/2021\/tres-allanamientos-positivos-en-tornquist-y-un-detenido-por-robo-en-sierra-de-la-ventana\/#breadcrumb","itemListElement":[{"@type":"ListItem","position":1,"name":"Portada","item":"https:\/\/www.noticiasradioreflejos.com.ar\/2021\/"},{"@type":"ListItem","position":2,"name":"Tres allanamientos positivos en Tornquist y un detenido por robo en Sierra de la Ventana"}]},{"@type":"WebSite","@id":"https:\/\/www.noticiasradioreflejos.com.ar\/2021\/#website","url":"https:\/\/www.noticiasradioreflejos.com.ar\/2021\/","name":"Noticias Radio Reflejos","description":"Las noticias de mi comarca","potentialAction":[{"@type":"SearchAction","target":{"@type":"EntryPoint","urlTemplate":"https:\/\/www.noticiasradioreflejos.com.ar\/2021\/?s={search_term_string}"},"query-input":{"@type":"PropertyValueSpecification","valueRequired":true,"valueName":"search_term_string"}}],"inLanguage":"es"},{"@type":"Person","@id":"https:\/\/www.noticiasradioreflejos.com.ar\/2021\/#\/schema\/person\/ad82545263dcc5ec0996818884fd5fb1","name":"Arnaldo Botto","image":{"@type":"ImageObject","inLanguage":"es","@id":"https:\/\/www.noticiasradioreflejos.com.ar\/2021\/#\/schema\/person\/image\/","url":"https:\/\/secure.gravatar.com\/avatar\/55cb5e37c1efa326397366e6974cb338056df65cb50e7d64d1cf314e87504837?s=96&d=mm&r=g","contentUrl":"https:\/\/secure.gravatar.com\/avatar\/55cb5e37c1efa326397366e6974cb338056df65cb50e7d64d1cf314e87504837?s=96&d=mm&r=g","caption":"Arnaldo Botto"},"url":"https:\/\/www.noticiasradioreflejos.com.ar\/2021\/author\/arnaldo\/"}]}},"_links":{"self":[{"href":"https:\/\/www.noticiasradioreflejos.com.ar\/2021\/wp-json\/wp\/v2\/posts\/58040","targetHints":{"allow":["GET"]}}],"collection":[{"href":"https:\/\/www.noticiasradioreflejos.com.ar\/2021\/wp-json\/wp\/v2\/posts"}],"about":[{"href":"https:\/\/www.noticiasradioreflejos.com.ar\/2021\/wp-json\/wp\/v2\/types\/post"}],"author":[{"embeddable":true,"href":"https:\/\/www.noticiasradioreflejos.com.ar\/2021\/wp-json\/wp\/v2\/users\/3"}],"replies":[{"embeddable":true,"href":"https:\/\/www.noticiasradioreflejos.com.ar\/2021\/wp-json\/wp\/v2\/comments?post=58040"}],"version-history":[{"count":1,"href":"https:\/\/www.noticiasradioreflejos.com.ar\/2021\/wp-json\/wp\/v2\/posts\/58040\/revisions"}],"predecessor-version":[{"id":58042,"href":"https:\/\/www.noticiasradioreflejos.com.ar\/2021\/wp-json\/wp\/v2\/posts\/58040\/revisions\/58042"}],"wp:featuredmedia":[{"embeddable":true,"href":"https:\/\/www.noticiasradioreflejos.com.ar\/2021\/wp-json\/wp\/v2\/media\/58041"}],"wp:attachment":[{"href":"https:\/\/www.noticiasradioreflejos.com.ar\/2021\/wp-json\/wp\/v2\/media?parent=58040"}],"wp:term":[{"taxonomy":"category","embeddable":true,"href":"https:\/\/www.noticiasradioreflejos.com.ar\/2021\/wp-json\/wp\/v2\/categories?post=58040"},{"taxonomy":"post_tag","embeddable":true,"href":"https:\/\/www.noticiasradioreflejos.com.ar\/2021\/wp-json\/wp\/v2\/tags?post=58040"}],"curies":[{"name":"wp","href":"https:\/\/api.w.org\/{rel}","templated":true}]}}