{"id":580,"date":"2016-09-07T14:22:03","date_gmt":"2016-09-07T14:22:03","guid":{"rendered":"http:\/\/noticiasradioreflejos.com.ar\/noticias\/?p=580"},"modified":"2016-09-07T14:22:03","modified_gmt":"2016-09-07T14:22:03","slug":"el-concejo-deliberante-sesiono-la-siguiente-orden-del-dia","status":"publish","type":"post","link":"https:\/\/www.noticiasradioreflejos.com.ar\/2021\/el-concejo-deliberante-sesiono-la-siguiente-orden-del-dia\/","title":{"rendered":"Sesiona hoy el Concejo Deliberante"},"content":{"rendered":"<p>Este\u00a0mi\u00e9rcoles 7 de setiembre\u00a0sesionar\u00e1\u00a0el\u00a0Honorable\u00a0Concejo Deliberante de Tornquist con\u00a0el\u00a0Siguiente\u00a0orden\u00a0del d\u00eda:<!--more--><br \/>\n<strong>\u00a01.- Aprobaci\u00f3n de las Acta N\u00ba 988\/16 y 989\/16<\/strong>.&#8212;&#8212;&#8212;&#8212;&#8212;&#8212;&#8212;&#8212;&#8212;&#8212;&#8212;&#8212;&#8212;<br \/>\n<strong>2.- Comunicaciones Oficiales: <\/strong>&#8212;&#8212;&#8212;&#8212;&#8212;&#8212;&#8212;&#8212;&#8212;&#8212;&#8212;&#8212;&#8212;&#8212;&#8212;&#8212;&#8212;&#8212;&#8211;<br \/>\n#<strong><u>Expte. <\/u><\/strong><strong><u>N\u00ba 080\/16:<\/u><\/strong> &#8211; D.E. \u2013 \u201cIncremento Salarial\u201d \u2013 Ejercicio 2016.&#8212;&#8212;&#8212;&#8212;&#8212;&#8212;<br \/>\n#<strong><u>Expte. <\/u><\/strong><strong><u>N\u00ba 267\/16:<\/u><\/strong> &#8211; D.E. \u2013 Proyecto de Ordenanza Preparatoria: Contribuciones por Mejoras y Valoraci\u00f3n.&#8212;&#8212;&#8212;&#8212;&#8212;&#8212;&#8212;&#8212;&#8212;&#8212;&#8212;&#8212;&#8212;&#8212;&#8212;&#8212;-<br \/>\n#<strong><u>Expte. <\/u><\/strong><strong><u>N\u00ba 286\/16:<\/u><\/strong> &#8211; D.E. \u2013 Convalida la firma del Convenio Marco de Colaboraci\u00f3n Institucional celebrado entre A.R.B.A. y la Municipalidad de Tornquist.-<br \/>\n#<strong><u>Expte. <\/u><\/strong><strong><u>N\u00ba 6845\/16:<\/u><\/strong> &#8211; Bloque F.P.V. \u2013 Pedido de Informe: Ref. estado de las cuentas de los fondos rotatorios a la fecha y aplicaci\u00f3n de Programas referidos a la producci\u00f3n en el Partido de Tornquist.&#8212;&#8212;&#8212;&#8212;&#8212;&#8212;&#8212;&#8212;&#8212;&#8212;&#8212;&#8212;&#8212;&#8212;&#8212;&#8212;&#8211;<br \/>\n#<strong><u>Expte. <\/u><\/strong><strong><u>N\u00ba 6851\/16:<\/u><\/strong> &#8211; N.P.- Sindicato Regional de Trabajadores de Luz y Fuerza: Ref. solicitud de informaci\u00f3n sobre Contrato de Comodato.&#8212;&#8212;&#8212;&#8212;&#8212;-<br \/>\n#<strong><u>Expte. <\/u><\/strong><strong><u>N\u00ba 6852\/16:<\/u><\/strong> &#8211; Bloque F.P.V. \u2013 Proyecto de Ordenanza: Imponer el nombre de Ren\u00e9 Favaloro al Parque Lineal de la ciudad de Tornquist.&#8212;&#8212;&#8212;&#8212;&#8211;<br \/>\n<strong>3.-Dict\u00e1menes De Las Comisiones<\/strong>: &#8212;&#8212;&#8212;&#8212;&#8212;&#8212;&#8212;&#8212;&#8212;&#8212;&#8212;&#8212;&#8212;&#8212;&#8212;&#8212;&#8212;&#8211;<br \/>\n#<strong><u>Expte. <\/u><\/strong><strong><u>N\u00ba 6849\/16:<\/u><\/strong> &#8211; Bloque F.P.V. \u2013 Proyecto de Ordenanza: Creaci\u00f3n Programa Municipal de Recuperaci\u00f3n de Envases de Agroqu\u00edmicos.&#8212;&#8212;&#8212;&#8212;&#8212;-<br \/>\n#<strong><u>Expte. <\/u><\/strong><strong><u>N\u00ba 6850\/16:<\/u><\/strong> &#8211; Bloque F.P.V. \u2013 Proyecto de Ordenanza: Creaci\u00f3n Programa Municipal de Recuperaci\u00f3n de Neum\u00e1ticos \u201cFuera de Uso\u201d y \u201cde Desecho\u201d.&#8212;-<br \/>\n#<strong><u>Expte. <\/u><\/strong><strong><u>N\u00ba 6853\/16:<\/u><\/strong> &#8211; H.C.D. \u2013 Proyecto de Resoluci\u00f3n: Modificaci\u00f3n Resoluci\u00f3n N\u00ba 13\/06. Ref. reconocimiento Abanderados y Escoltas del Distrito.&#8211; #<strong><u>Expte. <\/u><\/strong><strong><u>N\u00ba 6854\/16:<\/u><\/strong> &#8211; N.P. \u2013 Vecinos por el Tren: Petitorio ref. restituci\u00f3n del servicio de Ferrobaires.&#8212;&#8212;&#8212;&#8212;&#8212;&#8212;&#8212;&#8212;&#8212;&#8212;&#8212;&#8212;&#8212;&#8212;&#8212;&#8212;&#8212;&#8212;&#8212;&#8212;&#8212;<br \/>\n<strong>4.- Proyectos Presentados.<\/strong>&#8212;&#8212;&#8212;&#8212;&#8212;&#8212;&#8212;&#8212;&#8212;&#8212;&#8212;&#8212;&#8212;&#8212;&#8212;&#8212;&#8212;&#8212;&#8212;&#8212;<br \/>\n<strong>5.- Asuntos Particulares.<\/strong> &#8212;&#8212;&#8212;&#8212;&#8212;&#8212;&#8212;&#8212;&#8212;&#8212;&#8212;&#8212;&#8212;&#8212;&#8212;&#8212;&#8212;&#8212;&#8212;&#8212;<br \/>\n<strong><u>DIA DE LA SESION:<\/u><\/strong> 07 de septiembre de 2016.-<br \/>\n<strong><u>HORA DE COMIENZO:<\/u><\/strong> 19:00 Hs<br \/>\n&nbsp;<br \/>\nValentina Nyez \u00a0 \u00a0 \u00a0 \u00a0 Gustavo Moroncini<br \/>\nSecretaria\u00a0\u00a0\u00a0\u00a0\u00a0\u00a0\u00a0\u00a0\u00a0\u00a0\u00a0\u00a0\u00a0\u00a0Presidente<br \/>\nH.C.D.\u00a0\u00a0\u00a0\u00a0\u00a0\u00a0\u00a0\u00a0\u00a0\u00a0\u00a0\u00a0\u00a0\u00a0\u00a0\u00a0\u00a0\u00a0\u00a0\u00a0H.C.D.<\/p>\n","protected":false},"excerpt":{"rendered":"<p>Este\u00a0mi\u00e9rcoles 7 de setiembre\u00a0sesionar\u00e1\u00a0el\u00a0Honorable\u00a0Concejo Deliberante de Tornquist con\u00a0el\u00a0Siguiente\u00a0orden\u00a0del d\u00eda:<\/p>\n","protected":false},"author":3,"featured_media":0,"comment_status":"closed","ping_status":"open","sticky":false,"template":"","format":"standard","meta":{"footnotes":""},"categories":[26],"tags":[],"class_list":["post-580","post","type-post","status-publish","format-standard","hentry","category-sociedad"],"yoast_head":"<!-- This site is optimized with the Yoast SEO plugin v25.9 - https:\/\/yoast.com\/wordpress\/plugins\/seo\/ -->\n<title>Sesiona hoy el Concejo Deliberante - Noticias Radio Reflejos<\/title>\n<meta name=\"robots\" content=\"index, follow, max-snippet:-1, max-image-preview:large, max-video-preview:-1\" \/>\n<link rel=\"canonical\" href=\"https:\/\/www.noticiasradioreflejos.com.ar\/2021\/el-concejo-deliberante-sesiono-la-siguiente-orden-del-dia\/\" \/>\n<meta property=\"og:locale\" content=\"es_ES\" \/>\n<meta property=\"og:type\" content=\"article\" \/>\n<meta property=\"og:title\" content=\"Sesiona hoy el Concejo Deliberante - Noticias Radio Reflejos\" \/>\n<meta property=\"og:description\" content=\"Este\u00a0mi\u00e9rcoles 7 de setiembre\u00a0sesionar\u00e1\u00a0el\u00a0Honorable\u00a0Concejo Deliberante de Tornquist con\u00a0el\u00a0Siguiente\u00a0orden\u00a0del d\u00eda:\" \/>\n<meta property=\"og:url\" content=\"https:\/\/www.noticiasradioreflejos.com.ar\/2021\/el-concejo-deliberante-sesiono-la-siguiente-orden-del-dia\/\" \/>\n<meta property=\"og:site_name\" content=\"Noticias Radio Reflejos\" \/>\n<meta property=\"article:published_time\" content=\"2016-09-07T14:22:03+00:00\" \/>\n<meta property=\"og:image\" content=\"https:\/\/www.noticiasradioreflejos.com.ar\/2021\/wp-content\/uploads\/2021\/07\/logosol300x200.png\" \/>\n\t<meta property=\"og:image:width\" content=\"300\" \/>\n\t<meta property=\"og:image:height\" content=\"200\" \/>\n\t<meta property=\"og:image:type\" content=\"image\/png\" \/>\n<meta name=\"author\" content=\"Arnaldo Botto\" \/>\n<meta name=\"twitter:card\" content=\"summary_large_image\" \/>\n<script type=\"application\/ld+json\" class=\"yoast-schema-graph\">{\"@context\":\"https:\/\/schema.org\",\"@graph\":[{\"@type\":\"WebPage\",\"@id\":\"https:\/\/www.noticiasradioreflejos.com.ar\/2021\/el-concejo-deliberante-sesiono-la-siguiente-orden-del-dia\/\",\"url\":\"https:\/\/www.noticiasradioreflejos.com.ar\/2021\/el-concejo-deliberante-sesiono-la-siguiente-orden-del-dia\/\",\"name\":\"Sesiona hoy el Concejo Deliberante - Noticias Radio Reflejos\",\"isPartOf\":{\"@id\":\"https:\/\/www.noticiasradioreflejos.com.ar\/2021\/#website\"},\"datePublished\":\"2016-09-07T14:22:03+00:00\",\"author\":{\"@id\":\"https:\/\/www.noticiasradioreflejos.com.ar\/2021\/#\/schema\/person\/ad82545263dcc5ec0996818884fd5fb1\"},\"breadcrumb\":{\"@id\":\"https:\/\/www.noticiasradioreflejos.com.ar\/2021\/el-concejo-deliberante-sesiono-la-siguiente-orden-del-dia\/#breadcrumb\"},\"inLanguage\":\"es\",\"potentialAction\":[{\"@type\":\"ReadAction\",\"target\":[\"https:\/\/www.noticiasradioreflejos.com.ar\/2021\/el-concejo-deliberante-sesiono-la-siguiente-orden-del-dia\/\"]}]},{\"@type\":\"BreadcrumbList\",\"@id\":\"https:\/\/www.noticiasradioreflejos.com.ar\/2021\/el-concejo-deliberante-sesiono-la-siguiente-orden-del-dia\/#breadcrumb\",\"itemListElement\":[{\"@type\":\"ListItem\",\"position\":1,\"name\":\"Portada\",\"item\":\"https:\/\/www.noticiasradioreflejos.com.ar\/2021\/\"},{\"@type\":\"ListItem\",\"position\":2,\"name\":\"Sesiona hoy el Concejo Deliberante\"}]},{\"@type\":\"WebSite\",\"@id\":\"https:\/\/www.noticiasradioreflejos.com.ar\/2021\/#website\",\"url\":\"https:\/\/www.noticiasradioreflejos.com.ar\/2021\/\",\"name\":\"Noticias Radio Reflejos\",\"description\":\"Las noticias de mi comarca\",\"potentialAction\":[{\"@type\":\"SearchAction\",\"target\":{\"@type\":\"EntryPoint\",\"urlTemplate\":\"https:\/\/www.noticiasradioreflejos.com.ar\/2021\/?s={search_term_string}\"},\"query-input\":{\"@type\":\"PropertyValueSpecification\",\"valueRequired\":true,\"valueName\":\"search_term_string\"}}],\"inLanguage\":\"es\"},{\"@type\":\"Person\",\"@id\":\"https:\/\/www.noticiasradioreflejos.com.ar\/2021\/#\/schema\/person\/ad82545263dcc5ec0996818884fd5fb1\",\"name\":\"Arnaldo Botto\",\"image\":{\"@type\":\"ImageObject\",\"inLanguage\":\"es\",\"@id\":\"https:\/\/www.noticiasradioreflejos.com.ar\/2021\/#\/schema\/person\/image\/\",\"url\":\"https:\/\/secure.gravatar.com\/avatar\/55cb5e37c1efa326397366e6974cb338056df65cb50e7d64d1cf314e87504837?s=96&d=mm&r=g\",\"contentUrl\":\"https:\/\/secure.gravatar.com\/avatar\/55cb5e37c1efa326397366e6974cb338056df65cb50e7d64d1cf314e87504837?s=96&d=mm&r=g\",\"caption\":\"Arnaldo Botto\"},\"url\":\"https:\/\/www.noticiasradioreflejos.com.ar\/2021\/author\/arnaldo\/\"}]}<\/script>\n<!-- \/ Yoast SEO plugin. -->","yoast_head_json":{"title":"Sesiona hoy el Concejo Deliberante - Noticias Radio Reflejos","robots":{"index":"index","follow":"follow","max-snippet":"max-snippet:-1","max-image-preview":"max-image-preview:large","max-video-preview":"max-video-preview:-1"},"canonical":"https:\/\/www.noticiasradioreflejos.com.ar\/2021\/el-concejo-deliberante-sesiono-la-siguiente-orden-del-dia\/","og_locale":"es_ES","og_type":"article","og_title":"Sesiona hoy el Concejo Deliberante - Noticias Radio Reflejos","og_description":"Este\u00a0mi\u00e9rcoles 7 de setiembre\u00a0sesionar\u00e1\u00a0el\u00a0Honorable\u00a0Concejo Deliberante de Tornquist con\u00a0el\u00a0Siguiente\u00a0orden\u00a0del d\u00eda:","og_url":"https:\/\/www.noticiasradioreflejos.com.ar\/2021\/el-concejo-deliberante-sesiono-la-siguiente-orden-del-dia\/","og_site_name":"Noticias Radio Reflejos","article_published_time":"2016-09-07T14:22:03+00:00","og_image":[{"width":300,"height":200,"url":"https:\/\/www.noticiasradioreflejos.com.ar\/2021\/wp-content\/uploads\/2021\/07\/logosol300x200.png","type":"image\/png"}],"author":"Arnaldo Botto","twitter_card":"summary_large_image","schema":{"@context":"https:\/\/schema.org","@graph":[{"@type":"WebPage","@id":"https:\/\/www.noticiasradioreflejos.com.ar\/2021\/el-concejo-deliberante-sesiono-la-siguiente-orden-del-dia\/","url":"https:\/\/www.noticiasradioreflejos.com.ar\/2021\/el-concejo-deliberante-sesiono-la-siguiente-orden-del-dia\/","name":"Sesiona hoy el Concejo Deliberante - Noticias Radio Reflejos","isPartOf":{"@id":"https:\/\/www.noticiasradioreflejos.com.ar\/2021\/#website"},"datePublished":"2016-09-07T14:22:03+00:00","author":{"@id":"https:\/\/www.noticiasradioreflejos.com.ar\/2021\/#\/schema\/person\/ad82545263dcc5ec0996818884fd5fb1"},"breadcrumb":{"@id":"https:\/\/www.noticiasradioreflejos.com.ar\/2021\/el-concejo-deliberante-sesiono-la-siguiente-orden-del-dia\/#breadcrumb"},"inLanguage":"es","potentialAction":[{"@type":"ReadAction","target":["https:\/\/www.noticiasradioreflejos.com.ar\/2021\/el-concejo-deliberante-sesiono-la-siguiente-orden-del-dia\/"]}]},{"@type":"BreadcrumbList","@id":"https:\/\/www.noticiasradioreflejos.com.ar\/2021\/el-concejo-deliberante-sesiono-la-siguiente-orden-del-dia\/#breadcrumb","itemListElement":[{"@type":"ListItem","position":1,"name":"Portada","item":"https:\/\/www.noticiasradioreflejos.com.ar\/2021\/"},{"@type":"ListItem","position":2,"name":"Sesiona hoy el Concejo Deliberante"}]},{"@type":"WebSite","@id":"https:\/\/www.noticiasradioreflejos.com.ar\/2021\/#website","url":"https:\/\/www.noticiasradioreflejos.com.ar\/2021\/","name":"Noticias Radio Reflejos","description":"Las noticias de mi comarca","potentialAction":[{"@type":"SearchAction","target":{"@type":"EntryPoint","urlTemplate":"https:\/\/www.noticiasradioreflejos.com.ar\/2021\/?s={search_term_string}"},"query-input":{"@type":"PropertyValueSpecification","valueRequired":true,"valueName":"search_term_string"}}],"inLanguage":"es"},{"@type":"Person","@id":"https:\/\/www.noticiasradioreflejos.com.ar\/2021\/#\/schema\/person\/ad82545263dcc5ec0996818884fd5fb1","name":"Arnaldo Botto","image":{"@type":"ImageObject","inLanguage":"es","@id":"https:\/\/www.noticiasradioreflejos.com.ar\/2021\/#\/schema\/person\/image\/","url":"https:\/\/secure.gravatar.com\/avatar\/55cb5e37c1efa326397366e6974cb338056df65cb50e7d64d1cf314e87504837?s=96&d=mm&r=g","contentUrl":"https:\/\/secure.gravatar.com\/avatar\/55cb5e37c1efa326397366e6974cb338056df65cb50e7d64d1cf314e87504837?s=96&d=mm&r=g","caption":"Arnaldo Botto"},"url":"https:\/\/www.noticiasradioreflejos.com.ar\/2021\/author\/arnaldo\/"}]}},"_links":{"self":[{"href":"https:\/\/www.noticiasradioreflejos.com.ar\/2021\/wp-json\/wp\/v2\/posts\/580","targetHints":{"allow":["GET"]}}],"collection":[{"href":"https:\/\/www.noticiasradioreflejos.com.ar\/2021\/wp-json\/wp\/v2\/posts"}],"about":[{"href":"https:\/\/www.noticiasradioreflejos.com.ar\/2021\/wp-json\/wp\/v2\/types\/post"}],"author":[{"embeddable":true,"href":"https:\/\/www.noticiasradioreflejos.com.ar\/2021\/wp-json\/wp\/v2\/users\/3"}],"replies":[{"embeddable":true,"href":"https:\/\/www.noticiasradioreflejos.com.ar\/2021\/wp-json\/wp\/v2\/comments?post=580"}],"version-history":[{"count":0,"href":"https:\/\/www.noticiasradioreflejos.com.ar\/2021\/wp-json\/wp\/v2\/posts\/580\/revisions"}],"wp:attachment":[{"href":"https:\/\/www.noticiasradioreflejos.com.ar\/2021\/wp-json\/wp\/v2\/media?parent=580"}],"wp:term":[{"taxonomy":"category","embeddable":true,"href":"https:\/\/www.noticiasradioreflejos.com.ar\/2021\/wp-json\/wp\/v2\/categories?post=580"},{"taxonomy":"post_tag","embeddable":true,"href":"https:\/\/www.noticiasradioreflejos.com.ar\/2021\/wp-json\/wp\/v2\/tags?post=580"}],"curies":[{"name":"wp","href":"https:\/\/api.w.org\/{rel}","templated":true}]}}