{"id":57998,"date":"2021-06-03T20:10:32","date_gmt":"2021-06-03T20:10:32","guid":{"rendered":"http:\/\/www.noticiasradioreflejos.com.ar\/2021\/?p=57998"},"modified":"2021-06-03T20:10:32","modified_gmt":"2021-06-03T20:10:32","slug":"coronavirus-en-argentina-se-registraron-32-291-nuevos-casos-y-553-muertes","status":"publish","type":"post","link":"https:\/\/www.noticiasradioreflejos.com.ar\/2021\/coronavirus-en-argentina-se-registraron-32-291-nuevos-casos-y-553-muertes\/","title":{"rendered":"Coronavirus en Argentina: se registraron 32.291 nuevos casos y 553 muertes"},"content":{"rendered":"<div class=\"section-2-col article-header\">\n<div class=\"col 2-col\">\n<p>El Ministerio de Salud de la Naci\u00f3n confirm\u00f3 que en las \u00faltimas 24 horas el n\u00famero total de contagios desde el comienzo de la pandemia ascendi\u00f3 a 3.884.447, en tanto que los fallecimientos se ubican en 79.873.<\/p>\n<div class=\"author\"><\/div>\n<\/div>\n<\/div>\n<p><!--more--><\/p>\n<div class=\"section-2-col article-main-image\">\n<div class=\"col 1-col\">\n<div class=\"article-info\">\n<div class=\"social-media\"><\/div>\n<\/div>\n<\/div>\n<\/div>\n<div class=\"section-2-col article-main-content\">\n<div class=\"col 1-col\">\n<div id=\"cxense-new-related-articles-533e6de0-4187-4e06-aa85-e3102041f5b5\">\n<div class=\"article-card\">\n<article class=\"article-item article-item--teaser-vertical\">\n<div class=\"tarticle-item__content-footer-wrapper\">\n<div class=\"article-item__content\">\n<p class=\"is-display-inline\">El reporte del Ministerio de Salud confirm\u00f3 32.291 <b>nuevos contagios de coronavirus\u00a0<\/b>en las \u00faltimas 24 horas, un n\u00famero apenas por debajo al de ayer. Con estos registros, suman 3.884.447\u00a0<strong>casos desde que comenz\u00f3 la pandemia<\/strong>. Adem\u00e1s, se registraron 553 nuevas muertes de pacientes con coronavirus lo que eleva la cifra de v\u00edctimas mortales en el pa\u00eds a 79.873.<\/p>\n<\/div>\n<\/div>\n<\/article>\n<\/div>\n<\/div>\n<\/div>\n<div class=\"col 2-col\">\n<div class=\"article-main-content article-text \">\n<p><b>El AMBA sigue en alerta: en la provincia de Buenos Aires se detectaron 11.362 contagios y en la Ciudad de Buenos Aires, 1.933 casos positivos.<\/b><\/p>\n<p>En el d\u00eda fueron realizados 116.372 tests y desde el inicio del brote se practicaron 1.4294.513 pruebas diagn\u00f3sticas\u200b para esta enfermedad.<\/p>\n<p>Hay por el momento 7.698 personas internadas en Unidades de Terapia Intensiva:\u00a0<b>las camas de UTI est\u00e1n ocupadas en un 77,9 por ciento a nivel nacional y en un 75,4 por ciento en el \u00c1rea Metropolitana de Buenos Aires.<\/b><\/p>\n<h2>En detalle<\/h2>\n<div align=\"center\">\n<article class=\"embedded-entity\">\n<article class=\"media media--type-image media--view-mode-single-media-image-460\">\n<div class=\"field field--name-field-media-image field--type-image field--label-hidden field__item\"><img loading=\"lazy\" decoding=\"async\" class=\"image-style-width960\" src=\"https:\/\/images.pagina12.com.ar\/styles\/width960\/public\/2021-06\/167464-3-6_0.jpg?itok=WOJtxHxw\" width=\"889\" height=\"552\" \/><\/div>\n<\/article>\n<\/article>\n<\/div>\n<p>&nbsp;<\/p>\n<\/div>\n<\/div>\n<\/div>\n","protected":false},"excerpt":{"rendered":"<p>El Ministerio de Salud de la Naci\u00f3n confirm\u00f3 que en las \u00faltimas 24 horas el n\u00famero total de contagios desde el comienzo de la pandemia ascendi\u00f3 a 3.884.447, en tanto que los fallecimientos se ubican en 79.873.<\/p>\n","protected":false},"author":3,"featured_media":0,"comment_status":"closed","ping_status":"closed","sticky":false,"template":"","format":"standard","meta":{"footnotes":""},"categories":[30],"tags":[],"class_list":["post-57998","post","type-post","status-publish","format-standard","hentry","category-salud"],"yoast_head":"<!-- This site is optimized with the Yoast SEO plugin v25.9 - https:\/\/yoast.com\/wordpress\/plugins\/seo\/ -->\n<title>Coronavirus en Argentina: se registraron 32.291 nuevos casos y 553 muertes - Noticias Radio Reflejos<\/title>\n<meta name=\"robots\" content=\"index, follow, max-snippet:-1, max-image-preview:large, max-video-preview:-1\" \/>\n<link rel=\"canonical\" href=\"https:\/\/www.noticiasradioreflejos.com.ar\/2021\/coronavirus-en-argentina-se-registraron-32-291-nuevos-casos-y-553-muertes\/\" \/>\n<meta property=\"og:locale\" content=\"es_ES\" \/>\n<meta property=\"og:type\" content=\"article\" \/>\n<meta property=\"og:title\" content=\"Coronavirus en Argentina: se registraron 32.291 nuevos casos y 553 muertes - Noticias Radio Reflejos\" \/>\n<meta property=\"og:description\" content=\"El Ministerio de Salud de la Naci\u00f3n confirm\u00f3 que en las \u00faltimas 24 horas el n\u00famero total de contagios desde el comienzo de la pandemia ascendi\u00f3 a 3.884.447, en tanto que los fallecimientos se ubican en 79.873.\" \/>\n<meta property=\"og:url\" content=\"https:\/\/www.noticiasradioreflejos.com.ar\/2021\/coronavirus-en-argentina-se-registraron-32-291-nuevos-casos-y-553-muertes\/\" \/>\n<meta property=\"og:site_name\" content=\"Noticias Radio Reflejos\" \/>\n<meta property=\"article:published_time\" content=\"2021-06-03T20:10:32+00:00\" \/>\n<meta property=\"og:image\" content=\"https:\/\/images.pagina12.com.ar\/styles\/width960\/public\/2021-06\/167464-3-6_0.jpg?itok=WOJtxHxw\" \/>\n<meta name=\"author\" content=\"Arnaldo Botto\" \/>\n<meta name=\"twitter:card\" content=\"summary_large_image\" \/>\n<script type=\"application\/ld+json\" class=\"yoast-schema-graph\">{\"@context\":\"https:\/\/schema.org\",\"@graph\":[{\"@type\":\"WebPage\",\"@id\":\"https:\/\/www.noticiasradioreflejos.com.ar\/2021\/coronavirus-en-argentina-se-registraron-32-291-nuevos-casos-y-553-muertes\/\",\"url\":\"https:\/\/www.noticiasradioreflejos.com.ar\/2021\/coronavirus-en-argentina-se-registraron-32-291-nuevos-casos-y-553-muertes\/\",\"name\":\"Coronavirus en Argentina: se registraron 32.291 nuevos casos y 553 muertes - Noticias Radio Reflejos\",\"isPartOf\":{\"@id\":\"https:\/\/www.noticiasradioreflejos.com.ar\/2021\/#website\"},\"primaryImageOfPage\":{\"@id\":\"https:\/\/www.noticiasradioreflejos.com.ar\/2021\/coronavirus-en-argentina-se-registraron-32-291-nuevos-casos-y-553-muertes\/#primaryimage\"},\"image\":{\"@id\":\"https:\/\/www.noticiasradioreflejos.com.ar\/2021\/coronavirus-en-argentina-se-registraron-32-291-nuevos-casos-y-553-muertes\/#primaryimage\"},\"thumbnailUrl\":\"https:\/\/images.pagina12.com.ar\/styles\/width960\/public\/2021-06\/167464-3-6_0.jpg?itok=WOJtxHxw\",\"datePublished\":\"2021-06-03T20:10:32+00:00\",\"author\":{\"@id\":\"https:\/\/www.noticiasradioreflejos.com.ar\/2021\/#\/schema\/person\/ad82545263dcc5ec0996818884fd5fb1\"},\"breadcrumb\":{\"@id\":\"https:\/\/www.noticiasradioreflejos.com.ar\/2021\/coronavirus-en-argentina-se-registraron-32-291-nuevos-casos-y-553-muertes\/#breadcrumb\"},\"inLanguage\":\"es\",\"potentialAction\":[{\"@type\":\"ReadAction\",\"target\":[\"https:\/\/www.noticiasradioreflejos.com.ar\/2021\/coronavirus-en-argentina-se-registraron-32-291-nuevos-casos-y-553-muertes\/\"]}]},{\"@type\":\"ImageObject\",\"inLanguage\":\"es\",\"@id\":\"https:\/\/www.noticiasradioreflejos.com.ar\/2021\/coronavirus-en-argentina-se-registraron-32-291-nuevos-casos-y-553-muertes\/#primaryimage\",\"url\":\"https:\/\/images.pagina12.com.ar\/styles\/width960\/public\/2021-06\/167464-3-6_0.jpg?itok=WOJtxHxw\",\"contentUrl\":\"https:\/\/images.pagina12.com.ar\/styles\/width960\/public\/2021-06\/167464-3-6_0.jpg?itok=WOJtxHxw\"},{\"@type\":\"BreadcrumbList\",\"@id\":\"https:\/\/www.noticiasradioreflejos.com.ar\/2021\/coronavirus-en-argentina-se-registraron-32-291-nuevos-casos-y-553-muertes\/#breadcrumb\",\"itemListElement\":[{\"@type\":\"ListItem\",\"position\":1,\"name\":\"Portada\",\"item\":\"https:\/\/www.noticiasradioreflejos.com.ar\/2021\/\"},{\"@type\":\"ListItem\",\"position\":2,\"name\":\"Coronavirus en Argentina: se registraron 32.291 nuevos casos y 553 muertes\"}]},{\"@type\":\"WebSite\",\"@id\":\"https:\/\/www.noticiasradioreflejos.com.ar\/2021\/#website\",\"url\":\"https:\/\/www.noticiasradioreflejos.com.ar\/2021\/\",\"name\":\"Noticias Radio Reflejos\",\"description\":\"Las noticias de mi comarca\",\"potentialAction\":[{\"@type\":\"SearchAction\",\"target\":{\"@type\":\"EntryPoint\",\"urlTemplate\":\"https:\/\/www.noticiasradioreflejos.com.ar\/2021\/?s={search_term_string}\"},\"query-input\":{\"@type\":\"PropertyValueSpecification\",\"valueRequired\":true,\"valueName\":\"search_term_string\"}}],\"inLanguage\":\"es\"},{\"@type\":\"Person\",\"@id\":\"https:\/\/www.noticiasradioreflejos.com.ar\/2021\/#\/schema\/person\/ad82545263dcc5ec0996818884fd5fb1\",\"name\":\"Arnaldo Botto\",\"image\":{\"@type\":\"ImageObject\",\"inLanguage\":\"es\",\"@id\":\"https:\/\/www.noticiasradioreflejos.com.ar\/2021\/#\/schema\/person\/image\/\",\"url\":\"https:\/\/secure.gravatar.com\/avatar\/55cb5e37c1efa326397366e6974cb338056df65cb50e7d64d1cf314e87504837?s=96&d=mm&r=g\",\"contentUrl\":\"https:\/\/secure.gravatar.com\/avatar\/55cb5e37c1efa326397366e6974cb338056df65cb50e7d64d1cf314e87504837?s=96&d=mm&r=g\",\"caption\":\"Arnaldo Botto\"},\"url\":\"https:\/\/www.noticiasradioreflejos.com.ar\/2021\/author\/arnaldo\/\"}]}<\/script>\n<!-- \/ Yoast SEO plugin. -->","yoast_head_json":{"title":"Coronavirus en Argentina: se registraron 32.291 nuevos casos y 553 muertes - Noticias Radio Reflejos","robots":{"index":"index","follow":"follow","max-snippet":"max-snippet:-1","max-image-preview":"max-image-preview:large","max-video-preview":"max-video-preview:-1"},"canonical":"https:\/\/www.noticiasradioreflejos.com.ar\/2021\/coronavirus-en-argentina-se-registraron-32-291-nuevos-casos-y-553-muertes\/","og_locale":"es_ES","og_type":"article","og_title":"Coronavirus en Argentina: se registraron 32.291 nuevos casos y 553 muertes - Noticias Radio Reflejos","og_description":"El Ministerio de Salud de la Naci\u00f3n confirm\u00f3 que en las \u00faltimas 24 horas el n\u00famero total de contagios desde el comienzo de la pandemia ascendi\u00f3 a 3.884.447, en tanto que los fallecimientos se ubican en 79.873.","og_url":"https:\/\/www.noticiasradioreflejos.com.ar\/2021\/coronavirus-en-argentina-se-registraron-32-291-nuevos-casos-y-553-muertes\/","og_site_name":"Noticias Radio Reflejos","article_published_time":"2021-06-03T20:10:32+00:00","og_image":[{"url":"https:\/\/images.pagina12.com.ar\/styles\/width960\/public\/2021-06\/167464-3-6_0.jpg?itok=WOJtxHxw","type":"","width":"","height":""}],"author":"Arnaldo Botto","twitter_card":"summary_large_image","schema":{"@context":"https:\/\/schema.org","@graph":[{"@type":"WebPage","@id":"https:\/\/www.noticiasradioreflejos.com.ar\/2021\/coronavirus-en-argentina-se-registraron-32-291-nuevos-casos-y-553-muertes\/","url":"https:\/\/www.noticiasradioreflejos.com.ar\/2021\/coronavirus-en-argentina-se-registraron-32-291-nuevos-casos-y-553-muertes\/","name":"Coronavirus en Argentina: se registraron 32.291 nuevos casos y 553 muertes - Noticias Radio Reflejos","isPartOf":{"@id":"https:\/\/www.noticiasradioreflejos.com.ar\/2021\/#website"},"primaryImageOfPage":{"@id":"https:\/\/www.noticiasradioreflejos.com.ar\/2021\/coronavirus-en-argentina-se-registraron-32-291-nuevos-casos-y-553-muertes\/#primaryimage"},"image":{"@id":"https:\/\/www.noticiasradioreflejos.com.ar\/2021\/coronavirus-en-argentina-se-registraron-32-291-nuevos-casos-y-553-muertes\/#primaryimage"},"thumbnailUrl":"https:\/\/images.pagina12.com.ar\/styles\/width960\/public\/2021-06\/167464-3-6_0.jpg?itok=WOJtxHxw","datePublished":"2021-06-03T20:10:32+00:00","author":{"@id":"https:\/\/www.noticiasradioreflejos.com.ar\/2021\/#\/schema\/person\/ad82545263dcc5ec0996818884fd5fb1"},"breadcrumb":{"@id":"https:\/\/www.noticiasradioreflejos.com.ar\/2021\/coronavirus-en-argentina-se-registraron-32-291-nuevos-casos-y-553-muertes\/#breadcrumb"},"inLanguage":"es","potentialAction":[{"@type":"ReadAction","target":["https:\/\/www.noticiasradioreflejos.com.ar\/2021\/coronavirus-en-argentina-se-registraron-32-291-nuevos-casos-y-553-muertes\/"]}]},{"@type":"ImageObject","inLanguage":"es","@id":"https:\/\/www.noticiasradioreflejos.com.ar\/2021\/coronavirus-en-argentina-se-registraron-32-291-nuevos-casos-y-553-muertes\/#primaryimage","url":"https:\/\/images.pagina12.com.ar\/styles\/width960\/public\/2021-06\/167464-3-6_0.jpg?itok=WOJtxHxw","contentUrl":"https:\/\/images.pagina12.com.ar\/styles\/width960\/public\/2021-06\/167464-3-6_0.jpg?itok=WOJtxHxw"},{"@type":"BreadcrumbList","@id":"https:\/\/www.noticiasradioreflejos.com.ar\/2021\/coronavirus-en-argentina-se-registraron-32-291-nuevos-casos-y-553-muertes\/#breadcrumb","itemListElement":[{"@type":"ListItem","position":1,"name":"Portada","item":"https:\/\/www.noticiasradioreflejos.com.ar\/2021\/"},{"@type":"ListItem","position":2,"name":"Coronavirus en Argentina: se registraron 32.291 nuevos casos y 553 muertes"}]},{"@type":"WebSite","@id":"https:\/\/www.noticiasradioreflejos.com.ar\/2021\/#website","url":"https:\/\/www.noticiasradioreflejos.com.ar\/2021\/","name":"Noticias Radio Reflejos","description":"Las noticias de mi comarca","potentialAction":[{"@type":"SearchAction","target":{"@type":"EntryPoint","urlTemplate":"https:\/\/www.noticiasradioreflejos.com.ar\/2021\/?s={search_term_string}"},"query-input":{"@type":"PropertyValueSpecification","valueRequired":true,"valueName":"search_term_string"}}],"inLanguage":"es"},{"@type":"Person","@id":"https:\/\/www.noticiasradioreflejos.com.ar\/2021\/#\/schema\/person\/ad82545263dcc5ec0996818884fd5fb1","name":"Arnaldo Botto","image":{"@type":"ImageObject","inLanguage":"es","@id":"https:\/\/www.noticiasradioreflejos.com.ar\/2021\/#\/schema\/person\/image\/","url":"https:\/\/secure.gravatar.com\/avatar\/55cb5e37c1efa326397366e6974cb338056df65cb50e7d64d1cf314e87504837?s=96&d=mm&r=g","contentUrl":"https:\/\/secure.gravatar.com\/avatar\/55cb5e37c1efa326397366e6974cb338056df65cb50e7d64d1cf314e87504837?s=96&d=mm&r=g","caption":"Arnaldo Botto"},"url":"https:\/\/www.noticiasradioreflejos.com.ar\/2021\/author\/arnaldo\/"}]}},"_links":{"self":[{"href":"https:\/\/www.noticiasradioreflejos.com.ar\/2021\/wp-json\/wp\/v2\/posts\/57998","targetHints":{"allow":["GET"]}}],"collection":[{"href":"https:\/\/www.noticiasradioreflejos.com.ar\/2021\/wp-json\/wp\/v2\/posts"}],"about":[{"href":"https:\/\/www.noticiasradioreflejos.com.ar\/2021\/wp-json\/wp\/v2\/types\/post"}],"author":[{"embeddable":true,"href":"https:\/\/www.noticiasradioreflejos.com.ar\/2021\/wp-json\/wp\/v2\/users\/3"}],"replies":[{"embeddable":true,"href":"https:\/\/www.noticiasradioreflejos.com.ar\/2021\/wp-json\/wp\/v2\/comments?post=57998"}],"version-history":[{"count":1,"href":"https:\/\/www.noticiasradioreflejos.com.ar\/2021\/wp-json\/wp\/v2\/posts\/57998\/revisions"}],"predecessor-version":[{"id":57999,"href":"https:\/\/www.noticiasradioreflejos.com.ar\/2021\/wp-json\/wp\/v2\/posts\/57998\/revisions\/57999"}],"wp:attachment":[{"href":"https:\/\/www.noticiasradioreflejos.com.ar\/2021\/wp-json\/wp\/v2\/media?parent=57998"}],"wp:term":[{"taxonomy":"category","embeddable":true,"href":"https:\/\/www.noticiasradioreflejos.com.ar\/2021\/wp-json\/wp\/v2\/categories?post=57998"},{"taxonomy":"post_tag","embeddable":true,"href":"https:\/\/www.noticiasradioreflejos.com.ar\/2021\/wp-json\/wp\/v2\/tags?post=57998"}],"curies":[{"name":"wp","href":"https:\/\/api.w.org\/{rel}","templated":true}]}}