{"id":57992,"date":"2021-06-03T19:59:22","date_gmt":"2021-06-03T19:59:22","guid":{"rendered":"http:\/\/www.noticiasradioreflejos.com.ar\/2021\/?p=57992"},"modified":"2021-06-03T19:59:22","modified_gmt":"2021-06-03T19:59:22","slug":"con-messi-desde-el-comienzo-argentina-recibe-a-chile-en-santiago-del-estero","status":"publish","type":"post","link":"https:\/\/www.noticiasradioreflejos.com.ar\/2021\/con-messi-desde-el-comienzo-argentina-recibe-a-chile-en-santiago-del-estero\/","title":{"rendered":"Con Messi desde el comienzo, Argentina recibe a Chile en Santiago del Estero."},"content":{"rendered":"<div class=\"head-content\">\n<p>El equipo \u00abalbiceleste\u00bb y los trasandinos disputar\u00e1n, desde las 21, uno de los cuatro duelos por la jornada de clasificatorias para la Copa del Mundo de Qatar 2022, tras casi siete meses de inactividad a causa de la pandemia.<\/p>\n<\/div>\n<p><!--more--><\/p>\n<div class=\"main-content-block\">\n<div class=\"main-box clearfix\">\n<div class=\"wrapper-main-section clearfix\">\n<div class=\"wrapper-editable-content\">\n<div class=\"editable-content clearfix\">\n<div id=\"image\" class=\"image\">\n<div class=\"epigrafe\">El seleccionado argentino, liderado por su capit\u00e1n <strong>Lionel Messi<\/strong>, ser\u00e1 local este jueves ante Chile en la reanudaci\u00f3n de la\u00a0<strong>eliminatoria sudamericana para la Copa del Mundo de Qatar 2022<\/strong>, tras casi siete meses de inactividad en la competencia a causa de la pandemia de coronavirus, con el desarrollo de la s\u00e9ptima fecha.<\/div>\n<\/div>\n<p>El partido se jugar\u00e1 en el\u00a0<strong>Estadio \u00danico Madre de Ciudades, en Santiago del Estero, desde las 21<\/strong>, con el arbitraje de\u00a0<strong>Jes\u00fas Valenzuela<\/strong>, de Venezuela, con televisaci\u00f3n por parte de TyC Sports. El pr\u00f3ximo martes se realizar\u00e1 la octava jornada y el equipo de\u00a0<strong>Lionel Scaloni<\/strong>\u00a0visitar\u00e1 a Colombia.<\/p>\n<p>Las posiciones de la eliminatoria tras cuatro fechas (la quinta y sexta que iban a disputarse en marzo pasado y fueron suspendidas porque Alemania e Inglaterra no ced\u00edan a los jugadores por la pandemia de coronavirus, pasar\u00e1n para el mismo mes del a\u00f1o pr\u00f3ximo), son: Brasil, 12 puntos; Argentina, 10; Ecuador, 9; Paraguay y Uruguay, 6; Chile y Colombia, 4; Venezuela, 3; Per\u00fa y Bolivia, 1.<\/p>\n<p>Los\u00a0<strong>cuatro primeros se clasifican<\/strong>\u00a0directamente para Qatar 2022, que se jugar\u00e1 en noviembre del a\u00f1o pr\u00f3ximo, y el quinto afrontar\u00e1 un repechaje.<\/p>\n<div id=\"image\" class=\"image\">\n<p><img decoding=\"async\" title=\"Lionel Scaloni, quien confirm\u00f3 el equipo este mediod\u00eda, tiene como una de sus prioridades que Messi sienta c\u00f3modo en el seleccionado, con una generaci\u00f3n nueva que est\u00e1 conociendo .\" src=\"https:\/\/www.telam.com.ar\/advf\/imagenes\/2021\/06\/60b7c71e48fbd_1004x1615.jpg\" alt=\"Lionel Scaloni, quien confirm\u00f3 el equipo este mediod\u00eda, tiene como una de sus prioridades que Messi sienta c\u00f3modo en el seleccionado, con una generaci\u00f3n nueva que est\u00e1 conociendo .\" \/><\/p>\n<div class=\"epigrafe\">Lionel Scaloni, quien confirm\u00f3 el equipo este mediod\u00eda, tiene como una de sus prioridades que Messi sienta c\u00f3modo en el seleccionado, con una generaci\u00f3n nueva que est\u00e1 conociendo .<\/div>\n<\/div>\n<p>El \u00faltimo cotejo que jug\u00f3 Argentina en el camino a Qatar fue el 17 de noviembre pasado cuando venci\u00f3 en Lima a Per\u00fa, dirigido por\u00a0<strong>Ricardo Gareca<\/strong>, por 2 a 0 con goles de\u00a0<strong>Nicol\u00e1s Gonz\u00e1lez<\/strong>\u00a0y\u00a0<strong>Lautaro Mart\u00ednez<\/strong>.<\/p>\n<div class=\"auth\">El factor Messi<\/div>\n<p>Argentina se apresta para encarar un nuevo compromiso para las eliminatorias luego de haber dejado, all\u00e1 a lo lejos, una buena imagen en el importante triunfo ante Per\u00fa, d\u00e1ndole continuidad a la ida de rodear al \u00abdiferente\u00bb Messi de un equipo solidario, din\u00e1mico y que le brinde opciones para poder hacer valer sus condiciones para seguir estableciendo diferencias, pese a su casi 34 a\u00f1os.<\/p>\n<div id=\"image\" class=\"image\">\n<p><img decoding=\"async\" title=\"El seleccionado argentino, liderado por su capit\u00e1n Lionel Messi, ser\u00e1 local ante Chile en Santiago del Estero. \" src=\"https:\/\/www.telam.com.ar\/advf\/imagenes\/2021\/03\/6058ac609b534_1004x565.jpg\" alt=\"El seleccionado argentino, liderado por su capit\u00e1n Lionel Messi, ser\u00e1 local ante Chile en Santiago del Estero. \" \/><\/p>\n<div class=\"epigrafe\">El seleccionado argentino, liderado por su capit\u00e1n Lionel Messi, ser\u00e1 local ante Chile en Santiago del Estero.<\/div>\n<\/div>\n<p>Scaloni, quien confirm\u00f3 el equipo el mi\u00e9rcoles al mediod\u00eda, tiene como una de sus prioridades\u00a0<strong>que Messi sienta c\u00f3modo en el seleccionado<\/strong>, con una generaci\u00f3n nueva que est\u00e1 conociendo y que pueda acoplarse a ella dejando de lado a la hist\u00f3rica con la cual vivi\u00f3 muchas de su mayores frustraciones en el f\u00fatbol y con la que no pudo ser campe\u00f3n.<\/p>\n<blockquote class=\"twitter-tweet\" data-width=\"500\" data-dnt=\"true\">\n<p lang=\"es\" dir=\"ltr\"><a href=\"https:\/\/twitter.com\/hashtag\/Selecci%C3%B3nMayor?src=hash&amp;ref_src=twsrc%5Etfw\">#Selecci\u00f3nMayor<\/a> \ud83c\udf99\ufe0f <a href=\"https:\/\/twitter.com\/lioscaloni?ref_src=twsrc%5Etfw\">@lioscaloni<\/a> en conferencia de prensa: &quot;El equipo est\u00e1 definido. Vamos a jugar con Mart\u00ednez, Foyth, Romero, Mart\u00ednez Quarta, Tagliafico, Paredes, Ocampos, De Paul, Messi, Di Mar\u00eda y Lautaro Mart\u00ednez&quot;. <a href=\"https:\/\/t.co\/tWbU1qo6Qx\">pic.twitter.com\/tWbU1qo6Qx<\/a><\/p>\n<p>&mdash; \ud83c\udde6\ud83c\uddf7 Selecci\u00f3n Argentina \u2b50\u2b50\u2b50 (@Argentina) <a href=\"https:\/\/twitter.com\/Argentina\/status\/1400128594219778051?ref_src=twsrc%5Etfw\">June 2, 2021<\/a><\/p><\/blockquote>\n<p><script async src=\"https:\/\/platform.twitter.com\/widgets.js\" charset=\"utf-8\"><\/script><\/p>\n<p>El entrenador comprendi\u00f3 sin dilaciones que estando bien el astro rosarino del Barcelona, todo se puede simplificar para Argentina en cualquier competencia que encare bajo su gesti\u00f3n, puesto que el equipo nacional sin el \u00ab10\u00bb pasa a ser un equipo ordinario, con una relevancia relativa.<\/p>\n<p>Argentina, que re\u00fane tres triunfos y un empate (ante Paraguay en cancha de Boca) presentar\u00eda algunos cambios destacados ante los trasandinos y el primero que surge ser\u00eda el ingreso de\u00a0<strong>Emiliano Mart\u00ednez<\/strong>\u00a0(del Aston Vila ingl\u00e9s), el mejor arquero de la Premier League en lugar de\u00a0<strong>Franco Armani<\/strong>, quien llega con poca actividad tras atravesar un covid-19 positivo.<\/p>\n<p>En la zona media se mantendr\u00e1 uno de los favoritos de Scaloni,\u00a0<strong>Rodrigo De Paul<\/strong>\u00a0(de Udinese de Italia), junto a\u00a0<strong>Leandro Paredes<\/strong>\u00a0(del Par\u00eds Saint Germain), m\u00e1s el aporte de\u00a0<strong>Lucas Ocampos<\/strong>\u00a0y\u00a0<strong>Angel Di Mar\u00eda<\/strong>.<\/p>\n<div id=\"image\" class=\"image\">\n<p><img decoding=\"async\" title=\"El mediocampista Angel Di Mar\u00eda es uno de los jugadores confirmados para el encuentro contra la selecci\u00f3n chilena. \" src=\"https:\/\/www.telam.com.ar\/advf\/imagenes\/2020\/11\/5fa524ba5036c_1004x565.jpg\" alt=\"El mediocampista Angel Di Mar\u00eda es uno de los jugadores confirmados para el encuentro contra la selecci\u00f3n chilena. \" \/><\/p>\n<div class=\"epigrafe\">El mediocampista Angel Di Mar\u00eda es uno de los jugadores confirmados para el encuentro contra la selecci\u00f3n chilena.<\/div>\n<\/div>\n<p>En la ofensiva no habr\u00e1 secretos ni dudas con Messi y\u00a0<strong>Lautaro Mart\u00ednez<\/strong>, con la reafirmaci\u00f3n del goleador del Inter italiano.<\/p>\n<h4 class=\"auth\">Formaci\u00f3n chilena<\/h4>\n<p>Chile tendr\u00e1 el debut oficial del entrenador\u00a0<strong>Mart\u00edn Lasarte<\/strong>, que solo dirigi\u00f3 al equipo en un amistoso ganado ante Bolivia y que reemplaza en el cargo al colombiano\u00a0<strong>Reinaldo Rueda<\/strong>. El plantel de la \u00abroja\u00bb ya se encuentra en Santiago del Estero.<\/p>\n<p>El equipo trasandino no podr\u00e1 contar con un \u00abcacique\u00bb como\u00a0<strong>Arturo Vidal<\/strong>, quien se contagio de Covid-19, siendo el jugador del Inter italiano fundamental en todo aspecto, en juego, temperamento y ascendencia sobre su compa\u00f1eros. En su lugar ingresar\u00eda\u00a0<strong>Pablo Galdames<\/strong>, el jugador de V\u00e9lez.<\/p>\n<p>En la ofensiva Chile presentar\u00e1 a dos jugadores de la llamada \u00abGeneraci\u00f3n dorada\u00bb, la que obtuvo dos Copa Am\u00e9rica con entrenadores argentinos,\u00a0<strong>Jorge Sampaoli<\/strong>\u00a0y\u00a0<strong>Juan Antonio Pizzi<\/strong>, y son\u00a0<strong>Alexis S\u00e1nchez<\/strong>\u00a0(Inter de Italia) y\u00a0<strong>Eduardo Vargas<\/strong>\u00a0(Atl\u00e9tico Mineiro de Brasil).<\/p>\n<p>En el historial de eliminatorias, jugaron 13 veces, con nueve triunfo de Argentina (24 goles), tres empates y una victoria de Chile (8 tantos).<\/p>\n<div class=\"js-code\"><iframe loading=\"lazy\" class=\"\" src=\"https:\/\/estdeportes.telam.com.ar\/html\/v3\/model.html?channel=deportes.futbol.eliminatorias.512555&amp;lang=es_LA&amp;model=gamecast_v6&amp;hidePagesMenu=true\" width=\"100%\" height=\"1150\" scrolling=\"auto\" data-mce-fragment=\"1\"><\/iframe><\/div>\n<\/div>\n<\/div>\n<\/div>\n<\/div>\n<\/div>\n","protected":false},"excerpt":{"rendered":"<p>El equipo \u00abalbiceleste\u00bb y los trasandinos disputar\u00e1n, desde las 21, uno de los cuatro duelos por la jornada de clasificatorias para la Copa del Mundo de Qatar 2022, tras casi siete meses de inactividad a causa de la pandemia.<\/p>\n","protected":false},"author":3,"featured_media":0,"comment_status":"closed","ping_status":"closed","sticky":false,"template":"","format":"standard","meta":{"footnotes":""},"categories":[27],"tags":[],"class_list":["post-57992","post","type-post","status-publish","format-standard","hentry","category-deportes"],"yoast_head":"<!-- This site is optimized with the Yoast SEO plugin v25.9 - https:\/\/yoast.com\/wordpress\/plugins\/seo\/ -->\n<title>Con Messi desde el comienzo, Argentina recibe a Chile en Santiago del Estero. - Noticias Radio Reflejos<\/title>\n<meta name=\"robots\" content=\"index, follow, max-snippet:-1, max-image-preview:large, max-video-preview:-1\" \/>\n<link rel=\"canonical\" href=\"https:\/\/www.noticiasradioreflejos.com.ar\/2021\/con-messi-desde-el-comienzo-argentina-recibe-a-chile-en-santiago-del-estero\/\" \/>\n<meta property=\"og:locale\" content=\"es_ES\" \/>\n<meta property=\"og:type\" content=\"article\" \/>\n<meta property=\"og:title\" content=\"Con Messi desde el comienzo, Argentina recibe a Chile en Santiago del Estero. - Noticias Radio Reflejos\" \/>\n<meta property=\"og:description\" content=\"El equipo \u00abalbiceleste\u00bb y los trasandinos disputar\u00e1n, desde las 21, uno de los cuatro duelos por la jornada de clasificatorias para la Copa del Mundo de Qatar 2022, tras casi siete meses de inactividad a causa de la pandemia.\" \/>\n<meta property=\"og:url\" content=\"https:\/\/www.noticiasradioreflejos.com.ar\/2021\/con-messi-desde-el-comienzo-argentina-recibe-a-chile-en-santiago-del-estero\/\" \/>\n<meta property=\"og:site_name\" content=\"Noticias Radio Reflejos\" \/>\n<meta property=\"article:published_time\" content=\"2021-06-03T19:59:22+00:00\" \/>\n<meta property=\"og:image\" content=\"https:\/\/www.telam.com.ar\/advf\/imagenes\/2021\/06\/60b7c71e48fbd_1004x1615.jpg\" \/>\n<meta name=\"author\" content=\"Arnaldo Botto\" \/>\n<meta name=\"twitter:card\" content=\"summary_large_image\" \/>\n<script type=\"application\/ld+json\" class=\"yoast-schema-graph\">{\"@context\":\"https:\/\/schema.org\",\"@graph\":[{\"@type\":\"WebPage\",\"@id\":\"https:\/\/www.noticiasradioreflejos.com.ar\/2021\/con-messi-desde-el-comienzo-argentina-recibe-a-chile-en-santiago-del-estero\/\",\"url\":\"https:\/\/www.noticiasradioreflejos.com.ar\/2021\/con-messi-desde-el-comienzo-argentina-recibe-a-chile-en-santiago-del-estero\/\",\"name\":\"Con Messi desde el comienzo, Argentina recibe a Chile en Santiago del Estero. - Noticias Radio Reflejos\",\"isPartOf\":{\"@id\":\"https:\/\/www.noticiasradioreflejos.com.ar\/2021\/#website\"},\"primaryImageOfPage\":{\"@id\":\"https:\/\/www.noticiasradioreflejos.com.ar\/2021\/con-messi-desde-el-comienzo-argentina-recibe-a-chile-en-santiago-del-estero\/#primaryimage\"},\"image\":{\"@id\":\"https:\/\/www.noticiasradioreflejos.com.ar\/2021\/con-messi-desde-el-comienzo-argentina-recibe-a-chile-en-santiago-del-estero\/#primaryimage\"},\"thumbnailUrl\":\"https:\/\/www.telam.com.ar\/advf\/imagenes\/2021\/06\/60b7c71e48fbd_1004x1615.jpg\",\"datePublished\":\"2021-06-03T19:59:22+00:00\",\"author\":{\"@id\":\"https:\/\/www.noticiasradioreflejos.com.ar\/2021\/#\/schema\/person\/ad82545263dcc5ec0996818884fd5fb1\"},\"breadcrumb\":{\"@id\":\"https:\/\/www.noticiasradioreflejos.com.ar\/2021\/con-messi-desde-el-comienzo-argentina-recibe-a-chile-en-santiago-del-estero\/#breadcrumb\"},\"inLanguage\":\"es\",\"potentialAction\":[{\"@type\":\"ReadAction\",\"target\":[\"https:\/\/www.noticiasradioreflejos.com.ar\/2021\/con-messi-desde-el-comienzo-argentina-recibe-a-chile-en-santiago-del-estero\/\"]}]},{\"@type\":\"ImageObject\",\"inLanguage\":\"es\",\"@id\":\"https:\/\/www.noticiasradioreflejos.com.ar\/2021\/con-messi-desde-el-comienzo-argentina-recibe-a-chile-en-santiago-del-estero\/#primaryimage\",\"url\":\"https:\/\/www.telam.com.ar\/advf\/imagenes\/2021\/06\/60b7c71e48fbd_1004x1615.jpg\",\"contentUrl\":\"https:\/\/www.telam.com.ar\/advf\/imagenes\/2021\/06\/60b7c71e48fbd_1004x1615.jpg\"},{\"@type\":\"BreadcrumbList\",\"@id\":\"https:\/\/www.noticiasradioreflejos.com.ar\/2021\/con-messi-desde-el-comienzo-argentina-recibe-a-chile-en-santiago-del-estero\/#breadcrumb\",\"itemListElement\":[{\"@type\":\"ListItem\",\"position\":1,\"name\":\"Portada\",\"item\":\"https:\/\/www.noticiasradioreflejos.com.ar\/2021\/\"},{\"@type\":\"ListItem\",\"position\":2,\"name\":\"Con Messi desde el comienzo, Argentina recibe a Chile en Santiago del Estero.\"}]},{\"@type\":\"WebSite\",\"@id\":\"https:\/\/www.noticiasradioreflejos.com.ar\/2021\/#website\",\"url\":\"https:\/\/www.noticiasradioreflejos.com.ar\/2021\/\",\"name\":\"Noticias Radio Reflejos\",\"description\":\"Las noticias de mi comarca\",\"potentialAction\":[{\"@type\":\"SearchAction\",\"target\":{\"@type\":\"EntryPoint\",\"urlTemplate\":\"https:\/\/www.noticiasradioreflejos.com.ar\/2021\/?s={search_term_string}\"},\"query-input\":{\"@type\":\"PropertyValueSpecification\",\"valueRequired\":true,\"valueName\":\"search_term_string\"}}],\"inLanguage\":\"es\"},{\"@type\":\"Person\",\"@id\":\"https:\/\/www.noticiasradioreflejos.com.ar\/2021\/#\/schema\/person\/ad82545263dcc5ec0996818884fd5fb1\",\"name\":\"Arnaldo Botto\",\"image\":{\"@type\":\"ImageObject\",\"inLanguage\":\"es\",\"@id\":\"https:\/\/www.noticiasradioreflejos.com.ar\/2021\/#\/schema\/person\/image\/\",\"url\":\"https:\/\/secure.gravatar.com\/avatar\/55cb5e37c1efa326397366e6974cb338056df65cb50e7d64d1cf314e87504837?s=96&d=mm&r=g\",\"contentUrl\":\"https:\/\/secure.gravatar.com\/avatar\/55cb5e37c1efa326397366e6974cb338056df65cb50e7d64d1cf314e87504837?s=96&d=mm&r=g\",\"caption\":\"Arnaldo Botto\"},\"url\":\"https:\/\/www.noticiasradioreflejos.com.ar\/2021\/author\/arnaldo\/\"}]}<\/script>\n<!-- \/ Yoast SEO plugin. -->","yoast_head_json":{"title":"Con Messi desde el comienzo, Argentina recibe a Chile en Santiago del Estero. - Noticias Radio Reflejos","robots":{"index":"index","follow":"follow","max-snippet":"max-snippet:-1","max-image-preview":"max-image-preview:large","max-video-preview":"max-video-preview:-1"},"canonical":"https:\/\/www.noticiasradioreflejos.com.ar\/2021\/con-messi-desde-el-comienzo-argentina-recibe-a-chile-en-santiago-del-estero\/","og_locale":"es_ES","og_type":"article","og_title":"Con Messi desde el comienzo, Argentina recibe a Chile en Santiago del Estero. - Noticias Radio Reflejos","og_description":"El equipo \u00abalbiceleste\u00bb y los trasandinos disputar\u00e1n, desde las 21, uno de los cuatro duelos por la jornada de clasificatorias para la Copa del Mundo de Qatar 2022, tras casi siete meses de inactividad a causa de la pandemia.","og_url":"https:\/\/www.noticiasradioreflejos.com.ar\/2021\/con-messi-desde-el-comienzo-argentina-recibe-a-chile-en-santiago-del-estero\/","og_site_name":"Noticias Radio Reflejos","article_published_time":"2021-06-03T19:59:22+00:00","og_image":[{"url":"https:\/\/www.telam.com.ar\/advf\/imagenes\/2021\/06\/60b7c71e48fbd_1004x1615.jpg","type":"","width":"","height":""}],"author":"Arnaldo Botto","twitter_card":"summary_large_image","schema":{"@context":"https:\/\/schema.org","@graph":[{"@type":"WebPage","@id":"https:\/\/www.noticiasradioreflejos.com.ar\/2021\/con-messi-desde-el-comienzo-argentina-recibe-a-chile-en-santiago-del-estero\/","url":"https:\/\/www.noticiasradioreflejos.com.ar\/2021\/con-messi-desde-el-comienzo-argentina-recibe-a-chile-en-santiago-del-estero\/","name":"Con Messi desde el comienzo, Argentina recibe a Chile en Santiago del Estero. - Noticias Radio Reflejos","isPartOf":{"@id":"https:\/\/www.noticiasradioreflejos.com.ar\/2021\/#website"},"primaryImageOfPage":{"@id":"https:\/\/www.noticiasradioreflejos.com.ar\/2021\/con-messi-desde-el-comienzo-argentina-recibe-a-chile-en-santiago-del-estero\/#primaryimage"},"image":{"@id":"https:\/\/www.noticiasradioreflejos.com.ar\/2021\/con-messi-desde-el-comienzo-argentina-recibe-a-chile-en-santiago-del-estero\/#primaryimage"},"thumbnailUrl":"https:\/\/www.telam.com.ar\/advf\/imagenes\/2021\/06\/60b7c71e48fbd_1004x1615.jpg","datePublished":"2021-06-03T19:59:22+00:00","author":{"@id":"https:\/\/www.noticiasradioreflejos.com.ar\/2021\/#\/schema\/person\/ad82545263dcc5ec0996818884fd5fb1"},"breadcrumb":{"@id":"https:\/\/www.noticiasradioreflejos.com.ar\/2021\/con-messi-desde-el-comienzo-argentina-recibe-a-chile-en-santiago-del-estero\/#breadcrumb"},"inLanguage":"es","potentialAction":[{"@type":"ReadAction","target":["https:\/\/www.noticiasradioreflejos.com.ar\/2021\/con-messi-desde-el-comienzo-argentina-recibe-a-chile-en-santiago-del-estero\/"]}]},{"@type":"ImageObject","inLanguage":"es","@id":"https:\/\/www.noticiasradioreflejos.com.ar\/2021\/con-messi-desde-el-comienzo-argentina-recibe-a-chile-en-santiago-del-estero\/#primaryimage","url":"https:\/\/www.telam.com.ar\/advf\/imagenes\/2021\/06\/60b7c71e48fbd_1004x1615.jpg","contentUrl":"https:\/\/www.telam.com.ar\/advf\/imagenes\/2021\/06\/60b7c71e48fbd_1004x1615.jpg"},{"@type":"BreadcrumbList","@id":"https:\/\/www.noticiasradioreflejos.com.ar\/2021\/con-messi-desde-el-comienzo-argentina-recibe-a-chile-en-santiago-del-estero\/#breadcrumb","itemListElement":[{"@type":"ListItem","position":1,"name":"Portada","item":"https:\/\/www.noticiasradioreflejos.com.ar\/2021\/"},{"@type":"ListItem","position":2,"name":"Con Messi desde el comienzo, Argentina recibe a Chile en Santiago del Estero."}]},{"@type":"WebSite","@id":"https:\/\/www.noticiasradioreflejos.com.ar\/2021\/#website","url":"https:\/\/www.noticiasradioreflejos.com.ar\/2021\/","name":"Noticias Radio Reflejos","description":"Las noticias de mi comarca","potentialAction":[{"@type":"SearchAction","target":{"@type":"EntryPoint","urlTemplate":"https:\/\/www.noticiasradioreflejos.com.ar\/2021\/?s={search_term_string}"},"query-input":{"@type":"PropertyValueSpecification","valueRequired":true,"valueName":"search_term_string"}}],"inLanguage":"es"},{"@type":"Person","@id":"https:\/\/www.noticiasradioreflejos.com.ar\/2021\/#\/schema\/person\/ad82545263dcc5ec0996818884fd5fb1","name":"Arnaldo Botto","image":{"@type":"ImageObject","inLanguage":"es","@id":"https:\/\/www.noticiasradioreflejos.com.ar\/2021\/#\/schema\/person\/image\/","url":"https:\/\/secure.gravatar.com\/avatar\/55cb5e37c1efa326397366e6974cb338056df65cb50e7d64d1cf314e87504837?s=96&d=mm&r=g","contentUrl":"https:\/\/secure.gravatar.com\/avatar\/55cb5e37c1efa326397366e6974cb338056df65cb50e7d64d1cf314e87504837?s=96&d=mm&r=g","caption":"Arnaldo Botto"},"url":"https:\/\/www.noticiasradioreflejos.com.ar\/2021\/author\/arnaldo\/"}]}},"_links":{"self":[{"href":"https:\/\/www.noticiasradioreflejos.com.ar\/2021\/wp-json\/wp\/v2\/posts\/57992","targetHints":{"allow":["GET"]}}],"collection":[{"href":"https:\/\/www.noticiasradioreflejos.com.ar\/2021\/wp-json\/wp\/v2\/posts"}],"about":[{"href":"https:\/\/www.noticiasradioreflejos.com.ar\/2021\/wp-json\/wp\/v2\/types\/post"}],"author":[{"embeddable":true,"href":"https:\/\/www.noticiasradioreflejos.com.ar\/2021\/wp-json\/wp\/v2\/users\/3"}],"replies":[{"embeddable":true,"href":"https:\/\/www.noticiasradioreflejos.com.ar\/2021\/wp-json\/wp\/v2\/comments?post=57992"}],"version-history":[{"count":1,"href":"https:\/\/www.noticiasradioreflejos.com.ar\/2021\/wp-json\/wp\/v2\/posts\/57992\/revisions"}],"predecessor-version":[{"id":57994,"href":"https:\/\/www.noticiasradioreflejos.com.ar\/2021\/wp-json\/wp\/v2\/posts\/57992\/revisions\/57994"}],"wp:attachment":[{"href":"https:\/\/www.noticiasradioreflejos.com.ar\/2021\/wp-json\/wp\/v2\/media?parent=57992"}],"wp:term":[{"taxonomy":"category","embeddable":true,"href":"https:\/\/www.noticiasradioreflejos.com.ar\/2021\/wp-json\/wp\/v2\/categories?post=57992"},{"taxonomy":"post_tag","embeddable":true,"href":"https:\/\/www.noticiasradioreflejos.com.ar\/2021\/wp-json\/wp\/v2\/tags?post=57992"}],"curies":[{"name":"wp","href":"https:\/\/api.w.org\/{rel}","templated":true}]}}