{"id":57989,"date":"2021-06-03T18:34:06","date_gmt":"2021-06-03T18:34:06","guid":{"rendered":"http:\/\/www.noticiasradioreflejos.com.ar\/2021\/?p=57989"},"modified":"2021-06-03T18:34:06","modified_gmt":"2021-06-03T18:34:06","slug":"el-consejo-economico-y-social-se-reunira-con-intendentes-de-la-sexta","status":"publish","type":"post","link":"https:\/\/www.noticiasradioreflejos.com.ar\/2021\/el-consejo-economico-y-social-se-reunira-con-intendentes-de-la-sexta\/","title":{"rendered":"El Consejo Econ\u00f3mico y Social se reunir\u00e1 con intendentes de la Sexta"},"content":{"rendered":"<div><\/div>\n<div>El encuentro ser\u00e1 encabezado por el presidente del CES, Gustavo Beliz y el Director Nacional de An\u00e1lisis Estrat\u00e9gico, Iv\u00e1n Budassi. Tambi\u00e9n estar\u00e1n presentes referentes acad\u00e9micos y del sector empresarial.<\/div>\n<p><!--more--><\/p>\n<div><\/div>\n<div>En el marco de la Convocatoria Nacional para financiar proyectos con impacto demogr\u00e1fico en zonas poco pobladas del pa\u00eds, el presidente del Consejo Econ\u00f3mico y Social, Gustavo Beliz y el Director Nacional de An\u00e1lisis Estrat\u00e9gico, Iv\u00e1n Budassi mantendr\u00e1n este viernes\u00a0 un encuentro virtual con intendentes, rectores de universidades y representantes de distintos sectores de la Sexta Secci\u00f3n Electoral.<\/div>\n<div><\/div>\n<div><strong>Desarrollo arm\u00f3nico con equilibrio territorial<\/strong><\/div>\n<div>La concentraci\u00f3n poblacional y productiva en las grandes urbes constituye un problema estructural de la Argentina. Para contribuir a revertir esta tendencia, el Consejo Econ\u00f3mico y Social (CES) pone en marcha la \u201cConvocatoria de proyectos para el Desarrollo Arm\u00f3nico con Equilibrio Territorial\u201d.<\/div>\n<div>La iniciativa busca identificar y fortalecer proyectos que promuevan la generaci\u00f3n de empleo en localidades peque\u00f1as a trav\u00e9s de propuestas sostenibles, escalables y que demuestren la madurez necesaria para atraer y conservar poblaci\u00f3n econ\u00f3micamente activa.<\/div>\n<div>Los proyectos deber\u00e1n generar efecto demogr\u00e1fico positivo, esto es: I) Posibilitar el arraigo, especialmente de los j\u00f3venes, en las localidades donde se desarrollen los proyectos y\/o II) Posibilitar la relocalizaci\u00f3n de familias desde zonas densamente pobladas a zonas de menor densidad poblacional.<\/div>\n<div><\/div>\n<div>Los proyectos deben encuadrarse en uno de los siguientes Ejes Estrat\u00e9gicos:<\/div>\n<div><\/div>\n<div>\u2022 Agricultura Familiar, Agroecolog\u00eda y Bio-econom\u00eda<\/div>\n<div>\u2022 Cadenas de valor en Microrregiones y Regiones<\/div>\n<div>\u2022 Actividades relacionadas al Cuidado y Bienestar<\/div>\n<div>\u2022 Industria del Conocimiento, Teletrabajo y Conectividad<\/div>\n<div>\u2022<\/div>\n<div>Las presentaciones que resulten seleccionadas podr\u00e1n tener acceso a dos beneficios:<\/div>\n<div><\/div>\n<div>\u2022 En primer lugar, se evaluar\u00e1 su inclusi\u00f3n en los programas disponibles en los distintos organismos del Estado Nacional que son parte de la convocatoria.<\/div>\n<div>\u2022 En segundo t\u00e9rmino, las mejores propuestas, para viabilizar su puesta en funcionamiento, tendr\u00e1n acceso a Aportes No Reembolsables (ANR) de hasta un monto m\u00e1ximo de USD 2.300.000 por proyecto seleccionado.<\/div>\n<div><\/div>\n<div>La Jefatura de Gabinete de Ministros junto a un equipo interministerial, llevar\u00e1n adelante la ejecuci\u00f3n de la convocatoria, que contar\u00e1 con aportes de expertos provenientes de diferentes sectores del entramado social y productivo, as\u00ed como de la asistencia t\u00e9cnica y financiera de Fonplata Banco de Desarrollo.<\/div>\n<div><\/div>\n<div>Podr\u00e1n presentarse a esta convocatoria, de forma asociativa, las Provincias, los Gobiernos locales, las Organizaciones de la Sociedad Civil, los Movimientos Sociales de la Econom\u00eda Popular, Empresas, Sindicatos, Iglesias, Organizaciones del sector productivo, Cooperativas, y Universidades y Centros de Estudios, Investigaci\u00f3n y Desarrollo Tecnol\u00f3gico.<\/div>\n<div><\/div>\n<div>Los proyectos deber\u00e1n contar con la participaci\u00f3n asociativa de diferentes instituciones, dos o m\u00e1s entidades como m\u00ednimo por cada proyecto.<\/div>\n<div><\/div>\n<div>El jurado a cargo del proceso de evaluaci\u00f3n est\u00e1 integrado por Isela Costantini, Enrique Zuleta Puceiro, Federico Trucco, Federico Zapata, Ediht Encinas, Beatriz Tourn, Emilio Inzaurraga, Luciana Soumuoulu, Mar\u00eda Beatriz Giraudo, V\u00edctor Lupo, Agustina Bayanski y Paula Bibini<\/div>\n<div><\/div>\n<div>La inscripci\u00f3n estar\u00e1 abierta desde el 7 de junio hasta 8 de julio de 2021 mediante el sistema de Tr\u00e1mites a distancia (TAD).<\/div>\n<div><\/div>\n<div><\/div>\n<div><strong>Bases y condiciones en<\/strong>:\u00a0\u00a0<a href=\"http:\/\/www.argentina.gob.ar\/consejo\/desarrolloarmonico\" target=\"_blank\" rel=\"nofollow noopener noreferrer\" data-saferedirecturl=\"https:\/\/www.google.com\/url?q=http:\/\/www.argentina.gob.ar\/consejo\/desarrolloarmonico&amp;source=gmail&amp;ust=1622831517449000&amp;usg=AFQjCNGJfVRRl7ysHEuYLg4ZCJrvHdEUWw\">http:\/\/www.argentina.gob.<wbr \/>ar\/consejo\/desarrolloarmonico<\/a>\u00a0<wbr \/><\/div>\n","protected":false},"excerpt":{"rendered":"<p>El encuentro ser\u00e1 encabezado por el presidente del CES, Gustavo Beliz y el Director Nacional de An\u00e1lisis Estrat\u00e9gico, Iv\u00e1n Budassi. Tambi\u00e9n estar\u00e1n presentes referentes acad\u00e9micos y del sector empresarial.<\/p>\n","protected":false},"author":3,"featured_media":0,"comment_status":"closed","ping_status":"closed","sticky":false,"template":"","format":"standard","meta":{"footnotes":""},"categories":[24],"tags":[],"class_list":["post-57989","post","type-post","status-publish","format-standard","hentry","category-politica"],"yoast_head":"<!-- This site is optimized with the Yoast SEO plugin v25.9 - https:\/\/yoast.com\/wordpress\/plugins\/seo\/ -->\n<title>El Consejo Econ\u00f3mico y Social se reunir\u00e1 con intendentes de la Sexta - Noticias Radio Reflejos<\/title>\n<meta name=\"robots\" content=\"index, follow, max-snippet:-1, max-image-preview:large, max-video-preview:-1\" \/>\n<link rel=\"canonical\" href=\"https:\/\/www.noticiasradioreflejos.com.ar\/2021\/el-consejo-economico-y-social-se-reunira-con-intendentes-de-la-sexta\/\" \/>\n<meta property=\"og:locale\" content=\"es_ES\" \/>\n<meta property=\"og:type\" content=\"article\" \/>\n<meta property=\"og:title\" content=\"El Consejo Econ\u00f3mico y Social se reunir\u00e1 con intendentes de la Sexta - Noticias Radio Reflejos\" \/>\n<meta property=\"og:description\" content=\"El encuentro ser\u00e1 encabezado por el presidente del CES, Gustavo Beliz y el Director Nacional de An\u00e1lisis Estrat\u00e9gico, Iv\u00e1n Budassi. Tambi\u00e9n estar\u00e1n presentes referentes acad\u00e9micos y del sector empresarial.\" \/>\n<meta property=\"og:url\" content=\"https:\/\/www.noticiasradioreflejos.com.ar\/2021\/el-consejo-economico-y-social-se-reunira-con-intendentes-de-la-sexta\/\" \/>\n<meta property=\"og:site_name\" content=\"Noticias Radio Reflejos\" \/>\n<meta property=\"article:published_time\" content=\"2021-06-03T18:34:06+00:00\" \/>\n<meta property=\"og:image\" content=\"https:\/\/www.noticiasradioreflejos.com.ar\/2021\/wp-content\/uploads\/2021\/07\/logosol300x200.png\" \/>\n\t<meta property=\"og:image:width\" content=\"300\" \/>\n\t<meta property=\"og:image:height\" content=\"200\" \/>\n\t<meta property=\"og:image:type\" content=\"image\/png\" \/>\n<meta name=\"author\" content=\"Arnaldo Botto\" \/>\n<meta name=\"twitter:card\" content=\"summary_large_image\" \/>\n<script type=\"application\/ld+json\" class=\"yoast-schema-graph\">{\"@context\":\"https:\/\/schema.org\",\"@graph\":[{\"@type\":\"WebPage\",\"@id\":\"https:\/\/www.noticiasradioreflejos.com.ar\/2021\/el-consejo-economico-y-social-se-reunira-con-intendentes-de-la-sexta\/\",\"url\":\"https:\/\/www.noticiasradioreflejos.com.ar\/2021\/el-consejo-economico-y-social-se-reunira-con-intendentes-de-la-sexta\/\",\"name\":\"El Consejo Econ\u00f3mico y Social se reunir\u00e1 con intendentes de la Sexta - Noticias Radio Reflejos\",\"isPartOf\":{\"@id\":\"https:\/\/www.noticiasradioreflejos.com.ar\/2021\/#website\"},\"datePublished\":\"2021-06-03T18:34:06+00:00\",\"author\":{\"@id\":\"https:\/\/www.noticiasradioreflejos.com.ar\/2021\/#\/schema\/person\/ad82545263dcc5ec0996818884fd5fb1\"},\"breadcrumb\":{\"@id\":\"https:\/\/www.noticiasradioreflejos.com.ar\/2021\/el-consejo-economico-y-social-se-reunira-con-intendentes-de-la-sexta\/#breadcrumb\"},\"inLanguage\":\"es\",\"potentialAction\":[{\"@type\":\"ReadAction\",\"target\":[\"https:\/\/www.noticiasradioreflejos.com.ar\/2021\/el-consejo-economico-y-social-se-reunira-con-intendentes-de-la-sexta\/\"]}]},{\"@type\":\"BreadcrumbList\",\"@id\":\"https:\/\/www.noticiasradioreflejos.com.ar\/2021\/el-consejo-economico-y-social-se-reunira-con-intendentes-de-la-sexta\/#breadcrumb\",\"itemListElement\":[{\"@type\":\"ListItem\",\"position\":1,\"name\":\"Portada\",\"item\":\"https:\/\/www.noticiasradioreflejos.com.ar\/2021\/\"},{\"@type\":\"ListItem\",\"position\":2,\"name\":\"El Consejo Econ\u00f3mico y Social se reunir\u00e1 con intendentes de la Sexta\"}]},{\"@type\":\"WebSite\",\"@id\":\"https:\/\/www.noticiasradioreflejos.com.ar\/2021\/#website\",\"url\":\"https:\/\/www.noticiasradioreflejos.com.ar\/2021\/\",\"name\":\"Noticias Radio Reflejos\",\"description\":\"Las noticias de mi comarca\",\"potentialAction\":[{\"@type\":\"SearchAction\",\"target\":{\"@type\":\"EntryPoint\",\"urlTemplate\":\"https:\/\/www.noticiasradioreflejos.com.ar\/2021\/?s={search_term_string}\"},\"query-input\":{\"@type\":\"PropertyValueSpecification\",\"valueRequired\":true,\"valueName\":\"search_term_string\"}}],\"inLanguage\":\"es\"},{\"@type\":\"Person\",\"@id\":\"https:\/\/www.noticiasradioreflejos.com.ar\/2021\/#\/schema\/person\/ad82545263dcc5ec0996818884fd5fb1\",\"name\":\"Arnaldo Botto\",\"image\":{\"@type\":\"ImageObject\",\"inLanguage\":\"es\",\"@id\":\"https:\/\/www.noticiasradioreflejos.com.ar\/2021\/#\/schema\/person\/image\/\",\"url\":\"https:\/\/secure.gravatar.com\/avatar\/55cb5e37c1efa326397366e6974cb338056df65cb50e7d64d1cf314e87504837?s=96&d=mm&r=g\",\"contentUrl\":\"https:\/\/secure.gravatar.com\/avatar\/55cb5e37c1efa326397366e6974cb338056df65cb50e7d64d1cf314e87504837?s=96&d=mm&r=g\",\"caption\":\"Arnaldo Botto\"},\"url\":\"https:\/\/www.noticiasradioreflejos.com.ar\/2021\/author\/arnaldo\/\"}]}<\/script>\n<!-- \/ Yoast SEO plugin. -->","yoast_head_json":{"title":"El Consejo Econ\u00f3mico y Social se reunir\u00e1 con intendentes de la Sexta - Noticias Radio Reflejos","robots":{"index":"index","follow":"follow","max-snippet":"max-snippet:-1","max-image-preview":"max-image-preview:large","max-video-preview":"max-video-preview:-1"},"canonical":"https:\/\/www.noticiasradioreflejos.com.ar\/2021\/el-consejo-economico-y-social-se-reunira-con-intendentes-de-la-sexta\/","og_locale":"es_ES","og_type":"article","og_title":"El Consejo Econ\u00f3mico y Social se reunir\u00e1 con intendentes de la Sexta - Noticias Radio Reflejos","og_description":"El encuentro ser\u00e1 encabezado por el presidente del CES, Gustavo Beliz y el Director Nacional de An\u00e1lisis Estrat\u00e9gico, Iv\u00e1n Budassi. Tambi\u00e9n estar\u00e1n presentes referentes acad\u00e9micos y del sector empresarial.","og_url":"https:\/\/www.noticiasradioreflejos.com.ar\/2021\/el-consejo-economico-y-social-se-reunira-con-intendentes-de-la-sexta\/","og_site_name":"Noticias Radio Reflejos","article_published_time":"2021-06-03T18:34:06+00:00","og_image":[{"width":300,"height":200,"url":"https:\/\/www.noticiasradioreflejos.com.ar\/2021\/wp-content\/uploads\/2021\/07\/logosol300x200.png","type":"image\/png"}],"author":"Arnaldo Botto","twitter_card":"summary_large_image","schema":{"@context":"https:\/\/schema.org","@graph":[{"@type":"WebPage","@id":"https:\/\/www.noticiasradioreflejos.com.ar\/2021\/el-consejo-economico-y-social-se-reunira-con-intendentes-de-la-sexta\/","url":"https:\/\/www.noticiasradioreflejos.com.ar\/2021\/el-consejo-economico-y-social-se-reunira-con-intendentes-de-la-sexta\/","name":"El Consejo Econ\u00f3mico y Social se reunir\u00e1 con intendentes de la Sexta - Noticias Radio Reflejos","isPartOf":{"@id":"https:\/\/www.noticiasradioreflejos.com.ar\/2021\/#website"},"datePublished":"2021-06-03T18:34:06+00:00","author":{"@id":"https:\/\/www.noticiasradioreflejos.com.ar\/2021\/#\/schema\/person\/ad82545263dcc5ec0996818884fd5fb1"},"breadcrumb":{"@id":"https:\/\/www.noticiasradioreflejos.com.ar\/2021\/el-consejo-economico-y-social-se-reunira-con-intendentes-de-la-sexta\/#breadcrumb"},"inLanguage":"es","potentialAction":[{"@type":"ReadAction","target":["https:\/\/www.noticiasradioreflejos.com.ar\/2021\/el-consejo-economico-y-social-se-reunira-con-intendentes-de-la-sexta\/"]}]},{"@type":"BreadcrumbList","@id":"https:\/\/www.noticiasradioreflejos.com.ar\/2021\/el-consejo-economico-y-social-se-reunira-con-intendentes-de-la-sexta\/#breadcrumb","itemListElement":[{"@type":"ListItem","position":1,"name":"Portada","item":"https:\/\/www.noticiasradioreflejos.com.ar\/2021\/"},{"@type":"ListItem","position":2,"name":"El Consejo Econ\u00f3mico y Social se reunir\u00e1 con intendentes de la Sexta"}]},{"@type":"WebSite","@id":"https:\/\/www.noticiasradioreflejos.com.ar\/2021\/#website","url":"https:\/\/www.noticiasradioreflejos.com.ar\/2021\/","name":"Noticias Radio Reflejos","description":"Las noticias de mi comarca","potentialAction":[{"@type":"SearchAction","target":{"@type":"EntryPoint","urlTemplate":"https:\/\/www.noticiasradioreflejos.com.ar\/2021\/?s={search_term_string}"},"query-input":{"@type":"PropertyValueSpecification","valueRequired":true,"valueName":"search_term_string"}}],"inLanguage":"es"},{"@type":"Person","@id":"https:\/\/www.noticiasradioreflejos.com.ar\/2021\/#\/schema\/person\/ad82545263dcc5ec0996818884fd5fb1","name":"Arnaldo Botto","image":{"@type":"ImageObject","inLanguage":"es","@id":"https:\/\/www.noticiasradioreflejos.com.ar\/2021\/#\/schema\/person\/image\/","url":"https:\/\/secure.gravatar.com\/avatar\/55cb5e37c1efa326397366e6974cb338056df65cb50e7d64d1cf314e87504837?s=96&d=mm&r=g","contentUrl":"https:\/\/secure.gravatar.com\/avatar\/55cb5e37c1efa326397366e6974cb338056df65cb50e7d64d1cf314e87504837?s=96&d=mm&r=g","caption":"Arnaldo Botto"},"url":"https:\/\/www.noticiasradioreflejos.com.ar\/2021\/author\/arnaldo\/"}]}},"_links":{"self":[{"href":"https:\/\/www.noticiasradioreflejos.com.ar\/2021\/wp-json\/wp\/v2\/posts\/57989","targetHints":{"allow":["GET"]}}],"collection":[{"href":"https:\/\/www.noticiasradioreflejos.com.ar\/2021\/wp-json\/wp\/v2\/posts"}],"about":[{"href":"https:\/\/www.noticiasradioreflejos.com.ar\/2021\/wp-json\/wp\/v2\/types\/post"}],"author":[{"embeddable":true,"href":"https:\/\/www.noticiasradioreflejos.com.ar\/2021\/wp-json\/wp\/v2\/users\/3"}],"replies":[{"embeddable":true,"href":"https:\/\/www.noticiasradioreflejos.com.ar\/2021\/wp-json\/wp\/v2\/comments?post=57989"}],"version-history":[{"count":1,"href":"https:\/\/www.noticiasradioreflejos.com.ar\/2021\/wp-json\/wp\/v2\/posts\/57989\/revisions"}],"predecessor-version":[{"id":57991,"href":"https:\/\/www.noticiasradioreflejos.com.ar\/2021\/wp-json\/wp\/v2\/posts\/57989\/revisions\/57991"}],"wp:attachment":[{"href":"https:\/\/www.noticiasradioreflejos.com.ar\/2021\/wp-json\/wp\/v2\/media?parent=57989"}],"wp:term":[{"taxonomy":"category","embeddable":true,"href":"https:\/\/www.noticiasradioreflejos.com.ar\/2021\/wp-json\/wp\/v2\/categories?post=57989"},{"taxonomy":"post_tag","embeddable":true,"href":"https:\/\/www.noticiasradioreflejos.com.ar\/2021\/wp-json\/wp\/v2\/tags?post=57989"}],"curies":[{"name":"wp","href":"https:\/\/api.w.org\/{rel}","templated":true}]}}