{"id":57977,"date":"2021-06-03T18:08:35","date_gmt":"2021-06-03T18:08:35","guid":{"rendered":"http:\/\/www.noticiasradioreflejos.com.ar\/2021\/?p=57977"},"modified":"2021-06-03T18:08:35","modified_gmt":"2021-06-03T18:08:35","slug":"turismo-en-la-comarca-problematica-proyectos-nuevos-objetivos-y-desarrollo-del-sector-que-moviliza-casi-el-40-de-la-economia-del-distrito","status":"publish","type":"post","link":"https:\/\/www.noticiasradioreflejos.com.ar\/2021\/turismo-en-la-comarca-problematica-proyectos-nuevos-objetivos-y-desarrollo-del-sector-que-moviliza-casi-el-40-de-la-economia-del-distrito\/","title":{"rendered":"Turismo en la Comarca: Problem\u00e1tica, proyectos, nuevos objetivos y desarrollo del sector que moviliza casi el 40% de la econom\u00eda del distrito."},"content":{"rendered":"<p><b>\u00a0Gustavo Sandobal<\/b>, Secretario de Turismo de Tornquist Municipio, convers\u00f3 con nosotros esta ma\u00f1ana para ponernos al d\u00eda sobre cu\u00e1l es la situaci\u00f3n del sector luego de los 9 d\u00edas de confinamiento estricto.<!--more--><\/p>\n<p>\u00abEn esta fase tenemos habilitado para hacer turismo, por eso es que se va a ver gente dentro de la Comarca, dentro de las restricciones de la fase 2\u00bb aclar\u00f3 Gustavo la situaci\u00f3n tur\u00edstica de nuestro distrito. Tambi\u00e9n explic\u00f3 que no habr\u00e1 turismo este pr\u00f3ximo fin de semana del 5 y 6 de Junio debido al confinamiento estricto pautado por el Presidente de la Naci\u00f3n. \u00abA partir del Lunes se volver\u00eda con normalidad a la fase 2, donde la actividad tur\u00edstica estar\u00eda habilitada\u00bb.<\/p>\n<p><img loading=\"lazy\" decoding=\"async\" class=\"alignnone size-full wp-image-48666\" src=\"http:\/\/www.noticiasradioreflejos.com.ar\/2021\/wp-content\/uploads\/2020\/10\/multimedia.normal.8095cd3ff2277b51.6e6965766531315f6e6f726d616c2e6a7067.jpg\" alt=\"\" width=\"1152\" height=\"768\" srcset=\"https:\/\/www.noticiasradioreflejos.com.ar\/2021\/wp-content\/uploads\/2020\/10\/multimedia.normal.8095cd3ff2277b51.6e6965766531315f6e6f726d616c2e6a7067.jpg 1152w, https:\/\/www.noticiasradioreflejos.com.ar\/2021\/wp-content\/uploads\/2020\/10\/multimedia.normal.8095cd3ff2277b51.6e6965766531315f6e6f726d616c2e6a7067-300x200.jpg 300w, https:\/\/www.noticiasradioreflejos.com.ar\/2021\/wp-content\/uploads\/2020\/10\/multimedia.normal.8095cd3ff2277b51.6e6965766531315f6e6f726d616c2e6a7067-1024x683.jpg 1024w, https:\/\/www.noticiasradioreflejos.com.ar\/2021\/wp-content\/uploads\/2020\/10\/multimedia.normal.8095cd3ff2277b51.6e6965766531315f6e6f726d616c2e6a7067-768x512.jpg 768w, https:\/\/www.noticiasradioreflejos.com.ar\/2021\/wp-content\/uploads\/2020\/10\/multimedia.normal.8095cd3ff2277b51.6e6965766531315f6e6f726d616c2e6a7067-750x500.jpg 750w, https:\/\/www.noticiasradioreflejos.com.ar\/2021\/wp-content\/uploads\/2020\/10\/multimedia.normal.8095cd3ff2277b51.6e6965766531315f6e6f726d616c2e6a7067-1140x760.jpg 1140w\" sizes=\"auto, (max-width: 1152px) 100vw, 1152px\" \/><\/p>\n<p>Gustavo coment\u00f3 que, seg\u00fan lo que ha charlado con prestadores, las consultas para visitar la comarca durante las vacaciones de invierno han bajado much\u00edsimo. \u00abSe cayeron el 65 % de las reservas y por suerte la gente pudo reprogramar para otra fecha\u00bb se refiri\u00f3 a estos d\u00edas de confinamiento estricto.<\/p>\n<p>\u00abLo que se pudo hacer fue para pagar deudas\u00bb fueron las palabras que us\u00f3 Gustavo para describir la temporada. Aunque la misma haya sido exitosa y la comarca haya recibido muchos turistas, los prestadores y los comerciantes estuvieron 9 meses sin actividad durante el 2020 y eso se not\u00f3. \u00abEstuvimos mucho tiempo sin poder trabajar\u00bb.<\/p>\n<p>\u00abTuvimos ocupaci\u00f3n plena del 100 x 100 y no tuvimos casos de Covid de gente que ingrese\u00bb mencion\u00f3 al sostener que el virus no ha sido propagado por el distrito debido al turismo, sino que quienes se han contagiado fueron los mismos vecinos de todo el partido.<\/p>\n<p><img loading=\"lazy\" decoding=\"async\" class=\"alignnone size-full wp-image-47512\" src=\"http:\/\/www.noticiasradioreflejos.com.ar\/2021\/wp-content\/uploads\/2020\/10\/cabalgatas-sierra-de-la-ventana-4.jpg\" alt=\"\" width=\"816\" height=\"500\" srcset=\"https:\/\/www.noticiasradioreflejos.com.ar\/2021\/wp-content\/uploads\/2020\/10\/cabalgatas-sierra-de-la-ventana-4.jpg 816w, https:\/\/www.noticiasradioreflejos.com.ar\/2021\/wp-content\/uploads\/2020\/10\/cabalgatas-sierra-de-la-ventana-4-300x184.jpg 300w, https:\/\/www.noticiasradioreflejos.com.ar\/2021\/wp-content\/uploads\/2020\/10\/cabalgatas-sierra-de-la-ventana-4-768x471.jpg 768w, https:\/\/www.noticiasradioreflejos.com.ar\/2021\/wp-content\/uploads\/2020\/10\/cabalgatas-sierra-de-la-ventana-4-750x460.jpg 750w\" sizes=\"auto, (max-width: 816px) 100vw, 816px\" \/><\/p>\n<p>\u00abLa temporada de verano para nosotros era una temporada intermedia. Este verano terminamos teniendo una temporada alta\u00bb resumi\u00f3 el \u00e9xito de la temporada de verano 20-21. \u00abTenemos que empezar a capitalizar para que esto que vivimos en el a\u00f1o se transmita a todo el a\u00f1o\u00bb present\u00f3 los nuevos objetivos de la oficina de turismo.<\/p>\n<p>Gustavo explic\u00f3 que hay varios programas para ayudar a quienes la pandemia est\u00e1 golpeando m\u00e1s. \u00abEstamos todo el tiempo en contacto con el sector. Ayer tuvimos 5 reuniones con distintos prestadores. No te podr\u00eda decir cu\u00e1ntas personas acceden a las ayudas, porque, dependiendo el programa, ellos tienen que comunicarse con Naci\u00f3n o Provincia\u00bb.<\/p>\n<p>Con respecto al proyecto de renovar la carteler\u00eda en la comarca, Gustavo coment\u00f3: \u00abEn una primera etapa, pusimos 17 carteles en el Circuito Chico. Ahora en esta segunda etapa, desarrollamos 5 carteles en la plaza de Tornquist. Lo hicimos en conjunto con La Casa de la Historia. La idea es difundir el patrimonio Nacional que tenemos en el partido. Esto lo vamos a replicar en todas las localidades\u00bb.<\/p>\n<p><a title=\"WhatsApp Image 2021-06-03 at 10.26.24\" href=\"https:\/\/www.flickr.com\/photos\/182279889@N02\/51223889165\/in\/dateposted-public\/\" data-flickr-embed=\"true\"><img loading=\"lazy\" decoding=\"async\" src=\"https:\/\/live.staticflickr.com\/65535\/51223889165_fc9b9b12ca_c.jpg\" alt=\"WhatsApp Image 2021-06-03 at 10.26.24\" width=\"800\" height=\"450\" \/><\/a><script async src=\"\/\/embedr.flickr.com\/assets\/client-code.js\" charset=\"utf-8\"><\/script><\/p>\n<p>Sobre el final de la nota, conversamos acerca de las dos turistas que pasaron una mala estad\u00eda en la comarca y, a ra\u00edz de esto, publicaron una nota. \u00abLe\u00ed la nota. La secretar\u00eda y el sector lamentamos lo sucedido, no es el objetivo. La idea es que la gente la pase muy bien y tenga la posibilidad de volver o transmitir lo bien que la pasaron en la comarca\u00bb<\/p>\n<p>\u00abSomos conscientes de que tenemos quejas\u00bb mencion\u00f3 Gustavo, ya que recopilan opiniones de todos los turistas mediante una encuesta virtual y un formulario de quejas en la oficina de turismo. \u00abLa gente ha dejado unas 50 quejas. Lo que hacemos es charlar con los prestadores para empezar a reducir estas quejas\u00bb.<\/p>\n<p><strong>Nota completa a continuaci\u00f3n:<\/strong><br \/>\n<iframe loading=\"lazy\" src=\"https:\/\/w.soundcloud.com\/player\/?url=https%3A\/\/api.soundcloud.com\/tracks\/1061170825&amp;color=%23ff5500&amp;auto_play=false&amp;hide_related=false&amp;show_comments=true&amp;show_user=true&amp;show_reposts=false&amp;show_teaser=true\" width=\"100%\" height=\"166\" frameborder=\"no\" scrolling=\"no\"><\/iframe><\/p>\n<div style=\"font-size: 10px; color: #cccccc; line-break: anywhere; word-break: normal; overflow: hidden; white-space: nowrap; text-overflow: ellipsis; font-family: Interstate,Lucida Grande,Lucida Sans Unicode,Lucida Sans,Garuda,Verdana,Tahoma,sans-serif; font-weight: 100;\"><a style=\"color: #cccccc; text-decoration: none;\" title=\"fmreflejos 103.7\" href=\"https:\/\/soundcloud.com\/fmreflejos-103-7\" target=\"_blank\" rel=\"noopener\">fmreflejos 103.7<\/a> \u00b7 <a style=\"color: #cccccc; text-decoration: none;\" title=\"Nota Gustavo Sandobal\" href=\"https:\/\/soundcloud.com\/fmreflejos-103-7\/nota-gustavo-sandobal-6\" target=\"_blank\" rel=\"noopener\">Nota Gustavo Sandobal<\/a><\/div>\n","protected":false},"excerpt":{"rendered":"<p>\u00a0Gustavo Sandobal, Secretario de Turismo de Tornquist Municipio, convers\u00f3 con nosotros esta ma\u00f1ana para ponernos al d\u00eda sobre cu\u00e1l es la situaci\u00f3n del sector luego de los 9 d\u00edas de confinamiento estricto.<\/p>\n","protected":false},"author":3,"featured_media":0,"comment_status":"closed","ping_status":"closed","sticky":false,"template":"","format":"standard","meta":{"footnotes":""},"categories":[33],"tags":[48],"class_list":["post-57977","post","type-post","status-publish","format-standard","hentry","category-turismo","tag-destacada"],"yoast_head":"<!-- This site is optimized with the Yoast SEO plugin v25.9 - https:\/\/yoast.com\/wordpress\/plugins\/seo\/ -->\n<title>Turismo en la Comarca: Problem\u00e1tica, proyectos, nuevos objetivos y desarrollo del sector que moviliza casi el 40% de la econom\u00eda del distrito. - Noticias Radio Reflejos<\/title>\n<meta name=\"robots\" content=\"index, follow, max-snippet:-1, max-image-preview:large, max-video-preview:-1\" \/>\n<link rel=\"canonical\" href=\"https:\/\/www.noticiasradioreflejos.com.ar\/2021\/turismo-en-la-comarca-problematica-proyectos-nuevos-objetivos-y-desarrollo-del-sector-que-moviliza-casi-el-40-de-la-economia-del-distrito\/\" \/>\n<meta property=\"og:locale\" content=\"es_ES\" \/>\n<meta property=\"og:type\" content=\"article\" \/>\n<meta property=\"og:title\" content=\"Turismo en la Comarca: Problem\u00e1tica, proyectos, nuevos objetivos y desarrollo del sector que moviliza casi el 40% de la econom\u00eda del distrito. - Noticias Radio Reflejos\" \/>\n<meta property=\"og:description\" content=\"\u00a0Gustavo Sandobal, Secretario de Turismo de Tornquist Municipio, convers\u00f3 con nosotros esta ma\u00f1ana para ponernos al d\u00eda sobre cu\u00e1l es la situaci\u00f3n del sector luego de los 9 d\u00edas de confinamiento estricto.\" \/>\n<meta property=\"og:url\" content=\"https:\/\/www.noticiasradioreflejos.com.ar\/2021\/turismo-en-la-comarca-problematica-proyectos-nuevos-objetivos-y-desarrollo-del-sector-que-moviliza-casi-el-40-de-la-economia-del-distrito\/\" \/>\n<meta property=\"og:site_name\" content=\"Noticias Radio Reflejos\" \/>\n<meta property=\"article:published_time\" content=\"2021-06-03T18:08:35+00:00\" \/>\n<meta property=\"og:image\" content=\"http:\/\/www.noticiasradioreflejos.com.ar\/2021\/wp-content\/uploads\/2020\/10\/multimedia.normal.8095cd3ff2277b51.6e6965766531315f6e6f726d616c2e6a7067.jpg\" \/>\n<meta name=\"author\" content=\"Arnaldo Botto\" \/>\n<meta name=\"twitter:card\" content=\"summary_large_image\" \/>\n<script type=\"application\/ld+json\" class=\"yoast-schema-graph\">{\"@context\":\"https:\/\/schema.org\",\"@graph\":[{\"@type\":\"WebPage\",\"@id\":\"https:\/\/www.noticiasradioreflejos.com.ar\/2021\/turismo-en-la-comarca-problematica-proyectos-nuevos-objetivos-y-desarrollo-del-sector-que-moviliza-casi-el-40-de-la-economia-del-distrito\/\",\"url\":\"https:\/\/www.noticiasradioreflejos.com.ar\/2021\/turismo-en-la-comarca-problematica-proyectos-nuevos-objetivos-y-desarrollo-del-sector-que-moviliza-casi-el-40-de-la-economia-del-distrito\/\",\"name\":\"Turismo en la Comarca: Problem\u00e1tica, proyectos, nuevos objetivos y desarrollo del sector que moviliza casi el 40% de la econom\u00eda del distrito. - Noticias Radio Reflejos\",\"isPartOf\":{\"@id\":\"https:\/\/www.noticiasradioreflejos.com.ar\/2021\/#website\"},\"primaryImageOfPage\":{\"@id\":\"https:\/\/www.noticiasradioreflejos.com.ar\/2021\/turismo-en-la-comarca-problematica-proyectos-nuevos-objetivos-y-desarrollo-del-sector-que-moviliza-casi-el-40-de-la-economia-del-distrito\/#primaryimage\"},\"image\":{\"@id\":\"https:\/\/www.noticiasradioreflejos.com.ar\/2021\/turismo-en-la-comarca-problematica-proyectos-nuevos-objetivos-y-desarrollo-del-sector-que-moviliza-casi-el-40-de-la-economia-del-distrito\/#primaryimage\"},\"thumbnailUrl\":\"http:\/\/www.noticiasradioreflejos.com.ar\/2021\/wp-content\/uploads\/2020\/10\/multimedia.normal.8095cd3ff2277b51.6e6965766531315f6e6f726d616c2e6a7067.jpg\",\"datePublished\":\"2021-06-03T18:08:35+00:00\",\"author\":{\"@id\":\"https:\/\/www.noticiasradioreflejos.com.ar\/2021\/#\/schema\/person\/ad82545263dcc5ec0996818884fd5fb1\"},\"breadcrumb\":{\"@id\":\"https:\/\/www.noticiasradioreflejos.com.ar\/2021\/turismo-en-la-comarca-problematica-proyectos-nuevos-objetivos-y-desarrollo-del-sector-que-moviliza-casi-el-40-de-la-economia-del-distrito\/#breadcrumb\"},\"inLanguage\":\"es\",\"potentialAction\":[{\"@type\":\"ReadAction\",\"target\":[\"https:\/\/www.noticiasradioreflejos.com.ar\/2021\/turismo-en-la-comarca-problematica-proyectos-nuevos-objetivos-y-desarrollo-del-sector-que-moviliza-casi-el-40-de-la-economia-del-distrito\/\"]}]},{\"@type\":\"ImageObject\",\"inLanguage\":\"es\",\"@id\":\"https:\/\/www.noticiasradioreflejos.com.ar\/2021\/turismo-en-la-comarca-problematica-proyectos-nuevos-objetivos-y-desarrollo-del-sector-que-moviliza-casi-el-40-de-la-economia-del-distrito\/#primaryimage\",\"url\":\"https:\/\/www.noticiasradioreflejos.com.ar\/2021\/wp-content\/uploads\/2020\/10\/multimedia.normal.8095cd3ff2277b51.6e6965766531315f6e6f726d616c2e6a7067.jpg\",\"contentUrl\":\"https:\/\/www.noticiasradioreflejos.com.ar\/2021\/wp-content\/uploads\/2020\/10\/multimedia.normal.8095cd3ff2277b51.6e6965766531315f6e6f726d616c2e6a7067.jpg\",\"width\":1152,\"height\":768},{\"@type\":\"BreadcrumbList\",\"@id\":\"https:\/\/www.noticiasradioreflejos.com.ar\/2021\/turismo-en-la-comarca-problematica-proyectos-nuevos-objetivos-y-desarrollo-del-sector-que-moviliza-casi-el-40-de-la-economia-del-distrito\/#breadcrumb\",\"itemListElement\":[{\"@type\":\"ListItem\",\"position\":1,\"name\":\"Portada\",\"item\":\"https:\/\/www.noticiasradioreflejos.com.ar\/2021\/\"},{\"@type\":\"ListItem\",\"position\":2,\"name\":\"Turismo en la Comarca: Problem\u00e1tica, proyectos, nuevos objetivos y desarrollo del sector que moviliza casi el 40% de la econom\u00eda del distrito.\"}]},{\"@type\":\"WebSite\",\"@id\":\"https:\/\/www.noticiasradioreflejos.com.ar\/2021\/#website\",\"url\":\"https:\/\/www.noticiasradioreflejos.com.ar\/2021\/\",\"name\":\"Noticias Radio Reflejos\",\"description\":\"Las noticias de mi comarca\",\"potentialAction\":[{\"@type\":\"SearchAction\",\"target\":{\"@type\":\"EntryPoint\",\"urlTemplate\":\"https:\/\/www.noticiasradioreflejos.com.ar\/2021\/?s={search_term_string}\"},\"query-input\":{\"@type\":\"PropertyValueSpecification\",\"valueRequired\":true,\"valueName\":\"search_term_string\"}}],\"inLanguage\":\"es\"},{\"@type\":\"Person\",\"@id\":\"https:\/\/www.noticiasradioreflejos.com.ar\/2021\/#\/schema\/person\/ad82545263dcc5ec0996818884fd5fb1\",\"name\":\"Arnaldo Botto\",\"image\":{\"@type\":\"ImageObject\",\"inLanguage\":\"es\",\"@id\":\"https:\/\/www.noticiasradioreflejos.com.ar\/2021\/#\/schema\/person\/image\/\",\"url\":\"https:\/\/secure.gravatar.com\/avatar\/55cb5e37c1efa326397366e6974cb338056df65cb50e7d64d1cf314e87504837?s=96&d=mm&r=g\",\"contentUrl\":\"https:\/\/secure.gravatar.com\/avatar\/55cb5e37c1efa326397366e6974cb338056df65cb50e7d64d1cf314e87504837?s=96&d=mm&r=g\",\"caption\":\"Arnaldo Botto\"},\"url\":\"https:\/\/www.noticiasradioreflejos.com.ar\/2021\/author\/arnaldo\/\"}]}<\/script>\n<!-- \/ Yoast SEO plugin. -->","yoast_head_json":{"title":"Turismo en la Comarca: Problem\u00e1tica, proyectos, nuevos objetivos y desarrollo del sector que moviliza casi el 40% de la econom\u00eda del distrito. - Noticias Radio Reflejos","robots":{"index":"index","follow":"follow","max-snippet":"max-snippet:-1","max-image-preview":"max-image-preview:large","max-video-preview":"max-video-preview:-1"},"canonical":"https:\/\/www.noticiasradioreflejos.com.ar\/2021\/turismo-en-la-comarca-problematica-proyectos-nuevos-objetivos-y-desarrollo-del-sector-que-moviliza-casi-el-40-de-la-economia-del-distrito\/","og_locale":"es_ES","og_type":"article","og_title":"Turismo en la Comarca: Problem\u00e1tica, proyectos, nuevos objetivos y desarrollo del sector que moviliza casi el 40% de la econom\u00eda del distrito. - Noticias Radio Reflejos","og_description":"\u00a0Gustavo Sandobal, Secretario de Turismo de Tornquist Municipio, convers\u00f3 con nosotros esta ma\u00f1ana para ponernos al d\u00eda sobre cu\u00e1l es la situaci\u00f3n del sector luego de los 9 d\u00edas de confinamiento estricto.","og_url":"https:\/\/www.noticiasradioreflejos.com.ar\/2021\/turismo-en-la-comarca-problematica-proyectos-nuevos-objetivos-y-desarrollo-del-sector-que-moviliza-casi-el-40-de-la-economia-del-distrito\/","og_site_name":"Noticias Radio Reflejos","article_published_time":"2021-06-03T18:08:35+00:00","og_image":[{"url":"http:\/\/www.noticiasradioreflejos.com.ar\/2021\/wp-content\/uploads\/2020\/10\/multimedia.normal.8095cd3ff2277b51.6e6965766531315f6e6f726d616c2e6a7067.jpg","type":"","width":"","height":""}],"author":"Arnaldo Botto","twitter_card":"summary_large_image","schema":{"@context":"https:\/\/schema.org","@graph":[{"@type":"WebPage","@id":"https:\/\/www.noticiasradioreflejos.com.ar\/2021\/turismo-en-la-comarca-problematica-proyectos-nuevos-objetivos-y-desarrollo-del-sector-que-moviliza-casi-el-40-de-la-economia-del-distrito\/","url":"https:\/\/www.noticiasradioreflejos.com.ar\/2021\/turismo-en-la-comarca-problematica-proyectos-nuevos-objetivos-y-desarrollo-del-sector-que-moviliza-casi-el-40-de-la-economia-del-distrito\/","name":"Turismo en la Comarca: Problem\u00e1tica, proyectos, nuevos objetivos y desarrollo del sector que moviliza casi el 40% de la econom\u00eda del distrito. - Noticias Radio Reflejos","isPartOf":{"@id":"https:\/\/www.noticiasradioreflejos.com.ar\/2021\/#website"},"primaryImageOfPage":{"@id":"https:\/\/www.noticiasradioreflejos.com.ar\/2021\/turismo-en-la-comarca-problematica-proyectos-nuevos-objetivos-y-desarrollo-del-sector-que-moviliza-casi-el-40-de-la-economia-del-distrito\/#primaryimage"},"image":{"@id":"https:\/\/www.noticiasradioreflejos.com.ar\/2021\/turismo-en-la-comarca-problematica-proyectos-nuevos-objetivos-y-desarrollo-del-sector-que-moviliza-casi-el-40-de-la-economia-del-distrito\/#primaryimage"},"thumbnailUrl":"http:\/\/www.noticiasradioreflejos.com.ar\/2021\/wp-content\/uploads\/2020\/10\/multimedia.normal.8095cd3ff2277b51.6e6965766531315f6e6f726d616c2e6a7067.jpg","datePublished":"2021-06-03T18:08:35+00:00","author":{"@id":"https:\/\/www.noticiasradioreflejos.com.ar\/2021\/#\/schema\/person\/ad82545263dcc5ec0996818884fd5fb1"},"breadcrumb":{"@id":"https:\/\/www.noticiasradioreflejos.com.ar\/2021\/turismo-en-la-comarca-problematica-proyectos-nuevos-objetivos-y-desarrollo-del-sector-que-moviliza-casi-el-40-de-la-economia-del-distrito\/#breadcrumb"},"inLanguage":"es","potentialAction":[{"@type":"ReadAction","target":["https:\/\/www.noticiasradioreflejos.com.ar\/2021\/turismo-en-la-comarca-problematica-proyectos-nuevos-objetivos-y-desarrollo-del-sector-que-moviliza-casi-el-40-de-la-economia-del-distrito\/"]}]},{"@type":"ImageObject","inLanguage":"es","@id":"https:\/\/www.noticiasradioreflejos.com.ar\/2021\/turismo-en-la-comarca-problematica-proyectos-nuevos-objetivos-y-desarrollo-del-sector-que-moviliza-casi-el-40-de-la-economia-del-distrito\/#primaryimage","url":"https:\/\/www.noticiasradioreflejos.com.ar\/2021\/wp-content\/uploads\/2020\/10\/multimedia.normal.8095cd3ff2277b51.6e6965766531315f6e6f726d616c2e6a7067.jpg","contentUrl":"https:\/\/www.noticiasradioreflejos.com.ar\/2021\/wp-content\/uploads\/2020\/10\/multimedia.normal.8095cd3ff2277b51.6e6965766531315f6e6f726d616c2e6a7067.jpg","width":1152,"height":768},{"@type":"BreadcrumbList","@id":"https:\/\/www.noticiasradioreflejos.com.ar\/2021\/turismo-en-la-comarca-problematica-proyectos-nuevos-objetivos-y-desarrollo-del-sector-que-moviliza-casi-el-40-de-la-economia-del-distrito\/#breadcrumb","itemListElement":[{"@type":"ListItem","position":1,"name":"Portada","item":"https:\/\/www.noticiasradioreflejos.com.ar\/2021\/"},{"@type":"ListItem","position":2,"name":"Turismo en la Comarca: Problem\u00e1tica, proyectos, nuevos objetivos y desarrollo del sector que moviliza casi el 40% de la econom\u00eda del distrito."}]},{"@type":"WebSite","@id":"https:\/\/www.noticiasradioreflejos.com.ar\/2021\/#website","url":"https:\/\/www.noticiasradioreflejos.com.ar\/2021\/","name":"Noticias Radio Reflejos","description":"Las noticias de mi comarca","potentialAction":[{"@type":"SearchAction","target":{"@type":"EntryPoint","urlTemplate":"https:\/\/www.noticiasradioreflejos.com.ar\/2021\/?s={search_term_string}"},"query-input":{"@type":"PropertyValueSpecification","valueRequired":true,"valueName":"search_term_string"}}],"inLanguage":"es"},{"@type":"Person","@id":"https:\/\/www.noticiasradioreflejos.com.ar\/2021\/#\/schema\/person\/ad82545263dcc5ec0996818884fd5fb1","name":"Arnaldo Botto","image":{"@type":"ImageObject","inLanguage":"es","@id":"https:\/\/www.noticiasradioreflejos.com.ar\/2021\/#\/schema\/person\/image\/","url":"https:\/\/secure.gravatar.com\/avatar\/55cb5e37c1efa326397366e6974cb338056df65cb50e7d64d1cf314e87504837?s=96&d=mm&r=g","contentUrl":"https:\/\/secure.gravatar.com\/avatar\/55cb5e37c1efa326397366e6974cb338056df65cb50e7d64d1cf314e87504837?s=96&d=mm&r=g","caption":"Arnaldo Botto"},"url":"https:\/\/www.noticiasradioreflejos.com.ar\/2021\/author\/arnaldo\/"}]}},"_links":{"self":[{"href":"https:\/\/www.noticiasradioreflejos.com.ar\/2021\/wp-json\/wp\/v2\/posts\/57977","targetHints":{"allow":["GET"]}}],"collection":[{"href":"https:\/\/www.noticiasradioreflejos.com.ar\/2021\/wp-json\/wp\/v2\/posts"}],"about":[{"href":"https:\/\/www.noticiasradioreflejos.com.ar\/2021\/wp-json\/wp\/v2\/types\/post"}],"author":[{"embeddable":true,"href":"https:\/\/www.noticiasradioreflejos.com.ar\/2021\/wp-json\/wp\/v2\/users\/3"}],"replies":[{"embeddable":true,"href":"https:\/\/www.noticiasradioreflejos.com.ar\/2021\/wp-json\/wp\/v2\/comments?post=57977"}],"version-history":[{"count":2,"href":"https:\/\/www.noticiasradioreflejos.com.ar\/2021\/wp-json\/wp\/v2\/posts\/57977\/revisions"}],"predecessor-version":[{"id":57988,"href":"https:\/\/www.noticiasradioreflejos.com.ar\/2021\/wp-json\/wp\/v2\/posts\/57977\/revisions\/57988"}],"wp:attachment":[{"href":"https:\/\/www.noticiasradioreflejos.com.ar\/2021\/wp-json\/wp\/v2\/media?parent=57977"}],"wp:term":[{"taxonomy":"category","embeddable":true,"href":"https:\/\/www.noticiasradioreflejos.com.ar\/2021\/wp-json\/wp\/v2\/categories?post=57977"},{"taxonomy":"post_tag","embeddable":true,"href":"https:\/\/www.noticiasradioreflejos.com.ar\/2021\/wp-json\/wp\/v2\/tags?post=57977"}],"curies":[{"name":"wp","href":"https:\/\/api.w.org\/{rel}","templated":true}]}}