{"id":57964,"date":"2021-06-03T14:59:51","date_gmt":"2021-06-03T14:59:51","guid":{"rendered":"http:\/\/www.noticiasradioreflejos.com.ar\/2021\/?p=57964"},"modified":"2021-06-03T14:59:51","modified_gmt":"2021-06-03T14:59:51","slug":"salvarezza-destaco-el-desarrollo-local-de-vacunas-y-adelanto-que-sera-un-hito-en-el-pais","status":"publish","type":"post","link":"https:\/\/www.noticiasradioreflejos.com.ar\/2021\/salvarezza-destaco-el-desarrollo-local-de-vacunas-y-adelanto-que-sera-un-hito-en-el-pais\/","title":{"rendered":"Salvarezza destac\u00f3 el desarrollo local de vacunas y adelant\u00f3 que ser\u00e1 un \u00abhito\u00bb en el pa\u00eds"},"content":{"rendered":"<div class=\"head-content\">\n<p>El ministro a\u00f1adi\u00f3 que, \u00absi todo sale bien, en los pr\u00f3ximos meses podr\u00edamos comenzar con la fase 1 de la vacuna que desarrolla la Unsam, lo que ser\u00eda un hito en la Argentina\u00bb.<\/p>\n<\/div>\n<p><!--more--><\/p>\n<div class=\"main-content-block\">\n<div class=\"main-box clearfix\">\n<div class=\"wrapper-main-section clearfix\">\n<div class=\"wrapper-editable-content\">\n<div class=\"editable-content clearfix\">\n<div id=\"image\" class=\"image\">\n<p><img decoding=\"async\" title=\"Salvarezza destac\u00f3 el avance del desarrollo local de vacunas\" src=\"https:\/\/www.telam.com.ar\/advf\/imagenes\/2021\/02\/603900f0a6130_1004x565.jpg\" alt=\"Salvarezza destac\u00f3 el avance del desarrollo local de vacunas\" \/><\/p>\n<div class=\"epigrafe\">Salvarezza destac\u00f3 el avance del desarrollo local de vacunas<\/div>\n<\/div>\n<p>El ministro de Ciencia, Tecnolog\u00eda e Innovaci\u00f3n, Roberto Salvarezza, destac\u00f3 el avance en la Argentina del \u00abdesarrollo local de vacunas\u00bb contra el coronavirus y se mostr\u00f3 esperanzado en que en los pr\u00f3ximos meses se comience con la fase 1 de una de ellas -las que estudia la Universidad de San Mart\u00edn (Unsam) con el Conicet-, lo que se traducir\u00eda en un \u00abhito\u00bb para el pa\u00eds.<\/p>\n<p>\u00abEstamos avanzados en el desarrollo local\u00bb, cont\u00f3 el ministro en declaraciones a Radio 10 y a\u00f1adi\u00f3 que,\u00a0<strong>\u00absi todo sale bien, en los pr\u00f3ximos meses podr\u00edamos comenzar\u00a0<a href=\"https:\/\/www.telam.com.ar\/notas\/202102\/545253-la-unsam-aclaro-que-avanza-con-los-estudios-de-fase-1-de-una-vacuna.html\" target=\"_blank\" rel=\"noopener\">con la fase 1 de la vacuna que desarrolla la Unsam<\/a>, lo que ser\u00eda un hito en la Argentina\u00bb<\/strong>.<\/p>\n<p>En este sentido indic\u00f3 que \u00abhay 3 grupos que avanzan hacia la fase precl\u00ednica de probar la vacuna en animales, con muy buenas resultados\u00bb.<\/p>\n<p>\u00abLa de la Universidad Nacional de San Martin y el Conicet ya prob\u00f3 que tiene muy buena respuesta de anticuerpos, una muy buena respuesta celular en animales, y ahora est\u00e1 recibiendo esos ensayos con la prote\u00edna elaborada por un laboratorio nacional\u00bb, destac\u00f3.<\/p>\n<p>\u00abSi todo sale bien, en los pr\u00f3ximos meses podr\u00edamos comenzar con la fase 1 que ser\u00eda un hito en Argentina\u00bb, defini\u00f3 luego.<\/p>\n<div id=\"image\" class=\"image\">\n<p><img decoding=\"async\" title=\"Desarrollo local de vacunas\" src=\"https:\/\/www.telam.com.ar\/advf\/imagenes\/2021\/04\/6089a8b132c5a_1004x565.jpg\" alt=\"Desarrollo local de vacunas\" \/><\/p>\n<div class=\"epigrafe\">Desarrollo local de vacunas<\/div>\n<\/div>\n<p>Por otra parte, Salvarezza valor\u00f3 tambi\u00e9n\u00a0<strong><a href=\"https:\/\/www.telam.com.ar\/notas\/202105\/555530-vacuna-coronavirus-segunda-generacion-argentina.html\" target=\"_blank\" rel=\"noopener\">\u00abla vacuna desarrollada por el instituto Leloir con Conicet<\/a>, la que -a diferencia de vacuna de Unsam- utiliza adenovirus como portador, se asemeja m\u00e1s a la de Oxford y Sputnik V\u00bb,<\/strong>\u00a0a\u00f1adi\u00f3 el ministro.<\/p>\n<p>D\u00edas atr\u00e1s,\u00a0<a href=\"https:\/\/www.telam.com.ar\/notas\/202106\/556200-vacuans-produccion-argentina.html\" target=\"_blank\" rel=\"noopener\">la asesora presidencial Cecilia Nicolini habl\u00f3 de la posibilidad de que la Argentina cuente el a\u00f1o pr\u00f3ximo con una \u00abvacuna dise\u00f1ada, desarrollada y producida\u00bb en el pa\u00eds,<\/a>\u00a0en referencia a la de la Unsam y el Conicet.<\/p>\n<p><strong>\u00abEstamos desarrollando nuestras propias vacunas candidatas con el Conicet y con investigadores de la Unsam\u00bb<\/strong>, afirm\u00f3 Nicolini, en declaraciones a Radio del Plata, en las que aclar\u00f3 que todav\u00eda falta \u00abun tiempo m\u00e1s\u00bb para tener completado ese proceso, pero juzg\u00f3 \u00abposible que el a\u00f1o que viene contemos con una vacuna dise\u00f1ada, desarrollada y producida en la Argentina\u00bb.<\/p>\n<p>Por otra parte, Salvarezza resalt\u00f3\u00a0<a href=\"https:\/\/www.telam.com.ar\/notas\/202106\/556331-vacunas-coronavirus-eficacia-sputnik-light.html\" target=\"_blank\" rel=\"noopener\">el informe que difundi\u00f3 el mi\u00e9rcoles la provincia de Buenos Aires sobre la efectividad de Stupnik Light en personas mayores.<\/a><\/p>\n<blockquote><p>\u00abLa primera dosis de Sputnik garantiza una efectividad del 78,6% para evitar casos de Covid-19, del 84,7% para evitar las muertes y del 87,6% para reducir hospitalizaciones\u00bb<\/p><\/blockquote>\n<p>\u00abEs excelente ese estudio que se hizo con m\u00e1s de 100 mil persona\u00bb y \u00abtuvo un eco importante de cient\u00edficos del instituto Gamaleya\u00bb, apunt\u00f3.<\/p>\n<p>El mi\u00e9rcoles el gobernador bonaerense, Axel Kicillof, calific\u00f3 de \u00abgran noticia\u00bb el resultado de la investigaci\u00f3n realizada por la provincia de Buenos Aires que determin\u00f3 que la vacuna Sputnik Light (que es el primer componente de la Sputnik V), que demostr\u00f3 una eficacia del 78,6% para evitar el Covid-19 en personas mayores.<\/p>\n<p><strong>\u00abLa primera dosis de Sputnik garantiza una efectividad del 78,6% para evitar casos de Covid-19, del 84,7% para evitar las muertes y del 87,6% para reducir hospitalizaciones\u00bb<\/strong>, public\u00f3 Kicillof en su cuenta oficial de Twitter.<\/p>\n<blockquote class=\"twitter-tweet\" data-width=\"500\" data-dnt=\"true\">\n<p lang=\"es\" dir=\"ltr\">&quot;La primera dosis de Sputnik garantiza una efectividad del 78,6% para evitar casos de Covid-19, del 84,7% para evitar las muertes y del 87,6% para reducir hospitalizaciones&quot;.<\/p>\n<p>Comparto esta gran noticia\ud83d\udc47<a href=\"https:\/\/t.co\/6Ea3zHTUZm\">https:\/\/t.co\/6Ea3zHTUZm<\/a><\/p>\n<p>&mdash; Axel Kicillof (@Kicillofok) <a href=\"https:\/\/twitter.com\/Kicillofok\/status\/1400192404817420293?ref_src=twsrc%5Etfw\">June 2, 2021<\/a><\/p><\/blockquote>\n<p><script async src=\"https:\/\/platform.twitter.com\/widgets.js\" charset=\"utf-8\"><\/script><\/p>\n<div class=\"editable-content clearfix\">\n<p>Remarc\u00f3 que compart\u00eda esa \u00abgran noticia\u00bb y agreg\u00f3 a su posteo el link que conduce al comunicado del Ministerio de Salud bonaerense sobre el estudio realizado.<\/p>\n<p>Seg\u00fan la cartera sanitaria provincial, por primera vez fuera de Rusia, una investigaci\u00f3n realizada por la Provincia de Buenos Aires demostr\u00f3 el impacto en la vida real de la primera dosis de la vacuna Sputnik V.<\/p>\n<p>El estudio indic\u00f3 una efectividad del 78,6% para evitar casos de Covid-19, del 84,7% para evitar las muertes y del 87,6% para reducir hospitalizaciones en personas de 60 a 79 a\u00f1os.<\/p>\n<\/div>\n<\/div>\n<\/div>\n<\/div>\n<\/div>\n<\/div>\n","protected":false},"excerpt":{"rendered":"<p>El ministro a\u00f1adi\u00f3 que, \u00absi todo sale bien, en los pr\u00f3ximos meses podr\u00edamos comenzar con la fase 1 de la vacuna que desarrolla la Unsam, lo que ser\u00eda un hito en la Argentina\u00bb.<\/p>\n","protected":false},"author":3,"featured_media":0,"comment_status":"closed","ping_status":"closed","sticky":false,"template":"","format":"standard","meta":{"footnotes":""},"categories":[24,30],"tags":[],"class_list":["post-57964","post","type-post","status-publish","format-standard","hentry","category-politica","category-salud"],"yoast_head":"<!-- This site is optimized with the Yoast SEO plugin v25.9 - https:\/\/yoast.com\/wordpress\/plugins\/seo\/ -->\n<title>Salvarezza destac\u00f3 el desarrollo local de vacunas y adelant\u00f3 que ser\u00e1 un &quot;hito&quot; en el pa\u00eds - Noticias Radio Reflejos<\/title>\n<meta name=\"robots\" content=\"index, follow, max-snippet:-1, max-image-preview:large, max-video-preview:-1\" \/>\n<link rel=\"canonical\" href=\"https:\/\/www.noticiasradioreflejos.com.ar\/2021\/salvarezza-destaco-el-desarrollo-local-de-vacunas-y-adelanto-que-sera-un-hito-en-el-pais\/\" \/>\n<meta property=\"og:locale\" content=\"es_ES\" \/>\n<meta property=\"og:type\" content=\"article\" \/>\n<meta property=\"og:title\" content=\"Salvarezza destac\u00f3 el desarrollo local de vacunas y adelant\u00f3 que ser\u00e1 un &quot;hito&quot; en el pa\u00eds - Noticias Radio Reflejos\" \/>\n<meta property=\"og:description\" content=\"El ministro a\u00f1adi\u00f3 que, \u00absi todo sale bien, en los pr\u00f3ximos meses podr\u00edamos comenzar con la fase 1 de la vacuna que desarrolla la Unsam, lo que ser\u00eda un hito en la Argentina\u00bb.\" \/>\n<meta property=\"og:url\" content=\"https:\/\/www.noticiasradioreflejos.com.ar\/2021\/salvarezza-destaco-el-desarrollo-local-de-vacunas-y-adelanto-que-sera-un-hito-en-el-pais\/\" \/>\n<meta property=\"og:site_name\" content=\"Noticias Radio Reflejos\" \/>\n<meta property=\"article:published_time\" content=\"2021-06-03T14:59:51+00:00\" \/>\n<meta property=\"og:image\" content=\"https:\/\/www.telam.com.ar\/advf\/imagenes\/2021\/02\/603900f0a6130_1004x565.jpg\" \/>\n<meta name=\"author\" content=\"Arnaldo Botto\" \/>\n<meta name=\"twitter:card\" content=\"summary_large_image\" \/>\n<script type=\"application\/ld+json\" class=\"yoast-schema-graph\">{\"@context\":\"https:\/\/schema.org\",\"@graph\":[{\"@type\":\"WebPage\",\"@id\":\"https:\/\/www.noticiasradioreflejos.com.ar\/2021\/salvarezza-destaco-el-desarrollo-local-de-vacunas-y-adelanto-que-sera-un-hito-en-el-pais\/\",\"url\":\"https:\/\/www.noticiasradioreflejos.com.ar\/2021\/salvarezza-destaco-el-desarrollo-local-de-vacunas-y-adelanto-que-sera-un-hito-en-el-pais\/\",\"name\":\"Salvarezza destac\u00f3 el desarrollo local de vacunas y adelant\u00f3 que ser\u00e1 un \\\"hito\\\" en el pa\u00eds - Noticias Radio Reflejos\",\"isPartOf\":{\"@id\":\"https:\/\/www.noticiasradioreflejos.com.ar\/2021\/#website\"},\"primaryImageOfPage\":{\"@id\":\"https:\/\/www.noticiasradioreflejos.com.ar\/2021\/salvarezza-destaco-el-desarrollo-local-de-vacunas-y-adelanto-que-sera-un-hito-en-el-pais\/#primaryimage\"},\"image\":{\"@id\":\"https:\/\/www.noticiasradioreflejos.com.ar\/2021\/salvarezza-destaco-el-desarrollo-local-de-vacunas-y-adelanto-que-sera-un-hito-en-el-pais\/#primaryimage\"},\"thumbnailUrl\":\"https:\/\/www.telam.com.ar\/advf\/imagenes\/2021\/02\/603900f0a6130_1004x565.jpg\",\"datePublished\":\"2021-06-03T14:59:51+00:00\",\"author\":{\"@id\":\"https:\/\/www.noticiasradioreflejos.com.ar\/2021\/#\/schema\/person\/ad82545263dcc5ec0996818884fd5fb1\"},\"breadcrumb\":{\"@id\":\"https:\/\/www.noticiasradioreflejos.com.ar\/2021\/salvarezza-destaco-el-desarrollo-local-de-vacunas-y-adelanto-que-sera-un-hito-en-el-pais\/#breadcrumb\"},\"inLanguage\":\"es\",\"potentialAction\":[{\"@type\":\"ReadAction\",\"target\":[\"https:\/\/www.noticiasradioreflejos.com.ar\/2021\/salvarezza-destaco-el-desarrollo-local-de-vacunas-y-adelanto-que-sera-un-hito-en-el-pais\/\"]}]},{\"@type\":\"ImageObject\",\"inLanguage\":\"es\",\"@id\":\"https:\/\/www.noticiasradioreflejos.com.ar\/2021\/salvarezza-destaco-el-desarrollo-local-de-vacunas-y-adelanto-que-sera-un-hito-en-el-pais\/#primaryimage\",\"url\":\"https:\/\/www.telam.com.ar\/advf\/imagenes\/2021\/02\/603900f0a6130_1004x565.jpg\",\"contentUrl\":\"https:\/\/www.telam.com.ar\/advf\/imagenes\/2021\/02\/603900f0a6130_1004x565.jpg\"},{\"@type\":\"BreadcrumbList\",\"@id\":\"https:\/\/www.noticiasradioreflejos.com.ar\/2021\/salvarezza-destaco-el-desarrollo-local-de-vacunas-y-adelanto-que-sera-un-hito-en-el-pais\/#breadcrumb\",\"itemListElement\":[{\"@type\":\"ListItem\",\"position\":1,\"name\":\"Portada\",\"item\":\"https:\/\/www.noticiasradioreflejos.com.ar\/2021\/\"},{\"@type\":\"ListItem\",\"position\":2,\"name\":\"Salvarezza destac\u00f3 el desarrollo local de vacunas y adelant\u00f3 que ser\u00e1 un \u00abhito\u00bb en el pa\u00eds\"}]},{\"@type\":\"WebSite\",\"@id\":\"https:\/\/www.noticiasradioreflejos.com.ar\/2021\/#website\",\"url\":\"https:\/\/www.noticiasradioreflejos.com.ar\/2021\/\",\"name\":\"Noticias Radio Reflejos\",\"description\":\"Las noticias de mi comarca\",\"potentialAction\":[{\"@type\":\"SearchAction\",\"target\":{\"@type\":\"EntryPoint\",\"urlTemplate\":\"https:\/\/www.noticiasradioreflejos.com.ar\/2021\/?s={search_term_string}\"},\"query-input\":{\"@type\":\"PropertyValueSpecification\",\"valueRequired\":true,\"valueName\":\"search_term_string\"}}],\"inLanguage\":\"es\"},{\"@type\":\"Person\",\"@id\":\"https:\/\/www.noticiasradioreflejos.com.ar\/2021\/#\/schema\/person\/ad82545263dcc5ec0996818884fd5fb1\",\"name\":\"Arnaldo Botto\",\"image\":{\"@type\":\"ImageObject\",\"inLanguage\":\"es\",\"@id\":\"https:\/\/www.noticiasradioreflejos.com.ar\/2021\/#\/schema\/person\/image\/\",\"url\":\"https:\/\/secure.gravatar.com\/avatar\/55cb5e37c1efa326397366e6974cb338056df65cb50e7d64d1cf314e87504837?s=96&d=mm&r=g\",\"contentUrl\":\"https:\/\/secure.gravatar.com\/avatar\/55cb5e37c1efa326397366e6974cb338056df65cb50e7d64d1cf314e87504837?s=96&d=mm&r=g\",\"caption\":\"Arnaldo Botto\"},\"url\":\"https:\/\/www.noticiasradioreflejos.com.ar\/2021\/author\/arnaldo\/\"}]}<\/script>\n<!-- \/ Yoast SEO plugin. -->","yoast_head_json":{"title":"Salvarezza destac\u00f3 el desarrollo local de vacunas y adelant\u00f3 que ser\u00e1 un \"hito\" en el pa\u00eds - Noticias Radio Reflejos","robots":{"index":"index","follow":"follow","max-snippet":"max-snippet:-1","max-image-preview":"max-image-preview:large","max-video-preview":"max-video-preview:-1"},"canonical":"https:\/\/www.noticiasradioreflejos.com.ar\/2021\/salvarezza-destaco-el-desarrollo-local-de-vacunas-y-adelanto-que-sera-un-hito-en-el-pais\/","og_locale":"es_ES","og_type":"article","og_title":"Salvarezza destac\u00f3 el desarrollo local de vacunas y adelant\u00f3 que ser\u00e1 un \"hito\" en el pa\u00eds - Noticias Radio Reflejos","og_description":"El ministro a\u00f1adi\u00f3 que, \u00absi todo sale bien, en los pr\u00f3ximos meses podr\u00edamos comenzar con la fase 1 de la vacuna que desarrolla la Unsam, lo que ser\u00eda un hito en la Argentina\u00bb.","og_url":"https:\/\/www.noticiasradioreflejos.com.ar\/2021\/salvarezza-destaco-el-desarrollo-local-de-vacunas-y-adelanto-que-sera-un-hito-en-el-pais\/","og_site_name":"Noticias Radio Reflejos","article_published_time":"2021-06-03T14:59:51+00:00","og_image":[{"url":"https:\/\/www.telam.com.ar\/advf\/imagenes\/2021\/02\/603900f0a6130_1004x565.jpg","type":"","width":"","height":""}],"author":"Arnaldo Botto","twitter_card":"summary_large_image","schema":{"@context":"https:\/\/schema.org","@graph":[{"@type":"WebPage","@id":"https:\/\/www.noticiasradioreflejos.com.ar\/2021\/salvarezza-destaco-el-desarrollo-local-de-vacunas-y-adelanto-que-sera-un-hito-en-el-pais\/","url":"https:\/\/www.noticiasradioreflejos.com.ar\/2021\/salvarezza-destaco-el-desarrollo-local-de-vacunas-y-adelanto-que-sera-un-hito-en-el-pais\/","name":"Salvarezza destac\u00f3 el desarrollo local de vacunas y adelant\u00f3 que ser\u00e1 un \"hito\" en el pa\u00eds - Noticias Radio Reflejos","isPartOf":{"@id":"https:\/\/www.noticiasradioreflejos.com.ar\/2021\/#website"},"primaryImageOfPage":{"@id":"https:\/\/www.noticiasradioreflejos.com.ar\/2021\/salvarezza-destaco-el-desarrollo-local-de-vacunas-y-adelanto-que-sera-un-hito-en-el-pais\/#primaryimage"},"image":{"@id":"https:\/\/www.noticiasradioreflejos.com.ar\/2021\/salvarezza-destaco-el-desarrollo-local-de-vacunas-y-adelanto-que-sera-un-hito-en-el-pais\/#primaryimage"},"thumbnailUrl":"https:\/\/www.telam.com.ar\/advf\/imagenes\/2021\/02\/603900f0a6130_1004x565.jpg","datePublished":"2021-06-03T14:59:51+00:00","author":{"@id":"https:\/\/www.noticiasradioreflejos.com.ar\/2021\/#\/schema\/person\/ad82545263dcc5ec0996818884fd5fb1"},"breadcrumb":{"@id":"https:\/\/www.noticiasradioreflejos.com.ar\/2021\/salvarezza-destaco-el-desarrollo-local-de-vacunas-y-adelanto-que-sera-un-hito-en-el-pais\/#breadcrumb"},"inLanguage":"es","potentialAction":[{"@type":"ReadAction","target":["https:\/\/www.noticiasradioreflejos.com.ar\/2021\/salvarezza-destaco-el-desarrollo-local-de-vacunas-y-adelanto-que-sera-un-hito-en-el-pais\/"]}]},{"@type":"ImageObject","inLanguage":"es","@id":"https:\/\/www.noticiasradioreflejos.com.ar\/2021\/salvarezza-destaco-el-desarrollo-local-de-vacunas-y-adelanto-que-sera-un-hito-en-el-pais\/#primaryimage","url":"https:\/\/www.telam.com.ar\/advf\/imagenes\/2021\/02\/603900f0a6130_1004x565.jpg","contentUrl":"https:\/\/www.telam.com.ar\/advf\/imagenes\/2021\/02\/603900f0a6130_1004x565.jpg"},{"@type":"BreadcrumbList","@id":"https:\/\/www.noticiasradioreflejos.com.ar\/2021\/salvarezza-destaco-el-desarrollo-local-de-vacunas-y-adelanto-que-sera-un-hito-en-el-pais\/#breadcrumb","itemListElement":[{"@type":"ListItem","position":1,"name":"Portada","item":"https:\/\/www.noticiasradioreflejos.com.ar\/2021\/"},{"@type":"ListItem","position":2,"name":"Salvarezza destac\u00f3 el desarrollo local de vacunas y adelant\u00f3 que ser\u00e1 un \u00abhito\u00bb en el pa\u00eds"}]},{"@type":"WebSite","@id":"https:\/\/www.noticiasradioreflejos.com.ar\/2021\/#website","url":"https:\/\/www.noticiasradioreflejos.com.ar\/2021\/","name":"Noticias Radio Reflejos","description":"Las noticias de mi comarca","potentialAction":[{"@type":"SearchAction","target":{"@type":"EntryPoint","urlTemplate":"https:\/\/www.noticiasradioreflejos.com.ar\/2021\/?s={search_term_string}"},"query-input":{"@type":"PropertyValueSpecification","valueRequired":true,"valueName":"search_term_string"}}],"inLanguage":"es"},{"@type":"Person","@id":"https:\/\/www.noticiasradioreflejos.com.ar\/2021\/#\/schema\/person\/ad82545263dcc5ec0996818884fd5fb1","name":"Arnaldo Botto","image":{"@type":"ImageObject","inLanguage":"es","@id":"https:\/\/www.noticiasradioreflejos.com.ar\/2021\/#\/schema\/person\/image\/","url":"https:\/\/secure.gravatar.com\/avatar\/55cb5e37c1efa326397366e6974cb338056df65cb50e7d64d1cf314e87504837?s=96&d=mm&r=g","contentUrl":"https:\/\/secure.gravatar.com\/avatar\/55cb5e37c1efa326397366e6974cb338056df65cb50e7d64d1cf314e87504837?s=96&d=mm&r=g","caption":"Arnaldo Botto"},"url":"https:\/\/www.noticiasradioreflejos.com.ar\/2021\/author\/arnaldo\/"}]}},"_links":{"self":[{"href":"https:\/\/www.noticiasradioreflejos.com.ar\/2021\/wp-json\/wp\/v2\/posts\/57964","targetHints":{"allow":["GET"]}}],"collection":[{"href":"https:\/\/www.noticiasradioreflejos.com.ar\/2021\/wp-json\/wp\/v2\/posts"}],"about":[{"href":"https:\/\/www.noticiasradioreflejos.com.ar\/2021\/wp-json\/wp\/v2\/types\/post"}],"author":[{"embeddable":true,"href":"https:\/\/www.noticiasradioreflejos.com.ar\/2021\/wp-json\/wp\/v2\/users\/3"}],"replies":[{"embeddable":true,"href":"https:\/\/www.noticiasradioreflejos.com.ar\/2021\/wp-json\/wp\/v2\/comments?post=57964"}],"version-history":[{"count":1,"href":"https:\/\/www.noticiasradioreflejos.com.ar\/2021\/wp-json\/wp\/v2\/posts\/57964\/revisions"}],"predecessor-version":[{"id":57966,"href":"https:\/\/www.noticiasradioreflejos.com.ar\/2021\/wp-json\/wp\/v2\/posts\/57964\/revisions\/57966"}],"wp:attachment":[{"href":"https:\/\/www.noticiasradioreflejos.com.ar\/2021\/wp-json\/wp\/v2\/media?parent=57964"}],"wp:term":[{"taxonomy":"category","embeddable":true,"href":"https:\/\/www.noticiasradioreflejos.com.ar\/2021\/wp-json\/wp\/v2\/categories?post=57964"},{"taxonomy":"post_tag","embeddable":true,"href":"https:\/\/www.noticiasradioreflejos.com.ar\/2021\/wp-json\/wp\/v2\/tags?post=57964"}],"curies":[{"name":"wp","href":"https:\/\/api.w.org\/{rel}","templated":true}]}}