{"id":57960,"date":"2021-06-03T14:00:09","date_gmt":"2021-06-03T14:00:09","guid":{"rendered":"http:\/\/www.noticiasradioreflejos.com.ar\/2021\/?p=57960"},"modified":"2021-06-03T14:00:09","modified_gmt":"2021-06-03T14:00:09","slug":"presentan-el-registro-unico-de-casos-de-las-violencias-de-genero","status":"publish","type":"post","link":"https:\/\/www.noticiasradioreflejos.com.ar\/2021\/presentan-el-registro-unico-de-casos-de-las-violencias-de-genero\/","title":{"rendered":"Presentan el Registro \u00danico de Casos de las Violencias de G\u00e9nero"},"content":{"rendered":"<div class=\"head-content\">\n<p>El Registro constituir\u00e1 un insumo fundamental para la elaboraci\u00f3n de estad\u00edsticas y la construcci\u00f3n de pol\u00edticas p\u00fablicas centradas en la prevenci\u00f3n, abordaje y erradicaci\u00f3n de las violencias por razones de g\u00e9nero.<\/p>\n<\/div>\n<p><!--more--><\/p>\n<div class=\"main-content-block\">\n<div class=\"main-box clearfix\">\n<div class=\"wrapper-main-section clearfix\">\n<div class=\"wrapper-editable-content\">\n<div class=\"editable-content clearfix\">\n<p>El Ministerio de las Mujeres, Pol\u00edticas de G\u00e9nero y Diversidad Sexual de la provincia de Buenos Aires anunciar\u00e1 este jueves la puesta en funcionamiento del Registro \u00danico de Casos de las Violencias por Razones de G\u00e9nero (RUC) que s<strong>er\u00e1 implementado en los 135 municipios del territorio bonaerense.<\/strong><\/p>\n<p>La cartera provincial inform\u00f3 en un comunicado que la puesta en marcha del RUC, que encabezar\u00e1 la ministra Estela D\u00edaz en un acto virtual, es un avance clave para el enfoque estad\u00edstico en materia de violencias de g\u00e9nero en la provincia, pendiente desde la sanci\u00f3n de la Ley 14.603 que dio origen a su creaci\u00f3n en 2014.<\/p>\n<p>La informaci\u00f3n relevada, a partir del registro de las situaciones de violencia recibidas en los diferentes organismos municipales y provinciales,\u00a0<strong>constituir\u00e1 un insumo fundamental para la elaboraci\u00f3n de estad\u00edsticas y la construcci\u00f3n de pol\u00edticas p\u00fablicas centradas en la prevenci\u00f3n, abordaje y erradicaci\u00f3n de las violencias por razones de g\u00e9nero.<\/strong><\/p>\n<blockquote class=\"twitter-tweet\" data-width=\"500\" data-dnt=\"true\">\n<p lang=\"es\" dir=\"ltr\">\ud83d\udd34<a href=\"https:\/\/twitter.com\/hashtag\/Jueves?src=hash&amp;ref_src=twsrc%5Etfw\">#Jueves<\/a> 3 de junio a las 11 horas.<\/p>\n<p>En el marco del sexto aniversario de &quot;Ni Una Menos&quot; se presentar\u00e1 el Registro \u00danico de Casos de las Violencias por Razones de G\u00e9nero (RUCVG). <\/p>\n<p>\u27a1\ufe0fSeguilo en vivo por nuestro canal de YouTube MinMujeresPBA <a href=\"https:\/\/t.co\/00y0LGMbAC\">pic.twitter.com\/00y0LGMbAC<\/a><\/p>\n<p>&mdash; Ministerio de Mujeres PBA (@MinMujeresPBA) <a href=\"https:\/\/twitter.com\/MinMujeresPBA\/status\/1400149243860561923?ref_src=twsrc%5Etfw\">June 2, 2021<\/a><\/p><\/blockquote>\n<p><script async src=\"https:\/\/platform.twitter.com\/widgets.js\" charset=\"utf-8\"><\/script><\/p>\n<p>El Registro reunir\u00e1 los datos provenientes de dos fuentes de informaci\u00f3n primarias, generadas y cargadas por \u00e1reas espec\u00edficas del Ministerio de las Mujeres: la L\u00ednea 144, la Direcci\u00f3n de Casos Cr\u00edticos y Alto Riesgo, la Red de Dispositivos Territoriales de Protecci\u00f3n Integral (hogares y casas abiertas que resguardan a mujeres y LGTBI+ en situaciones de violencias) y los oficios judiciales remitidos.<\/p>\n<p>A estos datos se le sumar\u00e1 la informaci\u00f3n producida por los municipios, el Ministerio P\u00fablico Fiscal, la Suprema Corte de Justicia, los ministerios de Seguridad, Justicia y Salud, la Defensor\u00eda del Pueblo y los organismos de la administraci\u00f3n p\u00fablica provincial que est\u00e9n trabajando con Licencias de violencias por razones de g\u00e9nero.<\/p>\n<p>En los casos de entidades u organismos que ya poseen su propio sistema, se realizar\u00e1 un desarrollo inform\u00e1tico espec\u00edfico para optimizar los tiempos de sistematizaci\u00f3n de la informaci\u00f3n.<\/p>\n<\/div>\n<\/div>\n<\/div>\n<\/div>\n<\/div>\n","protected":false},"excerpt":{"rendered":"<p>El Registro constituir\u00e1 un insumo fundamental para la elaboraci\u00f3n de estad\u00edsticas y la construcci\u00f3n de pol\u00edticas p\u00fablicas centradas en la prevenci\u00f3n, abordaje y erradicaci\u00f3n de las violencias por razones de g\u00e9nero.<\/p>\n","protected":false},"author":3,"featured_media":0,"comment_status":"closed","ping_status":"closed","sticky":false,"template":"","format":"standard","meta":{"footnotes":""},"categories":[24],"tags":[],"class_list":["post-57960","post","type-post","status-publish","format-standard","hentry","category-politica"],"yoast_head":"<!-- This site is optimized with the Yoast SEO plugin v25.9 - https:\/\/yoast.com\/wordpress\/plugins\/seo\/ -->\n<title>Presentan el Registro \u00danico de Casos de las Violencias de G\u00e9nero - Noticias Radio Reflejos<\/title>\n<meta name=\"robots\" content=\"index, follow, max-snippet:-1, max-image-preview:large, max-video-preview:-1\" \/>\n<link rel=\"canonical\" href=\"https:\/\/www.noticiasradioreflejos.com.ar\/2021\/presentan-el-registro-unico-de-casos-de-las-violencias-de-genero\/\" \/>\n<meta property=\"og:locale\" content=\"es_ES\" \/>\n<meta property=\"og:type\" content=\"article\" \/>\n<meta property=\"og:title\" content=\"Presentan el Registro \u00danico de Casos de las Violencias de G\u00e9nero - Noticias Radio Reflejos\" \/>\n<meta property=\"og:description\" content=\"El Registro constituir\u00e1 un insumo fundamental para la elaboraci\u00f3n de estad\u00edsticas y la construcci\u00f3n de pol\u00edticas p\u00fablicas centradas en la prevenci\u00f3n, abordaje y erradicaci\u00f3n de las violencias por razones de g\u00e9nero.\" \/>\n<meta property=\"og:url\" content=\"https:\/\/www.noticiasradioreflejos.com.ar\/2021\/presentan-el-registro-unico-de-casos-de-las-violencias-de-genero\/\" \/>\n<meta property=\"og:site_name\" content=\"Noticias Radio Reflejos\" \/>\n<meta property=\"article:published_time\" content=\"2021-06-03T14:00:09+00:00\" \/>\n<meta property=\"og:image\" content=\"https:\/\/www.noticiasradioreflejos.com.ar\/2021\/wp-content\/uploads\/2021\/07\/logosol300x200.png\" \/>\n\t<meta property=\"og:image:width\" content=\"300\" \/>\n\t<meta property=\"og:image:height\" content=\"200\" \/>\n\t<meta property=\"og:image:type\" content=\"image\/png\" \/>\n<meta name=\"author\" content=\"Arnaldo Botto\" \/>\n<meta name=\"twitter:card\" content=\"summary_large_image\" \/>\n<script type=\"application\/ld+json\" class=\"yoast-schema-graph\">{\"@context\":\"https:\/\/schema.org\",\"@graph\":[{\"@type\":\"WebPage\",\"@id\":\"https:\/\/www.noticiasradioreflejos.com.ar\/2021\/presentan-el-registro-unico-de-casos-de-las-violencias-de-genero\/\",\"url\":\"https:\/\/www.noticiasradioreflejos.com.ar\/2021\/presentan-el-registro-unico-de-casos-de-las-violencias-de-genero\/\",\"name\":\"Presentan el Registro \u00danico de Casos de las Violencias de G\u00e9nero - Noticias Radio Reflejos\",\"isPartOf\":{\"@id\":\"https:\/\/www.noticiasradioreflejos.com.ar\/2021\/#website\"},\"datePublished\":\"2021-06-03T14:00:09+00:00\",\"author\":{\"@id\":\"https:\/\/www.noticiasradioreflejos.com.ar\/2021\/#\/schema\/person\/ad82545263dcc5ec0996818884fd5fb1\"},\"breadcrumb\":{\"@id\":\"https:\/\/www.noticiasradioreflejos.com.ar\/2021\/presentan-el-registro-unico-de-casos-de-las-violencias-de-genero\/#breadcrumb\"},\"inLanguage\":\"es\",\"potentialAction\":[{\"@type\":\"ReadAction\",\"target\":[\"https:\/\/www.noticiasradioreflejos.com.ar\/2021\/presentan-el-registro-unico-de-casos-de-las-violencias-de-genero\/\"]}]},{\"@type\":\"BreadcrumbList\",\"@id\":\"https:\/\/www.noticiasradioreflejos.com.ar\/2021\/presentan-el-registro-unico-de-casos-de-las-violencias-de-genero\/#breadcrumb\",\"itemListElement\":[{\"@type\":\"ListItem\",\"position\":1,\"name\":\"Portada\",\"item\":\"https:\/\/www.noticiasradioreflejos.com.ar\/2021\/\"},{\"@type\":\"ListItem\",\"position\":2,\"name\":\"Presentan el Registro \u00danico de Casos de las Violencias de G\u00e9nero\"}]},{\"@type\":\"WebSite\",\"@id\":\"https:\/\/www.noticiasradioreflejos.com.ar\/2021\/#website\",\"url\":\"https:\/\/www.noticiasradioreflejos.com.ar\/2021\/\",\"name\":\"Noticias Radio Reflejos\",\"description\":\"Las noticias de mi comarca\",\"potentialAction\":[{\"@type\":\"SearchAction\",\"target\":{\"@type\":\"EntryPoint\",\"urlTemplate\":\"https:\/\/www.noticiasradioreflejos.com.ar\/2021\/?s={search_term_string}\"},\"query-input\":{\"@type\":\"PropertyValueSpecification\",\"valueRequired\":true,\"valueName\":\"search_term_string\"}}],\"inLanguage\":\"es\"},{\"@type\":\"Person\",\"@id\":\"https:\/\/www.noticiasradioreflejos.com.ar\/2021\/#\/schema\/person\/ad82545263dcc5ec0996818884fd5fb1\",\"name\":\"Arnaldo Botto\",\"image\":{\"@type\":\"ImageObject\",\"inLanguage\":\"es\",\"@id\":\"https:\/\/www.noticiasradioreflejos.com.ar\/2021\/#\/schema\/person\/image\/\",\"url\":\"https:\/\/secure.gravatar.com\/avatar\/55cb5e37c1efa326397366e6974cb338056df65cb50e7d64d1cf314e87504837?s=96&d=mm&r=g\",\"contentUrl\":\"https:\/\/secure.gravatar.com\/avatar\/55cb5e37c1efa326397366e6974cb338056df65cb50e7d64d1cf314e87504837?s=96&d=mm&r=g\",\"caption\":\"Arnaldo Botto\"},\"url\":\"https:\/\/www.noticiasradioreflejos.com.ar\/2021\/author\/arnaldo\/\"}]}<\/script>\n<!-- \/ Yoast SEO plugin. -->","yoast_head_json":{"title":"Presentan el Registro \u00danico de Casos de las Violencias de G\u00e9nero - Noticias Radio Reflejos","robots":{"index":"index","follow":"follow","max-snippet":"max-snippet:-1","max-image-preview":"max-image-preview:large","max-video-preview":"max-video-preview:-1"},"canonical":"https:\/\/www.noticiasradioreflejos.com.ar\/2021\/presentan-el-registro-unico-de-casos-de-las-violencias-de-genero\/","og_locale":"es_ES","og_type":"article","og_title":"Presentan el Registro \u00danico de Casos de las Violencias de G\u00e9nero - Noticias Radio Reflejos","og_description":"El Registro constituir\u00e1 un insumo fundamental para la elaboraci\u00f3n de estad\u00edsticas y la construcci\u00f3n de pol\u00edticas p\u00fablicas centradas en la prevenci\u00f3n, abordaje y erradicaci\u00f3n de las violencias por razones de g\u00e9nero.","og_url":"https:\/\/www.noticiasradioreflejos.com.ar\/2021\/presentan-el-registro-unico-de-casos-de-las-violencias-de-genero\/","og_site_name":"Noticias Radio Reflejos","article_published_time":"2021-06-03T14:00:09+00:00","og_image":[{"width":300,"height":200,"url":"https:\/\/www.noticiasradioreflejos.com.ar\/2021\/wp-content\/uploads\/2021\/07\/logosol300x200.png","type":"image\/png"}],"author":"Arnaldo Botto","twitter_card":"summary_large_image","schema":{"@context":"https:\/\/schema.org","@graph":[{"@type":"WebPage","@id":"https:\/\/www.noticiasradioreflejos.com.ar\/2021\/presentan-el-registro-unico-de-casos-de-las-violencias-de-genero\/","url":"https:\/\/www.noticiasradioreflejos.com.ar\/2021\/presentan-el-registro-unico-de-casos-de-las-violencias-de-genero\/","name":"Presentan el Registro \u00danico de Casos de las Violencias de G\u00e9nero - Noticias Radio Reflejos","isPartOf":{"@id":"https:\/\/www.noticiasradioreflejos.com.ar\/2021\/#website"},"datePublished":"2021-06-03T14:00:09+00:00","author":{"@id":"https:\/\/www.noticiasradioreflejos.com.ar\/2021\/#\/schema\/person\/ad82545263dcc5ec0996818884fd5fb1"},"breadcrumb":{"@id":"https:\/\/www.noticiasradioreflejos.com.ar\/2021\/presentan-el-registro-unico-de-casos-de-las-violencias-de-genero\/#breadcrumb"},"inLanguage":"es","potentialAction":[{"@type":"ReadAction","target":["https:\/\/www.noticiasradioreflejos.com.ar\/2021\/presentan-el-registro-unico-de-casos-de-las-violencias-de-genero\/"]}]},{"@type":"BreadcrumbList","@id":"https:\/\/www.noticiasradioreflejos.com.ar\/2021\/presentan-el-registro-unico-de-casos-de-las-violencias-de-genero\/#breadcrumb","itemListElement":[{"@type":"ListItem","position":1,"name":"Portada","item":"https:\/\/www.noticiasradioreflejos.com.ar\/2021\/"},{"@type":"ListItem","position":2,"name":"Presentan el Registro \u00danico de Casos de las Violencias de G\u00e9nero"}]},{"@type":"WebSite","@id":"https:\/\/www.noticiasradioreflejos.com.ar\/2021\/#website","url":"https:\/\/www.noticiasradioreflejos.com.ar\/2021\/","name":"Noticias Radio Reflejos","description":"Las noticias de mi comarca","potentialAction":[{"@type":"SearchAction","target":{"@type":"EntryPoint","urlTemplate":"https:\/\/www.noticiasradioreflejos.com.ar\/2021\/?s={search_term_string}"},"query-input":{"@type":"PropertyValueSpecification","valueRequired":true,"valueName":"search_term_string"}}],"inLanguage":"es"},{"@type":"Person","@id":"https:\/\/www.noticiasradioreflejos.com.ar\/2021\/#\/schema\/person\/ad82545263dcc5ec0996818884fd5fb1","name":"Arnaldo Botto","image":{"@type":"ImageObject","inLanguage":"es","@id":"https:\/\/www.noticiasradioreflejos.com.ar\/2021\/#\/schema\/person\/image\/","url":"https:\/\/secure.gravatar.com\/avatar\/55cb5e37c1efa326397366e6974cb338056df65cb50e7d64d1cf314e87504837?s=96&d=mm&r=g","contentUrl":"https:\/\/secure.gravatar.com\/avatar\/55cb5e37c1efa326397366e6974cb338056df65cb50e7d64d1cf314e87504837?s=96&d=mm&r=g","caption":"Arnaldo Botto"},"url":"https:\/\/www.noticiasradioreflejos.com.ar\/2021\/author\/arnaldo\/"}]}},"_links":{"self":[{"href":"https:\/\/www.noticiasradioreflejos.com.ar\/2021\/wp-json\/wp\/v2\/posts\/57960","targetHints":{"allow":["GET"]}}],"collection":[{"href":"https:\/\/www.noticiasradioreflejos.com.ar\/2021\/wp-json\/wp\/v2\/posts"}],"about":[{"href":"https:\/\/www.noticiasradioreflejos.com.ar\/2021\/wp-json\/wp\/v2\/types\/post"}],"author":[{"embeddable":true,"href":"https:\/\/www.noticiasradioreflejos.com.ar\/2021\/wp-json\/wp\/v2\/users\/3"}],"replies":[{"embeddable":true,"href":"https:\/\/www.noticiasradioreflejos.com.ar\/2021\/wp-json\/wp\/v2\/comments?post=57960"}],"version-history":[{"count":2,"href":"https:\/\/www.noticiasradioreflejos.com.ar\/2021\/wp-json\/wp\/v2\/posts\/57960\/revisions"}],"predecessor-version":[{"id":57963,"href":"https:\/\/www.noticiasradioreflejos.com.ar\/2021\/wp-json\/wp\/v2\/posts\/57960\/revisions\/57963"}],"wp:attachment":[{"href":"https:\/\/www.noticiasradioreflejos.com.ar\/2021\/wp-json\/wp\/v2\/media?parent=57960"}],"wp:term":[{"taxonomy":"category","embeddable":true,"href":"https:\/\/www.noticiasradioreflejos.com.ar\/2021\/wp-json\/wp\/v2\/categories?post=57960"},{"taxonomy":"post_tag","embeddable":true,"href":"https:\/\/www.noticiasradioreflejos.com.ar\/2021\/wp-json\/wp\/v2\/tags?post=57960"}],"curies":[{"name":"wp","href":"https:\/\/api.w.org\/{rel}","templated":true}]}}