{"id":57944,"date":"2021-06-03T11:08:20","date_gmt":"2021-06-03T11:08:20","guid":{"rendered":"http:\/\/www.noticiasradioreflejos.com.ar\/2021\/?p=57944"},"modified":"2021-06-03T11:08:20","modified_gmt":"2021-06-03T11:08:20","slug":"a-6-anos-de-la-primera-marcha-de-ni-una-menos","status":"publish","type":"post","link":"https:\/\/www.noticiasradioreflejos.com.ar\/2021\/a-6-anos-de-la-primera-marcha-de-ni-una-menos\/","title":{"rendered":"A 6 a\u00f1os de la primera marcha\u00a0de\u00a0NI UNA MENOS"},"content":{"rendered":"<p style=\"font-weight: 400;\">A 6 a\u00f1os de la primera marcha\u00a0de\u00a0NI UNA MENOS cuyo objetivo ha sido y es parar con\u00a0la violencia\u00a0hacia\u00a0la mujer y su consecuencia m\u00e1s grave y visible, el femicidio\u00a0desde el Consejo Municipal de las Mujeres \u00a0manifestamos \u00a0con total convencimiento que,\u00a0para decir ni una menos en nuestro distrito, necesitamos articular pol\u00edticas p\u00fablicas en favor de las mujeres que son v\u00edctimas\u00a0de violencia de g\u00e9nero.<!--more--><\/p>\n<p style=\"font-weight: 400;\">Igual que lo hicimos en los a\u00f1os anteriores, le pedimos al Intendente Municipal \u00a0que se tomen \u00a0las siguientes decisiones pol\u00edticas:<\/p>\n<ol>\n<li style=\"font-weight: 400;\">Que se convoque conurgencia a\u00a0la Mesa Local Intersectorial\u00a0dado que ya fue sancionada la ordenanza pertinente.<\/li>\n<li style=\"font-weight: 400;\">Que seconcreten\u00a0proyectos de salida de las violencias con las mujeres que hayan o est\u00e9n atravesando situaciones de violencia por razones de g\u00e9nero.<\/li>\n<li style=\"font-weight: 400;\">Que se creen dispositivos de ayuda mutua para esas mujerescomo as\u00ed tambi\u00e9n un dispositivo\u00a0para varones que\u00a0ejercen\u00a0violencia por razones de g\u00e9nero.<\/li>\n<li style=\"font-weight: 400;\">Queun Equipo\u00a0Interdisciplinario especializado en g\u00e9nero\u00a0atienda\u00a0esta problem\u00e1tica.<\/li>\n<li style=\"font-weight: 400;\">Queel Distrito\u00a0cuente con\u00a0un espacio f\u00edsico que contenga a las mujeres que deciden denunciar e irse de su hogar.<\/li>\n<\/ol>\n<p style=\"font-weight: 400;\">5)\u00a0Que se\u00a0se d\u00e9 cumplimiento a\u00a0\u00a0las capacitaciones con perspectiva de g\u00e9nero en el marco de la Ley Micaela.<\/p>\n<p style=\"font-weight: 400;\">6)\u00a0Que se tomen decisiones sobre la base de la informaci\u00f3n concentrada en\u00a0\u00a0un Registro \u00danico de Casos de Violencia de G\u00e9nero.<\/p>\n<p style=\"font-weight: 400;\">7)\u00a0Que se optimicen\u00a0los recursos humanos\u00a0de la Comisar\u00eda de la Mujer para que,\u00a0en todas las localidades del distrito, se brinde atenci\u00f3n con perspectiva de g\u00e9nero a las denuncias realizadas por las mujeres en situaci\u00f3n de violencia.<\/p>\n<p style=\"font-weight: 400;\">8)\u00a0Que se implemente el\u00a0Cupo laboral travesti\/trans.<\/p>\n<p style=\"font-weight: 400;\">Desde el Consejo Municipal de las Mujeres seguiremos\u00a0reclamando para\u00a0que en el 2022\u00a0podamos vivir un 3 de Junio, d\u00eda de Ni una Menos,\u00a0con avances de relevancia en las\u00a0pol\u00edticas p\u00fablicas que atiendan esta problem\u00e1tica\u00a0a la vez que\u00a0trabajando para\u00a0aportar a la construcci\u00f3n de una sociedad m\u00e1s sensible y m\u00e1s inclusiva.<\/p>\n<p>&nbsp;<\/p>\n<p><a title=\"image\" href=\"https:\/\/www.flickr.com\/photos\/182279889@N02\/51223193210\/in\/dateposted-public\/\" data-flickr-embed=\"true\"><img loading=\"lazy\" decoding=\"async\" src=\"https:\/\/live.staticflickr.com\/65535\/51223193210_545e19d45b_z.jpg\" alt=\"image\" width=\"452\" height=\"640\" \/><\/a><script async src=\"\/\/embedr.flickr.com\/assets\/client-code.js\" charset=\"utf-8\"><\/script><\/p>\n","protected":false},"excerpt":{"rendered":"<p>A 6 a\u00f1os de la primera marcha\u00a0de\u00a0NI UNA MENOS cuyo objetivo ha sido y es parar con\u00a0la violencia\u00a0hacia\u00a0la mujer y su consecuencia m\u00e1s grave y visible, el femicidio\u00a0desde el Consejo Municipal de las Mujeres \u00a0manifestamos \u00a0con total convencimiento que,\u00a0para decir ni una menos en nuestro distrito, necesitamos articular pol\u00edticas p\u00fablicas en favor de las mujeres [&hellip;]<\/p>\n","protected":false},"author":3,"featured_media":0,"comment_status":"closed","ping_status":"closed","sticky":false,"template":"","format":"standard","meta":{"footnotes":""},"categories":[24,26],"tags":[],"class_list":["post-57944","post","type-post","status-publish","format-standard","hentry","category-politica","category-sociedad"],"yoast_head":"<!-- This site is optimized with the Yoast SEO plugin v25.9 - https:\/\/yoast.com\/wordpress\/plugins\/seo\/ -->\n<title>A 6 a\u00f1os de la primera marcha\u00a0de\u00a0NI UNA MENOS - Noticias Radio Reflejos<\/title>\n<meta name=\"robots\" content=\"index, follow, max-snippet:-1, max-image-preview:large, max-video-preview:-1\" \/>\n<link rel=\"canonical\" href=\"https:\/\/www.noticiasradioreflejos.com.ar\/2021\/a-6-anos-de-la-primera-marcha-de-ni-una-menos\/\" \/>\n<meta property=\"og:locale\" content=\"es_ES\" \/>\n<meta property=\"og:type\" content=\"article\" \/>\n<meta property=\"og:title\" content=\"A 6 a\u00f1os de la primera marcha\u00a0de\u00a0NI UNA MENOS - Noticias Radio Reflejos\" \/>\n<meta property=\"og:description\" content=\"A 6 a\u00f1os de la primera marcha\u00a0de\u00a0NI UNA MENOS cuyo objetivo ha sido y es parar con\u00a0la violencia\u00a0hacia\u00a0la mujer y su consecuencia m\u00e1s grave y visible, el femicidio\u00a0desde el Consejo Municipal de las Mujeres \u00a0manifestamos \u00a0con total convencimiento que,\u00a0para decir ni una menos en nuestro distrito, necesitamos articular pol\u00edticas p\u00fablicas en favor de las mujeres [&hellip;]\" \/>\n<meta property=\"og:url\" content=\"https:\/\/www.noticiasradioreflejos.com.ar\/2021\/a-6-anos-de-la-primera-marcha-de-ni-una-menos\/\" \/>\n<meta property=\"og:site_name\" content=\"Noticias Radio Reflejos\" \/>\n<meta property=\"article:published_time\" content=\"2021-06-03T11:08:20+00:00\" \/>\n<meta property=\"og:image\" content=\"https:\/\/live.staticflickr.com\/65535\/51223193210_545e19d45b_z.jpg\" \/>\n<meta name=\"author\" content=\"Arnaldo Botto\" \/>\n<meta name=\"twitter:card\" content=\"summary_large_image\" \/>\n<script type=\"application\/ld+json\" class=\"yoast-schema-graph\">{\"@context\":\"https:\/\/schema.org\",\"@graph\":[{\"@type\":\"WebPage\",\"@id\":\"https:\/\/www.noticiasradioreflejos.com.ar\/2021\/a-6-anos-de-la-primera-marcha-de-ni-una-menos\/\",\"url\":\"https:\/\/www.noticiasradioreflejos.com.ar\/2021\/a-6-anos-de-la-primera-marcha-de-ni-una-menos\/\",\"name\":\"A 6 a\u00f1os de la primera marcha\u00a0de\u00a0NI UNA MENOS - Noticias Radio Reflejos\",\"isPartOf\":{\"@id\":\"https:\/\/www.noticiasradioreflejos.com.ar\/2021\/#website\"},\"primaryImageOfPage\":{\"@id\":\"https:\/\/www.noticiasradioreflejos.com.ar\/2021\/a-6-anos-de-la-primera-marcha-de-ni-una-menos\/#primaryimage\"},\"image\":{\"@id\":\"https:\/\/www.noticiasradioreflejos.com.ar\/2021\/a-6-anos-de-la-primera-marcha-de-ni-una-menos\/#primaryimage\"},\"thumbnailUrl\":\"https:\/\/live.staticflickr.com\/65535\/51223193210_545e19d45b_z.jpg\",\"datePublished\":\"2021-06-03T11:08:20+00:00\",\"author\":{\"@id\":\"https:\/\/www.noticiasradioreflejos.com.ar\/2021\/#\/schema\/person\/ad82545263dcc5ec0996818884fd5fb1\"},\"breadcrumb\":{\"@id\":\"https:\/\/www.noticiasradioreflejos.com.ar\/2021\/a-6-anos-de-la-primera-marcha-de-ni-una-menos\/#breadcrumb\"},\"inLanguage\":\"es\",\"potentialAction\":[{\"@type\":\"ReadAction\",\"target\":[\"https:\/\/www.noticiasradioreflejos.com.ar\/2021\/a-6-anos-de-la-primera-marcha-de-ni-una-menos\/\"]}]},{\"@type\":\"ImageObject\",\"inLanguage\":\"es\",\"@id\":\"https:\/\/www.noticiasradioreflejos.com.ar\/2021\/a-6-anos-de-la-primera-marcha-de-ni-una-menos\/#primaryimage\",\"url\":\"https:\/\/live.staticflickr.com\/65535\/51223193210_545e19d45b_z.jpg\",\"contentUrl\":\"https:\/\/live.staticflickr.com\/65535\/51223193210_545e19d45b_z.jpg\"},{\"@type\":\"BreadcrumbList\",\"@id\":\"https:\/\/www.noticiasradioreflejos.com.ar\/2021\/a-6-anos-de-la-primera-marcha-de-ni-una-menos\/#breadcrumb\",\"itemListElement\":[{\"@type\":\"ListItem\",\"position\":1,\"name\":\"Portada\",\"item\":\"https:\/\/www.noticiasradioreflejos.com.ar\/2021\/\"},{\"@type\":\"ListItem\",\"position\":2,\"name\":\"A 6 a\u00f1os de la primera marcha\u00a0de\u00a0NI UNA MENOS\"}]},{\"@type\":\"WebSite\",\"@id\":\"https:\/\/www.noticiasradioreflejos.com.ar\/2021\/#website\",\"url\":\"https:\/\/www.noticiasradioreflejos.com.ar\/2021\/\",\"name\":\"Noticias Radio Reflejos\",\"description\":\"Las noticias de mi comarca\",\"potentialAction\":[{\"@type\":\"SearchAction\",\"target\":{\"@type\":\"EntryPoint\",\"urlTemplate\":\"https:\/\/www.noticiasradioreflejos.com.ar\/2021\/?s={search_term_string}\"},\"query-input\":{\"@type\":\"PropertyValueSpecification\",\"valueRequired\":true,\"valueName\":\"search_term_string\"}}],\"inLanguage\":\"es\"},{\"@type\":\"Person\",\"@id\":\"https:\/\/www.noticiasradioreflejos.com.ar\/2021\/#\/schema\/person\/ad82545263dcc5ec0996818884fd5fb1\",\"name\":\"Arnaldo Botto\",\"image\":{\"@type\":\"ImageObject\",\"inLanguage\":\"es\",\"@id\":\"https:\/\/www.noticiasradioreflejos.com.ar\/2021\/#\/schema\/person\/image\/\",\"url\":\"https:\/\/secure.gravatar.com\/avatar\/55cb5e37c1efa326397366e6974cb338056df65cb50e7d64d1cf314e87504837?s=96&d=mm&r=g\",\"contentUrl\":\"https:\/\/secure.gravatar.com\/avatar\/55cb5e37c1efa326397366e6974cb338056df65cb50e7d64d1cf314e87504837?s=96&d=mm&r=g\",\"caption\":\"Arnaldo Botto\"},\"url\":\"https:\/\/www.noticiasradioreflejos.com.ar\/2021\/author\/arnaldo\/\"}]}<\/script>\n<!-- \/ Yoast SEO plugin. -->","yoast_head_json":{"title":"A 6 a\u00f1os de la primera marcha\u00a0de\u00a0NI UNA MENOS - Noticias Radio Reflejos","robots":{"index":"index","follow":"follow","max-snippet":"max-snippet:-1","max-image-preview":"max-image-preview:large","max-video-preview":"max-video-preview:-1"},"canonical":"https:\/\/www.noticiasradioreflejos.com.ar\/2021\/a-6-anos-de-la-primera-marcha-de-ni-una-menos\/","og_locale":"es_ES","og_type":"article","og_title":"A 6 a\u00f1os de la primera marcha\u00a0de\u00a0NI UNA MENOS - Noticias Radio Reflejos","og_description":"A 6 a\u00f1os de la primera marcha\u00a0de\u00a0NI UNA MENOS cuyo objetivo ha sido y es parar con\u00a0la violencia\u00a0hacia\u00a0la mujer y su consecuencia m\u00e1s grave y visible, el femicidio\u00a0desde el Consejo Municipal de las Mujeres \u00a0manifestamos \u00a0con total convencimiento que,\u00a0para decir ni una menos en nuestro distrito, necesitamos articular pol\u00edticas p\u00fablicas en favor de las mujeres [&hellip;]","og_url":"https:\/\/www.noticiasradioreflejos.com.ar\/2021\/a-6-anos-de-la-primera-marcha-de-ni-una-menos\/","og_site_name":"Noticias Radio Reflejos","article_published_time":"2021-06-03T11:08:20+00:00","og_image":[{"url":"https:\/\/live.staticflickr.com\/65535\/51223193210_545e19d45b_z.jpg","type":"","width":"","height":""}],"author":"Arnaldo Botto","twitter_card":"summary_large_image","schema":{"@context":"https:\/\/schema.org","@graph":[{"@type":"WebPage","@id":"https:\/\/www.noticiasradioreflejos.com.ar\/2021\/a-6-anos-de-la-primera-marcha-de-ni-una-menos\/","url":"https:\/\/www.noticiasradioreflejos.com.ar\/2021\/a-6-anos-de-la-primera-marcha-de-ni-una-menos\/","name":"A 6 a\u00f1os de la primera marcha\u00a0de\u00a0NI UNA MENOS - Noticias Radio Reflejos","isPartOf":{"@id":"https:\/\/www.noticiasradioreflejos.com.ar\/2021\/#website"},"primaryImageOfPage":{"@id":"https:\/\/www.noticiasradioreflejos.com.ar\/2021\/a-6-anos-de-la-primera-marcha-de-ni-una-menos\/#primaryimage"},"image":{"@id":"https:\/\/www.noticiasradioreflejos.com.ar\/2021\/a-6-anos-de-la-primera-marcha-de-ni-una-menos\/#primaryimage"},"thumbnailUrl":"https:\/\/live.staticflickr.com\/65535\/51223193210_545e19d45b_z.jpg","datePublished":"2021-06-03T11:08:20+00:00","author":{"@id":"https:\/\/www.noticiasradioreflejos.com.ar\/2021\/#\/schema\/person\/ad82545263dcc5ec0996818884fd5fb1"},"breadcrumb":{"@id":"https:\/\/www.noticiasradioreflejos.com.ar\/2021\/a-6-anos-de-la-primera-marcha-de-ni-una-menos\/#breadcrumb"},"inLanguage":"es","potentialAction":[{"@type":"ReadAction","target":["https:\/\/www.noticiasradioreflejos.com.ar\/2021\/a-6-anos-de-la-primera-marcha-de-ni-una-menos\/"]}]},{"@type":"ImageObject","inLanguage":"es","@id":"https:\/\/www.noticiasradioreflejos.com.ar\/2021\/a-6-anos-de-la-primera-marcha-de-ni-una-menos\/#primaryimage","url":"https:\/\/live.staticflickr.com\/65535\/51223193210_545e19d45b_z.jpg","contentUrl":"https:\/\/live.staticflickr.com\/65535\/51223193210_545e19d45b_z.jpg"},{"@type":"BreadcrumbList","@id":"https:\/\/www.noticiasradioreflejos.com.ar\/2021\/a-6-anos-de-la-primera-marcha-de-ni-una-menos\/#breadcrumb","itemListElement":[{"@type":"ListItem","position":1,"name":"Portada","item":"https:\/\/www.noticiasradioreflejos.com.ar\/2021\/"},{"@type":"ListItem","position":2,"name":"A 6 a\u00f1os de la primera marcha\u00a0de\u00a0NI UNA MENOS"}]},{"@type":"WebSite","@id":"https:\/\/www.noticiasradioreflejos.com.ar\/2021\/#website","url":"https:\/\/www.noticiasradioreflejos.com.ar\/2021\/","name":"Noticias Radio Reflejos","description":"Las noticias de mi comarca","potentialAction":[{"@type":"SearchAction","target":{"@type":"EntryPoint","urlTemplate":"https:\/\/www.noticiasradioreflejos.com.ar\/2021\/?s={search_term_string}"},"query-input":{"@type":"PropertyValueSpecification","valueRequired":true,"valueName":"search_term_string"}}],"inLanguage":"es"},{"@type":"Person","@id":"https:\/\/www.noticiasradioreflejos.com.ar\/2021\/#\/schema\/person\/ad82545263dcc5ec0996818884fd5fb1","name":"Arnaldo Botto","image":{"@type":"ImageObject","inLanguage":"es","@id":"https:\/\/www.noticiasradioreflejos.com.ar\/2021\/#\/schema\/person\/image\/","url":"https:\/\/secure.gravatar.com\/avatar\/55cb5e37c1efa326397366e6974cb338056df65cb50e7d64d1cf314e87504837?s=96&d=mm&r=g","contentUrl":"https:\/\/secure.gravatar.com\/avatar\/55cb5e37c1efa326397366e6974cb338056df65cb50e7d64d1cf314e87504837?s=96&d=mm&r=g","caption":"Arnaldo Botto"},"url":"https:\/\/www.noticiasradioreflejos.com.ar\/2021\/author\/arnaldo\/"}]}},"_links":{"self":[{"href":"https:\/\/www.noticiasradioreflejos.com.ar\/2021\/wp-json\/wp\/v2\/posts\/57944","targetHints":{"allow":["GET"]}}],"collection":[{"href":"https:\/\/www.noticiasradioreflejos.com.ar\/2021\/wp-json\/wp\/v2\/posts"}],"about":[{"href":"https:\/\/www.noticiasradioreflejos.com.ar\/2021\/wp-json\/wp\/v2\/types\/post"}],"author":[{"embeddable":true,"href":"https:\/\/www.noticiasradioreflejos.com.ar\/2021\/wp-json\/wp\/v2\/users\/3"}],"replies":[{"embeddable":true,"href":"https:\/\/www.noticiasradioreflejos.com.ar\/2021\/wp-json\/wp\/v2\/comments?post=57944"}],"version-history":[{"count":1,"href":"https:\/\/www.noticiasradioreflejos.com.ar\/2021\/wp-json\/wp\/v2\/posts\/57944\/revisions"}],"predecessor-version":[{"id":57946,"href":"https:\/\/www.noticiasradioreflejos.com.ar\/2021\/wp-json\/wp\/v2\/posts\/57944\/revisions\/57946"}],"wp:attachment":[{"href":"https:\/\/www.noticiasradioreflejos.com.ar\/2021\/wp-json\/wp\/v2\/media?parent=57944"}],"wp:term":[{"taxonomy":"category","embeddable":true,"href":"https:\/\/www.noticiasradioreflejos.com.ar\/2021\/wp-json\/wp\/v2\/categories?post=57944"},{"taxonomy":"post_tag","embeddable":true,"href":"https:\/\/www.noticiasradioreflejos.com.ar\/2021\/wp-json\/wp\/v2\/tags?post=57944"}],"curies":[{"name":"wp","href":"https:\/\/api.w.org\/{rel}","templated":true}]}}