{"id":57942,"date":"2021-06-03T11:02:02","date_gmt":"2021-06-03T11:02:02","guid":{"rendered":"http:\/\/www.noticiasradioreflejos.com.ar\/2021\/?p=57942"},"modified":"2021-06-03T11:02:02","modified_gmt":"2021-06-03T11:02:02","slug":"3-de-junio-la-red-de-vecinas-de-sierra-de-la-ventana-se-une-al-grito-de-ni-una-menos","status":"publish","type":"post","link":"https:\/\/www.noticiasradioreflejos.com.ar\/2021\/3-de-junio-la-red-de-vecinas-de-sierra-de-la-ventana-se-une-al-grito-de-ni-una-menos\/","title":{"rendered":"3 DE JUNIO, La Red de Vecinas de Sierra de la Ventana se une al grito de \u00a1NI UNA MENOS!"},"content":{"rendered":"<p><strong>Este a\u00f1o en nuestro pa\u00eds ya fueron asesinadas 92 mujeres por violencia de g\u00e9nero. <\/strong>La mayor\u00eda de los asesinatos fueron cometidos en la vivienda de la propia v\u00edctima.<!--more--><\/p>\n<p>Seg\u00fan La ley N\u00ba 26.485 existen diferentes tipos de violencias<\/p>\n<p><a href=\"http:\/\/(fuente https:\/\/www.argentina.gob.ar\/justicia\/violencia-de-generoconsavig\/tipos-y-modalidades-de-violencia\">(fuente https:\/\/www.argentina.gob.ar\/justicia\/violencia-de-generoconsavig\/tipos-y-modalidades-de-violencia<\/a>)<br \/>\n<strong>F\u00cdSICA<\/strong><br \/>\nLa que se emplea contra el cuerpo de la mujer produciendo dolor, da\u00f1o o riesgo de producirlo y<br \/>\ncualquier otra forma de maltrato o agresi\u00f3n que afecte su integridad f\u00edsica.<br \/>\n<strong>PSICOL\u00d3GICA<\/strong><br \/>\nLa que causa da\u00f1o emocional y disminuci\u00f3n de la autoestima o perjudica y perturba el pleno<br \/>\ndesarrollo personal o que busca degradar o controlar sus acciones, comportamientos, creencias y<br \/>\ndecisiones, mediante amenaza, acoso, hostigamiento, restricci\u00f3n, humillaci\u00f3n, deshonra, descr\u00e9dito,<br \/>\nmanipulaci\u00f3n o aislamiento.<\/p>\n<p><strong>SEXUAL<\/strong><br \/>\nCualquier acci\u00f3n que implique la vulneraci\u00f3n en todas sus formas, con o sin acceso genital, del<br \/>\nderecho de la mujer de decidir voluntariamente acerca de su vida sexual o reproductiva a trav\u00e9s de<br \/>\namenazas, coerci\u00f3n, uso de la fuerza o intimidaci\u00f3n, incluyendo la violaci\u00f3n dentro del matrimonio o<br \/>\nde otras relaciones vinculares o de parentesco, exista o no convivencia, as\u00ed como la prostituci\u00f3n<br \/>\nforzada, explotaci\u00f3n, esclavitud, acoso, abuso sexual y trata de mujeres.<\/p>\n<p><strong>ECON\u00d3MICA Y PATRIMONIAL<\/strong><br \/>\nLa que se dirige a ocasionar un menoscabo en los recursos econ\u00f3micos o patrimoniales de la mujer,<br \/>\na trav\u00e9s de la perturbaci\u00f3n de la posesi\u00f3n, tenencia o propiedad de sus bienes, p\u00e9rdida, sustracci\u00f3n,<br \/>\ndestrucci\u00f3n, retenci\u00f3n o distracci\u00f3n indebida de objetos, instrumentos de trabajo, documentos<br \/>\npersonales, bienes, valores y derechos patrimoniales.<\/p>\n<p><strong>SIMB\u00d3LICA<\/strong><br \/>\nLa que a trav\u00e9s de patrones estereotipados, mensajes, valores, \u00edconos o signos transmita y<br \/>\nreproduzca dominaci\u00f3n, desigualdad y discriminaci\u00f3n en las relaciones sociales, naturalizando la<br \/>\nsubordinaci\u00f3n de la mujer en la sociedad.<\/p>\n<p><strong>MODALIDADES DE VIOLENCIA<\/strong><br \/>\nAdem\u00e1s la ley se\u00f1ala que seg\u00fan las formas que se manifieste en los distintos \u00e1mbitos las<br \/>\nModalidades son:<\/p>\n<p><strong>VIOLENCIA DOM\u00c9STICA<\/strong><br \/>\nAquella ejercida contra las mujeres por un integrante del grupo familiar, independientemente del<br \/>\nespacio f\u00edsico donde \u00e9sta ocurra, que da\u00f1e la dignidad, el bienestar, la integridad f\u00edsica, psicol\u00f3gica,<br \/>\nsexual, econ\u00f3mica o patrimonial, la libertad, comprendiendo la libertad reproductiva y el derecho al<br \/>\npleno desarrollo de las mujeres. Se entiende por grupo familiar el originado en el parentesco sea por<br \/>\nconsanguinidad o por afinidad, el matrimonio, las uniones de hecho y las parejas o noviazgos.<br \/>\nIncluye las relaciones vigentes o finalizadas, no siendo requisito la convivencia;<\/p>\n<p><strong>VIOLENCIA INSTITUCIONAL<\/strong><br \/>\nAquella realizada por las\/los funcionarias\/os, profesionales, personal y agentes pertenecientes a<br \/>\ncualquier \u00f3rgano, ente o instituci\u00f3n p\u00fablica, que tenga como fin retardar, obstaculizar o impedir que<br \/>\nlas mujeres tengan acceso a las pol\u00edticas p\u00fablicas y ejerzan los derechos previstos en esta ley.<br \/>\nQuedan comprendidas, adem\u00e1s, las que se ejercen en los partidos pol\u00edticos, sindicatos,<br \/>\norganizaciones empresariales, deportivas y de la sociedad civil;<\/p>\n<p><strong>VIOLENCIA LABORAL<\/strong><br \/>\nAquella que discrimina a las mujeres en los \u00e1mbitos de trabajo p\u00fablicos o privados y que obstaculiza<br \/>\nsu acceso al empleo, contrataci\u00f3n, ascenso, estabilidad o permanencia en el mismo, exigiendo<br \/>\nrequisitos sobre estado civil, maternidad, edad, apariencia f\u00edsica o la realizaci\u00f3n de test de<br \/>\nembarazo. Constituye tambi\u00e9n violencia contra las mujeres en el \u00e1mbito laboral quebrantar el<br \/>\nderecho de igual remuneraci\u00f3n por igual tarea o funci\u00f3n. Asimismo, incluye el hostigamiento<br \/>\npsicol\u00f3gico en forma sistem\u00e1tica sobre una determinada trabajadora con el fin de lograr su exclusi\u00f3n<br \/>\nlaboral;<\/p>\n<p><strong>VIOLENCIA CONTRA LA LIBERTAD REPRODUCTIVA<\/strong><br \/>\nAquella que vulnere el derecho de las mujeres a decidir libre y responsablemente el n\u00famero de<br \/>\nembarazos o el intervalo entre los nacimientos, de conformidad con la Ley 25.673 de Creaci\u00f3n del<br \/>\nPrograma Nacional de Salud Sexual y Procreaci\u00f3n Responsable;<\/p>\n<p><strong>VIOLENCIA OBST\u00c9TRICA<\/strong><br \/>\nAquella que ejerce el personal de salud sobre el cuerpo y los procesos reproductivos de las mujeres,<br \/>\nexpresada en un trato deshumanizado, un abuso de medicalizaci\u00f3n y patologizaci\u00f3n de los procesos<br \/>\nnaturales, de conformidad con la Ley 25.929.<\/p>\n<p><strong>VIOLENCIA MEDI\u00c1TICA<\/strong><br \/>\nAquella publicaci\u00f3n o difusi\u00f3n de mensajes e im\u00e1genes estereotipados a trav\u00e9s de cualquier medio<br \/>\nmasivo de comunicaci\u00f3n, que de manera directa o indirecta promueva la explotaci\u00f3n de mujeres o<br \/>\nsus im\u00e1genes, injurie, difame, discrimine, deshonre, humille o atente contra la dignidad de las<br \/>\nmujeres, como as\u00ed tambi\u00e9n la utilizaci\u00f3n de mujeres, adolescentes y ni\u00f1as en mensajes e im\u00e1genes<br \/>\npornogr\u00e1ficas, legitimando la desigualdad de trato o construya patrones socioculturales<br \/>\nreproductores de la desigualdad o generadores de violencia contra las mujeres.<\/p>\n<p>Si SUFR\u00cdS ALGUNA DE ESTAS VIOLENCIAS pod\u00e9s comunicarte al tel\u00e9fono 144.<br \/>\n\u00a1\u00a1\u00a1\u00a1\u00a1\u00a1\u00a1\u00a1\u00a1BASTA DE VIOLENCIA!!!!!!!!!!!!<br \/>\nNI UNA MENOS. VIVAS NOS QUEREMOS<br \/>\nRED DE VECINAS DE SIERRA DE LA VENTANA<\/p>\n","protected":false},"excerpt":{"rendered":"<p>Este a\u00f1o en nuestro pa\u00eds ya fueron asesinadas 92 mujeres por violencia de g\u00e9nero. La mayor\u00eda de los asesinatos fueron cometidos en la vivienda de la propia v\u00edctima.<\/p>\n","protected":false},"author":3,"featured_media":33609,"comment_status":"closed","ping_status":"closed","sticky":false,"template":"","format":"standard","meta":{"footnotes":""},"categories":[24,26],"tags":[],"class_list":["post-57942","post","type-post","status-publish","format-standard","has-post-thumbnail","hentry","category-politica","category-sociedad"],"yoast_head":"<!-- This site is optimized with the Yoast SEO plugin v25.9 - https:\/\/yoast.com\/wordpress\/plugins\/seo\/ -->\n<title>3 DE JUNIO, La Red de Vecinas de Sierra de la Ventana se une al grito de \u00a1NI UNA MENOS! - Noticias Radio Reflejos<\/title>\n<meta name=\"robots\" content=\"index, follow, max-snippet:-1, max-image-preview:large, max-video-preview:-1\" \/>\n<link rel=\"canonical\" href=\"https:\/\/www.noticiasradioreflejos.com.ar\/2021\/3-de-junio-la-red-de-vecinas-de-sierra-de-la-ventana-se-une-al-grito-de-ni-una-menos\/\" \/>\n<meta property=\"og:locale\" content=\"es_ES\" \/>\n<meta property=\"og:type\" content=\"article\" \/>\n<meta property=\"og:title\" content=\"3 DE JUNIO, La Red de Vecinas de Sierra de la Ventana se une al grito de \u00a1NI UNA MENOS! - Noticias Radio Reflejos\" \/>\n<meta property=\"og:description\" content=\"Este a\u00f1o en nuestro pa\u00eds ya fueron asesinadas 92 mujeres por violencia de g\u00e9nero. La mayor\u00eda de los asesinatos fueron cometidos en la vivienda de la propia v\u00edctima.\" \/>\n<meta property=\"og:url\" content=\"https:\/\/www.noticiasradioreflejos.com.ar\/2021\/3-de-junio-la-red-de-vecinas-de-sierra-de-la-ventana-se-une-al-grito-de-ni-una-menos\/\" \/>\n<meta property=\"og:site_name\" content=\"Noticias Radio Reflejos\" \/>\n<meta property=\"article:published_time\" content=\"2021-06-03T11:02:02+00:00\" \/>\n<meta property=\"og:image\" content=\"https:\/\/www.noticiasradioreflejos.com.ar\/2021\/wp-content\/uploads\/2019\/08\/Comunicado-de-Prensa.jpg\" \/>\n\t<meta property=\"og:image:width\" content=\"1696\" \/>\n\t<meta property=\"og:image:height\" content=\"1061\" \/>\n\t<meta property=\"og:image:type\" content=\"image\/jpeg\" \/>\n<meta name=\"author\" content=\"Arnaldo Botto\" \/>\n<meta name=\"twitter:card\" content=\"summary_large_image\" \/>\n<script type=\"application\/ld+json\" class=\"yoast-schema-graph\">{\"@context\":\"https:\/\/schema.org\",\"@graph\":[{\"@type\":\"WebPage\",\"@id\":\"https:\/\/www.noticiasradioreflejos.com.ar\/2021\/3-de-junio-la-red-de-vecinas-de-sierra-de-la-ventana-se-une-al-grito-de-ni-una-menos\/\",\"url\":\"https:\/\/www.noticiasradioreflejos.com.ar\/2021\/3-de-junio-la-red-de-vecinas-de-sierra-de-la-ventana-se-une-al-grito-de-ni-una-menos\/\",\"name\":\"3 DE JUNIO, La Red de Vecinas de Sierra de la Ventana se une al grito de \u00a1NI UNA MENOS! - Noticias Radio Reflejos\",\"isPartOf\":{\"@id\":\"https:\/\/www.noticiasradioreflejos.com.ar\/2021\/#website\"},\"primaryImageOfPage\":{\"@id\":\"https:\/\/www.noticiasradioreflejos.com.ar\/2021\/3-de-junio-la-red-de-vecinas-de-sierra-de-la-ventana-se-une-al-grito-de-ni-una-menos\/#primaryimage\"},\"image\":{\"@id\":\"https:\/\/www.noticiasradioreflejos.com.ar\/2021\/3-de-junio-la-red-de-vecinas-de-sierra-de-la-ventana-se-une-al-grito-de-ni-una-menos\/#primaryimage\"},\"thumbnailUrl\":\"https:\/\/www.noticiasradioreflejos.com.ar\/2021\/wp-content\/uploads\/2019\/08\/Comunicado-de-Prensa.jpg\",\"datePublished\":\"2021-06-03T11:02:02+00:00\",\"author\":{\"@id\":\"https:\/\/www.noticiasradioreflejos.com.ar\/2021\/#\/schema\/person\/ad82545263dcc5ec0996818884fd5fb1\"},\"breadcrumb\":{\"@id\":\"https:\/\/www.noticiasradioreflejos.com.ar\/2021\/3-de-junio-la-red-de-vecinas-de-sierra-de-la-ventana-se-une-al-grito-de-ni-una-menos\/#breadcrumb\"},\"inLanguage\":\"es\",\"potentialAction\":[{\"@type\":\"ReadAction\",\"target\":[\"https:\/\/www.noticiasradioreflejos.com.ar\/2021\/3-de-junio-la-red-de-vecinas-de-sierra-de-la-ventana-se-une-al-grito-de-ni-una-menos\/\"]}]},{\"@type\":\"ImageObject\",\"inLanguage\":\"es\",\"@id\":\"https:\/\/www.noticiasradioreflejos.com.ar\/2021\/3-de-junio-la-red-de-vecinas-de-sierra-de-la-ventana-se-une-al-grito-de-ni-una-menos\/#primaryimage\",\"url\":\"https:\/\/www.noticiasradioreflejos.com.ar\/2021\/wp-content\/uploads\/2019\/08\/Comunicado-de-Prensa.jpg\",\"contentUrl\":\"https:\/\/www.noticiasradioreflejos.com.ar\/2021\/wp-content\/uploads\/2019\/08\/Comunicado-de-Prensa.jpg\",\"width\":1696,\"height\":1061},{\"@type\":\"BreadcrumbList\",\"@id\":\"https:\/\/www.noticiasradioreflejos.com.ar\/2021\/3-de-junio-la-red-de-vecinas-de-sierra-de-la-ventana-se-une-al-grito-de-ni-una-menos\/#breadcrumb\",\"itemListElement\":[{\"@type\":\"ListItem\",\"position\":1,\"name\":\"Portada\",\"item\":\"https:\/\/www.noticiasradioreflejos.com.ar\/2021\/\"},{\"@type\":\"ListItem\",\"position\":2,\"name\":\"3 DE JUNIO, La Red de Vecinas de Sierra de la Ventana se une al grito de \u00a1NI UNA MENOS!\"}]},{\"@type\":\"WebSite\",\"@id\":\"https:\/\/www.noticiasradioreflejos.com.ar\/2021\/#website\",\"url\":\"https:\/\/www.noticiasradioreflejos.com.ar\/2021\/\",\"name\":\"Noticias Radio Reflejos\",\"description\":\"Las noticias de mi comarca\",\"potentialAction\":[{\"@type\":\"SearchAction\",\"target\":{\"@type\":\"EntryPoint\",\"urlTemplate\":\"https:\/\/www.noticiasradioreflejos.com.ar\/2021\/?s={search_term_string}\"},\"query-input\":{\"@type\":\"PropertyValueSpecification\",\"valueRequired\":true,\"valueName\":\"search_term_string\"}}],\"inLanguage\":\"es\"},{\"@type\":\"Person\",\"@id\":\"https:\/\/www.noticiasradioreflejos.com.ar\/2021\/#\/schema\/person\/ad82545263dcc5ec0996818884fd5fb1\",\"name\":\"Arnaldo Botto\",\"image\":{\"@type\":\"ImageObject\",\"inLanguage\":\"es\",\"@id\":\"https:\/\/www.noticiasradioreflejos.com.ar\/2021\/#\/schema\/person\/image\/\",\"url\":\"https:\/\/secure.gravatar.com\/avatar\/55cb5e37c1efa326397366e6974cb338056df65cb50e7d64d1cf314e87504837?s=96&d=mm&r=g\",\"contentUrl\":\"https:\/\/secure.gravatar.com\/avatar\/55cb5e37c1efa326397366e6974cb338056df65cb50e7d64d1cf314e87504837?s=96&d=mm&r=g\",\"caption\":\"Arnaldo Botto\"},\"url\":\"https:\/\/www.noticiasradioreflejos.com.ar\/2021\/author\/arnaldo\/\"}]}<\/script>\n<!-- \/ Yoast SEO plugin. -->","yoast_head_json":{"title":"3 DE JUNIO, La Red de Vecinas de Sierra de la Ventana se une al grito de \u00a1NI UNA MENOS! - Noticias Radio Reflejos","robots":{"index":"index","follow":"follow","max-snippet":"max-snippet:-1","max-image-preview":"max-image-preview:large","max-video-preview":"max-video-preview:-1"},"canonical":"https:\/\/www.noticiasradioreflejos.com.ar\/2021\/3-de-junio-la-red-de-vecinas-de-sierra-de-la-ventana-se-une-al-grito-de-ni-una-menos\/","og_locale":"es_ES","og_type":"article","og_title":"3 DE JUNIO, La Red de Vecinas de Sierra de la Ventana se une al grito de \u00a1NI UNA MENOS! - Noticias Radio Reflejos","og_description":"Este a\u00f1o en nuestro pa\u00eds ya fueron asesinadas 92 mujeres por violencia de g\u00e9nero. La mayor\u00eda de los asesinatos fueron cometidos en la vivienda de la propia v\u00edctima.","og_url":"https:\/\/www.noticiasradioreflejos.com.ar\/2021\/3-de-junio-la-red-de-vecinas-de-sierra-de-la-ventana-se-une-al-grito-de-ni-una-menos\/","og_site_name":"Noticias Radio Reflejos","article_published_time":"2021-06-03T11:02:02+00:00","og_image":[{"width":1696,"height":1061,"url":"https:\/\/www.noticiasradioreflejos.com.ar\/2021\/wp-content\/uploads\/2019\/08\/Comunicado-de-Prensa.jpg","type":"image\/jpeg"}],"author":"Arnaldo Botto","twitter_card":"summary_large_image","schema":{"@context":"https:\/\/schema.org","@graph":[{"@type":"WebPage","@id":"https:\/\/www.noticiasradioreflejos.com.ar\/2021\/3-de-junio-la-red-de-vecinas-de-sierra-de-la-ventana-se-une-al-grito-de-ni-una-menos\/","url":"https:\/\/www.noticiasradioreflejos.com.ar\/2021\/3-de-junio-la-red-de-vecinas-de-sierra-de-la-ventana-se-une-al-grito-de-ni-una-menos\/","name":"3 DE JUNIO, La Red de Vecinas de Sierra de la Ventana se une al grito de \u00a1NI UNA MENOS! - Noticias Radio Reflejos","isPartOf":{"@id":"https:\/\/www.noticiasradioreflejos.com.ar\/2021\/#website"},"primaryImageOfPage":{"@id":"https:\/\/www.noticiasradioreflejos.com.ar\/2021\/3-de-junio-la-red-de-vecinas-de-sierra-de-la-ventana-se-une-al-grito-de-ni-una-menos\/#primaryimage"},"image":{"@id":"https:\/\/www.noticiasradioreflejos.com.ar\/2021\/3-de-junio-la-red-de-vecinas-de-sierra-de-la-ventana-se-une-al-grito-de-ni-una-menos\/#primaryimage"},"thumbnailUrl":"https:\/\/www.noticiasradioreflejos.com.ar\/2021\/wp-content\/uploads\/2019\/08\/Comunicado-de-Prensa.jpg","datePublished":"2021-06-03T11:02:02+00:00","author":{"@id":"https:\/\/www.noticiasradioreflejos.com.ar\/2021\/#\/schema\/person\/ad82545263dcc5ec0996818884fd5fb1"},"breadcrumb":{"@id":"https:\/\/www.noticiasradioreflejos.com.ar\/2021\/3-de-junio-la-red-de-vecinas-de-sierra-de-la-ventana-se-une-al-grito-de-ni-una-menos\/#breadcrumb"},"inLanguage":"es","potentialAction":[{"@type":"ReadAction","target":["https:\/\/www.noticiasradioreflejos.com.ar\/2021\/3-de-junio-la-red-de-vecinas-de-sierra-de-la-ventana-se-une-al-grito-de-ni-una-menos\/"]}]},{"@type":"ImageObject","inLanguage":"es","@id":"https:\/\/www.noticiasradioreflejos.com.ar\/2021\/3-de-junio-la-red-de-vecinas-de-sierra-de-la-ventana-se-une-al-grito-de-ni-una-menos\/#primaryimage","url":"https:\/\/www.noticiasradioreflejos.com.ar\/2021\/wp-content\/uploads\/2019\/08\/Comunicado-de-Prensa.jpg","contentUrl":"https:\/\/www.noticiasradioreflejos.com.ar\/2021\/wp-content\/uploads\/2019\/08\/Comunicado-de-Prensa.jpg","width":1696,"height":1061},{"@type":"BreadcrumbList","@id":"https:\/\/www.noticiasradioreflejos.com.ar\/2021\/3-de-junio-la-red-de-vecinas-de-sierra-de-la-ventana-se-une-al-grito-de-ni-una-menos\/#breadcrumb","itemListElement":[{"@type":"ListItem","position":1,"name":"Portada","item":"https:\/\/www.noticiasradioreflejos.com.ar\/2021\/"},{"@type":"ListItem","position":2,"name":"3 DE JUNIO, La Red de Vecinas de Sierra de la Ventana se une al grito de \u00a1NI UNA MENOS!"}]},{"@type":"WebSite","@id":"https:\/\/www.noticiasradioreflejos.com.ar\/2021\/#website","url":"https:\/\/www.noticiasradioreflejos.com.ar\/2021\/","name":"Noticias Radio Reflejos","description":"Las noticias de mi comarca","potentialAction":[{"@type":"SearchAction","target":{"@type":"EntryPoint","urlTemplate":"https:\/\/www.noticiasradioreflejos.com.ar\/2021\/?s={search_term_string}"},"query-input":{"@type":"PropertyValueSpecification","valueRequired":true,"valueName":"search_term_string"}}],"inLanguage":"es"},{"@type":"Person","@id":"https:\/\/www.noticiasradioreflejos.com.ar\/2021\/#\/schema\/person\/ad82545263dcc5ec0996818884fd5fb1","name":"Arnaldo Botto","image":{"@type":"ImageObject","inLanguage":"es","@id":"https:\/\/www.noticiasradioreflejos.com.ar\/2021\/#\/schema\/person\/image\/","url":"https:\/\/secure.gravatar.com\/avatar\/55cb5e37c1efa326397366e6974cb338056df65cb50e7d64d1cf314e87504837?s=96&d=mm&r=g","contentUrl":"https:\/\/secure.gravatar.com\/avatar\/55cb5e37c1efa326397366e6974cb338056df65cb50e7d64d1cf314e87504837?s=96&d=mm&r=g","caption":"Arnaldo Botto"},"url":"https:\/\/www.noticiasradioreflejos.com.ar\/2021\/author\/arnaldo\/"}]}},"_links":{"self":[{"href":"https:\/\/www.noticiasradioreflejos.com.ar\/2021\/wp-json\/wp\/v2\/posts\/57942","targetHints":{"allow":["GET"]}}],"collection":[{"href":"https:\/\/www.noticiasradioreflejos.com.ar\/2021\/wp-json\/wp\/v2\/posts"}],"about":[{"href":"https:\/\/www.noticiasradioreflejos.com.ar\/2021\/wp-json\/wp\/v2\/types\/post"}],"author":[{"embeddable":true,"href":"https:\/\/www.noticiasradioreflejos.com.ar\/2021\/wp-json\/wp\/v2\/users\/3"}],"replies":[{"embeddable":true,"href":"https:\/\/www.noticiasradioreflejos.com.ar\/2021\/wp-json\/wp\/v2\/comments?post=57942"}],"version-history":[{"count":1,"href":"https:\/\/www.noticiasradioreflejos.com.ar\/2021\/wp-json\/wp\/v2\/posts\/57942\/revisions"}],"predecessor-version":[{"id":57943,"href":"https:\/\/www.noticiasradioreflejos.com.ar\/2021\/wp-json\/wp\/v2\/posts\/57942\/revisions\/57943"}],"wp:featuredmedia":[{"embeddable":true,"href":"https:\/\/www.noticiasradioreflejos.com.ar\/2021\/wp-json\/wp\/v2\/media\/33609"}],"wp:attachment":[{"href":"https:\/\/www.noticiasradioreflejos.com.ar\/2021\/wp-json\/wp\/v2\/media?parent=57942"}],"wp:term":[{"taxonomy":"category","embeddable":true,"href":"https:\/\/www.noticiasradioreflejos.com.ar\/2021\/wp-json\/wp\/v2\/categories?post=57942"},{"taxonomy":"post_tag","embeddable":true,"href":"https:\/\/www.noticiasradioreflejos.com.ar\/2021\/wp-json\/wp\/v2\/tags?post=57942"}],"curies":[{"name":"wp","href":"https:\/\/api.w.org\/{rel}","templated":true}]}}