{"id":57939,"date":"2021-06-02T22:07:32","date_gmt":"2021-06-02T22:07:32","guid":{"rendered":"http:\/\/www.noticiasradioreflejos.com.ar\/2021\/?p=57939"},"modified":"2021-06-02T22:08:16","modified_gmt":"2021-06-02T22:08:16","slug":"murieron-587-personas-y-35-017-fueron-reportadas-con-coronavirus-en-las-ultimas-24-horas","status":"publish","type":"post","link":"https:\/\/www.noticiasradioreflejos.com.ar\/2021\/murieron-587-personas-y-35-017-fueron-reportadas-con-coronavirus-en-las-ultimas-24-horas\/","title":{"rendered":"Murieron 587 personas y 35.017 fueron reportadas con coronavirus en las \u00faltimas 24 horas"},"content":{"rendered":"<p>El Ministerio de Salud\u00a0indic\u00f3 que hay 7.614 pacientes internados con Covid-19 en terapia intensiva, con un porcentaje de ocupaci\u00f3n de camas de adultos de 76,6 % en el pa\u00eds y del 74,9 % en el AMBA. En tanto, ya fueron vacunadas casi 13 millones de personas.<!--more--><\/p>\n<div class=\"addthis_custom_sharing\" data-url=\"https:\/\/www.telam.com.ar\/notas\/202106\/556378-murieron-587-personas-y-35017-fueron-reportadas-con-coronavirus.html\" data-title=\"Murieron 587 personas y 35.017 fueron reportadas con coronavirus en las \u00faltimas 24 horas\" data-description=\"El Ministerio de Salud\u00a0indic\u00f3 que hay 7.614 pacientes internados con Covid-19 en terapia intensiva, con un porcentaje de ocupaci\u00f3n de camas de adultos de 76,6 % en el pa\u00eds y del 74,9 % en el AMBA. En tanto, ya fueron vacunadas casi 13 millones de personas.\">\n<div id=\"atstbx\" class=\"at-resp-share-element at-style-responsive addthis-smartlayers addthis-animated at4-show\" role=\"region\" aria-labelledby=\"at-4a7f6a10-1388-4ba4-9628-b0ff03d6c66c\">\n<div class=\"at-share-btn-elements\">Otras <strong>587 personas murieron y 35.017 fueron reportadas con coronavirus<\/strong>\u00a0en las \u00faltimas 24 horas en la Argentina, con lo que\u00a0<strong>suman 79.320 los fallecidos registrados oficialmente a nivel nacional y 3.852.156 los contagiados desde el inicio de la pandemia<\/strong>, inform\u00f3 el Ministerio de Salud.<\/div>\n<\/div>\n<\/div>\n<p>De acuerdo al Monitor P\u00fablico de Vacunaci\u00f3n,<strong>\u00a0el total de inoculados asciende a 12.994.623<\/strong>, de los cuales 10.087.539 recibieron una dosis y 2.907.084 las dos, mientras que las vacunas distribuidas a las jurisdicciones llegan a 15.853.890.La cartera sanitaria indic\u00f3 que\u00a0<strong>hay 7.614 pacientes internados con coronavirus en unidades de terapia intensiva, con un porcentaje de ocupaci\u00f3n de camas de adultos de 76,6% en el pa\u00eds y del 74,9% en la \u00c1rea Metropolitana Buenos Aires<\/strong>.<\/p>\n<div class=\"main-content-block\">\n<div class=\"main-box clearfix\">\n<div class=\"wrapper-main-section clearfix\">\n<div class=\"wrapper-editable-content\">\n<div class=\"editable-content clearfix\">\n<p>Un 41,41% (14.501 personas) de los infectados de hoy (35.017) corresponden a la Ciudad y a la provincia de Buenos Aires.<\/p>\n<p>De los 3.852.156 contagiados, el 88,5% (3.409.316) recibi\u00f3 el alta y 363.520 son casos confirmados activos.<\/p>\n<p>El reporte consign\u00f3 que fallecieron 341 hombres y 240 mujeres, mientras que cuatro personas de la provincia de Buenos Aires, una de C\u00f3rdoba, y una de Santa Fe que fueron reportadas sin dato de sexo.<\/p>\n<div class=\"auth\">Las cifras de este mi\u00e9rcoles<\/div>\n<p>El parte precis\u00f3 que murieron 182 hombres en la provincia de Buenos Aires; 25 en la Ciudad de Buenos Aires; 1 en Catamarca; 6 en Chaco; 5 en Chubut; 18 en C\u00f3rdoba; 5 en Entre R\u00edos; 4 en Formosa; 9 en La Pampa; 22 en Mendoza; 3 en Misiones; 5 en Neuqu\u00e9n; 4 en R\u00edo Negro; 8 en Salta; 6 en San Juan; 13 en San Luis; 16 en Santa Fe; 5 en Santiago del Estero; y 4 en Tucum\u00e1n.<\/p>\n<p>Tambi\u00e9n fallecieron 122 mujeres en Buenos Aires; 23 en la Ciudad de Buenos Aires; 1 en Catamarca; 6 en Chaco; 4 en Chubut; 16 en C\u00f3rdoba; 3 en Entre R\u00edos; 5 en Formosa; 1 en La Pampa; 16 en Mendoza; 1 en Misiones; 3 en Neuqu\u00e9n; 4 en R\u00edo Negro; 2 en Salta; 5 en San Juan; 10 en San Luis; 17 en Santa Fe; y 1 en Santiago del Estero.<\/p>\n<p>Este mi\u00e9rcoles se registraron en la provincia de Buenos Aires 12.274 casos; en la Ciudad de Buenos Aires, 2.227; en Catamarca, 392; en Chaco, 802; en Chubut, 529; en Corrientes, 610; en C\u00f3rdoba, 4.996; en Entre R\u00edos, 1.214; en Formosa, 1.018; en Jujuy, 248; en La Pampa, 429; en La Rioja, 245; en Mendoza, 1.042; en Misiones, 189; en Neuqu\u00e9n, 874; en R\u00edo Negro, 494; en Salta, 720; en San Juan, 697; en San Luis, 509; en Santa Cruz, 234; en Santa Fe, 3.665; en Santiago del Estero, 525; Tierra del Fuego, 75; y en Tucum\u00e1n, 1.009.<\/p>\n<p>El Ministerio indic\u00f3 adem\u00e1s que se realizaron en las \u00faltimas 24 horas 110.774 testeos y desde el inicio del brote ascienden a 14.178.141 pruebas diagn\u00f3sticas para esta enfermedad.<\/p>\n<p>El total de acumulados por distrito indica que la provincia de Buenos Aires suma 1.635.843 casos; la Ciudad de Buenos Aires, 422.907; Catamarca, 24.589; Chaco, 59.800; Chubut, 63.781; Corrientes, 52.231; C\u00f3rdoba, 322.026; Entre R\u00edos, 88.266; Formosa, 32.582; Jujuy, 28.895; La Pampa, 43.785; La Rioja, 17.746; Mendoza, 122.741; Misiones, 20.797; Neuqu\u00e9n, 92.127; R\u00edo Negro, 75.313; Salta, 46.778; San Juan, 38.331; San Luis, 54.008; Santa Cruz, 52.006; Santa Fe, 352.064; Santiago del Estero, 44.825; Tierra del Fuego, 28.604; y Tucum\u00e1n, 132.111.<\/p>\n<p>Se incluyen casos existentes en las Islas Malvinas seg\u00fan informaci\u00f3n de prensa (debido a la ocupaci\u00f3n ilegal del Reino Unido, Gran Breta\u00f1a e Irlanda del Norte no es posible contar con informaci\u00f3n propia sobre el impacto de la Covid-19 en esa parte del territorio argentino).<\/p>\n<div id=\"image\" class=\"image\"><img decoding=\"async\" title=\"\" src=\"https:\/\/www.telam.com.ar\/advf\/imagenes\/2021\/06\/60b7f1ed2ee8b.06.2021_1004x1161.jpg\" alt=\"\" \/><\/div>\n<\/div>\n<\/div>\n<\/div>\n<\/div>\n<\/div>\n","protected":false},"excerpt":{"rendered":"<p>El Ministerio de Salud\u00a0indic\u00f3 que hay 7.614 pacientes internados con Covid-19 en terapia intensiva, con un porcentaje de ocupaci\u00f3n de camas de adultos de 76,6 % en el pa\u00eds y del 74,9 % en el AMBA. En tanto, ya fueron vacunadas casi 13 millones de personas.<\/p>\n","protected":false},"author":3,"featured_media":0,"comment_status":"closed","ping_status":"closed","sticky":false,"template":"","format":"standard","meta":{"footnotes":""},"categories":[30],"tags":[],"class_list":["post-57939","post","type-post","status-publish","format-standard","hentry","category-salud"],"yoast_head":"<!-- This site is optimized with the Yoast SEO plugin v25.9 - https:\/\/yoast.com\/wordpress\/plugins\/seo\/ -->\n<title>Murieron 587 personas y 35.017 fueron reportadas con coronavirus en las \u00faltimas 24 horas - Noticias Radio Reflejos<\/title>\n<meta name=\"robots\" content=\"index, follow, max-snippet:-1, max-image-preview:large, max-video-preview:-1\" \/>\n<link rel=\"canonical\" href=\"https:\/\/www.noticiasradioreflejos.com.ar\/2021\/murieron-587-personas-y-35-017-fueron-reportadas-con-coronavirus-en-las-ultimas-24-horas\/\" \/>\n<meta property=\"og:locale\" content=\"es_ES\" \/>\n<meta property=\"og:type\" content=\"article\" \/>\n<meta property=\"og:title\" content=\"Murieron 587 personas y 35.017 fueron reportadas con coronavirus en las \u00faltimas 24 horas - Noticias Radio Reflejos\" \/>\n<meta property=\"og:description\" content=\"El Ministerio de Salud\u00a0indic\u00f3 que hay 7.614 pacientes internados con Covid-19 en terapia intensiva, con un porcentaje de ocupaci\u00f3n de camas de adultos de 76,6 % en el pa\u00eds y del 74,9 % en el AMBA. En tanto, ya fueron vacunadas casi 13 millones de personas.\" \/>\n<meta property=\"og:url\" content=\"https:\/\/www.noticiasradioreflejos.com.ar\/2021\/murieron-587-personas-y-35-017-fueron-reportadas-con-coronavirus-en-las-ultimas-24-horas\/\" \/>\n<meta property=\"og:site_name\" content=\"Noticias Radio Reflejos\" \/>\n<meta property=\"article:published_time\" content=\"2021-06-02T22:07:32+00:00\" \/>\n<meta property=\"article:modified_time\" content=\"2021-06-02T22:08:16+00:00\" \/>\n<meta property=\"og:image\" content=\"https:\/\/www.telam.com.ar\/advf\/imagenes\/2021\/06\/60b7f1ed2ee8b.06.2021_1004x1161.jpg\" \/>\n<meta name=\"author\" content=\"Arnaldo Botto\" \/>\n<meta name=\"twitter:card\" content=\"summary_large_image\" \/>\n<script type=\"application\/ld+json\" class=\"yoast-schema-graph\">{\"@context\":\"https:\/\/schema.org\",\"@graph\":[{\"@type\":\"WebPage\",\"@id\":\"https:\/\/www.noticiasradioreflejos.com.ar\/2021\/murieron-587-personas-y-35-017-fueron-reportadas-con-coronavirus-en-las-ultimas-24-horas\/\",\"url\":\"https:\/\/www.noticiasradioreflejos.com.ar\/2021\/murieron-587-personas-y-35-017-fueron-reportadas-con-coronavirus-en-las-ultimas-24-horas\/\",\"name\":\"Murieron 587 personas y 35.017 fueron reportadas con coronavirus en las \u00faltimas 24 horas - Noticias Radio Reflejos\",\"isPartOf\":{\"@id\":\"https:\/\/www.noticiasradioreflejos.com.ar\/2021\/#website\"},\"primaryImageOfPage\":{\"@id\":\"https:\/\/www.noticiasradioreflejos.com.ar\/2021\/murieron-587-personas-y-35-017-fueron-reportadas-con-coronavirus-en-las-ultimas-24-horas\/#primaryimage\"},\"image\":{\"@id\":\"https:\/\/www.noticiasradioreflejos.com.ar\/2021\/murieron-587-personas-y-35-017-fueron-reportadas-con-coronavirus-en-las-ultimas-24-horas\/#primaryimage\"},\"thumbnailUrl\":\"https:\/\/www.telam.com.ar\/advf\/imagenes\/2021\/06\/60b7f1ed2ee8b.06.2021_1004x1161.jpg\",\"datePublished\":\"2021-06-02T22:07:32+00:00\",\"dateModified\":\"2021-06-02T22:08:16+00:00\",\"author\":{\"@id\":\"https:\/\/www.noticiasradioreflejos.com.ar\/2021\/#\/schema\/person\/ad82545263dcc5ec0996818884fd5fb1\"},\"breadcrumb\":{\"@id\":\"https:\/\/www.noticiasradioreflejos.com.ar\/2021\/murieron-587-personas-y-35-017-fueron-reportadas-con-coronavirus-en-las-ultimas-24-horas\/#breadcrumb\"},\"inLanguage\":\"es\",\"potentialAction\":[{\"@type\":\"ReadAction\",\"target\":[\"https:\/\/www.noticiasradioreflejos.com.ar\/2021\/murieron-587-personas-y-35-017-fueron-reportadas-con-coronavirus-en-las-ultimas-24-horas\/\"]}]},{\"@type\":\"ImageObject\",\"inLanguage\":\"es\",\"@id\":\"https:\/\/www.noticiasradioreflejos.com.ar\/2021\/murieron-587-personas-y-35-017-fueron-reportadas-con-coronavirus-en-las-ultimas-24-horas\/#primaryimage\",\"url\":\"https:\/\/www.telam.com.ar\/advf\/imagenes\/2021\/06\/60b7f1ed2ee8b.06.2021_1004x1161.jpg\",\"contentUrl\":\"https:\/\/www.telam.com.ar\/advf\/imagenes\/2021\/06\/60b7f1ed2ee8b.06.2021_1004x1161.jpg\"},{\"@type\":\"BreadcrumbList\",\"@id\":\"https:\/\/www.noticiasradioreflejos.com.ar\/2021\/murieron-587-personas-y-35-017-fueron-reportadas-con-coronavirus-en-las-ultimas-24-horas\/#breadcrumb\",\"itemListElement\":[{\"@type\":\"ListItem\",\"position\":1,\"name\":\"Portada\",\"item\":\"https:\/\/www.noticiasradioreflejos.com.ar\/2021\/\"},{\"@type\":\"ListItem\",\"position\":2,\"name\":\"Murieron 587 personas y 35.017 fueron reportadas con coronavirus en las \u00faltimas 24 horas\"}]},{\"@type\":\"WebSite\",\"@id\":\"https:\/\/www.noticiasradioreflejos.com.ar\/2021\/#website\",\"url\":\"https:\/\/www.noticiasradioreflejos.com.ar\/2021\/\",\"name\":\"Noticias Radio Reflejos\",\"description\":\"Las noticias de mi comarca\",\"potentialAction\":[{\"@type\":\"SearchAction\",\"target\":{\"@type\":\"EntryPoint\",\"urlTemplate\":\"https:\/\/www.noticiasradioreflejos.com.ar\/2021\/?s={search_term_string}\"},\"query-input\":{\"@type\":\"PropertyValueSpecification\",\"valueRequired\":true,\"valueName\":\"search_term_string\"}}],\"inLanguage\":\"es\"},{\"@type\":\"Person\",\"@id\":\"https:\/\/www.noticiasradioreflejos.com.ar\/2021\/#\/schema\/person\/ad82545263dcc5ec0996818884fd5fb1\",\"name\":\"Arnaldo Botto\",\"image\":{\"@type\":\"ImageObject\",\"inLanguage\":\"es\",\"@id\":\"https:\/\/www.noticiasradioreflejos.com.ar\/2021\/#\/schema\/person\/image\/\",\"url\":\"https:\/\/secure.gravatar.com\/avatar\/55cb5e37c1efa326397366e6974cb338056df65cb50e7d64d1cf314e87504837?s=96&d=mm&r=g\",\"contentUrl\":\"https:\/\/secure.gravatar.com\/avatar\/55cb5e37c1efa326397366e6974cb338056df65cb50e7d64d1cf314e87504837?s=96&d=mm&r=g\",\"caption\":\"Arnaldo Botto\"},\"url\":\"https:\/\/www.noticiasradioreflejos.com.ar\/2021\/author\/arnaldo\/\"}]}<\/script>\n<!-- \/ Yoast SEO plugin. -->","yoast_head_json":{"title":"Murieron 587 personas y 35.017 fueron reportadas con coronavirus en las \u00faltimas 24 horas - Noticias Radio Reflejos","robots":{"index":"index","follow":"follow","max-snippet":"max-snippet:-1","max-image-preview":"max-image-preview:large","max-video-preview":"max-video-preview:-1"},"canonical":"https:\/\/www.noticiasradioreflejos.com.ar\/2021\/murieron-587-personas-y-35-017-fueron-reportadas-con-coronavirus-en-las-ultimas-24-horas\/","og_locale":"es_ES","og_type":"article","og_title":"Murieron 587 personas y 35.017 fueron reportadas con coronavirus en las \u00faltimas 24 horas - Noticias Radio Reflejos","og_description":"El Ministerio de Salud\u00a0indic\u00f3 que hay 7.614 pacientes internados con Covid-19 en terapia intensiva, con un porcentaje de ocupaci\u00f3n de camas de adultos de 76,6 % en el pa\u00eds y del 74,9 % en el AMBA. En tanto, ya fueron vacunadas casi 13 millones de personas.","og_url":"https:\/\/www.noticiasradioreflejos.com.ar\/2021\/murieron-587-personas-y-35-017-fueron-reportadas-con-coronavirus-en-las-ultimas-24-horas\/","og_site_name":"Noticias Radio Reflejos","article_published_time":"2021-06-02T22:07:32+00:00","article_modified_time":"2021-06-02T22:08:16+00:00","og_image":[{"url":"https:\/\/www.telam.com.ar\/advf\/imagenes\/2021\/06\/60b7f1ed2ee8b.06.2021_1004x1161.jpg","type":"","width":"","height":""}],"author":"Arnaldo Botto","twitter_card":"summary_large_image","schema":{"@context":"https:\/\/schema.org","@graph":[{"@type":"WebPage","@id":"https:\/\/www.noticiasradioreflejos.com.ar\/2021\/murieron-587-personas-y-35-017-fueron-reportadas-con-coronavirus-en-las-ultimas-24-horas\/","url":"https:\/\/www.noticiasradioreflejos.com.ar\/2021\/murieron-587-personas-y-35-017-fueron-reportadas-con-coronavirus-en-las-ultimas-24-horas\/","name":"Murieron 587 personas y 35.017 fueron reportadas con coronavirus en las \u00faltimas 24 horas - Noticias Radio Reflejos","isPartOf":{"@id":"https:\/\/www.noticiasradioreflejos.com.ar\/2021\/#website"},"primaryImageOfPage":{"@id":"https:\/\/www.noticiasradioreflejos.com.ar\/2021\/murieron-587-personas-y-35-017-fueron-reportadas-con-coronavirus-en-las-ultimas-24-horas\/#primaryimage"},"image":{"@id":"https:\/\/www.noticiasradioreflejos.com.ar\/2021\/murieron-587-personas-y-35-017-fueron-reportadas-con-coronavirus-en-las-ultimas-24-horas\/#primaryimage"},"thumbnailUrl":"https:\/\/www.telam.com.ar\/advf\/imagenes\/2021\/06\/60b7f1ed2ee8b.06.2021_1004x1161.jpg","datePublished":"2021-06-02T22:07:32+00:00","dateModified":"2021-06-02T22:08:16+00:00","author":{"@id":"https:\/\/www.noticiasradioreflejos.com.ar\/2021\/#\/schema\/person\/ad82545263dcc5ec0996818884fd5fb1"},"breadcrumb":{"@id":"https:\/\/www.noticiasradioreflejos.com.ar\/2021\/murieron-587-personas-y-35-017-fueron-reportadas-con-coronavirus-en-las-ultimas-24-horas\/#breadcrumb"},"inLanguage":"es","potentialAction":[{"@type":"ReadAction","target":["https:\/\/www.noticiasradioreflejos.com.ar\/2021\/murieron-587-personas-y-35-017-fueron-reportadas-con-coronavirus-en-las-ultimas-24-horas\/"]}]},{"@type":"ImageObject","inLanguage":"es","@id":"https:\/\/www.noticiasradioreflejos.com.ar\/2021\/murieron-587-personas-y-35-017-fueron-reportadas-con-coronavirus-en-las-ultimas-24-horas\/#primaryimage","url":"https:\/\/www.telam.com.ar\/advf\/imagenes\/2021\/06\/60b7f1ed2ee8b.06.2021_1004x1161.jpg","contentUrl":"https:\/\/www.telam.com.ar\/advf\/imagenes\/2021\/06\/60b7f1ed2ee8b.06.2021_1004x1161.jpg"},{"@type":"BreadcrumbList","@id":"https:\/\/www.noticiasradioreflejos.com.ar\/2021\/murieron-587-personas-y-35-017-fueron-reportadas-con-coronavirus-en-las-ultimas-24-horas\/#breadcrumb","itemListElement":[{"@type":"ListItem","position":1,"name":"Portada","item":"https:\/\/www.noticiasradioreflejos.com.ar\/2021\/"},{"@type":"ListItem","position":2,"name":"Murieron 587 personas y 35.017 fueron reportadas con coronavirus en las \u00faltimas 24 horas"}]},{"@type":"WebSite","@id":"https:\/\/www.noticiasradioreflejos.com.ar\/2021\/#website","url":"https:\/\/www.noticiasradioreflejos.com.ar\/2021\/","name":"Noticias Radio Reflejos","description":"Las noticias de mi comarca","potentialAction":[{"@type":"SearchAction","target":{"@type":"EntryPoint","urlTemplate":"https:\/\/www.noticiasradioreflejos.com.ar\/2021\/?s={search_term_string}"},"query-input":{"@type":"PropertyValueSpecification","valueRequired":true,"valueName":"search_term_string"}}],"inLanguage":"es"},{"@type":"Person","@id":"https:\/\/www.noticiasradioreflejos.com.ar\/2021\/#\/schema\/person\/ad82545263dcc5ec0996818884fd5fb1","name":"Arnaldo Botto","image":{"@type":"ImageObject","inLanguage":"es","@id":"https:\/\/www.noticiasradioreflejos.com.ar\/2021\/#\/schema\/person\/image\/","url":"https:\/\/secure.gravatar.com\/avatar\/55cb5e37c1efa326397366e6974cb338056df65cb50e7d64d1cf314e87504837?s=96&d=mm&r=g","contentUrl":"https:\/\/secure.gravatar.com\/avatar\/55cb5e37c1efa326397366e6974cb338056df65cb50e7d64d1cf314e87504837?s=96&d=mm&r=g","caption":"Arnaldo Botto"},"url":"https:\/\/www.noticiasradioreflejos.com.ar\/2021\/author\/arnaldo\/"}]}},"_links":{"self":[{"href":"https:\/\/www.noticiasradioreflejos.com.ar\/2021\/wp-json\/wp\/v2\/posts\/57939","targetHints":{"allow":["GET"]}}],"collection":[{"href":"https:\/\/www.noticiasradioreflejos.com.ar\/2021\/wp-json\/wp\/v2\/posts"}],"about":[{"href":"https:\/\/www.noticiasradioreflejos.com.ar\/2021\/wp-json\/wp\/v2\/types\/post"}],"author":[{"embeddable":true,"href":"https:\/\/www.noticiasradioreflejos.com.ar\/2021\/wp-json\/wp\/v2\/users\/3"}],"replies":[{"embeddable":true,"href":"https:\/\/www.noticiasradioreflejos.com.ar\/2021\/wp-json\/wp\/v2\/comments?post=57939"}],"version-history":[{"count":2,"href":"https:\/\/www.noticiasradioreflejos.com.ar\/2021\/wp-json\/wp\/v2\/posts\/57939\/revisions"}],"predecessor-version":[{"id":57941,"href":"https:\/\/www.noticiasradioreflejos.com.ar\/2021\/wp-json\/wp\/v2\/posts\/57939\/revisions\/57941"}],"wp:attachment":[{"href":"https:\/\/www.noticiasradioreflejos.com.ar\/2021\/wp-json\/wp\/v2\/media?parent=57939"}],"wp:term":[{"taxonomy":"category","embeddable":true,"href":"https:\/\/www.noticiasradioreflejos.com.ar\/2021\/wp-json\/wp\/v2\/categories?post=57939"},{"taxonomy":"post_tag","embeddable":true,"href":"https:\/\/www.noticiasradioreflejos.com.ar\/2021\/wp-json\/wp\/v2\/tags?post=57939"}],"curies":[{"name":"wp","href":"https:\/\/api.w.org\/{rel}","templated":true}]}}