{"id":57930,"date":"2021-06-02T20:05:59","date_gmt":"2021-06-02T20:05:59","guid":{"rendered":"http:\/\/www.noticiasradioreflejos.com.ar\/2021\/?p=57930"},"modified":"2021-06-02T20:05:59","modified_gmt":"2021-06-02T20:05:59","slug":"ser-bombero-a-los-12-anos-lo-veia-siempre-salir-corriendo-cada-vez-que-tocaba-la-sirena-ahi-me-llamo-la-vocacion","status":"publish","type":"post","link":"https:\/\/www.noticiasradioreflejos.com.ar\/2021\/ser-bombero-a-los-12-anos-lo-veia-siempre-salir-corriendo-cada-vez-que-tocaba-la-sirena-ahi-me-llamo-la-vocacion\/","title":{"rendered":"Ser Bombero: \u00abA los 12 a\u00f1os lo ve\u00eda siempre salir corriendo cada vez que tocaba la sirena. Ah\u00ed me llam\u00f3 la vocaci\u00f3n\u00bb"},"content":{"rendered":"<p>En el D\u00eda Nacional del Bombero Voluntario, conversamos con el Comandante <strong>Gustavo De Vizia<\/strong>, Jefe del Cuerpo Activo del cuartel\u00a0 de Sierra de la Ventana.<!--more--><\/p>\n<p>Debido al contexto de la pandemia, se celebr\u00f3 este 2 de Junio con un acto protocolar solamente con los bomberos que se encontraban en la guardia. \u00abIzamos la bandera y al mediod\u00eda se har\u00e1 un toque de sirena y un minuto de silencio por todos los ca\u00eddos\u00bb.<\/p>\n<p><a title=\"155909785_5098750483500749_7989312585816052835_n\" href=\"https:\/\/www.flickr.com\/photos\/182279889@N02\/51221970775\/in\/dateposted-public\/\" data-flickr-embed=\"true\"><img loading=\"lazy\" decoding=\"async\" src=\"https:\/\/live.staticflickr.com\/65535\/51221970775_e5c97ab3c1_z.jpg\" alt=\"155909785_5098750483500749_7989312585816052835_n\" width=\"640\" height=\"480\" \/><\/a><script async src=\"\/\/embedr.flickr.com\/assets\/client-code.js\" charset=\"utf-8\"><\/script><\/p>\n<p>En relaci\u00f3n a las actividades que los bomberos siempre realizan en base a la acci\u00f3n, con el distanciamiento se han tenido que adaptar. \u00abEs dif\u00edcil, porque esto demanda que nosotros practiquemos constantemente. Todos los d\u00edas tenes que trabajar con los veh\u00edculos y con la gente. Si no estas al tanto, se te va y uno en una salida no puede fallar. Lo estamos haciendo todo virtual, no es lo mismo, pero es lo que hay\u00bb desarroll\u00f3 el trabajo de los bomberos en tiempo de pandemia.<\/p>\n<p><a title=\"72800693_3088263601216124_2767904863751766016_n\" href=\"https:\/\/www.flickr.com\/photos\/182279889@N02\/51221970755\/in\/dateposted-public\/\" data-flickr-embed=\"true\"><img loading=\"lazy\" decoding=\"async\" src=\"https:\/\/live.staticflickr.com\/65535\/51221970755_790977cf15_z.jpg\" alt=\"72800693_3088263601216124_2767904863751766016_n\" width=\"640\" height=\"426\" \/><\/a><script async src=\"\/\/embedr.flickr.com\/assets\/client-code.js\" charset=\"utf-8\"><\/script><\/p>\n<p>\u00abVen\u00edamos trabajando por guardias y burbujas. Trabajamos con los de la guardia y se est\u00e1n haciendo pr\u00e1cticas. Con estos nuevos contagios, hemos frenado y estamos haciendo todo virtual. Pero esperamos a que cuando los contagios bajen un poco, volvamos\u00bb coment\u00f3.<\/p>\n<p>Gustavo cont\u00f3 que, entre los bomberos, hubo varios que padecieron el Covid-19, de los cuales uno sufri\u00f3 s\u00edntomas muy graves. \u00abPor eso se hacen las guardias en burbujas. Si a alguien le toca estar aislado, se a\u00edsla toda la burbuja e inmediatamente entra otra nueva\u00bb explic\u00f3.<\/p>\n<p><iframe loading=\"lazy\" title=\"YouTube video player\" src=\"https:\/\/www.youtube.com\/embed\/xoHag-FCELM\" width=\"640\" height=\"360\" frameborder=\"0\" allowfullscreen=\"allowfullscreen\"><\/iframe><\/p>\n<p><span style=\"color: #ff6600;\"><em> Video de homenaje en su d\u00eda, realizado en Sierra de la Ventana<\/em><\/span><\/p>\n<p>\u00abHubo una \u00e9poca en la que entrar al cuartel era muy f\u00e1cil. Antes ni siquiera te daban un ingreso, te daban un mameluco y ya estabas en el cuartel. Hoy en d\u00eda es muy complejo ingresar\u00bb record\u00f3.<\/p>\n<p>Gustavo finalmente rememor\u00f3 su primera salida como bombero voluntario. \u00abFue en Ymcapolis. El que me llev\u00f3 a mi fue el famoso Loco Muro. Me lleva al cuartel porque \u00e9ramos vecinos y yo a los 12 a\u00f1os lo ve\u00eda siempre salir corriendo cada vez que tocaba la sirena. Ah\u00ed me llam\u00f3 la vocaci\u00f3n. Mi primer salida fue ah\u00ed en Ymcapolis, se hab\u00eda prendido fuego el campo. Fui cadete del 86 hasta el 90\u00bb.<\/p>\n<p><strong>Nota completa a continuaci\u00f3n:<\/strong><br \/>\n<iframe loading=\"lazy\" src=\"https:\/\/w.soundcloud.com\/player\/?url=https%3A\/\/api.soundcloud.com\/tracks\/1060525756&amp;color=%23ff5500&amp;auto_play=false&amp;hide_related=false&amp;show_comments=true&amp;show_user=true&amp;show_reposts=false&amp;show_teaser=true&amp;visual=true\" width=\"100%\" height=\"300\" frameborder=\"no\" scrolling=\"no\"><\/iframe><\/p>\n<div style=\"font-size: 10px; color: #cccccc; line-break: anywhere; word-break: normal; overflow: hidden; white-space: nowrap; text-overflow: ellipsis; font-family: Interstate,Lucida Grande,Lucida Sans Unicode,Lucida Sans,Garuda,Verdana,Tahoma,sans-serif; font-weight: 100;\"><a style=\"color: #cccccc; text-decoration: none;\" title=\"fmreflejos 103.7\" href=\"https:\/\/soundcloud.com\/fmreflejos-103-7\" target=\"_blank\" rel=\"noopener\">fmreflejos 103.7<\/a> \u00b7 <a style=\"color: #cccccc; text-decoration: none;\" title=\"Nota Gustavo De Vizia Dia Del Bombero\" href=\"https:\/\/soundcloud.com\/fmreflejos-103-7\/nota-gustavo-de-vizia-dia-del-bombero\" target=\"_blank\" rel=\"noopener\">Nota Gustavo De Vizia Dia Del Bombero<\/a><\/div>\n<p><a title=\"101652704_3854338564608620_156534206271324160_n\" href=\"https:\/\/www.flickr.com\/photos\/182279889@N02\/51221662239\/in\/dateposted-public\/\" data-flickr-embed=\"true\"><img loading=\"lazy\" decoding=\"async\" src=\"https:\/\/live.staticflickr.com\/65535\/51221662239_2e06fbee4c_z.jpg\" alt=\"101652704_3854338564608620_156534206271324160_n\" width=\"640\" height=\"480\" \/><\/a><script async src=\"\/\/embedr.flickr.com\/assets\/client-code.js\" charset=\"utf-8\"><\/script><\/p>\n","protected":false},"excerpt":{"rendered":"<p>En el D\u00eda Nacional del Bombero Voluntario, conversamos con el Comandante Gustavo De Vizia, Jefe del Cuerpo Activo del cuartel\u00a0 de Sierra de la Ventana.<\/p>\n","protected":false},"author":3,"featured_media":0,"comment_status":"closed","ping_status":"closed","sticky":false,"template":"","format":"standard","meta":{"footnotes":""},"categories":[26],"tags":[48],"class_list":["post-57930","post","type-post","status-publish","format-standard","hentry","category-sociedad","tag-destacada"],"yoast_head":"<!-- This site is optimized with the Yoast SEO plugin v25.9 - https:\/\/yoast.com\/wordpress\/plugins\/seo\/ -->\n<title>Ser Bombero: &quot;A los 12 a\u00f1os lo ve\u00eda siempre salir corriendo cada vez que tocaba la sirena. Ah\u00ed me llam\u00f3 la vocaci\u00f3n&quot; - Noticias Radio Reflejos<\/title>\n<meta name=\"robots\" content=\"index, follow, max-snippet:-1, max-image-preview:large, max-video-preview:-1\" \/>\n<link rel=\"canonical\" href=\"https:\/\/www.noticiasradioreflejos.com.ar\/2021\/ser-bombero-a-los-12-anos-lo-veia-siempre-salir-corriendo-cada-vez-que-tocaba-la-sirena-ahi-me-llamo-la-vocacion\/\" \/>\n<meta property=\"og:locale\" content=\"es_ES\" \/>\n<meta property=\"og:type\" content=\"article\" \/>\n<meta property=\"og:title\" content=\"Ser Bombero: &quot;A los 12 a\u00f1os lo ve\u00eda siempre salir corriendo cada vez que tocaba la sirena. Ah\u00ed me llam\u00f3 la vocaci\u00f3n&quot; - Noticias Radio Reflejos\" \/>\n<meta property=\"og:description\" content=\"En el D\u00eda Nacional del Bombero Voluntario, conversamos con el Comandante Gustavo De Vizia, Jefe del Cuerpo Activo del cuartel\u00a0 de Sierra de la Ventana.\" \/>\n<meta property=\"og:url\" content=\"https:\/\/www.noticiasradioreflejos.com.ar\/2021\/ser-bombero-a-los-12-anos-lo-veia-siempre-salir-corriendo-cada-vez-que-tocaba-la-sirena-ahi-me-llamo-la-vocacion\/\" \/>\n<meta property=\"og:site_name\" content=\"Noticias Radio Reflejos\" \/>\n<meta property=\"article:published_time\" content=\"2021-06-02T20:05:59+00:00\" \/>\n<meta property=\"og:image\" content=\"https:\/\/live.staticflickr.com\/65535\/51221970775_e5c97ab3c1_z.jpg\" \/>\n<meta name=\"author\" content=\"Arnaldo Botto\" \/>\n<meta name=\"twitter:card\" content=\"summary_large_image\" \/>\n<script type=\"application\/ld+json\" class=\"yoast-schema-graph\">{\"@context\":\"https:\/\/schema.org\",\"@graph\":[{\"@type\":\"WebPage\",\"@id\":\"https:\/\/www.noticiasradioreflejos.com.ar\/2021\/ser-bombero-a-los-12-anos-lo-veia-siempre-salir-corriendo-cada-vez-que-tocaba-la-sirena-ahi-me-llamo-la-vocacion\/\",\"url\":\"https:\/\/www.noticiasradioreflejos.com.ar\/2021\/ser-bombero-a-los-12-anos-lo-veia-siempre-salir-corriendo-cada-vez-que-tocaba-la-sirena-ahi-me-llamo-la-vocacion\/\",\"name\":\"Ser Bombero: \\\"A los 12 a\u00f1os lo ve\u00eda siempre salir corriendo cada vez que tocaba la sirena. Ah\u00ed me llam\u00f3 la vocaci\u00f3n\\\" - Noticias Radio Reflejos\",\"isPartOf\":{\"@id\":\"https:\/\/www.noticiasradioreflejos.com.ar\/2021\/#website\"},\"primaryImageOfPage\":{\"@id\":\"https:\/\/www.noticiasradioreflejos.com.ar\/2021\/ser-bombero-a-los-12-anos-lo-veia-siempre-salir-corriendo-cada-vez-que-tocaba-la-sirena-ahi-me-llamo-la-vocacion\/#primaryimage\"},\"image\":{\"@id\":\"https:\/\/www.noticiasradioreflejos.com.ar\/2021\/ser-bombero-a-los-12-anos-lo-veia-siempre-salir-corriendo-cada-vez-que-tocaba-la-sirena-ahi-me-llamo-la-vocacion\/#primaryimage\"},\"thumbnailUrl\":\"https:\/\/live.staticflickr.com\/65535\/51221970775_e5c97ab3c1_z.jpg\",\"datePublished\":\"2021-06-02T20:05:59+00:00\",\"author\":{\"@id\":\"https:\/\/www.noticiasradioreflejos.com.ar\/2021\/#\/schema\/person\/ad82545263dcc5ec0996818884fd5fb1\"},\"breadcrumb\":{\"@id\":\"https:\/\/www.noticiasradioreflejos.com.ar\/2021\/ser-bombero-a-los-12-anos-lo-veia-siempre-salir-corriendo-cada-vez-que-tocaba-la-sirena-ahi-me-llamo-la-vocacion\/#breadcrumb\"},\"inLanguage\":\"es\",\"potentialAction\":[{\"@type\":\"ReadAction\",\"target\":[\"https:\/\/www.noticiasradioreflejos.com.ar\/2021\/ser-bombero-a-los-12-anos-lo-veia-siempre-salir-corriendo-cada-vez-que-tocaba-la-sirena-ahi-me-llamo-la-vocacion\/\"]}]},{\"@type\":\"ImageObject\",\"inLanguage\":\"es\",\"@id\":\"https:\/\/www.noticiasradioreflejos.com.ar\/2021\/ser-bombero-a-los-12-anos-lo-veia-siempre-salir-corriendo-cada-vez-que-tocaba-la-sirena-ahi-me-llamo-la-vocacion\/#primaryimage\",\"url\":\"https:\/\/live.staticflickr.com\/65535\/51221970775_e5c97ab3c1_z.jpg\",\"contentUrl\":\"https:\/\/live.staticflickr.com\/65535\/51221970775_e5c97ab3c1_z.jpg\"},{\"@type\":\"BreadcrumbList\",\"@id\":\"https:\/\/www.noticiasradioreflejos.com.ar\/2021\/ser-bombero-a-los-12-anos-lo-veia-siempre-salir-corriendo-cada-vez-que-tocaba-la-sirena-ahi-me-llamo-la-vocacion\/#breadcrumb\",\"itemListElement\":[{\"@type\":\"ListItem\",\"position\":1,\"name\":\"Portada\",\"item\":\"https:\/\/www.noticiasradioreflejos.com.ar\/2021\/\"},{\"@type\":\"ListItem\",\"position\":2,\"name\":\"Ser Bombero: \u00abA los 12 a\u00f1os lo ve\u00eda siempre salir corriendo cada vez que tocaba la sirena. Ah\u00ed me llam\u00f3 la vocaci\u00f3n\u00bb\"}]},{\"@type\":\"WebSite\",\"@id\":\"https:\/\/www.noticiasradioreflejos.com.ar\/2021\/#website\",\"url\":\"https:\/\/www.noticiasradioreflejos.com.ar\/2021\/\",\"name\":\"Noticias Radio Reflejos\",\"description\":\"Las noticias de mi comarca\",\"potentialAction\":[{\"@type\":\"SearchAction\",\"target\":{\"@type\":\"EntryPoint\",\"urlTemplate\":\"https:\/\/www.noticiasradioreflejos.com.ar\/2021\/?s={search_term_string}\"},\"query-input\":{\"@type\":\"PropertyValueSpecification\",\"valueRequired\":true,\"valueName\":\"search_term_string\"}}],\"inLanguage\":\"es\"},{\"@type\":\"Person\",\"@id\":\"https:\/\/www.noticiasradioreflejos.com.ar\/2021\/#\/schema\/person\/ad82545263dcc5ec0996818884fd5fb1\",\"name\":\"Arnaldo Botto\",\"image\":{\"@type\":\"ImageObject\",\"inLanguage\":\"es\",\"@id\":\"https:\/\/www.noticiasradioreflejos.com.ar\/2021\/#\/schema\/person\/image\/\",\"url\":\"https:\/\/secure.gravatar.com\/avatar\/55cb5e37c1efa326397366e6974cb338056df65cb50e7d64d1cf314e87504837?s=96&d=mm&r=g\",\"contentUrl\":\"https:\/\/secure.gravatar.com\/avatar\/55cb5e37c1efa326397366e6974cb338056df65cb50e7d64d1cf314e87504837?s=96&d=mm&r=g\",\"caption\":\"Arnaldo Botto\"},\"url\":\"https:\/\/www.noticiasradioreflejos.com.ar\/2021\/author\/arnaldo\/\"}]}<\/script>\n<!-- \/ Yoast SEO plugin. -->","yoast_head_json":{"title":"Ser Bombero: \"A los 12 a\u00f1os lo ve\u00eda siempre salir corriendo cada vez que tocaba la sirena. Ah\u00ed me llam\u00f3 la vocaci\u00f3n\" - Noticias Radio Reflejos","robots":{"index":"index","follow":"follow","max-snippet":"max-snippet:-1","max-image-preview":"max-image-preview:large","max-video-preview":"max-video-preview:-1"},"canonical":"https:\/\/www.noticiasradioreflejos.com.ar\/2021\/ser-bombero-a-los-12-anos-lo-veia-siempre-salir-corriendo-cada-vez-que-tocaba-la-sirena-ahi-me-llamo-la-vocacion\/","og_locale":"es_ES","og_type":"article","og_title":"Ser Bombero: \"A los 12 a\u00f1os lo ve\u00eda siempre salir corriendo cada vez que tocaba la sirena. Ah\u00ed me llam\u00f3 la vocaci\u00f3n\" - Noticias Radio Reflejos","og_description":"En el D\u00eda Nacional del Bombero Voluntario, conversamos con el Comandante Gustavo De Vizia, Jefe del Cuerpo Activo del cuartel\u00a0 de Sierra de la Ventana.","og_url":"https:\/\/www.noticiasradioreflejos.com.ar\/2021\/ser-bombero-a-los-12-anos-lo-veia-siempre-salir-corriendo-cada-vez-que-tocaba-la-sirena-ahi-me-llamo-la-vocacion\/","og_site_name":"Noticias Radio Reflejos","article_published_time":"2021-06-02T20:05:59+00:00","og_image":[{"url":"https:\/\/live.staticflickr.com\/65535\/51221970775_e5c97ab3c1_z.jpg","type":"","width":"","height":""}],"author":"Arnaldo Botto","twitter_card":"summary_large_image","schema":{"@context":"https:\/\/schema.org","@graph":[{"@type":"WebPage","@id":"https:\/\/www.noticiasradioreflejos.com.ar\/2021\/ser-bombero-a-los-12-anos-lo-veia-siempre-salir-corriendo-cada-vez-que-tocaba-la-sirena-ahi-me-llamo-la-vocacion\/","url":"https:\/\/www.noticiasradioreflejos.com.ar\/2021\/ser-bombero-a-los-12-anos-lo-veia-siempre-salir-corriendo-cada-vez-que-tocaba-la-sirena-ahi-me-llamo-la-vocacion\/","name":"Ser Bombero: \"A los 12 a\u00f1os lo ve\u00eda siempre salir corriendo cada vez que tocaba la sirena. Ah\u00ed me llam\u00f3 la vocaci\u00f3n\" - Noticias Radio Reflejos","isPartOf":{"@id":"https:\/\/www.noticiasradioreflejos.com.ar\/2021\/#website"},"primaryImageOfPage":{"@id":"https:\/\/www.noticiasradioreflejos.com.ar\/2021\/ser-bombero-a-los-12-anos-lo-veia-siempre-salir-corriendo-cada-vez-que-tocaba-la-sirena-ahi-me-llamo-la-vocacion\/#primaryimage"},"image":{"@id":"https:\/\/www.noticiasradioreflejos.com.ar\/2021\/ser-bombero-a-los-12-anos-lo-veia-siempre-salir-corriendo-cada-vez-que-tocaba-la-sirena-ahi-me-llamo-la-vocacion\/#primaryimage"},"thumbnailUrl":"https:\/\/live.staticflickr.com\/65535\/51221970775_e5c97ab3c1_z.jpg","datePublished":"2021-06-02T20:05:59+00:00","author":{"@id":"https:\/\/www.noticiasradioreflejos.com.ar\/2021\/#\/schema\/person\/ad82545263dcc5ec0996818884fd5fb1"},"breadcrumb":{"@id":"https:\/\/www.noticiasradioreflejos.com.ar\/2021\/ser-bombero-a-los-12-anos-lo-veia-siempre-salir-corriendo-cada-vez-que-tocaba-la-sirena-ahi-me-llamo-la-vocacion\/#breadcrumb"},"inLanguage":"es","potentialAction":[{"@type":"ReadAction","target":["https:\/\/www.noticiasradioreflejos.com.ar\/2021\/ser-bombero-a-los-12-anos-lo-veia-siempre-salir-corriendo-cada-vez-que-tocaba-la-sirena-ahi-me-llamo-la-vocacion\/"]}]},{"@type":"ImageObject","inLanguage":"es","@id":"https:\/\/www.noticiasradioreflejos.com.ar\/2021\/ser-bombero-a-los-12-anos-lo-veia-siempre-salir-corriendo-cada-vez-que-tocaba-la-sirena-ahi-me-llamo-la-vocacion\/#primaryimage","url":"https:\/\/live.staticflickr.com\/65535\/51221970775_e5c97ab3c1_z.jpg","contentUrl":"https:\/\/live.staticflickr.com\/65535\/51221970775_e5c97ab3c1_z.jpg"},{"@type":"BreadcrumbList","@id":"https:\/\/www.noticiasradioreflejos.com.ar\/2021\/ser-bombero-a-los-12-anos-lo-veia-siempre-salir-corriendo-cada-vez-que-tocaba-la-sirena-ahi-me-llamo-la-vocacion\/#breadcrumb","itemListElement":[{"@type":"ListItem","position":1,"name":"Portada","item":"https:\/\/www.noticiasradioreflejos.com.ar\/2021\/"},{"@type":"ListItem","position":2,"name":"Ser Bombero: \u00abA los 12 a\u00f1os lo ve\u00eda siempre salir corriendo cada vez que tocaba la sirena. Ah\u00ed me llam\u00f3 la vocaci\u00f3n\u00bb"}]},{"@type":"WebSite","@id":"https:\/\/www.noticiasradioreflejos.com.ar\/2021\/#website","url":"https:\/\/www.noticiasradioreflejos.com.ar\/2021\/","name":"Noticias Radio Reflejos","description":"Las noticias de mi comarca","potentialAction":[{"@type":"SearchAction","target":{"@type":"EntryPoint","urlTemplate":"https:\/\/www.noticiasradioreflejos.com.ar\/2021\/?s={search_term_string}"},"query-input":{"@type":"PropertyValueSpecification","valueRequired":true,"valueName":"search_term_string"}}],"inLanguage":"es"},{"@type":"Person","@id":"https:\/\/www.noticiasradioreflejos.com.ar\/2021\/#\/schema\/person\/ad82545263dcc5ec0996818884fd5fb1","name":"Arnaldo Botto","image":{"@type":"ImageObject","inLanguage":"es","@id":"https:\/\/www.noticiasradioreflejos.com.ar\/2021\/#\/schema\/person\/image\/","url":"https:\/\/secure.gravatar.com\/avatar\/55cb5e37c1efa326397366e6974cb338056df65cb50e7d64d1cf314e87504837?s=96&d=mm&r=g","contentUrl":"https:\/\/secure.gravatar.com\/avatar\/55cb5e37c1efa326397366e6974cb338056df65cb50e7d64d1cf314e87504837?s=96&d=mm&r=g","caption":"Arnaldo Botto"},"url":"https:\/\/www.noticiasradioreflejos.com.ar\/2021\/author\/arnaldo\/"}]}},"_links":{"self":[{"href":"https:\/\/www.noticiasradioreflejos.com.ar\/2021\/wp-json\/wp\/v2\/posts\/57930","targetHints":{"allow":["GET"]}}],"collection":[{"href":"https:\/\/www.noticiasradioreflejos.com.ar\/2021\/wp-json\/wp\/v2\/posts"}],"about":[{"href":"https:\/\/www.noticiasradioreflejos.com.ar\/2021\/wp-json\/wp\/v2\/types\/post"}],"author":[{"embeddable":true,"href":"https:\/\/www.noticiasradioreflejos.com.ar\/2021\/wp-json\/wp\/v2\/users\/3"}],"replies":[{"embeddable":true,"href":"https:\/\/www.noticiasradioreflejos.com.ar\/2021\/wp-json\/wp\/v2\/comments?post=57930"}],"version-history":[{"count":2,"href":"https:\/\/www.noticiasradioreflejos.com.ar\/2021\/wp-json\/wp\/v2\/posts\/57930\/revisions"}],"predecessor-version":[{"id":57935,"href":"https:\/\/www.noticiasradioreflejos.com.ar\/2021\/wp-json\/wp\/v2\/posts\/57930\/revisions\/57935"}],"wp:attachment":[{"href":"https:\/\/www.noticiasradioreflejos.com.ar\/2021\/wp-json\/wp\/v2\/media?parent=57930"}],"wp:term":[{"taxonomy":"category","embeddable":true,"href":"https:\/\/www.noticiasradioreflejos.com.ar\/2021\/wp-json\/wp\/v2\/categories?post=57930"},{"taxonomy":"post_tag","embeddable":true,"href":"https:\/\/www.noticiasradioreflejos.com.ar\/2021\/wp-json\/wp\/v2\/tags?post=57930"}],"curies":[{"name":"wp","href":"https:\/\/api.w.org\/{rel}","templated":true}]}}