{"id":57926,"date":"2021-06-02T18:48:54","date_gmt":"2021-06-02T18:48:54","guid":{"rendered":"http:\/\/www.noticiasradioreflejos.com.ar\/2021\/?p=57926"},"modified":"2021-06-02T18:48:54","modified_gmt":"2021-06-02T18:48:54","slug":"plazos-entre-dosis-tiempo-de-inmunidad-y-combinacion-preguntas-clave-de-la-vacunacion","status":"publish","type":"post","link":"https:\/\/www.noticiasradioreflejos.com.ar\/2021\/plazos-entre-dosis-tiempo-de-inmunidad-y-combinacion-preguntas-clave-de-la-vacunacion\/","title":{"rendered":"Plazos entre dosis, tiempo de inmunidad y combinaci\u00f3n: preguntas clave de la vacunaci\u00f3n"},"content":{"rendered":"<div class=\"head-content\">\n<p>La doctora Florenci Cahn, presidenta de la Sociedad Argentina de Vacunolog\u00eda y Epidemiolog\u00eda, responde a las dudas que surgen ante la amplia campa\u00f1a de vacunaci\u00f3n.<\/p>\n<\/div>\n<p><!--more--><\/p>\n<div class=\"main-content-block\">\n<div class=\"main-box clearfix\">\n<div class=\"wrapper-main-section clearfix\">\n<div class=\"wrapper-editable-content\">\n<div class=\"editable-content clearfix\">\u00bfCu\u00e1l es el tiempo m\u00e1ximo para dar la segunda dosis? \u00bfA partir de cu\u00e1ndo hay protecci\u00f3n y cu\u00e1nto dura? \u00bfSe pueden combinar?, son algunas de las muchas preguntas que tiene la poblaci\u00f3n y que cobran m\u00e1s fuerza con la escalada del plan nacional de vacunaci\u00f3n <strong>frente a las 20 millones de dosis que alcanzar\u00e1 el pa\u00eds la pr\u00f3xima semana.<\/strong><\/p>\n<p>\u00abArgentina cuenta con un plan estrat\u00e9gico de vacunaci\u00f3n que se fij\u00f3 al principio cuyo objetivo fue disminuir la mortalidad y las formas graves de Covid-19 y para eso hab\u00eda que comenzar por las personas mayores, que son quienes m\u00e1s expuestas estaban a enfermarse y morir\u00bb, dijo a T\u00e9lam la m\u00e9dica infect\u00f3loga Florencia Cahn.<\/p>\n<p><strong>Cahn, presidenta de la Sociedad Argentina de Vacunolog\u00eda y Epidemiolog\u00eda (SAVE)<\/strong>, asegur\u00f3 que ese esquema ten\u00eda siete &#8216;escalones&#8217; y destac\u00f3 que \u00aben la mayor\u00eda de las provincias ya est\u00e1n vacunando al quinto grupo, que son las personas entre 18 y 59 a\u00f1os con factores de riesgo\u00bb.<\/p>\n<p>\u00abEsto var\u00eda seg\u00fan la jurisdicci\u00f3n y no quita que se siga vacunando a quienes conformaban los grupos anteriores (personal de salud o mayores de 70) que por alg\u00fan motivo todav\u00eda no se hab\u00edan vacunado, pero en l\u00edneas generales a nivel pa\u00eds ya estamos en esta quinta etapa\u00bb, se\u00f1al\u00f3.<\/p>\n<p>Frente a la escalada en el plan de vacunaci\u00f3n, T\u00e9lam consult\u00f3 con la especialista sobre todas las dudas que se han vuelto parte de las conversaciones cotidianas de la poblaci\u00f3n.<\/p>\n<div id=\"image\" class=\"image\"><img decoding=\"async\" title=\"La doctora Cahn dice que no es conveniente medir los anticuerpos despu\u00e9s de vacunarse para saber si se est\u00e1 protegido.\" src=\"https:\/\/www.telam.com.ar\/advf\/imagenes\/2021\/04\/60818a3a7e1b7_1004x565.jpg\" alt=\"La doctora Cahn dice que no es conveniente medir los anticuerpos despu\u00e9s de vacunarse para saber si se est\u00e1 protegido.\" \/><\/p>\n<div class=\"epigrafe\">La doctora Cahn dice que no es conveniente medir los anticuerpos despu\u00e9s de vacunarse para saber si se est\u00e1 protegido.<\/div>\n<\/div>\n<p><strong>-Doctora Cahn, \u00bfcu\u00e1nto tiempo pasa entre que se recibe la vacuna y se activa el sistema inmune y cu\u00e1nto dura esa inmunidad?<\/strong><\/p>\n<p>-Aunque no es matem\u00e1tico, se estima que entre los 14 y 21 d\u00edas despu\u00e9s de aplicada la primera dosis de la vacuna el organismo ya genera una respuesta inmunol\u00f3gica que permite protecci\u00f3n frente a formas graves de la enfermedad por coronavirus. Este tiempo es el mismo independientemente de la vacuna que te den.<\/p>\n<p>La duraci\u00f3n de esta protecci\u00f3n es una respuesta que todav\u00eda no tenemos. Algunos estudios recientes indicaron que aunque los anticuerpos decaigan, quedan otros componentes de la respuesta inmune que son los linfocitos T y B de memoria, que permitir\u00edan una protecci\u00f3n a la largo plazo, pero todav\u00eda no hay una respuesta y, de hecho, la Fase 3 de los estudios de las vacunas contin\u00faan desarroll\u00e1ndose monitoreando esto y la seguridad.<\/p>\n<p><strong>-\u00bfCu\u00e1ndo hay que aplicarse la segunda dosis para que no &#8216;venza&#8217; esa protecci\u00f3n?<\/strong><\/p>\n<p>-En todas las vacunas la protecci\u00f3n se brinda a partir de la primera dosis y lo que hace la segunda es extenderla en el tiempo. Nosotros decimos que los esquemas de vacunaci\u00f3n no se \u00abreinician\u00bb, es decir, que es importante respetar el m\u00ednimo entre las dosis pero no hay un m\u00e1ximo y lo que se fija como intervalo no implica que la protecci\u00f3n se \u00abvenza\u00bb.<\/p>\n<blockquote><p>\u00abSe estima que entre los 14 y 21 d\u00edas despu\u00e9s de aplicada la primera dosis de la vacuna el organismo ya genera una respuesta inmunol\u00f3gica\u00bb<\/p><\/blockquote>\n<p><strong>-\u00bfEs conveniente medir los anticuerpos despu\u00e9s de vacunarse para saber si se est\u00e1 protegido?<\/strong><\/p>\n<p>-No, en absoluto. Primero porque no sabemos a\u00fan en qu\u00e9 corte los anticuerpos son protectivos. Pero adem\u00e1s porque la interpretaci\u00f3n de estos anticuerpos puede traer dos escenarios que est\u00e1n mal: el primero si aparecen &#8216;muchos&#8217; anticuerpos, puede hacer que la persona relaje los cuidados y hay que recordar que la vacuna protege contra formas graves pero una persona vacunada puede contagiarse el virus y tener un cuadro asintom\u00e1tico o leve y contagiar a otros.<\/p>\n<p>El segundo escenario es que si aparecen \u00abpocos\u00bb, la persona puede deprimirse pensando que la vacuna no sirvi\u00f3 y, como explic\u00e1bamos antes, la respuesta inmune tiene adem\u00e1s otros componentes, como los linfocitos T y B, que son los que permitir\u00e1n la protecci\u00f3n a largo plazo.<\/p>\n<p><strong>-\u00bfSe pueden combinar las vacunas, es decir, si me di la primera dosis de Sputnik puedo darme la segunda de AstraZeneca?<\/strong><\/p>\n<p>-En el mundo se est\u00e1n haciendo estudios de intercambiabilidad, y de hecho en algunos pa\u00edses lo est\u00e1n permitiendo. Ayer, por ejemplo, el gobierno de Canad\u00e1 autoriz\u00f3 a que se pueda cambiar de vacuna entre la primera y la segunda dosis, siempre que la caracter\u00edstica de ambas sean de ARN mensajero (por ejemplo la de Pfizer y Moderna).<\/p>\n<p>Hay estudios en curso que combinan la de AstraZeneca con la Pfizer, que son de diferente tipo, y otros que combinan la de AstraZeneca con Sputnik V, que comparten la misma plataforma. Incluso hay estudios cuyos resultados preliminares indican que podr\u00edan potenciar la respuesta inmune.<\/p>\n<p>No obstante, en Argentina no hay ning\u00fan estudio en curso de este tipo y hoy, 2 de junio, no est\u00e1 contemplado dentro de la estrategia de vacunaci\u00f3n. Pero es importante remarcar que las decisiones son din\u00e1micas y si en alg\u00fan momento hay evidencia suficiente, se puede contemplar.<\/p>\n<blockquote><p>\u00abLa vacuna protege contra formas graves pero una persona vacunada puede contagiarse el virus y tener un cuadro asintom\u00e1tico o leve y contagiar a otros\u00bb<\/p><\/blockquote>\n<p><strong>-\u00bfEl embarazo es un factor de riesgo para vacunarse?<\/strong><\/p>\n<p>&#8211; Primero hay que aclarar que ninguna vacuna est\u00e1 contraindicada para personas gestantes y en per\u00edodos de lactancia.Hoy sabemos que las personas gestantes tienen un riesgo incrementado a tener peor evoluci\u00f3n si ingresan a terapia intensiva o mayores complicaciones respecto a otra de su misma edad. No obstante, hoy la vacuna s\u00f3lo est\u00e1 indicada a mujeres embarazadas y en periodo de lactancia que tienen mayor riesgo de exposici\u00f3n (por ejemplo, personal sanitario) o factores de riesgo (obesidad, diabetes o epoc).<\/p>\n<p><strong>-\u00bfLas vacunas protegen contra las nuevas variantes?<\/strong><\/p>\n<p>-Hasta el momento las vacunas han demostrado tener eficacia frente a las nuevas variantes, pero es un tema que hay que seguir de cerca. Puede ser que las variantes de preocupaci\u00f3n tengan mutaciones mayores y entonces haya que vacunarse todos los a\u00f1os como pasa con la gripe; pero es algo que todav\u00eda no se sabe.<\/p>\n<blockquote><p>\u00abHoy la vacuna s\u00f3lo est\u00e1 indicada a mujeres embarazadas y en periodo de lactancia que tienen mayor riesgo de exposici\u00f3n\u00bb<\/p><\/blockquote>\n<p><strong>-\u00bfQu\u00e9 hay que hacer si coincide la vacuna de la gripe o neumon\u00eda con la de Covid?<\/strong><\/p>\n<p>-La indicaci\u00f3n es priorizar la de Covid-19. En Argentina la recomendaci\u00f3n es que pasen 14 d\u00edas como m\u00ednimo entre unas y otra no porque pueda \u00abhacer mal\u00bb que se den juntas, sino por una cuesti\u00f3n de vigilancia de los efectos adversos que puedan llegar a suceder.<\/p>\n<p><strong>-\u00bfLas personas con alergia se pueden vacunar?<\/strong><\/p>\n<p>-S\u00ed, en caso de que la persona tenga antecedentes de alergia grave (anafilaxia o edema de glotis) se puede pre-medicar.<\/p>\n<div id=\"image\" class=\"image\"><img decoding=\"async\" title=\"Seg\u00fan el Monitor P\u00fablico de Vacunaci\u00f3n, en estas horas se llegar\u00e1 a los diez millones de argentinos vacunados al menos con una dosis.\" src=\"https:\/\/www.telam.com.ar\/advf\/imagenes\/2021\/05\/60b29eedb820a_1004x565.png\" alt=\"Seg\u00fan el Monitor P\u00fablico de Vacunaci\u00f3n, en estas horas se llegar\u00e1 a los diez millones de argentinos vacunados al menos con una dosis.\" \/><\/p>\n<div class=\"epigrafe\">Seg\u00fan el Monitor P\u00fablico de Vacunaci\u00f3n, en estas horas se llegar\u00e1 a los diez millones de argentinos vacunados al menos con una dosis.<\/div>\n<\/div>\n<p><strong>-Las personas que participaron de ensayos cl\u00ednicos el a\u00f1o pasado y recibieron vacunas, \u00bftienen que volver a vacunarse ahora cuando les toque seg\u00fan esquema?.<\/strong><\/p>\n<p>-No. Por el momento no hay ninguna indicaci\u00f3n de que se vuelvan a vacunar.<\/p>\n<p><strong>-En caso de tener Covid-19, \u00bfCu\u00e1nto tiene que pasar para que la persona se pueda vacunar?<\/strong><\/p>\n<p>-Una vez que recibe el alta m\u00e9dica, se puede vacunar sin problemas. Se estima que por dos o tres meses al menos tendr\u00eda una protecci\u00f3n natural.<\/p><\/div>\n<\/div>\n<\/div>\n<\/div>\n<\/div>\n","protected":false},"excerpt":{"rendered":"<p>La doctora Florenci Cahn, presidenta de la Sociedad Argentina de Vacunolog\u00eda y Epidemiolog\u00eda, responde a las dudas que surgen ante la amplia campa\u00f1a de vacunaci\u00f3n.<\/p>\n","protected":false},"author":3,"featured_media":0,"comment_status":"closed","ping_status":"closed","sticky":false,"template":"","format":"standard","meta":{"footnotes":""},"categories":[30],"tags":[],"class_list":["post-57926","post","type-post","status-publish","format-standard","hentry","category-salud"],"yoast_head":"<!-- This site is optimized with the Yoast SEO plugin v25.9 - https:\/\/yoast.com\/wordpress\/plugins\/seo\/ -->\n<title>Plazos entre dosis, tiempo de inmunidad y combinaci\u00f3n: preguntas clave de la vacunaci\u00f3n - Noticias Radio Reflejos<\/title>\n<meta name=\"robots\" content=\"index, follow, max-snippet:-1, max-image-preview:large, max-video-preview:-1\" \/>\n<link rel=\"canonical\" href=\"https:\/\/www.noticiasradioreflejos.com.ar\/2021\/plazos-entre-dosis-tiempo-de-inmunidad-y-combinacion-preguntas-clave-de-la-vacunacion\/\" \/>\n<meta property=\"og:locale\" content=\"es_ES\" \/>\n<meta property=\"og:type\" content=\"article\" \/>\n<meta property=\"og:title\" content=\"Plazos entre dosis, tiempo de inmunidad y combinaci\u00f3n: preguntas clave de la vacunaci\u00f3n - Noticias Radio Reflejos\" \/>\n<meta property=\"og:description\" content=\"La doctora Florenci Cahn, presidenta de la Sociedad Argentina de Vacunolog\u00eda y Epidemiolog\u00eda, responde a las dudas que surgen ante la amplia campa\u00f1a de vacunaci\u00f3n.\" \/>\n<meta property=\"og:url\" content=\"https:\/\/www.noticiasradioreflejos.com.ar\/2021\/plazos-entre-dosis-tiempo-de-inmunidad-y-combinacion-preguntas-clave-de-la-vacunacion\/\" \/>\n<meta property=\"og:site_name\" content=\"Noticias Radio Reflejos\" \/>\n<meta property=\"article:published_time\" content=\"2021-06-02T18:48:54+00:00\" \/>\n<meta property=\"og:image\" content=\"https:\/\/www.telam.com.ar\/advf\/imagenes\/2021\/04\/60818a3a7e1b7_1004x565.jpg\" \/>\n<meta name=\"author\" content=\"Arnaldo Botto\" \/>\n<meta name=\"twitter:card\" content=\"summary_large_image\" \/>\n<script type=\"application\/ld+json\" class=\"yoast-schema-graph\">{\"@context\":\"https:\/\/schema.org\",\"@graph\":[{\"@type\":\"WebPage\",\"@id\":\"https:\/\/www.noticiasradioreflejos.com.ar\/2021\/plazos-entre-dosis-tiempo-de-inmunidad-y-combinacion-preguntas-clave-de-la-vacunacion\/\",\"url\":\"https:\/\/www.noticiasradioreflejos.com.ar\/2021\/plazos-entre-dosis-tiempo-de-inmunidad-y-combinacion-preguntas-clave-de-la-vacunacion\/\",\"name\":\"Plazos entre dosis, tiempo de inmunidad y combinaci\u00f3n: preguntas clave de la vacunaci\u00f3n - Noticias Radio Reflejos\",\"isPartOf\":{\"@id\":\"https:\/\/www.noticiasradioreflejos.com.ar\/2021\/#website\"},\"primaryImageOfPage\":{\"@id\":\"https:\/\/www.noticiasradioreflejos.com.ar\/2021\/plazos-entre-dosis-tiempo-de-inmunidad-y-combinacion-preguntas-clave-de-la-vacunacion\/#primaryimage\"},\"image\":{\"@id\":\"https:\/\/www.noticiasradioreflejos.com.ar\/2021\/plazos-entre-dosis-tiempo-de-inmunidad-y-combinacion-preguntas-clave-de-la-vacunacion\/#primaryimage\"},\"thumbnailUrl\":\"https:\/\/www.telam.com.ar\/advf\/imagenes\/2021\/04\/60818a3a7e1b7_1004x565.jpg\",\"datePublished\":\"2021-06-02T18:48:54+00:00\",\"author\":{\"@id\":\"https:\/\/www.noticiasradioreflejos.com.ar\/2021\/#\/schema\/person\/ad82545263dcc5ec0996818884fd5fb1\"},\"breadcrumb\":{\"@id\":\"https:\/\/www.noticiasradioreflejos.com.ar\/2021\/plazos-entre-dosis-tiempo-de-inmunidad-y-combinacion-preguntas-clave-de-la-vacunacion\/#breadcrumb\"},\"inLanguage\":\"es\",\"potentialAction\":[{\"@type\":\"ReadAction\",\"target\":[\"https:\/\/www.noticiasradioreflejos.com.ar\/2021\/plazos-entre-dosis-tiempo-de-inmunidad-y-combinacion-preguntas-clave-de-la-vacunacion\/\"]}]},{\"@type\":\"ImageObject\",\"inLanguage\":\"es\",\"@id\":\"https:\/\/www.noticiasradioreflejos.com.ar\/2021\/plazos-entre-dosis-tiempo-de-inmunidad-y-combinacion-preguntas-clave-de-la-vacunacion\/#primaryimage\",\"url\":\"https:\/\/www.telam.com.ar\/advf\/imagenes\/2021\/04\/60818a3a7e1b7_1004x565.jpg\",\"contentUrl\":\"https:\/\/www.telam.com.ar\/advf\/imagenes\/2021\/04\/60818a3a7e1b7_1004x565.jpg\"},{\"@type\":\"BreadcrumbList\",\"@id\":\"https:\/\/www.noticiasradioreflejos.com.ar\/2021\/plazos-entre-dosis-tiempo-de-inmunidad-y-combinacion-preguntas-clave-de-la-vacunacion\/#breadcrumb\",\"itemListElement\":[{\"@type\":\"ListItem\",\"position\":1,\"name\":\"Portada\",\"item\":\"https:\/\/www.noticiasradioreflejos.com.ar\/2021\/\"},{\"@type\":\"ListItem\",\"position\":2,\"name\":\"Plazos entre dosis, tiempo de inmunidad y combinaci\u00f3n: preguntas clave de la vacunaci\u00f3n\"}]},{\"@type\":\"WebSite\",\"@id\":\"https:\/\/www.noticiasradioreflejos.com.ar\/2021\/#website\",\"url\":\"https:\/\/www.noticiasradioreflejos.com.ar\/2021\/\",\"name\":\"Noticias Radio Reflejos\",\"description\":\"Las noticias de mi comarca\",\"potentialAction\":[{\"@type\":\"SearchAction\",\"target\":{\"@type\":\"EntryPoint\",\"urlTemplate\":\"https:\/\/www.noticiasradioreflejos.com.ar\/2021\/?s={search_term_string}\"},\"query-input\":{\"@type\":\"PropertyValueSpecification\",\"valueRequired\":true,\"valueName\":\"search_term_string\"}}],\"inLanguage\":\"es\"},{\"@type\":\"Person\",\"@id\":\"https:\/\/www.noticiasradioreflejos.com.ar\/2021\/#\/schema\/person\/ad82545263dcc5ec0996818884fd5fb1\",\"name\":\"Arnaldo Botto\",\"image\":{\"@type\":\"ImageObject\",\"inLanguage\":\"es\",\"@id\":\"https:\/\/www.noticiasradioreflejos.com.ar\/2021\/#\/schema\/person\/image\/\",\"url\":\"https:\/\/secure.gravatar.com\/avatar\/55cb5e37c1efa326397366e6974cb338056df65cb50e7d64d1cf314e87504837?s=96&d=mm&r=g\",\"contentUrl\":\"https:\/\/secure.gravatar.com\/avatar\/55cb5e37c1efa326397366e6974cb338056df65cb50e7d64d1cf314e87504837?s=96&d=mm&r=g\",\"caption\":\"Arnaldo Botto\"},\"url\":\"https:\/\/www.noticiasradioreflejos.com.ar\/2021\/author\/arnaldo\/\"}]}<\/script>\n<!-- \/ Yoast SEO plugin. -->","yoast_head_json":{"title":"Plazos entre dosis, tiempo de inmunidad y combinaci\u00f3n: preguntas clave de la vacunaci\u00f3n - Noticias Radio Reflejos","robots":{"index":"index","follow":"follow","max-snippet":"max-snippet:-1","max-image-preview":"max-image-preview:large","max-video-preview":"max-video-preview:-1"},"canonical":"https:\/\/www.noticiasradioreflejos.com.ar\/2021\/plazos-entre-dosis-tiempo-de-inmunidad-y-combinacion-preguntas-clave-de-la-vacunacion\/","og_locale":"es_ES","og_type":"article","og_title":"Plazos entre dosis, tiempo de inmunidad y combinaci\u00f3n: preguntas clave de la vacunaci\u00f3n - Noticias Radio Reflejos","og_description":"La doctora Florenci Cahn, presidenta de la Sociedad Argentina de Vacunolog\u00eda y Epidemiolog\u00eda, responde a las dudas que surgen ante la amplia campa\u00f1a de vacunaci\u00f3n.","og_url":"https:\/\/www.noticiasradioreflejos.com.ar\/2021\/plazos-entre-dosis-tiempo-de-inmunidad-y-combinacion-preguntas-clave-de-la-vacunacion\/","og_site_name":"Noticias Radio Reflejos","article_published_time":"2021-06-02T18:48:54+00:00","og_image":[{"url":"https:\/\/www.telam.com.ar\/advf\/imagenes\/2021\/04\/60818a3a7e1b7_1004x565.jpg","type":"","width":"","height":""}],"author":"Arnaldo Botto","twitter_card":"summary_large_image","schema":{"@context":"https:\/\/schema.org","@graph":[{"@type":"WebPage","@id":"https:\/\/www.noticiasradioreflejos.com.ar\/2021\/plazos-entre-dosis-tiempo-de-inmunidad-y-combinacion-preguntas-clave-de-la-vacunacion\/","url":"https:\/\/www.noticiasradioreflejos.com.ar\/2021\/plazos-entre-dosis-tiempo-de-inmunidad-y-combinacion-preguntas-clave-de-la-vacunacion\/","name":"Plazos entre dosis, tiempo de inmunidad y combinaci\u00f3n: preguntas clave de la vacunaci\u00f3n - Noticias Radio Reflejos","isPartOf":{"@id":"https:\/\/www.noticiasradioreflejos.com.ar\/2021\/#website"},"primaryImageOfPage":{"@id":"https:\/\/www.noticiasradioreflejos.com.ar\/2021\/plazos-entre-dosis-tiempo-de-inmunidad-y-combinacion-preguntas-clave-de-la-vacunacion\/#primaryimage"},"image":{"@id":"https:\/\/www.noticiasradioreflejos.com.ar\/2021\/plazos-entre-dosis-tiempo-de-inmunidad-y-combinacion-preguntas-clave-de-la-vacunacion\/#primaryimage"},"thumbnailUrl":"https:\/\/www.telam.com.ar\/advf\/imagenes\/2021\/04\/60818a3a7e1b7_1004x565.jpg","datePublished":"2021-06-02T18:48:54+00:00","author":{"@id":"https:\/\/www.noticiasradioreflejos.com.ar\/2021\/#\/schema\/person\/ad82545263dcc5ec0996818884fd5fb1"},"breadcrumb":{"@id":"https:\/\/www.noticiasradioreflejos.com.ar\/2021\/plazos-entre-dosis-tiempo-de-inmunidad-y-combinacion-preguntas-clave-de-la-vacunacion\/#breadcrumb"},"inLanguage":"es","potentialAction":[{"@type":"ReadAction","target":["https:\/\/www.noticiasradioreflejos.com.ar\/2021\/plazos-entre-dosis-tiempo-de-inmunidad-y-combinacion-preguntas-clave-de-la-vacunacion\/"]}]},{"@type":"ImageObject","inLanguage":"es","@id":"https:\/\/www.noticiasradioreflejos.com.ar\/2021\/plazos-entre-dosis-tiempo-de-inmunidad-y-combinacion-preguntas-clave-de-la-vacunacion\/#primaryimage","url":"https:\/\/www.telam.com.ar\/advf\/imagenes\/2021\/04\/60818a3a7e1b7_1004x565.jpg","contentUrl":"https:\/\/www.telam.com.ar\/advf\/imagenes\/2021\/04\/60818a3a7e1b7_1004x565.jpg"},{"@type":"BreadcrumbList","@id":"https:\/\/www.noticiasradioreflejos.com.ar\/2021\/plazos-entre-dosis-tiempo-de-inmunidad-y-combinacion-preguntas-clave-de-la-vacunacion\/#breadcrumb","itemListElement":[{"@type":"ListItem","position":1,"name":"Portada","item":"https:\/\/www.noticiasradioreflejos.com.ar\/2021\/"},{"@type":"ListItem","position":2,"name":"Plazos entre dosis, tiempo de inmunidad y combinaci\u00f3n: preguntas clave de la vacunaci\u00f3n"}]},{"@type":"WebSite","@id":"https:\/\/www.noticiasradioreflejos.com.ar\/2021\/#website","url":"https:\/\/www.noticiasradioreflejos.com.ar\/2021\/","name":"Noticias Radio Reflejos","description":"Las noticias de mi comarca","potentialAction":[{"@type":"SearchAction","target":{"@type":"EntryPoint","urlTemplate":"https:\/\/www.noticiasradioreflejos.com.ar\/2021\/?s={search_term_string}"},"query-input":{"@type":"PropertyValueSpecification","valueRequired":true,"valueName":"search_term_string"}}],"inLanguage":"es"},{"@type":"Person","@id":"https:\/\/www.noticiasradioreflejos.com.ar\/2021\/#\/schema\/person\/ad82545263dcc5ec0996818884fd5fb1","name":"Arnaldo Botto","image":{"@type":"ImageObject","inLanguage":"es","@id":"https:\/\/www.noticiasradioreflejos.com.ar\/2021\/#\/schema\/person\/image\/","url":"https:\/\/secure.gravatar.com\/avatar\/55cb5e37c1efa326397366e6974cb338056df65cb50e7d64d1cf314e87504837?s=96&d=mm&r=g","contentUrl":"https:\/\/secure.gravatar.com\/avatar\/55cb5e37c1efa326397366e6974cb338056df65cb50e7d64d1cf314e87504837?s=96&d=mm&r=g","caption":"Arnaldo Botto"},"url":"https:\/\/www.noticiasradioreflejos.com.ar\/2021\/author\/arnaldo\/"}]}},"_links":{"self":[{"href":"https:\/\/www.noticiasradioreflejos.com.ar\/2021\/wp-json\/wp\/v2\/posts\/57926","targetHints":{"allow":["GET"]}}],"collection":[{"href":"https:\/\/www.noticiasradioreflejos.com.ar\/2021\/wp-json\/wp\/v2\/posts"}],"about":[{"href":"https:\/\/www.noticiasradioreflejos.com.ar\/2021\/wp-json\/wp\/v2\/types\/post"}],"author":[{"embeddable":true,"href":"https:\/\/www.noticiasradioreflejos.com.ar\/2021\/wp-json\/wp\/v2\/users\/3"}],"replies":[{"embeddable":true,"href":"https:\/\/www.noticiasradioreflejos.com.ar\/2021\/wp-json\/wp\/v2\/comments?post=57926"}],"version-history":[{"count":1,"href":"https:\/\/www.noticiasradioreflejos.com.ar\/2021\/wp-json\/wp\/v2\/posts\/57926\/revisions"}],"predecessor-version":[{"id":57932,"href":"https:\/\/www.noticiasradioreflejos.com.ar\/2021\/wp-json\/wp\/v2\/posts\/57926\/revisions\/57932"}],"wp:attachment":[{"href":"https:\/\/www.noticiasradioreflejos.com.ar\/2021\/wp-json\/wp\/v2\/media?parent=57926"}],"wp:term":[{"taxonomy":"category","embeddable":true,"href":"https:\/\/www.noticiasradioreflejos.com.ar\/2021\/wp-json\/wp\/v2\/categories?post=57926"},{"taxonomy":"post_tag","embeddable":true,"href":"https:\/\/www.noticiasradioreflejos.com.ar\/2021\/wp-json\/wp\/v2\/tags?post=57926"}],"curies":[{"name":"wp","href":"https:\/\/api.w.org\/{rel}","templated":true}]}}