{"id":57702,"date":"2021-05-30T22:30:34","date_gmt":"2021-05-30T22:30:34","guid":{"rendered":"http:\/\/www.noticiasradioreflejos.com.ar\/2021\/?p=57702"},"modified":"2021-05-30T22:31:11","modified_gmt":"2021-05-30T22:31:11","slug":"miedo-a-las-vacunas-como-reaccionamos-ante-la-duda","status":"publish","type":"post","link":"https:\/\/www.noticiasradioreflejos.com.ar\/2021\/miedo-a-las-vacunas-como-reaccionamos-ante-la-duda\/","title":{"rendered":"Miedo a las vacunas: c\u00f3mo reaccionamos ante la duda"},"content":{"rendered":"<header id=\"mvp-post-head\" class=\"left relative\">\n<h1 class=\"mvp-post-title left entry-title\"><\/h1>\n<p>\u00bfMecanismo de defensa o negacionismo? En este informe, especialistas de distintas disciplinas nos ayudan a entender la actitud frente a lo desconocido. La importancia de una informaci\u00f3n \u00absaludable\u00bb.<\/p>\n<\/header>\n<p><!--more--><\/p>\n<div class=\"mvp-post-main-out left relative\">\n<div class=\"mvp-post-main-in\">\n<div id=\"mvp-post-content\" class=\"left relative\">\n<div id=\"mvp-post-feat-img\" class=\"left relative mvp-post-feat-img-wide2\"><img loading=\"lazy\" decoding=\"async\" class=\"attachment- size- wp-post-image\" src=\"https:\/\/www.labrujula24.com\/wp-content\/uploads\/2021\/05\/miedo-al-covid_0.jpg\" sizes=\"auto, (max-width: 1200px) 100vw, 1200px\" srcset=\"https:\/\/www.labrujula24.com\/wp-content\/uploads\/2021\/05\/miedo-al-covid_0.jpg 1200w, https:\/\/www.labrujula24.com\/wp-content\/uploads\/2021\/05\/miedo-al-covid_0-768x461.jpg 768w, https:\/\/www.labrujula24.com\/wp-content\/uploads\/2021\/05\/miedo-al-covid_0-1000x600.jpg 1000w, https:\/\/www.labrujula24.com\/wp-content\/uploads\/2021\/05\/miedo-al-covid_0-590x354.jpg 590w, https:\/\/www.labrujula24.com\/wp-content\/uploads\/2021\/05\/miedo-al-covid_0-400x240.jpg 400w\" alt=\"\" width=\"1200\" height=\"720\" \/><\/div>\n<div id=\"mvp-content-wrap\" class=\"left relative\">\n<div class=\"mvp-post-soc-out right relative\">\n<div class=\"mvp-post-soc-in\">\n<div id=\"mvp-content-body\" class=\"left relative\">\n<div id=\"mvp-content-body-top\" class=\"left relative\">\n<div id=\"mvp-content-main\" class=\"left relative\">\n<div id=\"textbody\">\n<div class=\"code-block code-block-9\">\n<div id=\"ads_Q7WHF96ES5PN\"><\/div>\n<\/div>\n<pre class=\"wp-block-preformatted\"><span style=\"background-color: #ffffff; color: #333333; font-family: -apple-system, BlinkMacSystemFont, 'Segoe UI', Roboto, Oxygen-Sans, Ubuntu, Cantarell, 'Helvetica Neue', sans-serif; font-size: 15px;\">Mientras las potencias mundiales inician -<\/span><em style=\"background-color: #ffffff; color: #333333; font-family: -apple-system, BlinkMacSystemFont, 'Segoe UI', Roboto, Oxygen-Sans, Ubuntu, Cantarell, 'Helvetica Neue', sans-serif; font-size: 15px;\">muy de a poco<\/em><span style=\"background-color: #ffffff; color: #333333; font-family: -apple-system, BlinkMacSystemFont, 'Segoe UI', Roboto, Oxygen-Sans, Ubuntu, Cantarell, 'Helvetica Neue', sans-serif; font-size: 15px;\">- a dejar atr\u00e1s las graves consecuencias del coronavirus, por estos lados a\u00fan estamos atravesando el momento m\u00e1s complicado causado por la segunda ola de contagios. N\u00fameros que causan temor no solo en las autoridades, sino tambi\u00e9n en la poblaci\u00f3n que anhela volver a una vida m\u00e1s \"normal\".<\/span><\/pre>\n<p>Pero en alg\u00fan momento le vamos a ganar a la pandemia, de eso no hay dudas. Juntos vamos a salir adelante y volveremos a nuestra realidad. Dif\u00edcil, por supuesto, pero nuestra. Para ello, la vacunaci\u00f3n cumple un papel fundamental. Hoy por hoy, pensar en una llegada masiva de dosis es lo \u00fanico que importa. Alcanzar as\u00ed la famosa inmunidad de reba\u00f1o.<\/p>\n<p>Para ello, hay que dejar atr\u00e1s otros obst\u00e1culos que lejos est\u00e1n de ser los netamente log\u00edsticos. O econ\u00f3micos, si usted lo prefiere. Estamos hablando del miedo a las vacunas, de los mitos que las rodean y que, por ejemplo, hacen que haya a\u00fan muchas personas sin anotarse para recibirla. No es momento de dudar.<\/p>\n<p><strong>En este informe, como siempre en estos espacios, hablan los que saben.<\/strong><\/p>\n<div class=\"code-block code-block-1\"><\/div>\n<figure class=\"wp-block-image size-large\"><img loading=\"lazy\" decoding=\"async\" class=\"wp-image-132880\" src=\"https:\/\/www.labrujula24.com\/wp-content\/uploads\/2021\/05\/vacuna-3.jpg\" sizes=\"auto, (max-width: 1200px) 100vw, 1200px\" srcset=\"https:\/\/www.labrujula24.com\/wp-content\/uploads\/2021\/05\/vacuna-3.jpg 1200w, https:\/\/www.labrujula24.com\/wp-content\/uploads\/2021\/05\/vacuna-3-768x461.jpg 768w, https:\/\/www.labrujula24.com\/wp-content\/uploads\/2021\/05\/vacuna-3-1000x600.jpg 1000w, https:\/\/www.labrujula24.com\/wp-content\/uploads\/2021\/05\/vacuna-3-590x354.jpg 590w, https:\/\/www.labrujula24.com\/wp-content\/uploads\/2021\/05\/vacuna-3-400x240.jpg 400w\" alt=\"\" width=\"1200\" height=\"720\" \/><\/figure>\n<p><strong>El titular de Regi\u00f3n Sanitaria I, Maximiliano N\u00fa\u00f1ez Fari\u00f1a,<\/strong>\u00a0por caso, record\u00f3 ante la consulta de este medio que \u00abBah\u00eda Blanca sigue siendo hoy una ciudad de alto riesgo epidemiol\u00f3gico, por el crecimiento exponencial de casos. Cada d\u00eda estamos un poco peor, esperemos que este per\u00edodo de confinamiento se vea reflejado en un par de d\u00edas\u00bb.<\/p>\n<p>Y en cuanto a n\u00fameros concretos, se\u00f1al\u00f3 que \u00abhoy en Regi\u00f3n Sanitaria tenemos m\u00e1s de 302 mil personas anotadas para la vacuna\u00bb, pero aclar\u00f3 que poco m\u00e1s de 140 mil son de nuestra ciudad.\u00a0<strong>\u00abEs un n\u00famero importante, pero no hay que olvidar que tenemos una poblaci\u00f3n de m\u00e1s de 300 mil habitantes\u00bb, consider\u00f3 el especialista.<\/strong><\/p>\n<p>\u00abNuestra poblaci\u00f3n objetivo tendr\u00eda que llegar a las 130 mil personas vacunadas\u00a0<em>-estamos en poco m\u00e1s del 50%<\/em>-, con ese n\u00famero estar\u00edamos cumpliendo con nuestra primera premisa que incluye inmunizar a todo el personal de salud, a los adultos mayores, con o sin enfermedades preexistentes\u00bb, indic\u00f3 N\u00fa\u00f1ez Fari\u00f1a.<\/p>\n<p>Pero, m\u00e1s all\u00e1 de las estad\u00edsticas, \u00bfpor qu\u00e9 falta tanta gente anotarse?, \u00bfpor qu\u00e9 esa resistencia?<\/p>\n<div class=\"code-block code-block-6\"><\/div>\n<figure class=\"wp-block-image size-large\"><img loading=\"lazy\" decoding=\"async\" class=\"wp-image-131886\" src=\"https:\/\/www.labrujula24.com\/wp-content\/uploads\/2021\/05\/vacunas3.jpg\" sizes=\"auto, (max-width: 1004px) 100vw, 1004px\" srcset=\"https:\/\/www.labrujula24.com\/wp-content\/uploads\/2021\/05\/vacunas3.jpg 1004w, https:\/\/www.labrujula24.com\/wp-content\/uploads\/2021\/05\/vacunas3-768x432.jpg 768w\" alt=\"\" width=\"1004\" height=\"565\" \/><\/figure>\n<h2>\u00abEl miedo no se justifica\u00bb<\/h2>\n<p>D\u00edas atr\u00e1s,\u00a0<strong>el doctor Lautaro De Vedia<\/strong>, expresidente de la Sociedad Argentina de Infectolog\u00eda (SADI), habl\u00f3 con\u00a0<strong>LB24\u00a0<\/strong>sobre una nueva vacuna que se aplicar\u00e1 de manera masiva en el pa\u00eds, gracias a un acuerdo que confirm\u00f3 el gobierno con el laboratorio chino Cansino Bio. El experto coment\u00f3 que la misma se encuentra en etapa 3 y algunas de las pruebas se han hecho incluso en nuestro pa\u00eds. Y dijo que, aunque falta publicar los resultados de ese paso, es una inmunizaci\u00f3n que se considera eficaz.<\/p>\n<p>Eso por un lado. Pero en esa misma entrevista, el profesional habl\u00f3 de varias cuestiones, por ejemplo los miedos a la vacunaci\u00f3n. \u201cNo se justifica de ninguna manera. Para usarlo en lenguaje coloquial, si me traen la peor vacuna la prefiero igual antes que ninguna.\u00a0<strong>Cualquiera de las que se mencionan en el pa\u00eds, y las que a\u00fan no vinieron, son todas muy buenas y siempre voy a preferir cualquiera de ellas antes que no vacunarme\u201d.<\/strong><\/p>\n<p>Y agreg\u00f3:\u00a0<em>\u201cMe acuerdo de una paciente que le toc\u00f3 el turno y cuando fue a aplic\u00e1rsela, como era de determinada marca, no lo hizo. Despu\u00e9s tuvo covid, creo que no fue afortunada su decisi\u00f3n y no pude convencerla\u201d.<\/em><\/p>\n<h2>Un horizonte de esperanza<\/h2>\n<p><strong>Desde el Reino Unido, la reconocida pat\u00f3loga argentina Marta Cohen<\/strong>\u00a0tambi\u00e9n aport\u00f3 su testimonio y conocimientos en la materia. \u00abSe entiende la angustia o desconfianza de mucha gente, esto es una pandemia y las vacunas se desarrollaron en menos de un a\u00f1o, se aprobaron temporariamente con la fase 3 y algunas incluso como la Sinopharm o Sputnik V, con la fase 3 comenzada pero no terminada, eso genera incertidumbre\u00bb.<\/p>\n<p>\u00abSin embargo, aqu\u00ed hemos visto &#8211;<em>Inglaterra<\/em>&#8211; con el 72% de la gente adulta vacunada los muertos han bajado de 2 mil a un promedio de 7 diarios, y los casos de 68 mil a un promedio de 2300. Eso no es solamente por la distancia social, sino tambi\u00e9n y sobre todo por la vacunaci\u00f3n y el hecho de que la gente m\u00e1s vulnerable y que m\u00e1s se puede morir por el virus es obviamente protegida con la vacuna\u00bb, asegur\u00f3 la profesional<em>.<\/em><\/p>\n<figure class=\"wp-block-image size-large\"><img loading=\"lazy\" decoding=\"async\" class=\"wp-image-99417\" src=\"https:\/\/www.labrujula24.com\/wp-content\/uploads\/2021\/01\/marta-cohen.jpg\" sizes=\"auto, (max-width: 1200px) 100vw, 1200px\" srcset=\"https:\/\/www.labrujula24.com\/wp-content\/uploads\/2021\/01\/marta-cohen.jpg 1200w, https:\/\/www.labrujula24.com\/wp-content\/uploads\/2021\/01\/marta-cohen-768x461.jpg 768w, https:\/\/www.labrujula24.com\/wp-content\/uploads\/2021\/01\/marta-cohen-1000x600.jpg 1000w, https:\/\/www.labrujula24.com\/wp-content\/uploads\/2021\/01\/marta-cohen-590x354.jpg 590w, https:\/\/www.labrujula24.com\/wp-content\/uploads\/2021\/01\/marta-cohen-400x240.jpg 400w\" alt=\"\" width=\"1200\" height=\"720\" \/><figcaption>Marta Cohen, fue nombrada el a\u00f1o pasado \u201cMiembro de la Orden del Imperio Brit\u00e1nico\u201d.<\/figcaption><\/figure>\n<p>A modo de ejemplo, Cohen sostuvo que \u00abuna persona de m\u00e1s de 75 a\u00f1os tiene un riesgo de morir de 1 en 8, pero con la vacuna ese riesgo desaparece. Para un individuo de 40 a\u00f1os es 1 en mil, y tambi\u00e9n desaparece\u00bb.<\/p>\n<p>\u00abCon la mayor\u00eda de las aprobadas en el Reino Unido, no se vio que vacunados mueran por la enfermedad. S\u00ed es verdad que cualquiera de ellas puede producir efectos adversos, desde un shock anafil\u00e1ctico &#8211;<em>reacci\u00f3n al\u00e9rgica aguda<\/em>&#8211; a una trombosis como sucede con la de Oxford\u00bb, asever\u00f3 la doctora, pero, explic\u00f3, \u00abel riesgo de morir por una trombosis activada por la vacuna es una en un mill\u00f3n, por lo tanto obviamente el riesgo beneficio es para vacunarse\u00bb.<\/p>\n<p><strong>\u00abCualquier acci\u00f3n de nuestra vida tiene riesgo, vivir es un riesgo, pod\u00e9s cruzar una calle y que te pise un auto, pero no hay ninguna duda de que la vacuna ofrece gran protecci\u00f3n.<\/strong>\u00a0Lo vemos en pa\u00edses como Estados Unidos, Australia o en Europa, donde la poblaci\u00f3n est\u00e1 volviendo a una suerte de normalidad, adem\u00e1s de los testeos y la responsabilidad individual de su gente\u00bb.<\/p>\n<h2>Los miedos y el factor psicol\u00f3gico<\/h2>\n<p><strong>Carla Ver\u00f3nica Grasso, licenciada en Psicolog\u00eda -MP 53481<\/strong>&#8211; habl\u00f3 con este cronista sobre los miedos. Dijo que la funci\u00f3n que cumplen en la psiquis humana tienen que ver con la protecci\u00f3n, \u00abun mecanismo muy antiguo que opera para protegernos del peligro\u00bb. Adem\u00e1s, se\u00f1al\u00f3 que \u00aben la evoluci\u00f3n y desarrollo de la humanidad, estos mecanismos variaron\u00bb.<\/p>\n<p>\u00abEn un principio fue necesario construir la noci\u00f3n del miedo en la poblaci\u00f3n, dado que al ser un virus imperceptible y darse en un lugar lejano, no era cotejable para la planificaci\u00f3n de Estado y los sistemas de salud. Fue importante instalarlo para generar la defensa\u00bb.<\/p>\n<p><strong>\u00abAlgunas medidas que se fueron tomando, por ejemplo que mermara la circulaci\u00f3n, nuevos h\u00e1bitos de higiene y modalidades vinculares, hicieron posible que se active toda una defensa de b\u00fasqueda de protecci\u00f3n individual y colectiva\u00bb, manifest\u00f3 la profesional.<\/strong><\/p>\n<p>Y en ese mismo sentido, a\u00f1adi\u00f3: \u00abTodo esto fue evolucionando y hubo consecuencias psicol\u00f3gicas en las personas. En mi caso, el consultorio fue mostrando evidencia de lo que estas acciones que fueron instaladas para el cuidado causaban en el psiquismo de la poblaci\u00f3n. Depresi\u00f3n, ataques de p\u00e1nico, ansiedad, angustia, desmotivaci\u00f3n. Pero sabemos que estamos dentro de un plan de cuidado mundial\u00bb.<\/p>\n<figure class=\"wp-block-image size-large\"><img loading=\"lazy\" decoding=\"async\" class=\"wp-image-118988\" src=\"https:\/\/www.labrujula24.com\/wp-content\/uploads\/2021\/04\/vacunas-2.jpg\" sizes=\"auto, (max-width: 1200px) 100vw, 1200px\" srcset=\"https:\/\/www.labrujula24.com\/wp-content\/uploads\/2021\/04\/vacunas-2.jpg 1200w, https:\/\/www.labrujula24.com\/wp-content\/uploads\/2021\/04\/vacunas-2-768x461.jpg 768w, https:\/\/www.labrujula24.com\/wp-content\/uploads\/2021\/04\/vacunas-2-1000x600.jpg 1000w, https:\/\/www.labrujula24.com\/wp-content\/uploads\/2021\/04\/vacunas-2-590x354.jpg 590w, https:\/\/www.labrujula24.com\/wp-content\/uploads\/2021\/04\/vacunas-2-400x240.jpg 400w\" alt=\"\" width=\"1200\" height=\"720\" \/><\/figure>\n<p><strong><em>\u00abEl plan de vacunaci\u00f3n sigue esa misma l\u00ednea, las personas no se vacunan solo por la protecci\u00f3n individual, sino tambi\u00e9n para no ser un agente de contagio. En ese sentido tambi\u00e9n hay una propaganda que lo estimula, pero al principio al no haber evidencia cient\u00edfica y emp\u00edrica, hab\u00eda mucho rechazo\u00bb.<\/em><\/strong><\/p>\n<p>\u00abEsto sucede con el miedo cuando no hay un factor perceptible, ligado a un objeto concreto, por ejemplo el miedo a lo desconocido\u00bb, argument\u00f3 Grasso, y dijo que \u00abson miedos que se plantean mucho m\u00e1s en t\u00e9rminos mentales\u00bb.<\/p>\n<p><strong>Actualidad<\/strong>. \u00abEl aumento de contagios e indicadores de mortandad fueron creciendo, trayendo mayor certeza y validando entonces ese miedo a sentir que est\u00e1 en riesgo la vida, produciendo mayor arraigo en modificar ciertas conductas para prevenirlo tanto para uno como para otros. Lo mismo ha sucedido con las vacunas, porque al principio hubo un rechazo dado que aparec\u00eda como algo desconocido y eso es natural del ser humano. Pero luego se comenz\u00f3 a tener mayor informaci\u00f3n y empez\u00f3 la poblaci\u00f3n a vacunarse\u00bb.<\/p>\n<h2>Miedo a la muerte y teor\u00edas conspirativas<\/h2>\n<p>En este punto, la licenciada reflexion\u00f3 que\u00a0<strong>\u00abtambi\u00e9n puede observarse como el miedo a la muerte se abroquela encontrando un sentido en las teor\u00edas conspirativas.\u00a0<\/strong>La urgencia de conservaci\u00f3n de la vida encuentra en ellas una suerte de aliado que trae alivio, al generar un efecto de creerse a salvo porque conocen la verdad oculta tras la aparici\u00f3n del virus\u00bb.<\/p>\n<p><strong>\u00abEsto es muy peligroso, dado que termina siendo una suerte de creencia m\u00e1s que un razonamiento basado en evidencia emp\u00edrica. Se recurre al recurso de que &#8216;la verdad los har\u00e1 libres&#8217; y esto termina siendo un credo m\u00e1s cercano a una fe ciega. A pesar de traer cierto alivio de haber hallado la verdad oculta, los desprotege y expone al virus\u00bb, concluy\u00f3.<\/strong><\/p>\n<p><strong>Por Juan Tucat, redacci\u00f3n La Br\u00fajula 24 <a href=\"mailto:info@labrujula24.com\">info@labrujula24.com<\/a><\/strong><\/p>\n<\/div>\n<\/div>\n<\/div>\n<\/div>\n<\/div>\n<\/div>\n<\/div>\n<\/div>\n<\/div>\n<\/div>\n","protected":false},"excerpt":{"rendered":"<p>\u00bfMecanismo de defensa o negacionismo? En este informe, especialistas de distintas disciplinas nos ayudan a entender la actitud frente a lo desconocido. La importancia de una informaci\u00f3n \u00absaludable\u00bb.<\/p>\n","protected":false},"author":3,"featured_media":0,"comment_status":"closed","ping_status":"closed","sticky":false,"template":"","format":"standard","meta":{"footnotes":""},"categories":[30,26],"tags":[48],"class_list":["post-57702","post","type-post","status-publish","format-standard","hentry","category-salud","category-sociedad","tag-destacada"],"yoast_head":"<!-- This site is optimized with the Yoast SEO plugin v25.9 - https:\/\/yoast.com\/wordpress\/plugins\/seo\/ -->\n<title>Miedo a las vacunas: c\u00f3mo reaccionamos ante la duda - Noticias Radio Reflejos<\/title>\n<meta name=\"robots\" content=\"index, follow, max-snippet:-1, max-image-preview:large, max-video-preview:-1\" \/>\n<link rel=\"canonical\" href=\"https:\/\/www.noticiasradioreflejos.com.ar\/2021\/miedo-a-las-vacunas-como-reaccionamos-ante-la-duda\/\" \/>\n<meta property=\"og:locale\" content=\"es_ES\" \/>\n<meta property=\"og:type\" content=\"article\" \/>\n<meta property=\"og:title\" content=\"Miedo a las vacunas: c\u00f3mo reaccionamos ante la duda - Noticias Radio Reflejos\" \/>\n<meta property=\"og:description\" content=\"\u00bfMecanismo de defensa o negacionismo? En este informe, especialistas de distintas disciplinas nos ayudan a entender la actitud frente a lo desconocido. La importancia de una informaci\u00f3n \u00absaludable\u00bb.\" \/>\n<meta property=\"og:url\" content=\"https:\/\/www.noticiasradioreflejos.com.ar\/2021\/miedo-a-las-vacunas-como-reaccionamos-ante-la-duda\/\" \/>\n<meta property=\"og:site_name\" content=\"Noticias Radio Reflejos\" \/>\n<meta property=\"article:published_time\" content=\"2021-05-30T22:30:34+00:00\" \/>\n<meta property=\"article:modified_time\" content=\"2021-05-30T22:31:11+00:00\" \/>\n<meta property=\"og:image\" content=\"https:\/\/www.labrujula24.com\/wp-content\/uploads\/2021\/05\/miedo-al-covid_0.jpg\" \/>\n<meta name=\"author\" content=\"Arnaldo Botto\" \/>\n<meta name=\"twitter:card\" content=\"summary_large_image\" \/>\n<script type=\"application\/ld+json\" class=\"yoast-schema-graph\">{\"@context\":\"https:\/\/schema.org\",\"@graph\":[{\"@type\":\"WebPage\",\"@id\":\"https:\/\/www.noticiasradioreflejos.com.ar\/2021\/miedo-a-las-vacunas-como-reaccionamos-ante-la-duda\/\",\"url\":\"https:\/\/www.noticiasradioreflejos.com.ar\/2021\/miedo-a-las-vacunas-como-reaccionamos-ante-la-duda\/\",\"name\":\"Miedo a las vacunas: c\u00f3mo reaccionamos ante la duda - Noticias Radio Reflejos\",\"isPartOf\":{\"@id\":\"https:\/\/www.noticiasradioreflejos.com.ar\/2021\/#website\"},\"primaryImageOfPage\":{\"@id\":\"https:\/\/www.noticiasradioreflejos.com.ar\/2021\/miedo-a-las-vacunas-como-reaccionamos-ante-la-duda\/#primaryimage\"},\"image\":{\"@id\":\"https:\/\/www.noticiasradioreflejos.com.ar\/2021\/miedo-a-las-vacunas-como-reaccionamos-ante-la-duda\/#primaryimage\"},\"thumbnailUrl\":\"https:\/\/www.labrujula24.com\/wp-content\/uploads\/2021\/05\/miedo-al-covid_0.jpg\",\"datePublished\":\"2021-05-30T22:30:34+00:00\",\"dateModified\":\"2021-05-30T22:31:11+00:00\",\"author\":{\"@id\":\"https:\/\/www.noticiasradioreflejos.com.ar\/2021\/#\/schema\/person\/ad82545263dcc5ec0996818884fd5fb1\"},\"breadcrumb\":{\"@id\":\"https:\/\/www.noticiasradioreflejos.com.ar\/2021\/miedo-a-las-vacunas-como-reaccionamos-ante-la-duda\/#breadcrumb\"},\"inLanguage\":\"es\",\"potentialAction\":[{\"@type\":\"ReadAction\",\"target\":[\"https:\/\/www.noticiasradioreflejos.com.ar\/2021\/miedo-a-las-vacunas-como-reaccionamos-ante-la-duda\/\"]}]},{\"@type\":\"ImageObject\",\"inLanguage\":\"es\",\"@id\":\"https:\/\/www.noticiasradioreflejos.com.ar\/2021\/miedo-a-las-vacunas-como-reaccionamos-ante-la-duda\/#primaryimage\",\"url\":\"https:\/\/www.labrujula24.com\/wp-content\/uploads\/2021\/05\/miedo-al-covid_0.jpg\",\"contentUrl\":\"https:\/\/www.labrujula24.com\/wp-content\/uploads\/2021\/05\/miedo-al-covid_0.jpg\"},{\"@type\":\"BreadcrumbList\",\"@id\":\"https:\/\/www.noticiasradioreflejos.com.ar\/2021\/miedo-a-las-vacunas-como-reaccionamos-ante-la-duda\/#breadcrumb\",\"itemListElement\":[{\"@type\":\"ListItem\",\"position\":1,\"name\":\"Portada\",\"item\":\"https:\/\/www.noticiasradioreflejos.com.ar\/2021\/\"},{\"@type\":\"ListItem\",\"position\":2,\"name\":\"Miedo a las vacunas: c\u00f3mo reaccionamos ante la duda\"}]},{\"@type\":\"WebSite\",\"@id\":\"https:\/\/www.noticiasradioreflejos.com.ar\/2021\/#website\",\"url\":\"https:\/\/www.noticiasradioreflejos.com.ar\/2021\/\",\"name\":\"Noticias Radio Reflejos\",\"description\":\"Las noticias de mi comarca\",\"potentialAction\":[{\"@type\":\"SearchAction\",\"target\":{\"@type\":\"EntryPoint\",\"urlTemplate\":\"https:\/\/www.noticiasradioreflejos.com.ar\/2021\/?s={search_term_string}\"},\"query-input\":{\"@type\":\"PropertyValueSpecification\",\"valueRequired\":true,\"valueName\":\"search_term_string\"}}],\"inLanguage\":\"es\"},{\"@type\":\"Person\",\"@id\":\"https:\/\/www.noticiasradioreflejos.com.ar\/2021\/#\/schema\/person\/ad82545263dcc5ec0996818884fd5fb1\",\"name\":\"Arnaldo Botto\",\"image\":{\"@type\":\"ImageObject\",\"inLanguage\":\"es\",\"@id\":\"https:\/\/www.noticiasradioreflejos.com.ar\/2021\/#\/schema\/person\/image\/\",\"url\":\"https:\/\/secure.gravatar.com\/avatar\/55cb5e37c1efa326397366e6974cb338056df65cb50e7d64d1cf314e87504837?s=96&d=mm&r=g\",\"contentUrl\":\"https:\/\/secure.gravatar.com\/avatar\/55cb5e37c1efa326397366e6974cb338056df65cb50e7d64d1cf314e87504837?s=96&d=mm&r=g\",\"caption\":\"Arnaldo Botto\"},\"url\":\"https:\/\/www.noticiasradioreflejos.com.ar\/2021\/author\/arnaldo\/\"}]}<\/script>\n<!-- \/ Yoast SEO plugin. -->","yoast_head_json":{"title":"Miedo a las vacunas: c\u00f3mo reaccionamos ante la duda - Noticias Radio Reflejos","robots":{"index":"index","follow":"follow","max-snippet":"max-snippet:-1","max-image-preview":"max-image-preview:large","max-video-preview":"max-video-preview:-1"},"canonical":"https:\/\/www.noticiasradioreflejos.com.ar\/2021\/miedo-a-las-vacunas-como-reaccionamos-ante-la-duda\/","og_locale":"es_ES","og_type":"article","og_title":"Miedo a las vacunas: c\u00f3mo reaccionamos ante la duda - Noticias Radio Reflejos","og_description":"\u00bfMecanismo de defensa o negacionismo? En este informe, especialistas de distintas disciplinas nos ayudan a entender la actitud frente a lo desconocido. La importancia de una informaci\u00f3n \u00absaludable\u00bb.","og_url":"https:\/\/www.noticiasradioreflejos.com.ar\/2021\/miedo-a-las-vacunas-como-reaccionamos-ante-la-duda\/","og_site_name":"Noticias Radio Reflejos","article_published_time":"2021-05-30T22:30:34+00:00","article_modified_time":"2021-05-30T22:31:11+00:00","og_image":[{"url":"https:\/\/www.labrujula24.com\/wp-content\/uploads\/2021\/05\/miedo-al-covid_0.jpg","type":"","width":"","height":""}],"author":"Arnaldo Botto","twitter_card":"summary_large_image","schema":{"@context":"https:\/\/schema.org","@graph":[{"@type":"WebPage","@id":"https:\/\/www.noticiasradioreflejos.com.ar\/2021\/miedo-a-las-vacunas-como-reaccionamos-ante-la-duda\/","url":"https:\/\/www.noticiasradioreflejos.com.ar\/2021\/miedo-a-las-vacunas-como-reaccionamos-ante-la-duda\/","name":"Miedo a las vacunas: c\u00f3mo reaccionamos ante la duda - Noticias Radio Reflejos","isPartOf":{"@id":"https:\/\/www.noticiasradioreflejos.com.ar\/2021\/#website"},"primaryImageOfPage":{"@id":"https:\/\/www.noticiasradioreflejos.com.ar\/2021\/miedo-a-las-vacunas-como-reaccionamos-ante-la-duda\/#primaryimage"},"image":{"@id":"https:\/\/www.noticiasradioreflejos.com.ar\/2021\/miedo-a-las-vacunas-como-reaccionamos-ante-la-duda\/#primaryimage"},"thumbnailUrl":"https:\/\/www.labrujula24.com\/wp-content\/uploads\/2021\/05\/miedo-al-covid_0.jpg","datePublished":"2021-05-30T22:30:34+00:00","dateModified":"2021-05-30T22:31:11+00:00","author":{"@id":"https:\/\/www.noticiasradioreflejos.com.ar\/2021\/#\/schema\/person\/ad82545263dcc5ec0996818884fd5fb1"},"breadcrumb":{"@id":"https:\/\/www.noticiasradioreflejos.com.ar\/2021\/miedo-a-las-vacunas-como-reaccionamos-ante-la-duda\/#breadcrumb"},"inLanguage":"es","potentialAction":[{"@type":"ReadAction","target":["https:\/\/www.noticiasradioreflejos.com.ar\/2021\/miedo-a-las-vacunas-como-reaccionamos-ante-la-duda\/"]}]},{"@type":"ImageObject","inLanguage":"es","@id":"https:\/\/www.noticiasradioreflejos.com.ar\/2021\/miedo-a-las-vacunas-como-reaccionamos-ante-la-duda\/#primaryimage","url":"https:\/\/www.labrujula24.com\/wp-content\/uploads\/2021\/05\/miedo-al-covid_0.jpg","contentUrl":"https:\/\/www.labrujula24.com\/wp-content\/uploads\/2021\/05\/miedo-al-covid_0.jpg"},{"@type":"BreadcrumbList","@id":"https:\/\/www.noticiasradioreflejos.com.ar\/2021\/miedo-a-las-vacunas-como-reaccionamos-ante-la-duda\/#breadcrumb","itemListElement":[{"@type":"ListItem","position":1,"name":"Portada","item":"https:\/\/www.noticiasradioreflejos.com.ar\/2021\/"},{"@type":"ListItem","position":2,"name":"Miedo a las vacunas: c\u00f3mo reaccionamos ante la duda"}]},{"@type":"WebSite","@id":"https:\/\/www.noticiasradioreflejos.com.ar\/2021\/#website","url":"https:\/\/www.noticiasradioreflejos.com.ar\/2021\/","name":"Noticias Radio Reflejos","description":"Las noticias de mi comarca","potentialAction":[{"@type":"SearchAction","target":{"@type":"EntryPoint","urlTemplate":"https:\/\/www.noticiasradioreflejos.com.ar\/2021\/?s={search_term_string}"},"query-input":{"@type":"PropertyValueSpecification","valueRequired":true,"valueName":"search_term_string"}}],"inLanguage":"es"},{"@type":"Person","@id":"https:\/\/www.noticiasradioreflejos.com.ar\/2021\/#\/schema\/person\/ad82545263dcc5ec0996818884fd5fb1","name":"Arnaldo Botto","image":{"@type":"ImageObject","inLanguage":"es","@id":"https:\/\/www.noticiasradioreflejos.com.ar\/2021\/#\/schema\/person\/image\/","url":"https:\/\/secure.gravatar.com\/avatar\/55cb5e37c1efa326397366e6974cb338056df65cb50e7d64d1cf314e87504837?s=96&d=mm&r=g","contentUrl":"https:\/\/secure.gravatar.com\/avatar\/55cb5e37c1efa326397366e6974cb338056df65cb50e7d64d1cf314e87504837?s=96&d=mm&r=g","caption":"Arnaldo Botto"},"url":"https:\/\/www.noticiasradioreflejos.com.ar\/2021\/author\/arnaldo\/"}]}},"_links":{"self":[{"href":"https:\/\/www.noticiasradioreflejos.com.ar\/2021\/wp-json\/wp\/v2\/posts\/57702","targetHints":{"allow":["GET"]}}],"collection":[{"href":"https:\/\/www.noticiasradioreflejos.com.ar\/2021\/wp-json\/wp\/v2\/posts"}],"about":[{"href":"https:\/\/www.noticiasradioreflejos.com.ar\/2021\/wp-json\/wp\/v2\/types\/post"}],"author":[{"embeddable":true,"href":"https:\/\/www.noticiasradioreflejos.com.ar\/2021\/wp-json\/wp\/v2\/users\/3"}],"replies":[{"embeddable":true,"href":"https:\/\/www.noticiasradioreflejos.com.ar\/2021\/wp-json\/wp\/v2\/comments?post=57702"}],"version-history":[{"count":1,"href":"https:\/\/www.noticiasradioreflejos.com.ar\/2021\/wp-json\/wp\/v2\/posts\/57702\/revisions"}],"predecessor-version":[{"id":57703,"href":"https:\/\/www.noticiasradioreflejos.com.ar\/2021\/wp-json\/wp\/v2\/posts\/57702\/revisions\/57703"}],"wp:attachment":[{"href":"https:\/\/www.noticiasradioreflejos.com.ar\/2021\/wp-json\/wp\/v2\/media?parent=57702"}],"wp:term":[{"taxonomy":"category","embeddable":true,"href":"https:\/\/www.noticiasradioreflejos.com.ar\/2021\/wp-json\/wp\/v2\/categories?post=57702"},{"taxonomy":"post_tag","embeddable":true,"href":"https:\/\/www.noticiasradioreflejos.com.ar\/2021\/wp-json\/wp\/v2\/tags?post=57702"}],"curies":[{"name":"wp","href":"https:\/\/api.w.org\/{rel}","templated":true}]}}