{"id":57699,"date":"2021-05-30T22:24:36","date_gmt":"2021-05-30T22:24:36","guid":{"rendered":"http:\/\/www.noticiasradioreflejos.com.ar\/2021\/?p=57699"},"modified":"2021-05-30T22:24:36","modified_gmt":"2021-05-30T22:24:36","slug":"el-lunes-comienza-una-nueva-etapa-de-restricciones-cuales-son-las-actividades-permitidas","status":"publish","type":"post","link":"https:\/\/www.noticiasradioreflejos.com.ar\/2021\/el-lunes-comienza-una-nueva-etapa-de-restricciones-cuales-son-las-actividades-permitidas\/","title":{"rendered":"El lunes comienza una nueva etapa de restricciones: cu\u00e1les son las actividades permitidas"},"content":{"rendered":"<div class=\"head-content\">\n<p>Hasta el viernes 11 de junio se repone el esquema anterior, con actividades diferenciadas seg\u00fan el sem\u00e1foro epidemiol\u00f3gico en todo el pa\u00eds.<\/p>\n<\/div>\n<p><!--more--><\/p>\n<div class=\"main-content-block\">\n<div class=\"main-box clearfix\">\n<div class=\"wrapper-main-section clearfix\">\n<div class=\"wrapper-editable-content\">\n<div class=\"editable-content clearfix\">\n<div id=\"image\" class=\"image\"><img decoding=\"async\" title=\"\" src=\"https:\/\/www.telam.com.ar\/advf\/imagenes\/2021\/05\/60b29081c2b3d_1004x2428.jpg\" alt=\"\" \/><\/div>\n<p>El aislamiento estricto por nueve d\u00edas establecido por el Gobierno nacional para bajar los contagios de coronavirus concluye hoy y, a partir de ma\u00f1ana y hasta el viernes 11 de junio, se repone el esquema anterior, con actividades diferenciadas seg\u00fan el sem\u00e1foro epidemiol\u00f3gico en todo el pa\u00eds.<\/p>\n<p>As\u00ed lo establece el \u00faltimo decreto de necesidad y urgencia (DNU) 334, publicado el 22 de mayo, que adem\u00e1s estableci\u00f3 que el pr\u00f3ximo fin de semana -5 y 6 de junio- se volver\u00e1 al aislamiento estricto.<\/p>\n<p>Siguiendo los par\u00e1metros del proyecto de ley enviado al Congreso nacional, en el DNU 287 publicado el 1 de mayo se dividi\u00f3 a todo el territorio nacional en cuatro categor\u00edas, seg\u00fan la incidencia, raz\u00f3n y ocupaci\u00f3n del sistema sanitario: bajo riesgo, medio riesgo, alto riesgo y alarma epidemiol\u00f3gica y sanitaria.<\/p>\n<blockquote class=\"twitter-tweet\" data-width=\"500\" data-dnt=\"true\">\n<p lang=\"es\" dir=\"ltr\">Como lo establece el DNU 334\/21 entre el 31 de mayo y el 11 de junio, con excepci\u00f3n de los d\u00edas 5 y 6, seguir\u00e1n vigentes las normas establecidas por el DNU 287.<\/p>\n<p>En este hilo te recordamos cu\u00e1les son \ud83d\udc47<\/p>\n<p>&mdash; Casa Rosada (@CasaRosada) <a href=\"https:\/\/twitter.com\/CasaRosada\/status\/1399111567745110025?ref_src=twsrc%5Etfw\">May 30, 2021<\/a><\/p><\/blockquote>\n<p><script async src=\"https:\/\/platform.twitter.com\/widgets.js\" charset=\"utf-8\"><\/script><\/p>\n<p>A partir de ma\u00f1ana, al menos en el \u00c1rea Metropolitana Buenos Aires (AMBA) que se mantiene en la categor\u00eda de \u00abalarma\u00bb, las restricciones vigentes ser\u00e1n:<\/p>\n<p>&#8211; Circulaci\u00f3n: se mantiene la prohibici\u00f3n de circular entre las 20 de cada d\u00eda y las 6 de la ma\u00f1ana, con excepci\u00f3n de los trabajadores esenciales. En las zonas de \u00abalto riesgo\u00bb la restricci\u00f3n para circular ser\u00e1 entre las 0 y las 6 horas del d\u00eda siguiente.<\/p>\n<p>&#8211; Se mantienen cerrados los centros comerciales y shoppings, y los locales comerciales entre las 19 y las 6 del d\u00eda siguiente.<\/p>\n<p>&#8211; Locales gastron\u00f3micos (restaurantes, bares, etc.) deben cerrar entre las 19 y las 6 del d\u00eda siguiente, salvo en las modalidades de reparto a domicilio y tambi\u00e9n en la modalidad de retiro, siempre que esta \u00faltima se realice en locales de cercan\u00eda. Entre las 6 y las 19 solo podr\u00e1n atender a sus clientes y clientas en espacios habilitados al aire libre.<\/p>\n<div id=\"image\" class=\"image\"><img decoding=\"async\" title=\"\" src=\"https:\/\/www.telam.com.ar\/advf\/imagenes\/2021\/05\/60ad7c8550cd0_1004x565.jpg\" alt=\"\" \/><\/div>\n<p>&#8211; Se mantiene prohibici\u00f3n de pr\u00e1ctica recreativa de deportes grupales de contacto en espacios al aire libre.<\/p>\n<p>&#8211; Se mantienen cerrados clubes, gimnasios y otros establecimientos afines.<\/p>\n<p>&#8211; Clases: sigue suspendida la presencialidad en las aulas y las clases deben ser virtuales. Queda exceptuada de la suspensi\u00f3n de las clases presenciales, la escolaridad de estudiantes de la modalidad de educaci\u00f3n especial, en acuerdo con sus familias.<\/p>\n<p>&#8211; Transporte p\u00fablico: contin\u00faa siendo exclusivamente para trabajadores esenciales, as\u00ed como casos especiales, para las personas que deban concurrir para la atenci\u00f3n de su salud, o tengan turno de vacunaci\u00f3n.<\/p>\n<p>En tanto, para las zonas de \u00abalto riesgo\u00bb (de m\u00e1s de 40.000 habitantes &#8211; Indicadores: a) RAZ\u00d3N: MAYOR A 1.20 y b) INCIDENCIA: MAYOR A 150 c\/ 100.000 habitantes), las restricciones son las siguientes:<\/p>\n<p>&#8211; se suspenden actividades sociales en domicilios particulares, salvo para la asistencia de personas que requieran especiales cuidados, as\u00ed como las reuniones sociales en espacios p\u00fablicos al aire libre de m\u00e1s de 10 personas.<\/p>\n<p>&#8211; se suspende la pr\u00e1ctica recreativa de cualquier deporte en lugares cerrados donde participen m\u00e1s de 10 personas.<\/p>\n<p>&#8211; se cierran casinos, bingos, discotecas, y salones de fiesta.<\/p>\n<p>&#8211; se establece el cierre de los bares y restaurantes a partir de las 23hs.<\/p>\n<p>&#8211; se proh\u00edbe la circulaci\u00f3n entre las 00.00 y las 06.00 de la ma\u00f1ana de cada d\u00eda.<\/p>\n<p>&#8211; se establece un aforo de 30% para eventos culturales, sociales, recreativos y religiosos, cines, teatros, clubes, centros culturales y afines; locales gastron\u00f3micos; gimnasios.<\/p>\n<p>Finalmente, para las zonas de \u00abriesgo medio\u00bb (de m\u00e1s de 40.000 habitantes &#8211; Indicadores: a) RAZ\u00d3N: 0.8 a 1.2 e b) INCIDENCIA: entre 50 a 150 casos c\/ 100.000 habitantes), se establece que \u00abes facultad y responsabilidad de gobernadores\/as adoptar en forma temprana medidas que disminuyan la circulaci\u00f3n para prevenir los contagios\u00bb.<\/p>\n<\/div>\n<\/div>\n<\/div>\n<\/div>\n<\/div>\n","protected":false},"excerpt":{"rendered":"<p>Hasta el viernes 11 de junio se repone el esquema anterior, con actividades diferenciadas seg\u00fan el sem\u00e1foro epidemiol\u00f3gico en todo el pa\u00eds.<\/p>\n","protected":false},"author":3,"featured_media":0,"comment_status":"closed","ping_status":"closed","sticky":false,"template":"","format":"standard","meta":{"footnotes":""},"categories":[24,26],"tags":[],"class_list":["post-57699","post","type-post","status-publish","format-standard","hentry","category-politica","category-sociedad"],"yoast_head":"<!-- This site is optimized with the Yoast SEO plugin v25.9 - https:\/\/yoast.com\/wordpress\/plugins\/seo\/ -->\n<title>El lunes comienza una nueva etapa de restricciones: cu\u00e1les son las actividades permitidas - Noticias Radio Reflejos<\/title>\n<meta name=\"robots\" content=\"index, follow, max-snippet:-1, max-image-preview:large, max-video-preview:-1\" \/>\n<link rel=\"canonical\" href=\"https:\/\/www.noticiasradioreflejos.com.ar\/2021\/el-lunes-comienza-una-nueva-etapa-de-restricciones-cuales-son-las-actividades-permitidas\/\" \/>\n<meta property=\"og:locale\" content=\"es_ES\" \/>\n<meta property=\"og:type\" content=\"article\" \/>\n<meta property=\"og:title\" content=\"El lunes comienza una nueva etapa de restricciones: cu\u00e1les son las actividades permitidas - Noticias Radio Reflejos\" \/>\n<meta property=\"og:description\" content=\"Hasta el viernes 11 de junio se repone el esquema anterior, con actividades diferenciadas seg\u00fan el sem\u00e1foro epidemiol\u00f3gico en todo el pa\u00eds.\" \/>\n<meta property=\"og:url\" content=\"https:\/\/www.noticiasradioreflejos.com.ar\/2021\/el-lunes-comienza-una-nueva-etapa-de-restricciones-cuales-son-las-actividades-permitidas\/\" \/>\n<meta property=\"og:site_name\" content=\"Noticias Radio Reflejos\" \/>\n<meta property=\"article:published_time\" content=\"2021-05-30T22:24:36+00:00\" \/>\n<meta property=\"og:image\" content=\"https:\/\/www.telam.com.ar\/advf\/imagenes\/2021\/05\/60b29081c2b3d_1004x2428.jpg\" \/>\n<meta name=\"author\" content=\"Arnaldo Botto\" \/>\n<meta name=\"twitter:card\" content=\"summary_large_image\" \/>\n<script type=\"application\/ld+json\" class=\"yoast-schema-graph\">{\"@context\":\"https:\/\/schema.org\",\"@graph\":[{\"@type\":\"WebPage\",\"@id\":\"https:\/\/www.noticiasradioreflejos.com.ar\/2021\/el-lunes-comienza-una-nueva-etapa-de-restricciones-cuales-son-las-actividades-permitidas\/\",\"url\":\"https:\/\/www.noticiasradioreflejos.com.ar\/2021\/el-lunes-comienza-una-nueva-etapa-de-restricciones-cuales-son-las-actividades-permitidas\/\",\"name\":\"El lunes comienza una nueva etapa de restricciones: cu\u00e1les son las actividades permitidas - Noticias Radio Reflejos\",\"isPartOf\":{\"@id\":\"https:\/\/www.noticiasradioreflejos.com.ar\/2021\/#website\"},\"primaryImageOfPage\":{\"@id\":\"https:\/\/www.noticiasradioreflejos.com.ar\/2021\/el-lunes-comienza-una-nueva-etapa-de-restricciones-cuales-son-las-actividades-permitidas\/#primaryimage\"},\"image\":{\"@id\":\"https:\/\/www.noticiasradioreflejos.com.ar\/2021\/el-lunes-comienza-una-nueva-etapa-de-restricciones-cuales-son-las-actividades-permitidas\/#primaryimage\"},\"thumbnailUrl\":\"https:\/\/www.telam.com.ar\/advf\/imagenes\/2021\/05\/60b29081c2b3d_1004x2428.jpg\",\"datePublished\":\"2021-05-30T22:24:36+00:00\",\"author\":{\"@id\":\"https:\/\/www.noticiasradioreflejos.com.ar\/2021\/#\/schema\/person\/ad82545263dcc5ec0996818884fd5fb1\"},\"breadcrumb\":{\"@id\":\"https:\/\/www.noticiasradioreflejos.com.ar\/2021\/el-lunes-comienza-una-nueva-etapa-de-restricciones-cuales-son-las-actividades-permitidas\/#breadcrumb\"},\"inLanguage\":\"es\",\"potentialAction\":[{\"@type\":\"ReadAction\",\"target\":[\"https:\/\/www.noticiasradioreflejos.com.ar\/2021\/el-lunes-comienza-una-nueva-etapa-de-restricciones-cuales-son-las-actividades-permitidas\/\"]}]},{\"@type\":\"ImageObject\",\"inLanguage\":\"es\",\"@id\":\"https:\/\/www.noticiasradioreflejos.com.ar\/2021\/el-lunes-comienza-una-nueva-etapa-de-restricciones-cuales-son-las-actividades-permitidas\/#primaryimage\",\"url\":\"https:\/\/www.telam.com.ar\/advf\/imagenes\/2021\/05\/60b29081c2b3d_1004x2428.jpg\",\"contentUrl\":\"https:\/\/www.telam.com.ar\/advf\/imagenes\/2021\/05\/60b29081c2b3d_1004x2428.jpg\"},{\"@type\":\"BreadcrumbList\",\"@id\":\"https:\/\/www.noticiasradioreflejos.com.ar\/2021\/el-lunes-comienza-una-nueva-etapa-de-restricciones-cuales-son-las-actividades-permitidas\/#breadcrumb\",\"itemListElement\":[{\"@type\":\"ListItem\",\"position\":1,\"name\":\"Portada\",\"item\":\"https:\/\/www.noticiasradioreflejos.com.ar\/2021\/\"},{\"@type\":\"ListItem\",\"position\":2,\"name\":\"El lunes comienza una nueva etapa de restricciones: cu\u00e1les son las actividades permitidas\"}]},{\"@type\":\"WebSite\",\"@id\":\"https:\/\/www.noticiasradioreflejos.com.ar\/2021\/#website\",\"url\":\"https:\/\/www.noticiasradioreflejos.com.ar\/2021\/\",\"name\":\"Noticias Radio Reflejos\",\"description\":\"Las noticias de mi comarca\",\"potentialAction\":[{\"@type\":\"SearchAction\",\"target\":{\"@type\":\"EntryPoint\",\"urlTemplate\":\"https:\/\/www.noticiasradioreflejos.com.ar\/2021\/?s={search_term_string}\"},\"query-input\":{\"@type\":\"PropertyValueSpecification\",\"valueRequired\":true,\"valueName\":\"search_term_string\"}}],\"inLanguage\":\"es\"},{\"@type\":\"Person\",\"@id\":\"https:\/\/www.noticiasradioreflejos.com.ar\/2021\/#\/schema\/person\/ad82545263dcc5ec0996818884fd5fb1\",\"name\":\"Arnaldo Botto\",\"image\":{\"@type\":\"ImageObject\",\"inLanguage\":\"es\",\"@id\":\"https:\/\/www.noticiasradioreflejos.com.ar\/2021\/#\/schema\/person\/image\/\",\"url\":\"https:\/\/secure.gravatar.com\/avatar\/55cb5e37c1efa326397366e6974cb338056df65cb50e7d64d1cf314e87504837?s=96&d=mm&r=g\",\"contentUrl\":\"https:\/\/secure.gravatar.com\/avatar\/55cb5e37c1efa326397366e6974cb338056df65cb50e7d64d1cf314e87504837?s=96&d=mm&r=g\",\"caption\":\"Arnaldo Botto\"},\"url\":\"https:\/\/www.noticiasradioreflejos.com.ar\/2021\/author\/arnaldo\/\"}]}<\/script>\n<!-- \/ Yoast SEO plugin. -->","yoast_head_json":{"title":"El lunes comienza una nueva etapa de restricciones: cu\u00e1les son las actividades permitidas - Noticias Radio Reflejos","robots":{"index":"index","follow":"follow","max-snippet":"max-snippet:-1","max-image-preview":"max-image-preview:large","max-video-preview":"max-video-preview:-1"},"canonical":"https:\/\/www.noticiasradioreflejos.com.ar\/2021\/el-lunes-comienza-una-nueva-etapa-de-restricciones-cuales-son-las-actividades-permitidas\/","og_locale":"es_ES","og_type":"article","og_title":"El lunes comienza una nueva etapa de restricciones: cu\u00e1les son las actividades permitidas - Noticias Radio Reflejos","og_description":"Hasta el viernes 11 de junio se repone el esquema anterior, con actividades diferenciadas seg\u00fan el sem\u00e1foro epidemiol\u00f3gico en todo el pa\u00eds.","og_url":"https:\/\/www.noticiasradioreflejos.com.ar\/2021\/el-lunes-comienza-una-nueva-etapa-de-restricciones-cuales-son-las-actividades-permitidas\/","og_site_name":"Noticias Radio Reflejos","article_published_time":"2021-05-30T22:24:36+00:00","og_image":[{"url":"https:\/\/www.telam.com.ar\/advf\/imagenes\/2021\/05\/60b29081c2b3d_1004x2428.jpg","type":"","width":"","height":""}],"author":"Arnaldo Botto","twitter_card":"summary_large_image","schema":{"@context":"https:\/\/schema.org","@graph":[{"@type":"WebPage","@id":"https:\/\/www.noticiasradioreflejos.com.ar\/2021\/el-lunes-comienza-una-nueva-etapa-de-restricciones-cuales-son-las-actividades-permitidas\/","url":"https:\/\/www.noticiasradioreflejos.com.ar\/2021\/el-lunes-comienza-una-nueva-etapa-de-restricciones-cuales-son-las-actividades-permitidas\/","name":"El lunes comienza una nueva etapa de restricciones: cu\u00e1les son las actividades permitidas - Noticias Radio Reflejos","isPartOf":{"@id":"https:\/\/www.noticiasradioreflejos.com.ar\/2021\/#website"},"primaryImageOfPage":{"@id":"https:\/\/www.noticiasradioreflejos.com.ar\/2021\/el-lunes-comienza-una-nueva-etapa-de-restricciones-cuales-son-las-actividades-permitidas\/#primaryimage"},"image":{"@id":"https:\/\/www.noticiasradioreflejos.com.ar\/2021\/el-lunes-comienza-una-nueva-etapa-de-restricciones-cuales-son-las-actividades-permitidas\/#primaryimage"},"thumbnailUrl":"https:\/\/www.telam.com.ar\/advf\/imagenes\/2021\/05\/60b29081c2b3d_1004x2428.jpg","datePublished":"2021-05-30T22:24:36+00:00","author":{"@id":"https:\/\/www.noticiasradioreflejos.com.ar\/2021\/#\/schema\/person\/ad82545263dcc5ec0996818884fd5fb1"},"breadcrumb":{"@id":"https:\/\/www.noticiasradioreflejos.com.ar\/2021\/el-lunes-comienza-una-nueva-etapa-de-restricciones-cuales-son-las-actividades-permitidas\/#breadcrumb"},"inLanguage":"es","potentialAction":[{"@type":"ReadAction","target":["https:\/\/www.noticiasradioreflejos.com.ar\/2021\/el-lunes-comienza-una-nueva-etapa-de-restricciones-cuales-son-las-actividades-permitidas\/"]}]},{"@type":"ImageObject","inLanguage":"es","@id":"https:\/\/www.noticiasradioreflejos.com.ar\/2021\/el-lunes-comienza-una-nueva-etapa-de-restricciones-cuales-son-las-actividades-permitidas\/#primaryimage","url":"https:\/\/www.telam.com.ar\/advf\/imagenes\/2021\/05\/60b29081c2b3d_1004x2428.jpg","contentUrl":"https:\/\/www.telam.com.ar\/advf\/imagenes\/2021\/05\/60b29081c2b3d_1004x2428.jpg"},{"@type":"BreadcrumbList","@id":"https:\/\/www.noticiasradioreflejos.com.ar\/2021\/el-lunes-comienza-una-nueva-etapa-de-restricciones-cuales-son-las-actividades-permitidas\/#breadcrumb","itemListElement":[{"@type":"ListItem","position":1,"name":"Portada","item":"https:\/\/www.noticiasradioreflejos.com.ar\/2021\/"},{"@type":"ListItem","position":2,"name":"El lunes comienza una nueva etapa de restricciones: cu\u00e1les son las actividades permitidas"}]},{"@type":"WebSite","@id":"https:\/\/www.noticiasradioreflejos.com.ar\/2021\/#website","url":"https:\/\/www.noticiasradioreflejos.com.ar\/2021\/","name":"Noticias Radio Reflejos","description":"Las noticias de mi comarca","potentialAction":[{"@type":"SearchAction","target":{"@type":"EntryPoint","urlTemplate":"https:\/\/www.noticiasradioreflejos.com.ar\/2021\/?s={search_term_string}"},"query-input":{"@type":"PropertyValueSpecification","valueRequired":true,"valueName":"search_term_string"}}],"inLanguage":"es"},{"@type":"Person","@id":"https:\/\/www.noticiasradioreflejos.com.ar\/2021\/#\/schema\/person\/ad82545263dcc5ec0996818884fd5fb1","name":"Arnaldo Botto","image":{"@type":"ImageObject","inLanguage":"es","@id":"https:\/\/www.noticiasradioreflejos.com.ar\/2021\/#\/schema\/person\/image\/","url":"https:\/\/secure.gravatar.com\/avatar\/55cb5e37c1efa326397366e6974cb338056df65cb50e7d64d1cf314e87504837?s=96&d=mm&r=g","contentUrl":"https:\/\/secure.gravatar.com\/avatar\/55cb5e37c1efa326397366e6974cb338056df65cb50e7d64d1cf314e87504837?s=96&d=mm&r=g","caption":"Arnaldo Botto"},"url":"https:\/\/www.noticiasradioreflejos.com.ar\/2021\/author\/arnaldo\/"}]}},"_links":{"self":[{"href":"https:\/\/www.noticiasradioreflejos.com.ar\/2021\/wp-json\/wp\/v2\/posts\/57699","targetHints":{"allow":["GET"]}}],"collection":[{"href":"https:\/\/www.noticiasradioreflejos.com.ar\/2021\/wp-json\/wp\/v2\/posts"}],"about":[{"href":"https:\/\/www.noticiasradioreflejos.com.ar\/2021\/wp-json\/wp\/v2\/types\/post"}],"author":[{"embeddable":true,"href":"https:\/\/www.noticiasradioreflejos.com.ar\/2021\/wp-json\/wp\/v2\/users\/3"}],"replies":[{"embeddable":true,"href":"https:\/\/www.noticiasradioreflejos.com.ar\/2021\/wp-json\/wp\/v2\/comments?post=57699"}],"version-history":[{"count":2,"href":"https:\/\/www.noticiasradioreflejos.com.ar\/2021\/wp-json\/wp\/v2\/posts\/57699\/revisions"}],"predecessor-version":[{"id":57701,"href":"https:\/\/www.noticiasradioreflejos.com.ar\/2021\/wp-json\/wp\/v2\/posts\/57699\/revisions\/57701"}],"wp:attachment":[{"href":"https:\/\/www.noticiasradioreflejos.com.ar\/2021\/wp-json\/wp\/v2\/media?parent=57699"}],"wp:term":[{"taxonomy":"category","embeddable":true,"href":"https:\/\/www.noticiasradioreflejos.com.ar\/2021\/wp-json\/wp\/v2\/categories?post=57699"},{"taxonomy":"post_tag","embeddable":true,"href":"https:\/\/www.noticiasradioreflejos.com.ar\/2021\/wp-json\/wp\/v2\/tags?post=57699"}],"curies":[{"name":"wp","href":"https:\/\/api.w.org\/{rel}","templated":true}]}}