{"id":57695,"date":"2021-05-30T22:10:12","date_gmt":"2021-05-30T22:10:12","guid":{"rendered":"http:\/\/www.noticiasradioreflejos.com.ar\/2021\/?p=57695"},"modified":"2021-05-30T22:10:12","modified_gmt":"2021-05-30T22:10:12","slug":"murieron-348-personas-y-21-346-fueron-reportadas-con-coronavirus-en-las-ultimas-24-horas","status":"publish","type":"post","link":"https:\/\/www.noticiasradioreflejos.com.ar\/2021\/murieron-348-personas-y-21-346-fueron-reportadas-con-coronavirus-en-las-ultimas-24-horas\/","title":{"rendered":"Murieron 348 personas y 21.346 fueron reportadas con coronavirus en las \u00faltimas 24 horas"},"content":{"rendered":"<p>Con estas cifras suman 77.456 los fallecidos registrados oficialmente a nivel nacional y 3.753.609 los contagiados desde el inicio de la pandemia, inform\u00f3 el Ministerio de Salud.<!--more--><\/p>\n<div class=\"addthis_custom_sharing\" data-url=\"https:\/\/www.telam.com.ar\/notas\/202105\/556005-murieron-348-personas-y-21346-fueron-diagnosticadas.html\" data-title=\"Murieron 348 personas y 21.346 fueron reportadas con coronavirus en las \u00faltimas 24 horas\" data-description=\"Con estas cifras\u00a0suman 77.456 los fallecidos registrados oficialmente a nivel nacional y 3.753.609 los contagiados desde el inicio de la pandemia, inform\u00f3 el Ministerio de Salud.\">\n<div id=\"atstbx\" class=\"at-resp-share-element at-style-responsive addthis-smartlayers addthis-animated at4-show\" role=\"region\" aria-labelledby=\"at-c680955e-03eb-4ad9-9c3c-4c7a640b9132\">\n<p>&nbsp;<\/p>\n<div class=\"at-share-btn-elements\">Otras <strong>348 personas murieron y 21.346 fueron reportadas con coronaviru<\/strong>s en las \u00faltimas 24 horas en la Argentina, con lo que\u00a0<strong>suman 77.456 los fallecidos registrados oficialmente<\/strong>\u00a0a nivel nacional y\u00a0<strong>3.753.609 los contagiados<\/strong> desde el inicio de la pandemia, inform\u00f3 este domingo el Ministerio de Salud<\/div>\n<\/div>\n<\/div>\n<div class=\"main-content-block\">\n<div class=\"main-box clearfix\">\n<div class=\"wrapper-main-section clearfix\">\n<div class=\"wrapper-editable-content\">\n<div class=\"editable-content clearfix\">La cartera sanitaria indic\u00f3 que hay\u00a0<strong>7.206 internados con coronavirus en unidades de terapia intensiva<\/strong>, con un porcentaje de ocupaci\u00f3n de camas de adultos por todas las patolog\u00edas de 77,5% en el pa\u00eds y del 77,2% en el \u00c1rea Metropolitana Buenos Aires, que comprende a la ciudad aut\u00f3noma y varios municipios del conurbano.De acuerdo con el Monitor P\u00fablico de Vacunaci\u00f3n actualizado a las 18 de este domingo,\u00a0<strong>el total de inoculados asciende a 12.119.901, de los cuales 9.449.517 recibieron una dosis y 2.776.053 las dos<\/strong>, mientras que las vacunas distribuidas a las jurisdicciones llegan a 15.272.890<\/p>\n<p>De los 3.753.609 contagiados,\u00a0<strong>3.319.068 recibi\u00f3 el alta y 357.085 son casos confirmados activos<\/strong>.<\/p>\n<p>El reporte consign\u00f3 que\u00a0<strong>fallecieron 205 hombres y 140 mujeres<\/strong>, mientras que\u00a0<strong>2 personas<\/strong>\u00a0de la provincia de Buenos Aires y 1 de R\u00edo Negro fueron reportadas\u00a0<strong>sin dato de sexo<\/strong>.<\/p>\n<div class=\"auth\">Decesos por distrito<\/div>\n<p>El parte precis\u00f3 que murieron 129 hombres en la provincia de Buenos Aires; 13 en la Ciudad de Buenos Aires; 3 en Chaco; 4 en C\u00f3rdoba; 7 en Entre R\u00edos; 2 en Formosa; 7 en Mendoza; 1 en Misiones; 2 en Neuqu\u00e9n; 19 en R\u00edo Negro; 2 en San Juan; 3 en San Luis, 9 en Santa Fe y 3 en Santiago del Estero; y 1 en Tierra del Fuego.<\/p>\n<p>Tambi\u00e9n fallecieron 65 mujeres en Buenos Aires; 17 en la Ciudad de Buenos Aires; 3 en Chaco; 11 en C\u00f3rdoba; 7 en Entre R\u00edos; 2 en Formosa; 1 en Jujuy; 7 en Mendoza; 3 en Neuqu\u00e9n; 9 en R\u00edo Negro; 1 en Salta; 1 en San Juan; 1 en San Luis; 2 en Santa Fe; 8 en Santiago del Estero; y 2 en Tierra del Fuego.<\/p>\n<div class=\"auth\">Casos nuevos por distrito<\/div>\n<p>se registraron en la provincia de Buenos Aires 6.446 casos; en la Ciudad de Buenos Aires, 1.819; en Catamarca, 497; en Chaco, 352; en Chubut, 128; en Corrientes, 620; en C\u00f3rdoba, 3.441; en Entre R\u00edos, 737; en Formosa, 777; en Jujuy, 143; en La Pampa, 298; en La Rioja, 109; en Mendoza, 450; en Misiones, 189; en Neuqu\u00e9n, 600; en R\u00edo Negro, 170; en Salta, 287; en San Juan, 255; en San Luis, 453; en Santa Cruz, 111; en Santa Fe, 2.540; en Santiago del Estero, 411; Tierra del Fuego, 32 y en Tucum\u00e1n, 481.<\/p>\n<p>El Ministerio indic\u00f3 adem\u00e1s que se realizaron\u00a0<strong>en las \u00faltimas 24 horas 84.421 testeos<\/strong>\u00a0y desde el inicio del brote ascienden a 13.872.622 pruebas diagn\u00f3sticas para esta enfermedad.<\/p>\n<div class=\"auth\">Casos acumulados por distrito<\/div>\n<p>El total de acumulados por distrito indica que la provincia de Buenos Aires suma 1.600.264 casos; la Ciudad de Buenos Aires, 416.145; Catamarca, 23.418; Chaco, 57.727; Chubut, 62.302; Corrientes, 51.113; C\u00f3rdoba 308.317; Entre R\u00edos, 85.033; Formosa, 29.647; Jujuy, 28.212; La Pampa, 42.338; La Rioja, 17.289; Mendoza, 119.878; Misiones, 20.264; Neuqu\u00e9n, 89.550; R\u00edo Negro, 73.614; Salta, 44.952; San Juan, 36.609; San Luis, 52.531; Santa Cruz, 51.324; Santa Fe, 342.636; Santiago del Estero, 43.372; Tierra del Fuego, 28.451y Tucum\u00e1n, 128.623.<\/p>\n<p>Se incluyen casos existentes en las Islas Malvinas seg\u00fan informaci\u00f3n de prensa debido a la ocupaci\u00f3n ilegal del Reino Unido, Gran Breta\u00f1a e Irlanda del Norte no es posible contar con informaci\u00f3n propia sobre el impacto de la Covid-19 en esa parte del territorio argentino.<\/p>\n<div id=\"image\" class=\"image\"><img decoding=\"async\" title=\"\" src=\"https:\/\/www.telam.com.ar\/advf\/imagenes\/2021\/05\/60b40050a0fa4.05.2021_1004x1872.jpg\" alt=\"\" \/><\/div>\n<div class=\"btn_externos\"><\/div>\n<\/div>\n<\/div>\n<div class=\"wrapper-tags\">\n<div class=\"tags-bar clearfix\">ET<\/div>\n<\/div>\n<\/div>\n<\/div>\n<\/div>\n","protected":false},"excerpt":{"rendered":"<p>Con estas cifras suman 77.456 los fallecidos registrados oficialmente a nivel nacional y 3.753.609 los contagiados desde el inicio de la pandemia, inform\u00f3 el Ministerio de Salud.<\/p>\n","protected":false},"author":3,"featured_media":0,"comment_status":"closed","ping_status":"closed","sticky":false,"template":"","format":"standard","meta":{"footnotes":""},"categories":[30],"tags":[],"class_list":["post-57695","post","type-post","status-publish","format-standard","hentry","category-salud"],"yoast_head":"<!-- This site is optimized with the Yoast SEO plugin v25.9 - https:\/\/yoast.com\/wordpress\/plugins\/seo\/ -->\n<title>Murieron 348 personas y 21.346 fueron reportadas con coronavirus en las \u00faltimas 24 horas - Noticias Radio Reflejos<\/title>\n<meta name=\"robots\" content=\"index, follow, max-snippet:-1, max-image-preview:large, max-video-preview:-1\" \/>\n<link rel=\"canonical\" href=\"https:\/\/www.noticiasradioreflejos.com.ar\/2021\/murieron-348-personas-y-21-346-fueron-reportadas-con-coronavirus-en-las-ultimas-24-horas\/\" \/>\n<meta property=\"og:locale\" content=\"es_ES\" \/>\n<meta property=\"og:type\" content=\"article\" \/>\n<meta property=\"og:title\" content=\"Murieron 348 personas y 21.346 fueron reportadas con coronavirus en las \u00faltimas 24 horas - Noticias Radio Reflejos\" \/>\n<meta property=\"og:description\" content=\"Con estas cifras suman 77.456 los fallecidos registrados oficialmente a nivel nacional y 3.753.609 los contagiados desde el inicio de la pandemia, inform\u00f3 el Ministerio de Salud.\" \/>\n<meta property=\"og:url\" content=\"https:\/\/www.noticiasradioreflejos.com.ar\/2021\/murieron-348-personas-y-21-346-fueron-reportadas-con-coronavirus-en-las-ultimas-24-horas\/\" \/>\n<meta property=\"og:site_name\" content=\"Noticias Radio Reflejos\" \/>\n<meta property=\"article:published_time\" content=\"2021-05-30T22:10:12+00:00\" \/>\n<meta property=\"og:image\" content=\"https:\/\/www.telam.com.ar\/advf\/imagenes\/2021\/05\/60b40050a0fa4.05.2021_1004x1872.jpg\" \/>\n<meta name=\"author\" content=\"Arnaldo Botto\" \/>\n<meta name=\"twitter:card\" content=\"summary_large_image\" \/>\n<script type=\"application\/ld+json\" class=\"yoast-schema-graph\">{\"@context\":\"https:\/\/schema.org\",\"@graph\":[{\"@type\":\"WebPage\",\"@id\":\"https:\/\/www.noticiasradioreflejos.com.ar\/2021\/murieron-348-personas-y-21-346-fueron-reportadas-con-coronavirus-en-las-ultimas-24-horas\/\",\"url\":\"https:\/\/www.noticiasradioreflejos.com.ar\/2021\/murieron-348-personas-y-21-346-fueron-reportadas-con-coronavirus-en-las-ultimas-24-horas\/\",\"name\":\"Murieron 348 personas y 21.346 fueron reportadas con coronavirus en las \u00faltimas 24 horas - Noticias Radio Reflejos\",\"isPartOf\":{\"@id\":\"https:\/\/www.noticiasradioreflejos.com.ar\/2021\/#website\"},\"primaryImageOfPage\":{\"@id\":\"https:\/\/www.noticiasradioreflejos.com.ar\/2021\/murieron-348-personas-y-21-346-fueron-reportadas-con-coronavirus-en-las-ultimas-24-horas\/#primaryimage\"},\"image\":{\"@id\":\"https:\/\/www.noticiasradioreflejos.com.ar\/2021\/murieron-348-personas-y-21-346-fueron-reportadas-con-coronavirus-en-las-ultimas-24-horas\/#primaryimage\"},\"thumbnailUrl\":\"https:\/\/www.telam.com.ar\/advf\/imagenes\/2021\/05\/60b40050a0fa4.05.2021_1004x1872.jpg\",\"datePublished\":\"2021-05-30T22:10:12+00:00\",\"author\":{\"@id\":\"https:\/\/www.noticiasradioreflejos.com.ar\/2021\/#\/schema\/person\/ad82545263dcc5ec0996818884fd5fb1\"},\"breadcrumb\":{\"@id\":\"https:\/\/www.noticiasradioreflejos.com.ar\/2021\/murieron-348-personas-y-21-346-fueron-reportadas-con-coronavirus-en-las-ultimas-24-horas\/#breadcrumb\"},\"inLanguage\":\"es\",\"potentialAction\":[{\"@type\":\"ReadAction\",\"target\":[\"https:\/\/www.noticiasradioreflejos.com.ar\/2021\/murieron-348-personas-y-21-346-fueron-reportadas-con-coronavirus-en-las-ultimas-24-horas\/\"]}]},{\"@type\":\"ImageObject\",\"inLanguage\":\"es\",\"@id\":\"https:\/\/www.noticiasradioreflejos.com.ar\/2021\/murieron-348-personas-y-21-346-fueron-reportadas-con-coronavirus-en-las-ultimas-24-horas\/#primaryimage\",\"url\":\"https:\/\/www.telam.com.ar\/advf\/imagenes\/2021\/05\/60b40050a0fa4.05.2021_1004x1872.jpg\",\"contentUrl\":\"https:\/\/www.telam.com.ar\/advf\/imagenes\/2021\/05\/60b40050a0fa4.05.2021_1004x1872.jpg\"},{\"@type\":\"BreadcrumbList\",\"@id\":\"https:\/\/www.noticiasradioreflejos.com.ar\/2021\/murieron-348-personas-y-21-346-fueron-reportadas-con-coronavirus-en-las-ultimas-24-horas\/#breadcrumb\",\"itemListElement\":[{\"@type\":\"ListItem\",\"position\":1,\"name\":\"Portada\",\"item\":\"https:\/\/www.noticiasradioreflejos.com.ar\/2021\/\"},{\"@type\":\"ListItem\",\"position\":2,\"name\":\"Murieron 348 personas y 21.346 fueron reportadas con coronavirus en las \u00faltimas 24 horas\"}]},{\"@type\":\"WebSite\",\"@id\":\"https:\/\/www.noticiasradioreflejos.com.ar\/2021\/#website\",\"url\":\"https:\/\/www.noticiasradioreflejos.com.ar\/2021\/\",\"name\":\"Noticias Radio Reflejos\",\"description\":\"Las noticias de mi comarca\",\"potentialAction\":[{\"@type\":\"SearchAction\",\"target\":{\"@type\":\"EntryPoint\",\"urlTemplate\":\"https:\/\/www.noticiasradioreflejos.com.ar\/2021\/?s={search_term_string}\"},\"query-input\":{\"@type\":\"PropertyValueSpecification\",\"valueRequired\":true,\"valueName\":\"search_term_string\"}}],\"inLanguage\":\"es\"},{\"@type\":\"Person\",\"@id\":\"https:\/\/www.noticiasradioreflejos.com.ar\/2021\/#\/schema\/person\/ad82545263dcc5ec0996818884fd5fb1\",\"name\":\"Arnaldo Botto\",\"image\":{\"@type\":\"ImageObject\",\"inLanguage\":\"es\",\"@id\":\"https:\/\/www.noticiasradioreflejos.com.ar\/2021\/#\/schema\/person\/image\/\",\"url\":\"https:\/\/secure.gravatar.com\/avatar\/55cb5e37c1efa326397366e6974cb338056df65cb50e7d64d1cf314e87504837?s=96&d=mm&r=g\",\"contentUrl\":\"https:\/\/secure.gravatar.com\/avatar\/55cb5e37c1efa326397366e6974cb338056df65cb50e7d64d1cf314e87504837?s=96&d=mm&r=g\",\"caption\":\"Arnaldo Botto\"},\"url\":\"https:\/\/www.noticiasradioreflejos.com.ar\/2021\/author\/arnaldo\/\"}]}<\/script>\n<!-- \/ Yoast SEO plugin. -->","yoast_head_json":{"title":"Murieron 348 personas y 21.346 fueron reportadas con coronavirus en las \u00faltimas 24 horas - Noticias Radio Reflejos","robots":{"index":"index","follow":"follow","max-snippet":"max-snippet:-1","max-image-preview":"max-image-preview:large","max-video-preview":"max-video-preview:-1"},"canonical":"https:\/\/www.noticiasradioreflejos.com.ar\/2021\/murieron-348-personas-y-21-346-fueron-reportadas-con-coronavirus-en-las-ultimas-24-horas\/","og_locale":"es_ES","og_type":"article","og_title":"Murieron 348 personas y 21.346 fueron reportadas con coronavirus en las \u00faltimas 24 horas - Noticias Radio Reflejos","og_description":"Con estas cifras suman 77.456 los fallecidos registrados oficialmente a nivel nacional y 3.753.609 los contagiados desde el inicio de la pandemia, inform\u00f3 el Ministerio de Salud.","og_url":"https:\/\/www.noticiasradioreflejos.com.ar\/2021\/murieron-348-personas-y-21-346-fueron-reportadas-con-coronavirus-en-las-ultimas-24-horas\/","og_site_name":"Noticias Radio Reflejos","article_published_time":"2021-05-30T22:10:12+00:00","og_image":[{"url":"https:\/\/www.telam.com.ar\/advf\/imagenes\/2021\/05\/60b40050a0fa4.05.2021_1004x1872.jpg","type":"","width":"","height":""}],"author":"Arnaldo Botto","twitter_card":"summary_large_image","schema":{"@context":"https:\/\/schema.org","@graph":[{"@type":"WebPage","@id":"https:\/\/www.noticiasradioreflejos.com.ar\/2021\/murieron-348-personas-y-21-346-fueron-reportadas-con-coronavirus-en-las-ultimas-24-horas\/","url":"https:\/\/www.noticiasradioreflejos.com.ar\/2021\/murieron-348-personas-y-21-346-fueron-reportadas-con-coronavirus-en-las-ultimas-24-horas\/","name":"Murieron 348 personas y 21.346 fueron reportadas con coronavirus en las \u00faltimas 24 horas - Noticias Radio Reflejos","isPartOf":{"@id":"https:\/\/www.noticiasradioreflejos.com.ar\/2021\/#website"},"primaryImageOfPage":{"@id":"https:\/\/www.noticiasradioreflejos.com.ar\/2021\/murieron-348-personas-y-21-346-fueron-reportadas-con-coronavirus-en-las-ultimas-24-horas\/#primaryimage"},"image":{"@id":"https:\/\/www.noticiasradioreflejos.com.ar\/2021\/murieron-348-personas-y-21-346-fueron-reportadas-con-coronavirus-en-las-ultimas-24-horas\/#primaryimage"},"thumbnailUrl":"https:\/\/www.telam.com.ar\/advf\/imagenes\/2021\/05\/60b40050a0fa4.05.2021_1004x1872.jpg","datePublished":"2021-05-30T22:10:12+00:00","author":{"@id":"https:\/\/www.noticiasradioreflejos.com.ar\/2021\/#\/schema\/person\/ad82545263dcc5ec0996818884fd5fb1"},"breadcrumb":{"@id":"https:\/\/www.noticiasradioreflejos.com.ar\/2021\/murieron-348-personas-y-21-346-fueron-reportadas-con-coronavirus-en-las-ultimas-24-horas\/#breadcrumb"},"inLanguage":"es","potentialAction":[{"@type":"ReadAction","target":["https:\/\/www.noticiasradioreflejos.com.ar\/2021\/murieron-348-personas-y-21-346-fueron-reportadas-con-coronavirus-en-las-ultimas-24-horas\/"]}]},{"@type":"ImageObject","inLanguage":"es","@id":"https:\/\/www.noticiasradioreflejos.com.ar\/2021\/murieron-348-personas-y-21-346-fueron-reportadas-con-coronavirus-en-las-ultimas-24-horas\/#primaryimage","url":"https:\/\/www.telam.com.ar\/advf\/imagenes\/2021\/05\/60b40050a0fa4.05.2021_1004x1872.jpg","contentUrl":"https:\/\/www.telam.com.ar\/advf\/imagenes\/2021\/05\/60b40050a0fa4.05.2021_1004x1872.jpg"},{"@type":"BreadcrumbList","@id":"https:\/\/www.noticiasradioreflejos.com.ar\/2021\/murieron-348-personas-y-21-346-fueron-reportadas-con-coronavirus-en-las-ultimas-24-horas\/#breadcrumb","itemListElement":[{"@type":"ListItem","position":1,"name":"Portada","item":"https:\/\/www.noticiasradioreflejos.com.ar\/2021\/"},{"@type":"ListItem","position":2,"name":"Murieron 348 personas y 21.346 fueron reportadas con coronavirus en las \u00faltimas 24 horas"}]},{"@type":"WebSite","@id":"https:\/\/www.noticiasradioreflejos.com.ar\/2021\/#website","url":"https:\/\/www.noticiasradioreflejos.com.ar\/2021\/","name":"Noticias Radio Reflejos","description":"Las noticias de mi comarca","potentialAction":[{"@type":"SearchAction","target":{"@type":"EntryPoint","urlTemplate":"https:\/\/www.noticiasradioreflejos.com.ar\/2021\/?s={search_term_string}"},"query-input":{"@type":"PropertyValueSpecification","valueRequired":true,"valueName":"search_term_string"}}],"inLanguage":"es"},{"@type":"Person","@id":"https:\/\/www.noticiasradioreflejos.com.ar\/2021\/#\/schema\/person\/ad82545263dcc5ec0996818884fd5fb1","name":"Arnaldo Botto","image":{"@type":"ImageObject","inLanguage":"es","@id":"https:\/\/www.noticiasradioreflejos.com.ar\/2021\/#\/schema\/person\/image\/","url":"https:\/\/secure.gravatar.com\/avatar\/55cb5e37c1efa326397366e6974cb338056df65cb50e7d64d1cf314e87504837?s=96&d=mm&r=g","contentUrl":"https:\/\/secure.gravatar.com\/avatar\/55cb5e37c1efa326397366e6974cb338056df65cb50e7d64d1cf314e87504837?s=96&d=mm&r=g","caption":"Arnaldo Botto"},"url":"https:\/\/www.noticiasradioreflejos.com.ar\/2021\/author\/arnaldo\/"}]}},"_links":{"self":[{"href":"https:\/\/www.noticiasradioreflejos.com.ar\/2021\/wp-json\/wp\/v2\/posts\/57695","targetHints":{"allow":["GET"]}}],"collection":[{"href":"https:\/\/www.noticiasradioreflejos.com.ar\/2021\/wp-json\/wp\/v2\/posts"}],"about":[{"href":"https:\/\/www.noticiasradioreflejos.com.ar\/2021\/wp-json\/wp\/v2\/types\/post"}],"author":[{"embeddable":true,"href":"https:\/\/www.noticiasradioreflejos.com.ar\/2021\/wp-json\/wp\/v2\/users\/3"}],"replies":[{"embeddable":true,"href":"https:\/\/www.noticiasradioreflejos.com.ar\/2021\/wp-json\/wp\/v2\/comments?post=57695"}],"version-history":[{"count":1,"href":"https:\/\/www.noticiasradioreflejos.com.ar\/2021\/wp-json\/wp\/v2\/posts\/57695\/revisions"}],"predecessor-version":[{"id":57696,"href":"https:\/\/www.noticiasradioreflejos.com.ar\/2021\/wp-json\/wp\/v2\/posts\/57695\/revisions\/57696"}],"wp:attachment":[{"href":"https:\/\/www.noticiasradioreflejos.com.ar\/2021\/wp-json\/wp\/v2\/media?parent=57695"}],"wp:term":[{"taxonomy":"category","embeddable":true,"href":"https:\/\/www.noticiasradioreflejos.com.ar\/2021\/wp-json\/wp\/v2\/categories?post=57695"},{"taxonomy":"post_tag","embeddable":true,"href":"https:\/\/www.noticiasradioreflejos.com.ar\/2021\/wp-json\/wp\/v2\/tags?post=57695"}],"curies":[{"name":"wp","href":"https:\/\/api.w.org\/{rel}","templated":true}]}}