{"id":57683,"date":"2021-05-30T00:42:50","date_gmt":"2021-05-30T00:42:50","guid":{"rendered":"http:\/\/www.noticiasradioreflejos.com.ar\/2021\/?p=57683"},"modified":"2021-05-30T00:42:50","modified_gmt":"2021-05-30T00:42:50","slug":"carrio-pidio-una-interna-en-juntos-por-el-cambio-lo-mas-civilizada-posible","status":"publish","type":"post","link":"https:\/\/www.noticiasradioreflejos.com.ar\/2021\/carrio-pidio-una-interna-en-juntos-por-el-cambio-lo-mas-civilizada-posible\/","title":{"rendered":"Carri\u00f3 pidi\u00f3 una interna en Juntos por el Cambio \u00ablo m\u00e1s civilizada posible\u00bb"},"content":{"rendered":"<div class=\"head-content\">\n<p>\u00abNosotros trabajamos por la unidad de Juntos por el Cambio, pero si hay una interna, que sea lo m\u00e1s civilizada posible. Yo tengo di\u00e1logo con todos. Con personas muy cercanas a Macri tambi\u00e9n. Podemos tener diferencias pero nos queremos\u00bb, indic\u00f3 la dirigente de la Coalici\u00f3n C\u00edvica ARI.<\/p>\n<\/div>\n<p><!--more--><\/p>\n<div class=\"main-content-block\">\n<div class=\"main-box clearfix\">\n<div class=\"wrapper-main-section clearfix\">\n<div class=\"wrapper-editable-content\">\n<div class=\"editable-content clearfix\">\n<div id=\"image\" class=\"image\">\n<div class=\"epigrafe\">La l\u00edder de la Coalici\u00f3n C\u00edvica ARI, Elisa Carri\u00f3, asegur\u00f3 hoy que trabaja para la unidad de Juntos por el Cambio, pero se\u00f1al\u00f3 que si hay una interna en el espacio opositor \u00abdebe desarrollarse de la forma m\u00e1s civilizada posible\u00bb, y asegur\u00f3 que tiene \u00abdi\u00e1logo con todos los sectores\u00bb de esa alianza.<\/div>\n<\/div>\n<p>\u00abNosotros trabajamos por la unidad de Juntos por el Cambio, pero si hay una interna, que sea lo m\u00e1s civilizada posible. Yo tengo di\u00e1logo con todos. Con personas muy cercanas a (Mauricio) Macri tambi\u00e9n. Podemos tener diferencias pero nos queremos. Adem\u00e1s, hay que integrar al peronismo republicano. Con qui\u00e9n m\u00e1s afinidad tengo es con la l\u00ednea de (Miguel \u00c1ngel) Pichetto\u00bb, se\u00f1al\u00f3 Carri\u00f3 en declaraciones a Radio Continental.<\/p>\n<p>La cofundadora junto a Macri de Cambiemos, la coalici\u00f3n que gobern\u00f3 la Argentina entre 2015 y 2019, consider\u00f3 que debido a la pandemia, es un momento para \u00abtener templanza\u00bb, y observ\u00f3 que \u00abel mercado necesita previsibilidad\u00bb.<\/p>\n<p>\u00abA mi me preocupa la Argentina. Con el tiempo voy a tener raz\u00f3n. Soy dura en materia de corrupci\u00f3n, pero uno tiene que saber los momentos; este es un momento de templanza. No soy golpista. Yo no puedo hablar fuerte en momentos tan problem\u00e1ticos para la Argentina. Despu\u00e9s se ver\u00e1n las incompetencias\u00bb, remarc\u00f3 Carri\u00f3.<\/p>\n<p>Y en ese sentido, apunt\u00f3: \u00abEl mercado necesita ser previsible, esto es lo que no entiende el Gobierno. S\u00ed me comprometo a entregar una cosa, no puedo responder que no puedo porque el Gobierno no me lo permite\u00bb.<\/p>\n<div class=\"auth\">La pandemia<\/div>\n<p>Acerca de la pandemia, la exdiputada nacional evalu\u00f3 que \u00abtodav\u00eda nos quedan los peores meses\u00bb, y pidi\u00f3 que \u00abtengan cuidado los chicos para preservar a su familia y a ellos mismos\u00bb ante los contagios.<\/p>\n<p>\u00abHay que acortar los tiempos de restricciones y que sea previsible, porque la gente est\u00e1 teniendo problemas de salud mental. A la gente hay que convencerla m\u00e1s de los cuidados. Creo que es mejor convencer que prohibir, la sola prohibici\u00f3n genera estr\u00e9s\u00bb, agreg\u00f3.<\/p>\n<p>Y en ese sentido, aport\u00f3: \u00abEs cierto que se desconoc\u00eda el virus, pero fuimos el pa\u00eds con la cuarentena m\u00e1s larga. La gente est\u00e1 cansada y no ve un futuro. Pero lo importante es saber que en septiembre vamos a estar vacunados a pesar de los errores\u00bb.<\/p>\n<p>\u00abSiento que todo va a pasar. En septiembre los casos van a bajar y va a estar vacunada una parte importante de la poblaci\u00f3n. Si hubi\u00e9semos estado vacunados, no habr\u00eda estas restricciones\u00bb, manifest\u00f3.<\/p><\/div>\n<\/div>\n<\/div>\n<\/div>\n<\/div>\n","protected":false},"excerpt":{"rendered":"<p>\u00abNosotros trabajamos por la unidad de Juntos por el Cambio, pero si hay una interna, que sea lo m\u00e1s civilizada posible. Yo tengo di\u00e1logo con todos. Con personas muy cercanas a Macri tambi\u00e9n. Podemos tener diferencias pero nos queremos\u00bb, indic\u00f3 la dirigente de la Coalici\u00f3n C\u00edvica ARI.<\/p>\n","protected":false},"author":3,"featured_media":0,"comment_status":"closed","ping_status":"closed","sticky":false,"template":"","format":"standard","meta":{"footnotes":""},"categories":[24],"tags":[],"class_list":["post-57683","post","type-post","status-publish","format-standard","hentry","category-politica"],"yoast_head":"<!-- This site is optimized with the Yoast SEO plugin v25.9 - https:\/\/yoast.com\/wordpress\/plugins\/seo\/ -->\n<title>Carri\u00f3 pidi\u00f3 una interna en Juntos por el Cambio &quot;lo m\u00e1s civilizada posible&quot; - Noticias Radio Reflejos<\/title>\n<meta name=\"robots\" content=\"index, follow, max-snippet:-1, max-image-preview:large, max-video-preview:-1\" \/>\n<link rel=\"canonical\" href=\"https:\/\/www.noticiasradioreflejos.com.ar\/2021\/carrio-pidio-una-interna-en-juntos-por-el-cambio-lo-mas-civilizada-posible\/\" \/>\n<meta property=\"og:locale\" content=\"es_ES\" \/>\n<meta property=\"og:type\" content=\"article\" \/>\n<meta property=\"og:title\" content=\"Carri\u00f3 pidi\u00f3 una interna en Juntos por el Cambio &quot;lo m\u00e1s civilizada posible&quot; - Noticias Radio Reflejos\" \/>\n<meta property=\"og:description\" content=\"\u00abNosotros trabajamos por la unidad de Juntos por el Cambio, pero si hay una interna, que sea lo m\u00e1s civilizada posible. Yo tengo di\u00e1logo con todos. Con personas muy cercanas a Macri tambi\u00e9n. Podemos tener diferencias pero nos queremos\u00bb, indic\u00f3 la dirigente de la Coalici\u00f3n C\u00edvica ARI.\" \/>\n<meta property=\"og:url\" content=\"https:\/\/www.noticiasradioreflejos.com.ar\/2021\/carrio-pidio-una-interna-en-juntos-por-el-cambio-lo-mas-civilizada-posible\/\" \/>\n<meta property=\"og:site_name\" content=\"Noticias Radio Reflejos\" \/>\n<meta property=\"article:published_time\" content=\"2021-05-30T00:42:50+00:00\" \/>\n<meta property=\"og:image\" content=\"https:\/\/www.noticiasradioreflejos.com.ar\/2021\/wp-content\/uploads\/2021\/07\/logosol300x200.png\" \/>\n\t<meta property=\"og:image:width\" content=\"300\" \/>\n\t<meta property=\"og:image:height\" content=\"200\" \/>\n\t<meta property=\"og:image:type\" content=\"image\/png\" \/>\n<meta name=\"author\" content=\"Arnaldo Botto\" \/>\n<meta name=\"twitter:card\" content=\"summary_large_image\" \/>\n<script type=\"application\/ld+json\" class=\"yoast-schema-graph\">{\"@context\":\"https:\/\/schema.org\",\"@graph\":[{\"@type\":\"WebPage\",\"@id\":\"https:\/\/www.noticiasradioreflejos.com.ar\/2021\/carrio-pidio-una-interna-en-juntos-por-el-cambio-lo-mas-civilizada-posible\/\",\"url\":\"https:\/\/www.noticiasradioreflejos.com.ar\/2021\/carrio-pidio-una-interna-en-juntos-por-el-cambio-lo-mas-civilizada-posible\/\",\"name\":\"Carri\u00f3 pidi\u00f3 una interna en Juntos por el Cambio \\\"lo m\u00e1s civilizada posible\\\" - Noticias Radio Reflejos\",\"isPartOf\":{\"@id\":\"https:\/\/www.noticiasradioreflejos.com.ar\/2021\/#website\"},\"datePublished\":\"2021-05-30T00:42:50+00:00\",\"author\":{\"@id\":\"https:\/\/www.noticiasradioreflejos.com.ar\/2021\/#\/schema\/person\/ad82545263dcc5ec0996818884fd5fb1\"},\"breadcrumb\":{\"@id\":\"https:\/\/www.noticiasradioreflejos.com.ar\/2021\/carrio-pidio-una-interna-en-juntos-por-el-cambio-lo-mas-civilizada-posible\/#breadcrumb\"},\"inLanguage\":\"es\",\"potentialAction\":[{\"@type\":\"ReadAction\",\"target\":[\"https:\/\/www.noticiasradioreflejos.com.ar\/2021\/carrio-pidio-una-interna-en-juntos-por-el-cambio-lo-mas-civilizada-posible\/\"]}]},{\"@type\":\"BreadcrumbList\",\"@id\":\"https:\/\/www.noticiasradioreflejos.com.ar\/2021\/carrio-pidio-una-interna-en-juntos-por-el-cambio-lo-mas-civilizada-posible\/#breadcrumb\",\"itemListElement\":[{\"@type\":\"ListItem\",\"position\":1,\"name\":\"Portada\",\"item\":\"https:\/\/www.noticiasradioreflejos.com.ar\/2021\/\"},{\"@type\":\"ListItem\",\"position\":2,\"name\":\"Carri\u00f3 pidi\u00f3 una interna en Juntos por el Cambio \u00ablo m\u00e1s civilizada posible\u00bb\"}]},{\"@type\":\"WebSite\",\"@id\":\"https:\/\/www.noticiasradioreflejos.com.ar\/2021\/#website\",\"url\":\"https:\/\/www.noticiasradioreflejos.com.ar\/2021\/\",\"name\":\"Noticias Radio Reflejos\",\"description\":\"Las noticias de mi comarca\",\"potentialAction\":[{\"@type\":\"SearchAction\",\"target\":{\"@type\":\"EntryPoint\",\"urlTemplate\":\"https:\/\/www.noticiasradioreflejos.com.ar\/2021\/?s={search_term_string}\"},\"query-input\":{\"@type\":\"PropertyValueSpecification\",\"valueRequired\":true,\"valueName\":\"search_term_string\"}}],\"inLanguage\":\"es\"},{\"@type\":\"Person\",\"@id\":\"https:\/\/www.noticiasradioreflejos.com.ar\/2021\/#\/schema\/person\/ad82545263dcc5ec0996818884fd5fb1\",\"name\":\"Arnaldo Botto\",\"image\":{\"@type\":\"ImageObject\",\"inLanguage\":\"es\",\"@id\":\"https:\/\/www.noticiasradioreflejos.com.ar\/2021\/#\/schema\/person\/image\/\",\"url\":\"https:\/\/secure.gravatar.com\/avatar\/55cb5e37c1efa326397366e6974cb338056df65cb50e7d64d1cf314e87504837?s=96&d=mm&r=g\",\"contentUrl\":\"https:\/\/secure.gravatar.com\/avatar\/55cb5e37c1efa326397366e6974cb338056df65cb50e7d64d1cf314e87504837?s=96&d=mm&r=g\",\"caption\":\"Arnaldo Botto\"},\"url\":\"https:\/\/www.noticiasradioreflejos.com.ar\/2021\/author\/arnaldo\/\"}]}<\/script>\n<!-- \/ Yoast SEO plugin. -->","yoast_head_json":{"title":"Carri\u00f3 pidi\u00f3 una interna en Juntos por el Cambio \"lo m\u00e1s civilizada posible\" - Noticias Radio Reflejos","robots":{"index":"index","follow":"follow","max-snippet":"max-snippet:-1","max-image-preview":"max-image-preview:large","max-video-preview":"max-video-preview:-1"},"canonical":"https:\/\/www.noticiasradioreflejos.com.ar\/2021\/carrio-pidio-una-interna-en-juntos-por-el-cambio-lo-mas-civilizada-posible\/","og_locale":"es_ES","og_type":"article","og_title":"Carri\u00f3 pidi\u00f3 una interna en Juntos por el Cambio \"lo m\u00e1s civilizada posible\" - Noticias Radio Reflejos","og_description":"\u00abNosotros trabajamos por la unidad de Juntos por el Cambio, pero si hay una interna, que sea lo m\u00e1s civilizada posible. Yo tengo di\u00e1logo con todos. Con personas muy cercanas a Macri tambi\u00e9n. Podemos tener diferencias pero nos queremos\u00bb, indic\u00f3 la dirigente de la Coalici\u00f3n C\u00edvica ARI.","og_url":"https:\/\/www.noticiasradioreflejos.com.ar\/2021\/carrio-pidio-una-interna-en-juntos-por-el-cambio-lo-mas-civilizada-posible\/","og_site_name":"Noticias Radio Reflejos","article_published_time":"2021-05-30T00:42:50+00:00","og_image":[{"width":300,"height":200,"url":"https:\/\/www.noticiasradioreflejos.com.ar\/2021\/wp-content\/uploads\/2021\/07\/logosol300x200.png","type":"image\/png"}],"author":"Arnaldo Botto","twitter_card":"summary_large_image","schema":{"@context":"https:\/\/schema.org","@graph":[{"@type":"WebPage","@id":"https:\/\/www.noticiasradioreflejos.com.ar\/2021\/carrio-pidio-una-interna-en-juntos-por-el-cambio-lo-mas-civilizada-posible\/","url":"https:\/\/www.noticiasradioreflejos.com.ar\/2021\/carrio-pidio-una-interna-en-juntos-por-el-cambio-lo-mas-civilizada-posible\/","name":"Carri\u00f3 pidi\u00f3 una interna en Juntos por el Cambio \"lo m\u00e1s civilizada posible\" - Noticias Radio Reflejos","isPartOf":{"@id":"https:\/\/www.noticiasradioreflejos.com.ar\/2021\/#website"},"datePublished":"2021-05-30T00:42:50+00:00","author":{"@id":"https:\/\/www.noticiasradioreflejos.com.ar\/2021\/#\/schema\/person\/ad82545263dcc5ec0996818884fd5fb1"},"breadcrumb":{"@id":"https:\/\/www.noticiasradioreflejos.com.ar\/2021\/carrio-pidio-una-interna-en-juntos-por-el-cambio-lo-mas-civilizada-posible\/#breadcrumb"},"inLanguage":"es","potentialAction":[{"@type":"ReadAction","target":["https:\/\/www.noticiasradioreflejos.com.ar\/2021\/carrio-pidio-una-interna-en-juntos-por-el-cambio-lo-mas-civilizada-posible\/"]}]},{"@type":"BreadcrumbList","@id":"https:\/\/www.noticiasradioreflejos.com.ar\/2021\/carrio-pidio-una-interna-en-juntos-por-el-cambio-lo-mas-civilizada-posible\/#breadcrumb","itemListElement":[{"@type":"ListItem","position":1,"name":"Portada","item":"https:\/\/www.noticiasradioreflejos.com.ar\/2021\/"},{"@type":"ListItem","position":2,"name":"Carri\u00f3 pidi\u00f3 una interna en Juntos por el Cambio \u00ablo m\u00e1s civilizada posible\u00bb"}]},{"@type":"WebSite","@id":"https:\/\/www.noticiasradioreflejos.com.ar\/2021\/#website","url":"https:\/\/www.noticiasradioreflejos.com.ar\/2021\/","name":"Noticias Radio Reflejos","description":"Las noticias de mi comarca","potentialAction":[{"@type":"SearchAction","target":{"@type":"EntryPoint","urlTemplate":"https:\/\/www.noticiasradioreflejos.com.ar\/2021\/?s={search_term_string}"},"query-input":{"@type":"PropertyValueSpecification","valueRequired":true,"valueName":"search_term_string"}}],"inLanguage":"es"},{"@type":"Person","@id":"https:\/\/www.noticiasradioreflejos.com.ar\/2021\/#\/schema\/person\/ad82545263dcc5ec0996818884fd5fb1","name":"Arnaldo Botto","image":{"@type":"ImageObject","inLanguage":"es","@id":"https:\/\/www.noticiasradioreflejos.com.ar\/2021\/#\/schema\/person\/image\/","url":"https:\/\/secure.gravatar.com\/avatar\/55cb5e37c1efa326397366e6974cb338056df65cb50e7d64d1cf314e87504837?s=96&d=mm&r=g","contentUrl":"https:\/\/secure.gravatar.com\/avatar\/55cb5e37c1efa326397366e6974cb338056df65cb50e7d64d1cf314e87504837?s=96&d=mm&r=g","caption":"Arnaldo Botto"},"url":"https:\/\/www.noticiasradioreflejos.com.ar\/2021\/author\/arnaldo\/"}]}},"_links":{"self":[{"href":"https:\/\/www.noticiasradioreflejos.com.ar\/2021\/wp-json\/wp\/v2\/posts\/57683","targetHints":{"allow":["GET"]}}],"collection":[{"href":"https:\/\/www.noticiasradioreflejos.com.ar\/2021\/wp-json\/wp\/v2\/posts"}],"about":[{"href":"https:\/\/www.noticiasradioreflejos.com.ar\/2021\/wp-json\/wp\/v2\/types\/post"}],"author":[{"embeddable":true,"href":"https:\/\/www.noticiasradioreflejos.com.ar\/2021\/wp-json\/wp\/v2\/users\/3"}],"replies":[{"embeddable":true,"href":"https:\/\/www.noticiasradioreflejos.com.ar\/2021\/wp-json\/wp\/v2\/comments?post=57683"}],"version-history":[{"count":1,"href":"https:\/\/www.noticiasradioreflejos.com.ar\/2021\/wp-json\/wp\/v2\/posts\/57683\/revisions"}],"predecessor-version":[{"id":57685,"href":"https:\/\/www.noticiasradioreflejos.com.ar\/2021\/wp-json\/wp\/v2\/posts\/57683\/revisions\/57685"}],"wp:attachment":[{"href":"https:\/\/www.noticiasradioreflejos.com.ar\/2021\/wp-json\/wp\/v2\/media?parent=57683"}],"wp:term":[{"taxonomy":"category","embeddable":true,"href":"https:\/\/www.noticiasradioreflejos.com.ar\/2021\/wp-json\/wp\/v2\/categories?post=57683"},{"taxonomy":"post_tag","embeddable":true,"href":"https:\/\/www.noticiasradioreflejos.com.ar\/2021\/wp-json\/wp\/v2\/tags?post=57683"}],"curies":[{"name":"wp","href":"https:\/\/api.w.org\/{rel}","templated":true}]}}