{"id":57681,"date":"2021-05-30T00:40:05","date_gmt":"2021-05-30T00:40:05","guid":{"rendered":"http:\/\/www.noticiasradioreflejos.com.ar\/2021\/?p=57681"},"modified":"2021-05-30T00:40:05","modified_gmt":"2021-05-30T00:40:05","slug":"en-los-primeros-dias-de-junio-se-lanzara-una-canasta-de-120-productos-a-precios-congelados","status":"publish","type":"post","link":"https:\/\/www.noticiasradioreflejos.com.ar\/2021\/en-los-primeros-dias-de-junio-se-lanzara-una-canasta-de-120-productos-a-precios-congelados\/","title":{"rendered":"En los primeros d\u00edas de junio se lanzar\u00e1 una canasta de 120 productos a precios congelados"},"content":{"rendered":"<div class=\"head-content\">\n<p>El Gobierno est\u00e1 negociando con grandes empresas para presentar una propuesta alimentaria que se sumar\u00e1 a las medidas que garantizan alimentos a precios accesibles.<\/p>\n<\/div>\n<p><!--more--><\/p>\n<div class=\"main-content-block\">\n<div class=\"main-box clearfix\">\n<div class=\"wrapper-main-section clearfix\">\n<div class=\"wrapper-editable-content\">\n<div class=\"editable-content clearfix\">\n<div id=\"image\" class=\"image\"><img decoding=\"async\" title=\"Ser\u00e1 una canasta acotada, con menos de la cuarta parte de productos de Precios Cuidados.\" src=\"https:\/\/www.telam.com.ar\/advf\/imagenes\/2021\/03\/6050c6e4988a8_1004x565.jpg\" alt=\"Ser\u00e1 una canasta acotada, con menos de la cuarta parte de productos de Precios Cuidados.\" \/><\/p>\n<div class=\"epigrafe\"><\/div>\n<\/div>\n<p>El Gobierno est\u00e1 en negociaciones avanzadas con grandes empresas de consumo masivo, para lanzar en los primeros d\u00edas de junio una canasta de 120 productos b\u00e1sicos a precios congelados, que se sumar\u00e1 a las distintas medidas impulsadas para garantizar el acceso a los alimentos a precios accesibles.<\/p>\n<p><strong>La nueva lista en la que trabaja la Secretar\u00eda de Comercio Interior comprende a 120 productos de la canasta b\u00e1sica, que incluyen alimentos, bebidas y productos de higiene personal, y tendr\u00e1 precios congelados por seis meses.<\/strong><\/p>\n<p>A medida que se cierran los detalles con las empresas que participar\u00e1n -que forman parte de la Coordinadora de Industrias de Productos Alimenticios (Copal)-, se espera que la canasta sea anunciada antes de que concluya el acuerdo de Precios M\u00e1ximos, el pr\u00f3ximo 8 de junio.<\/p>\n<p>Una de las novedades ser\u00e1 que los precios acordados estar\u00e1n impresos en los envases y, a diferencia de\u00a0<strong>Precios Cuidados<\/strong>\u00a0y\u00a0<strong>Precios M\u00e1ximos<\/strong>\u00a0que son canastas que los consumidores pueden conseguir en cadenas de supermercados de todo el pa\u00eds, ahora el objetivo es que esta canasta est\u00e9 disponible tambi\u00e9n en los comercios de cercan\u00eda o barriales.<\/p>\n<blockquote class=\"twitter-tweet\" data-width=\"500\" data-dnt=\"true\">\n<p lang=\"es\" dir=\"ltr\">Nuevas marcas l\u00e1cteas en <a href=\"https:\/\/twitter.com\/hashtag\/PreciosCuidados?src=hash&amp;ref_src=twsrc%5Etfw\">#PreciosCuidados<\/a>.<\/p>\n<p>Junto con las c\u00e1maras del sector l\u00e1cteo, el secretario de Agricultura, Ganader\u00eda y Pesca, <a href=\"https:\/\/twitter.com\/JorgeSolmi?ref_src=twsrc%5Etfw\">@JorgeSolmi<\/a>, y el equipo de @AgriculturaAR, firmamos un acuerdo para incrementar la producci\u00f3n y ampliar la presencia de productos del rubro. <a href=\"https:\/\/t.co\/eFigUoxjlC\">pic.twitter.com\/eFigUoxjlC<\/a><\/p>\n<p>&mdash; Paula Espa\u00f1ol (@pauespanol) <a href=\"https:\/\/twitter.com\/pauespanol\/status\/1397982778453643275?ref_src=twsrc%5Etfw\">May 27, 2021<\/a><\/p><\/blockquote>\n<p><script async src=\"https:\/\/platform.twitter.com\/widgets.js\" charset=\"utf-8\"><\/script><\/p>\n<p>De acuerdo con informaci\u00f3n oficial, esta iniciativa tiene varios puntos clave:\u00a0<strong>el primero es que la canasta sea acotada, con menos de la cuarta parte de productos que Precios Cuidados,<\/strong>\u00a0pero no por eso menos representativa del consumo local y b\u00e1sico.<\/p>\n<p>El segundo aspecto central es\u00a0<strong>que llegue a los comercios de cercan\u00eda como almacenes, autoservicios, chinos, y de ese modo se garantice la distribuci\u00f3n al comercio de barrio.<\/strong><\/p>\n<p>En tercer lugar, se trabaja sobre un listado que tendr\u00e1 precios congelados por 180 d\u00edas; y el cuarto eje -que dar\u00e1 visibilidad al acuerdo- es que el precio est\u00e9 impreso en la etiqueta, de modo que no se generen distorsiones y se respete el programa.<\/p>\n<p>En cuanto a la condici\u00f3n de que el producto lleve el precio en la etiqueta, en un principio las empresas plantearon dificultades de costos y tiempos de implementaci\u00f3n, pero finalmente la negociaci\u00f3n avanz\u00f3 en ese sentido que para el Gobierno es una de las condiciones centrales del programa.<\/p>\n<div id=\"image\" class=\"image\"><img decoding=\"async\" title=\"El objetivo es que esta canasta est\u00e9 disponible tambi\u00e9n en los comercios de cercan\u00eda o barriales.\" src=\"https:\/\/www.telam.com.ar\/advf\/imagenes\/2018\/05\/5b053c19a858d_1004x565.jpg\" alt=\"El objetivo es que esta canasta est\u00e9 disponible tambi\u00e9n en los comercios de cercan\u00eda o barriales.\" \/><\/p>\n<div class=\"epigrafe\">El objetivo es que esta canasta est\u00e9 disponible tambi\u00e9n en los comercios de cercan\u00eda o barriales.<\/div>\n<\/div>\n<p>Por otra parte, en la \u00faltima semana se avanz\u00f3 en la implementaci\u00f3n de la\u00a0<a href=\"http:\/\/www.telam.com.ar\/notas\/202105\/554920-ley-de-gondolas-controles-economia.html\" target=\"_blank\" rel=\"noopener\"><strong>Ley de G\u00f3ndolas<\/strong><\/a>, y entr\u00f3 en vigencia la obligatoriedad para los supermercados de se\u00f1alizar en la g\u00f3ndola el producto de menor valor de cada categor\u00eda.<\/p>\n<p><strong>De acuerdo con las recorridas que viene realizando Comercio Interior en las \u00faltimas semanas, esta se\u00f1alizaci\u00f3n con una carteler\u00eda destacada del producto de menor precio por unidad de medida ya empez\u00f3 a verse en las g\u00f3ndolas.<\/strong><\/p>\n<p>Seg\u00fan el inciso C) del art\u00edculo 7 de la Ley de G\u00f3ndolas, los productos m\u00e1s baratos por unidad en cada g\u00f3ndola deben estar a altura equidistante entre el primer y el \u00faltimo estante, y el valor no puede ser de \u00abcar\u00e1cter transitorio\u00bb, lo que significa que no puede surgir de ofertas, bonificaciones o descuentos de cualquier tipo.<\/p>\n<p>A su vez, el producto m\u00e1s barato deber\u00e1 estar exhibido con carteler\u00eda perpendicular a la g\u00f3ndola que indique la leyenda de \u00abMENOR PRECIO por unidad de medida. Ley 27.545\u00bb.<\/p>\n<div id=\"image\" class=\"image\"><img decoding=\"async\" title=\"La lista incluye alimentos, bebidas e higiene personal. Tendr\u00e1 precios congelados por 6 meses.\" src=\"https:\/\/www.telam.com.ar\/advf\/imagenes\/2018\/04\/5acfd383f2c02_1004x565.jpg\" alt=\"La lista incluye alimentos, bebidas e higiene personal. Tendr\u00e1 precios congelados por 6 meses.\" \/><\/p>\n<div class=\"epigrafe\">La lista incluye alimentos, bebidas e higiene personal. Tendr\u00e1 precios congelados por 6 meses.<\/div>\n<\/div>\n<p><strong>El objetivo de esta medida es profundizar el cumplimiento de los objetivos de la Ley de G\u00f3ndolas, robusteciendo la competencia y dando mayor transparencia a la comercializaci\u00f3n de determinados productos para el beneficio de las consumidoras y consumidores.<\/strong><\/p>\n<p>Asimismo, a trav\u00e9s de un acuerdo con asociaciones empresarias de la industria l\u00e1ctea se ampli\u00f3 la oferta de productos l\u00e1cteos en el programa Precios Cuidados, por lo que se sumar\u00e1n en junio 32 nuevos productos de ese rubro.<\/p>\n<p>El acuerdo apunta a incrementar progresivamente los vol\u00famenes de producci\u00f3n y sumar nuevas marcas y l\u00edneas de productos al programa Precios Cuidados que, a partir del 1 de junio, tendr\u00e1 un impacto significativo en el abastecimiento de l\u00e1cteos en el mercado dom\u00e9stico. De este modo,\u00a0<strong>la canasta de Precios Cuidados se incrementar\u00e1 en un 45%, y quedar\u00e1 con 97 productos l\u00e1cteos y un total de 702 \u00edtems.<\/strong><\/p>\n<p>Se reforzar\u00e1 la oferta de leche refrigerada, se robustecer\u00e1n en un 80% las opciones de mercado de leches no refrigeradas, la leche en polvo multiplicar\u00e1 por siete la oferta en el programa y los quesos la duplicar\u00e1n en todas las variedades, al tiempo que crecer\u00e1 un 148% la oferta de quesos blandos.<\/p>\n<div id=\"image\" class=\"image\"><img decoding=\"async\" title=\"Tres l\u00e1cteos de alto consumo en el \u00faltimo a\u00f1o y medio: dulce de leche, manteca y crema.\" src=\"https:\/\/www.telam.com.ar\/advf\/imagenes\/2019\/09\/5d78cca013b0e_1004x565.jpg\" alt=\"Tres l\u00e1cteos de alto consumo en el \u00faltimo a\u00f1o y medio: dulce de leche, manteca y crema.\" \/><\/p>\n<div class=\"epigrafe\">Tres l\u00e1cteos de alto consumo en el \u00faltimo a\u00f1o y medio: dulce de leche, manteca y crema.<\/div>\n<\/div>\n<p>Otros tres productos l\u00e1cteos que presentaron un alto nivel de consumo durante el \u00faltimo a\u00f1o y medio son el dulce de leche, la manteca y la crema, que a partir del acuerdo incrementar\u00e1n su participaci\u00f3n en Precios Cuidados en un 354%, 203% y 133%, respectivamente.<\/p>\n<p><strong>La implementaci\u00f3n y consolidaci\u00f3n de estos acuerdos contribuye al objetivo de avanzar en una salida progresiva, ordenada y sustentable del programa Precios M\u00e1ximos.<\/strong><\/p>\n<p><strong>Por el momento, Precios M\u00e1ximos est\u00e1 vigente hasta el pr\u00f3ximo 8 de junio<\/strong>\u00a0y en su \u00faltima actualizaci\u00f3n se decidi\u00f3 deslistar 36 categor\u00edas de alimentos, art\u00edculos de higiene, perfumer\u00eda y limpieza.<strong>Se quit\u00f3 de la lista 36 categor\u00edas<\/strong>\u00a0que incluyen aceite de oliva, tostadas y grisines, edulcorantes, milanesas de soja, tapas de empanadas y tartas, leche infantil y queso rallado, entre otros.<\/div>\n<\/div>\n<div>\n<h4>Por Natalia Gonz\u00e1lez para TELAM<\/h4>\n<\/div>\n<\/div>\n<\/div>\n<\/div>\n","protected":false},"excerpt":{"rendered":"<p>El Gobierno est\u00e1 negociando con grandes empresas para presentar una propuesta alimentaria que se sumar\u00e1 a las medidas que garantizan alimentos a precios accesibles.<\/p>\n","protected":false},"author":3,"featured_media":0,"comment_status":"closed","ping_status":"closed","sticky":false,"template":"","format":"standard","meta":{"footnotes":""},"categories":[36,24],"tags":[],"class_list":["post-57681","post","type-post","status-publish","format-standard","hentry","category-economia","category-politica"],"yoast_head":"<!-- This site is optimized with the Yoast SEO plugin v25.9 - https:\/\/yoast.com\/wordpress\/plugins\/seo\/ -->\n<title>En los primeros d\u00edas de junio se lanzar\u00e1 una canasta de 120 productos a precios congelados - Noticias Radio Reflejos<\/title>\n<meta name=\"robots\" content=\"index, follow, max-snippet:-1, max-image-preview:large, max-video-preview:-1\" \/>\n<link rel=\"canonical\" href=\"https:\/\/www.noticiasradioreflejos.com.ar\/2021\/en-los-primeros-dias-de-junio-se-lanzara-una-canasta-de-120-productos-a-precios-congelados\/\" \/>\n<meta property=\"og:locale\" content=\"es_ES\" \/>\n<meta property=\"og:type\" content=\"article\" \/>\n<meta property=\"og:title\" content=\"En los primeros d\u00edas de junio se lanzar\u00e1 una canasta de 120 productos a precios congelados - Noticias Radio Reflejos\" \/>\n<meta property=\"og:description\" content=\"El Gobierno est\u00e1 negociando con grandes empresas para presentar una propuesta alimentaria que se sumar\u00e1 a las medidas que garantizan alimentos a precios accesibles.\" \/>\n<meta property=\"og:url\" content=\"https:\/\/www.noticiasradioreflejos.com.ar\/2021\/en-los-primeros-dias-de-junio-se-lanzara-una-canasta-de-120-productos-a-precios-congelados\/\" \/>\n<meta property=\"og:site_name\" content=\"Noticias Radio Reflejos\" \/>\n<meta property=\"article:published_time\" content=\"2021-05-30T00:40:05+00:00\" \/>\n<meta property=\"og:image\" content=\"https:\/\/www.telam.com.ar\/advf\/imagenes\/2021\/03\/6050c6e4988a8_1004x565.jpg\" \/>\n<meta name=\"author\" content=\"Arnaldo Botto\" \/>\n<meta name=\"twitter:card\" content=\"summary_large_image\" \/>\n<script type=\"application\/ld+json\" class=\"yoast-schema-graph\">{\"@context\":\"https:\/\/schema.org\",\"@graph\":[{\"@type\":\"WebPage\",\"@id\":\"https:\/\/www.noticiasradioreflejos.com.ar\/2021\/en-los-primeros-dias-de-junio-se-lanzara-una-canasta-de-120-productos-a-precios-congelados\/\",\"url\":\"https:\/\/www.noticiasradioreflejos.com.ar\/2021\/en-los-primeros-dias-de-junio-se-lanzara-una-canasta-de-120-productos-a-precios-congelados\/\",\"name\":\"En los primeros d\u00edas de junio se lanzar\u00e1 una canasta de 120 productos a precios congelados - Noticias Radio Reflejos\",\"isPartOf\":{\"@id\":\"https:\/\/www.noticiasradioreflejos.com.ar\/2021\/#website\"},\"primaryImageOfPage\":{\"@id\":\"https:\/\/www.noticiasradioreflejos.com.ar\/2021\/en-los-primeros-dias-de-junio-se-lanzara-una-canasta-de-120-productos-a-precios-congelados\/#primaryimage\"},\"image\":{\"@id\":\"https:\/\/www.noticiasradioreflejos.com.ar\/2021\/en-los-primeros-dias-de-junio-se-lanzara-una-canasta-de-120-productos-a-precios-congelados\/#primaryimage\"},\"thumbnailUrl\":\"https:\/\/www.telam.com.ar\/advf\/imagenes\/2021\/03\/6050c6e4988a8_1004x565.jpg\",\"datePublished\":\"2021-05-30T00:40:05+00:00\",\"author\":{\"@id\":\"https:\/\/www.noticiasradioreflejos.com.ar\/2021\/#\/schema\/person\/ad82545263dcc5ec0996818884fd5fb1\"},\"breadcrumb\":{\"@id\":\"https:\/\/www.noticiasradioreflejos.com.ar\/2021\/en-los-primeros-dias-de-junio-se-lanzara-una-canasta-de-120-productos-a-precios-congelados\/#breadcrumb\"},\"inLanguage\":\"es\",\"potentialAction\":[{\"@type\":\"ReadAction\",\"target\":[\"https:\/\/www.noticiasradioreflejos.com.ar\/2021\/en-los-primeros-dias-de-junio-se-lanzara-una-canasta-de-120-productos-a-precios-congelados\/\"]}]},{\"@type\":\"ImageObject\",\"inLanguage\":\"es\",\"@id\":\"https:\/\/www.noticiasradioreflejos.com.ar\/2021\/en-los-primeros-dias-de-junio-se-lanzara-una-canasta-de-120-productos-a-precios-congelados\/#primaryimage\",\"url\":\"https:\/\/www.telam.com.ar\/advf\/imagenes\/2021\/03\/6050c6e4988a8_1004x565.jpg\",\"contentUrl\":\"https:\/\/www.telam.com.ar\/advf\/imagenes\/2021\/03\/6050c6e4988a8_1004x565.jpg\"},{\"@type\":\"BreadcrumbList\",\"@id\":\"https:\/\/www.noticiasradioreflejos.com.ar\/2021\/en-los-primeros-dias-de-junio-se-lanzara-una-canasta-de-120-productos-a-precios-congelados\/#breadcrumb\",\"itemListElement\":[{\"@type\":\"ListItem\",\"position\":1,\"name\":\"Portada\",\"item\":\"https:\/\/www.noticiasradioreflejos.com.ar\/2021\/\"},{\"@type\":\"ListItem\",\"position\":2,\"name\":\"En los primeros d\u00edas de junio se lanzar\u00e1 una canasta de 120 productos a precios congelados\"}]},{\"@type\":\"WebSite\",\"@id\":\"https:\/\/www.noticiasradioreflejos.com.ar\/2021\/#website\",\"url\":\"https:\/\/www.noticiasradioreflejos.com.ar\/2021\/\",\"name\":\"Noticias Radio Reflejos\",\"description\":\"Las noticias de mi comarca\",\"potentialAction\":[{\"@type\":\"SearchAction\",\"target\":{\"@type\":\"EntryPoint\",\"urlTemplate\":\"https:\/\/www.noticiasradioreflejos.com.ar\/2021\/?s={search_term_string}\"},\"query-input\":{\"@type\":\"PropertyValueSpecification\",\"valueRequired\":true,\"valueName\":\"search_term_string\"}}],\"inLanguage\":\"es\"},{\"@type\":\"Person\",\"@id\":\"https:\/\/www.noticiasradioreflejos.com.ar\/2021\/#\/schema\/person\/ad82545263dcc5ec0996818884fd5fb1\",\"name\":\"Arnaldo Botto\",\"image\":{\"@type\":\"ImageObject\",\"inLanguage\":\"es\",\"@id\":\"https:\/\/www.noticiasradioreflejos.com.ar\/2021\/#\/schema\/person\/image\/\",\"url\":\"https:\/\/secure.gravatar.com\/avatar\/55cb5e37c1efa326397366e6974cb338056df65cb50e7d64d1cf314e87504837?s=96&d=mm&r=g\",\"contentUrl\":\"https:\/\/secure.gravatar.com\/avatar\/55cb5e37c1efa326397366e6974cb338056df65cb50e7d64d1cf314e87504837?s=96&d=mm&r=g\",\"caption\":\"Arnaldo Botto\"},\"url\":\"https:\/\/www.noticiasradioreflejos.com.ar\/2021\/author\/arnaldo\/\"}]}<\/script>\n<!-- \/ Yoast SEO plugin. -->","yoast_head_json":{"title":"En los primeros d\u00edas de junio se lanzar\u00e1 una canasta de 120 productos a precios congelados - Noticias Radio Reflejos","robots":{"index":"index","follow":"follow","max-snippet":"max-snippet:-1","max-image-preview":"max-image-preview:large","max-video-preview":"max-video-preview:-1"},"canonical":"https:\/\/www.noticiasradioreflejos.com.ar\/2021\/en-los-primeros-dias-de-junio-se-lanzara-una-canasta-de-120-productos-a-precios-congelados\/","og_locale":"es_ES","og_type":"article","og_title":"En los primeros d\u00edas de junio se lanzar\u00e1 una canasta de 120 productos a precios congelados - Noticias Radio Reflejos","og_description":"El Gobierno est\u00e1 negociando con grandes empresas para presentar una propuesta alimentaria que se sumar\u00e1 a las medidas que garantizan alimentos a precios accesibles.","og_url":"https:\/\/www.noticiasradioreflejos.com.ar\/2021\/en-los-primeros-dias-de-junio-se-lanzara-una-canasta-de-120-productos-a-precios-congelados\/","og_site_name":"Noticias Radio Reflejos","article_published_time":"2021-05-30T00:40:05+00:00","og_image":[{"url":"https:\/\/www.telam.com.ar\/advf\/imagenes\/2021\/03\/6050c6e4988a8_1004x565.jpg","type":"","width":"","height":""}],"author":"Arnaldo Botto","twitter_card":"summary_large_image","schema":{"@context":"https:\/\/schema.org","@graph":[{"@type":"WebPage","@id":"https:\/\/www.noticiasradioreflejos.com.ar\/2021\/en-los-primeros-dias-de-junio-se-lanzara-una-canasta-de-120-productos-a-precios-congelados\/","url":"https:\/\/www.noticiasradioreflejos.com.ar\/2021\/en-los-primeros-dias-de-junio-se-lanzara-una-canasta-de-120-productos-a-precios-congelados\/","name":"En los primeros d\u00edas de junio se lanzar\u00e1 una canasta de 120 productos a precios congelados - Noticias Radio Reflejos","isPartOf":{"@id":"https:\/\/www.noticiasradioreflejos.com.ar\/2021\/#website"},"primaryImageOfPage":{"@id":"https:\/\/www.noticiasradioreflejos.com.ar\/2021\/en-los-primeros-dias-de-junio-se-lanzara-una-canasta-de-120-productos-a-precios-congelados\/#primaryimage"},"image":{"@id":"https:\/\/www.noticiasradioreflejos.com.ar\/2021\/en-los-primeros-dias-de-junio-se-lanzara-una-canasta-de-120-productos-a-precios-congelados\/#primaryimage"},"thumbnailUrl":"https:\/\/www.telam.com.ar\/advf\/imagenes\/2021\/03\/6050c6e4988a8_1004x565.jpg","datePublished":"2021-05-30T00:40:05+00:00","author":{"@id":"https:\/\/www.noticiasradioreflejos.com.ar\/2021\/#\/schema\/person\/ad82545263dcc5ec0996818884fd5fb1"},"breadcrumb":{"@id":"https:\/\/www.noticiasradioreflejos.com.ar\/2021\/en-los-primeros-dias-de-junio-se-lanzara-una-canasta-de-120-productos-a-precios-congelados\/#breadcrumb"},"inLanguage":"es","potentialAction":[{"@type":"ReadAction","target":["https:\/\/www.noticiasradioreflejos.com.ar\/2021\/en-los-primeros-dias-de-junio-se-lanzara-una-canasta-de-120-productos-a-precios-congelados\/"]}]},{"@type":"ImageObject","inLanguage":"es","@id":"https:\/\/www.noticiasradioreflejos.com.ar\/2021\/en-los-primeros-dias-de-junio-se-lanzara-una-canasta-de-120-productos-a-precios-congelados\/#primaryimage","url":"https:\/\/www.telam.com.ar\/advf\/imagenes\/2021\/03\/6050c6e4988a8_1004x565.jpg","contentUrl":"https:\/\/www.telam.com.ar\/advf\/imagenes\/2021\/03\/6050c6e4988a8_1004x565.jpg"},{"@type":"BreadcrumbList","@id":"https:\/\/www.noticiasradioreflejos.com.ar\/2021\/en-los-primeros-dias-de-junio-se-lanzara-una-canasta-de-120-productos-a-precios-congelados\/#breadcrumb","itemListElement":[{"@type":"ListItem","position":1,"name":"Portada","item":"https:\/\/www.noticiasradioreflejos.com.ar\/2021\/"},{"@type":"ListItem","position":2,"name":"En los primeros d\u00edas de junio se lanzar\u00e1 una canasta de 120 productos a precios congelados"}]},{"@type":"WebSite","@id":"https:\/\/www.noticiasradioreflejos.com.ar\/2021\/#website","url":"https:\/\/www.noticiasradioreflejos.com.ar\/2021\/","name":"Noticias Radio Reflejos","description":"Las noticias de mi comarca","potentialAction":[{"@type":"SearchAction","target":{"@type":"EntryPoint","urlTemplate":"https:\/\/www.noticiasradioreflejos.com.ar\/2021\/?s={search_term_string}"},"query-input":{"@type":"PropertyValueSpecification","valueRequired":true,"valueName":"search_term_string"}}],"inLanguage":"es"},{"@type":"Person","@id":"https:\/\/www.noticiasradioreflejos.com.ar\/2021\/#\/schema\/person\/ad82545263dcc5ec0996818884fd5fb1","name":"Arnaldo Botto","image":{"@type":"ImageObject","inLanguage":"es","@id":"https:\/\/www.noticiasradioreflejos.com.ar\/2021\/#\/schema\/person\/image\/","url":"https:\/\/secure.gravatar.com\/avatar\/55cb5e37c1efa326397366e6974cb338056df65cb50e7d64d1cf314e87504837?s=96&d=mm&r=g","contentUrl":"https:\/\/secure.gravatar.com\/avatar\/55cb5e37c1efa326397366e6974cb338056df65cb50e7d64d1cf314e87504837?s=96&d=mm&r=g","caption":"Arnaldo Botto"},"url":"https:\/\/www.noticiasradioreflejos.com.ar\/2021\/author\/arnaldo\/"}]}},"_links":{"self":[{"href":"https:\/\/www.noticiasradioreflejos.com.ar\/2021\/wp-json\/wp\/v2\/posts\/57681","targetHints":{"allow":["GET"]}}],"collection":[{"href":"https:\/\/www.noticiasradioreflejos.com.ar\/2021\/wp-json\/wp\/v2\/posts"}],"about":[{"href":"https:\/\/www.noticiasradioreflejos.com.ar\/2021\/wp-json\/wp\/v2\/types\/post"}],"author":[{"embeddable":true,"href":"https:\/\/www.noticiasradioreflejos.com.ar\/2021\/wp-json\/wp\/v2\/users\/3"}],"replies":[{"embeddable":true,"href":"https:\/\/www.noticiasradioreflejos.com.ar\/2021\/wp-json\/wp\/v2\/comments?post=57681"}],"version-history":[{"count":1,"href":"https:\/\/www.noticiasradioreflejos.com.ar\/2021\/wp-json\/wp\/v2\/posts\/57681\/revisions"}],"predecessor-version":[{"id":57682,"href":"https:\/\/www.noticiasradioreflejos.com.ar\/2021\/wp-json\/wp\/v2\/posts\/57681\/revisions\/57682"}],"wp:attachment":[{"href":"https:\/\/www.noticiasradioreflejos.com.ar\/2021\/wp-json\/wp\/v2\/media?parent=57681"}],"wp:term":[{"taxonomy":"category","embeddable":true,"href":"https:\/\/www.noticiasradioreflejos.com.ar\/2021\/wp-json\/wp\/v2\/categories?post=57681"},{"taxonomy":"post_tag","embeddable":true,"href":"https:\/\/www.noticiasradioreflejos.com.ar\/2021\/wp-json\/wp\/v2\/tags?post=57681"}],"curies":[{"name":"wp","href":"https:\/\/api.w.org\/{rel}","templated":true}]}}