{"id":57677,"date":"2021-05-30T00:25:45","date_gmt":"2021-05-30T00:25:45","guid":{"rendered":"http:\/\/www.noticiasradioreflejos.com.ar\/2021\/?p=57677"},"modified":"2021-05-30T00:28:04","modified_gmt":"2021-05-30T00:28:04","slug":"cientificos-proponen-aislamientos-intermitentes-y-programados-para-bajar-los-contagios","status":"publish","type":"post","link":"https:\/\/www.noticiasradioreflejos.com.ar\/2021\/cientificos-proponen-aislamientos-intermitentes-y-programados-para-bajar-los-contagios\/","title":{"rendered":"Cient\u00edficos proponen aislamientos intermitentes y programados para bajar los contagios"},"content":{"rendered":"<div class=\"head-content\">\n<p>Un grupo de investigadores proponen como estrategia un\u00a0Aislamiento Social Programado Intermitente (ASPI), lo que implica per\u00edodos de confinamiento estricto seguidos de aperturas donde se sostengan los cuidados por tiempos cortos y programados.<\/p>\n<\/div>\n<p><!--more--><\/p>\n<div class=\"main-content-block\">\n<div class=\"main-box clearfix\">\n<div class=\"wrapper-main-section clearfix\">\n<div class=\"wrapper-editable-content\">\n<div class=\"editable-content clearfix\">\n<div id=\"image\" class=\"image\">\n<div class=\"epigrafe\"><\/div>\n<\/div>\n<p>Per\u00edodos de confinamiento estricto seguidos de aperturas donde se sostengan los cuidados por tiempos cortos y programados es la propuesta de investigadores de diferentes especialidades para reducir los contagios de coronavirus afectando lo menos posible la actividad econ\u00f3mica y brindando un escenario previsible para la poblaci\u00f3n.<\/p>\n<p>La estrategia, que desde julio del a\u00f1o pasado propone este grupo, fue bautizada como ASPI (Aislamiento Social Programado Intermitente) y cobr\u00f3 fuerza en estos meses como alternativa frente al aumento de casos que atraviesa el pa\u00eds desde marzo de 2021, con cifras que superan ampliamente la denominada primera ola en 2020.<\/p>\n<p>\u00abSe trata de una l\u00f3gica estructurada en dos fases: una de confinamiento, otra de apertura. El eje es poder otorgar previsibilidad a las actividades al tiempo que aportar a disminuir la propagaci\u00f3n de la enfermedad\u00bb, describi\u00f3 a T\u00e9lam el investigador del Conicet y docente de la Universidad de Buenos Aires (UBA) Rodrigo Castro.<\/p>\n<div id=\"image\" class=\"image\">\n<p><img decoding=\"async\" title=\"La estrategia de Aislamiento Social Preventivo Intermitente fue propuesta inicialmente por Rodrigo Castro.\" src=\"https:\/\/www.telam.com.ar\/advf\/imagenes\/2021\/05\/60b26d1b73f09_1004x565.jpg\" alt=\"La estrategia de Aislamiento Social Preventivo Intermitente fue propuesta inicialmente por Rodrigo Castro.\" \/><\/p>\n<div class=\"epigrafe\">La estrategia de Aislamiento Social Preventivo Intermitente fue propuesta inicialmente por Rodrigo Castro.<\/div>\n<\/div>\n<p>Castro, quien es investigador del Instituto de Ciencias de la Computaci\u00f3n (ICC) y director del Laboratorio de Simulaci\u00f3n de Eventos Discretos de la Facultad de Ciencias Exactas de la UBA, detall\u00f3 que junto a su equipo han \u00absimulado muy diversos escenarios y seleccionamos 3 que nos parecen interesantes para evaluar en este momento que ser\u00edan 9+5, 9+12 y 16+12, siendo que el primer n\u00famero define la cantidad de d\u00edas de cierre y el segundo de apertura\u00bb.<\/p>\n<p>\u00abTodos los esquemas intentan maximizar los d\u00edas h\u00e1biles, iniciando por lo general un s\u00e1bado el cierre y un lunes la reapertura. Tambi\u00e9n el sistema es flexible en cuanto a determinar las medidas a incluir en los cierres (en situaciones como la actual debieran ser muy estrictos para tener \u00e9xito) y los cuidados a sostener en los per\u00edodos de apertura (que pueden ser importantes al inicio pero irse flexibilizando en funci\u00f3n del \u00e9xito obtenido durante cada cierre)\u00bb, explic\u00f3.<\/p>\n<p>El objetivo de estas medidas ser\u00eda lograr \u00abun descenso sostenido de la curva hasta alcanzar niveles incluso inferiores a los previos al inicio de la segunda ola\u00bb, lo que se lograr\u00eda \u00aba trav\u00e9s de una sucesi\u00f3n de ciclos\u00bb.<\/p>\n<blockquote><p>\u00abSe trata de una l\u00f3gica estructurada en dos fases: una de confinamiento, otra de apertura\u00bb<\/p>\n<div class=\"sign\">RODRIGO CASTRO<\/div>\n<\/blockquote>\n<p>A modo de ejemplo, el grupo estim\u00f3 que para el \u00c1rea Metropolitana de Buenos Aires (AMBA) \u00abse requerir\u00edan cuatro ciclos de 9+12 d\u00edas para bajar los casos promedio semanales del orden de 10.000 a uno de 2.500 si se lograse en cada ventana de cierre una reducci\u00f3n efectiva de contactos del 30%\u00bb.<\/p>\n<p>Para el investigador del Conicet y docente de la Universidad Nacional de Rosario (UNR) Ernesto Kofman, la clave para que las ASPI logren su objetivo es que \u00abdurante los per\u00edodos cortos de cierre se logre una reducci\u00f3n importante del contacto social y durante los per\u00edodos de apertura se cumplan ciertas restricciones que eviten una disparada abrupta de los contagios\u00bb.<\/p>\n<div id=\"image\" class=\"image\">\n<p><img decoding=\"async\" title=\"El investigador Kofman asegur\u00f3 que &quot;las medidas de restricci\u00f3n pierden efectividad si se prolongan demasiado en el tiempo&quot;.\" src=\"https:\/\/www.telam.com.ar\/advf\/imagenes\/2021\/05\/60b26d5cd73d2_1004x565.jpg\" alt=\"El investigador Kofman asegur\u00f3 que &quot;las medidas de restricci\u00f3n pierden efectividad si se prolongan demasiado en el tiempo&quot;.\" \/><\/p>\n<div class=\"epigrafe\">El investigador Kofman asegur\u00f3 que \u00ablas medidas de restricci\u00f3n pierden efectividad si se prolongan demasiado en el tiempo\u00bb.<\/div>\n<\/div>\n<p>\u00abPara garantizar la efectividad de cada cierre la comunicaci\u00f3n, el control y el apoyo social son herramientas fundamentales que se ver\u00e1n simplificadas si las medidas son realmente estrictas, ya que las reglas a comunicar y controlar en tal caso son mucho m\u00e1s simples que cuando las medidas son m\u00e1s laxas y muy poca gente sabe qu\u00e9 est\u00e1 permitido y qu\u00e9 no\u00bb, sostuvo Kofman en di\u00e1logo con T\u00e9lam.<\/p>\n<p>Al respecto, el docente de la UNR a\u00f1adi\u00f3 que \u00ab\u00e9ste uno de los elementos que permite explicar la degradaci\u00f3n en el nivel de cumplimiento de las restricciones establecidas en los \u00faltimos meses\u00bb.<\/p>\n<p>Aunque lo definen como \u00abimperfecto\u00bb, los integrantes del grupo ven en los ASPI una estrategia \u00abposible\u00bb.<\/p>\n<p>\u00abEl esquema propuesto se apoya en primer lugar en la observaci\u00f3n de que las medidas de restricci\u00f3n pierden efectividad si se prolongan demasiado en el tiempo. En segundo lugar, usamos modelos matem\u00e1ticos que capturan la mec\u00e1nica de la propagaci\u00f3n, y los ajustamos a los datos oficiales de casos en nuestro pa\u00eds\u00bb, describi\u00f3 Kofman.<\/p>\n<p>Por otro lado, sostuvo que \u00abes una estrategia que permite a priori planificar la vida cotidiana y las actividades econ\u00f3micas de una manera mucho m\u00e1s razonable que con medidas adoptadas de forma reactiva al ver que la curva se dispara\u00bb.<\/p>\n<blockquote><p>\u00abEs una estrategia que permite planificar la vida cotidiana y las actividades econ\u00f3micas de una manera mucho m\u00e1s razonable\u00bb.<\/p>\n<div class=\"sign\">ERNESTO KOFMAN<\/div>\n<\/blockquote>\n<p>Al hacer un an\u00e1lisis del comportamiento social, el soci\u00f3logo e investigador del Conicet Daniel Feierstein se\u00f1al\u00f3 a T\u00e9lam que \u00abnos encontramos con una situaci\u00f3n parad\u00f3jica: de una parte, todos los estudios de opini\u00f3n destacan que alrededor de dos terceras partes de la poblaci\u00f3n contin\u00faan considerando necesario establecer medidas importantes de cuidado\u00bb.<\/p>\n<p>\u00abDe otra parte, sectores muy importantes (cuyo n\u00famero es m\u00e1s variable y dependiente de los n\u00fameros de casos diarios detectados) consideran que no se pueden establecer medidas de largo aliento y han perdido confianza en la palabra p\u00fablica, como producto de las continuas renovaciones de los per\u00edodos de restricci\u00f3n en el momento en que su plazo caducaba\u00bb, evalu\u00f3<\/p>\n<p>\u00abEs por ello que implementar un modelo diferente de restricciones y de comunicaci\u00f3n de las mismas puede permitir efectivizar la percepci\u00f3n de la necesidad de cuidado a la vez que restituir el contrato entre gobernantes y poblaci\u00f3n, estableciendo pautas claras que requieren del cumplimiento de ambas partes para resultar efectivas\u00bb, concluy\u00f3 el soci\u00f3logo.<\/p>\n<div id=\"image\" class=\"image\">\n<p><img decoding=\"async\" title=\"Daniel Feierstein: &quot;Implementar un modelo diferente de restricciones y de comunicaci\u00f3n puede permitir efectivizar la percepci\u00f3n de la necesidad de cuidado&quot;.\" src=\"https:\/\/www.telam.com.ar\/advf\/imagenes\/2021\/05\/60b2b46a11ddf_1004x565.jpg\" alt=\"Daniel Feierstein: &quot;Implementar un modelo diferente de restricciones y de comunicaci\u00f3n puede permitir efectivizar la percepci\u00f3n de la necesidad de cuidado&quot;.\" \/><\/p>\n<div class=\"epigrafe\">Daniel Feierstein: \u00abImplementar un modelo diferente de restricciones y de comunicaci\u00f3n puede permitir efectivizar la percepci\u00f3n de la necesidad de cuidado\u00bb.<\/div>\n<\/div>\n<p><strong>La estrategia de ASPI fue propuesta inicialmente por Castro y desarrollada junto a Kofman, Feierstein y el m\u00e9dico infect\u00f3logo Omar Sued<\/strong>\u00a0(todos en permanente di\u00e1logo con profesionales del campo de la salud mental, de la f\u00edsica y de la qu\u00edmica, entre otras disciplinas) en el marco de una de las Ideas-Proyecto seleccionadas en abril de 2020 por la Unidad Coronavirus del Ministerio de Ciencia y Tecnolog\u00eda e Innovaci\u00f3n.<\/p>\n<div class=\"btn_externos\"><\/div>\n<\/div>\n<\/div>\n<div>\n<h4>Por Natalia Concina para TELAM<\/h4>\n<\/div>\n<\/div>\n<\/div>\n<\/div>\n","protected":false},"excerpt":{"rendered":"<p>Un grupo de investigadores proponen como estrategia un\u00a0Aislamiento Social Programado Intermitente (ASPI), lo que implica per\u00edodos de confinamiento estricto seguidos de aperturas donde se sostengan los cuidados por tiempos cortos y programados.<\/p>\n","protected":false},"author":3,"featured_media":0,"comment_status":"closed","ping_status":"closed","sticky":false,"template":"","format":"standard","meta":{"footnotes":""},"categories":[24,30],"tags":[],"class_list":["post-57677","post","type-post","status-publish","format-standard","hentry","category-politica","category-salud"],"yoast_head":"<!-- This site is optimized with the Yoast SEO plugin v25.9 - https:\/\/yoast.com\/wordpress\/plugins\/seo\/ -->\n<title>Cient\u00edficos proponen aislamientos intermitentes y programados para bajar los contagios - Noticias Radio Reflejos<\/title>\n<meta name=\"robots\" content=\"index, follow, max-snippet:-1, max-image-preview:large, max-video-preview:-1\" \/>\n<link rel=\"canonical\" href=\"https:\/\/www.noticiasradioreflejos.com.ar\/2021\/cientificos-proponen-aislamientos-intermitentes-y-programados-para-bajar-los-contagios\/\" \/>\n<meta property=\"og:locale\" content=\"es_ES\" \/>\n<meta property=\"og:type\" content=\"article\" \/>\n<meta property=\"og:title\" content=\"Cient\u00edficos proponen aislamientos intermitentes y programados para bajar los contagios - Noticias Radio Reflejos\" \/>\n<meta property=\"og:description\" content=\"Un grupo de investigadores proponen como estrategia un\u00a0Aislamiento Social Programado Intermitente (ASPI), lo que implica per\u00edodos de confinamiento estricto seguidos de aperturas donde se sostengan los cuidados por tiempos cortos y programados.\" \/>\n<meta property=\"og:url\" content=\"https:\/\/www.noticiasradioreflejos.com.ar\/2021\/cientificos-proponen-aislamientos-intermitentes-y-programados-para-bajar-los-contagios\/\" \/>\n<meta property=\"og:site_name\" content=\"Noticias Radio Reflejos\" \/>\n<meta property=\"article:published_time\" content=\"2021-05-30T00:25:45+00:00\" \/>\n<meta property=\"article:modified_time\" content=\"2021-05-30T00:28:04+00:00\" \/>\n<meta property=\"og:image\" content=\"https:\/\/www.telam.com.ar\/advf\/imagenes\/2021\/05\/60b26d1b73f09_1004x565.jpg\" \/>\n<meta name=\"author\" content=\"Arnaldo Botto\" \/>\n<meta name=\"twitter:card\" content=\"summary_large_image\" \/>\n<script type=\"application\/ld+json\" class=\"yoast-schema-graph\">{\"@context\":\"https:\/\/schema.org\",\"@graph\":[{\"@type\":\"WebPage\",\"@id\":\"https:\/\/www.noticiasradioreflejos.com.ar\/2021\/cientificos-proponen-aislamientos-intermitentes-y-programados-para-bajar-los-contagios\/\",\"url\":\"https:\/\/www.noticiasradioreflejos.com.ar\/2021\/cientificos-proponen-aislamientos-intermitentes-y-programados-para-bajar-los-contagios\/\",\"name\":\"Cient\u00edficos proponen aislamientos intermitentes y programados para bajar los contagios - Noticias Radio Reflejos\",\"isPartOf\":{\"@id\":\"https:\/\/www.noticiasradioreflejos.com.ar\/2021\/#website\"},\"primaryImageOfPage\":{\"@id\":\"https:\/\/www.noticiasradioreflejos.com.ar\/2021\/cientificos-proponen-aislamientos-intermitentes-y-programados-para-bajar-los-contagios\/#primaryimage\"},\"image\":{\"@id\":\"https:\/\/www.noticiasradioreflejos.com.ar\/2021\/cientificos-proponen-aislamientos-intermitentes-y-programados-para-bajar-los-contagios\/#primaryimage\"},\"thumbnailUrl\":\"https:\/\/www.telam.com.ar\/advf\/imagenes\/2021\/05\/60b26d1b73f09_1004x565.jpg\",\"datePublished\":\"2021-05-30T00:25:45+00:00\",\"dateModified\":\"2021-05-30T00:28:04+00:00\",\"author\":{\"@id\":\"https:\/\/www.noticiasradioreflejos.com.ar\/2021\/#\/schema\/person\/ad82545263dcc5ec0996818884fd5fb1\"},\"breadcrumb\":{\"@id\":\"https:\/\/www.noticiasradioreflejos.com.ar\/2021\/cientificos-proponen-aislamientos-intermitentes-y-programados-para-bajar-los-contagios\/#breadcrumb\"},\"inLanguage\":\"es\",\"potentialAction\":[{\"@type\":\"ReadAction\",\"target\":[\"https:\/\/www.noticiasradioreflejos.com.ar\/2021\/cientificos-proponen-aislamientos-intermitentes-y-programados-para-bajar-los-contagios\/\"]}]},{\"@type\":\"ImageObject\",\"inLanguage\":\"es\",\"@id\":\"https:\/\/www.noticiasradioreflejos.com.ar\/2021\/cientificos-proponen-aislamientos-intermitentes-y-programados-para-bajar-los-contagios\/#primaryimage\",\"url\":\"https:\/\/www.telam.com.ar\/advf\/imagenes\/2021\/05\/60b26d1b73f09_1004x565.jpg\",\"contentUrl\":\"https:\/\/www.telam.com.ar\/advf\/imagenes\/2021\/05\/60b26d1b73f09_1004x565.jpg\"},{\"@type\":\"BreadcrumbList\",\"@id\":\"https:\/\/www.noticiasradioreflejos.com.ar\/2021\/cientificos-proponen-aislamientos-intermitentes-y-programados-para-bajar-los-contagios\/#breadcrumb\",\"itemListElement\":[{\"@type\":\"ListItem\",\"position\":1,\"name\":\"Portada\",\"item\":\"https:\/\/www.noticiasradioreflejos.com.ar\/2021\/\"},{\"@type\":\"ListItem\",\"position\":2,\"name\":\"Cient\u00edficos proponen aislamientos intermitentes y programados para bajar los contagios\"}]},{\"@type\":\"WebSite\",\"@id\":\"https:\/\/www.noticiasradioreflejos.com.ar\/2021\/#website\",\"url\":\"https:\/\/www.noticiasradioreflejos.com.ar\/2021\/\",\"name\":\"Noticias Radio Reflejos\",\"description\":\"Las noticias de mi comarca\",\"potentialAction\":[{\"@type\":\"SearchAction\",\"target\":{\"@type\":\"EntryPoint\",\"urlTemplate\":\"https:\/\/www.noticiasradioreflejos.com.ar\/2021\/?s={search_term_string}\"},\"query-input\":{\"@type\":\"PropertyValueSpecification\",\"valueRequired\":true,\"valueName\":\"search_term_string\"}}],\"inLanguage\":\"es\"},{\"@type\":\"Person\",\"@id\":\"https:\/\/www.noticiasradioreflejos.com.ar\/2021\/#\/schema\/person\/ad82545263dcc5ec0996818884fd5fb1\",\"name\":\"Arnaldo Botto\",\"image\":{\"@type\":\"ImageObject\",\"inLanguage\":\"es\",\"@id\":\"https:\/\/www.noticiasradioreflejos.com.ar\/2021\/#\/schema\/person\/image\/\",\"url\":\"https:\/\/secure.gravatar.com\/avatar\/55cb5e37c1efa326397366e6974cb338056df65cb50e7d64d1cf314e87504837?s=96&d=mm&r=g\",\"contentUrl\":\"https:\/\/secure.gravatar.com\/avatar\/55cb5e37c1efa326397366e6974cb338056df65cb50e7d64d1cf314e87504837?s=96&d=mm&r=g\",\"caption\":\"Arnaldo Botto\"},\"url\":\"https:\/\/www.noticiasradioreflejos.com.ar\/2021\/author\/arnaldo\/\"}]}<\/script>\n<!-- \/ Yoast SEO plugin. -->","yoast_head_json":{"title":"Cient\u00edficos proponen aislamientos intermitentes y programados para bajar los contagios - Noticias Radio Reflejos","robots":{"index":"index","follow":"follow","max-snippet":"max-snippet:-1","max-image-preview":"max-image-preview:large","max-video-preview":"max-video-preview:-1"},"canonical":"https:\/\/www.noticiasradioreflejos.com.ar\/2021\/cientificos-proponen-aislamientos-intermitentes-y-programados-para-bajar-los-contagios\/","og_locale":"es_ES","og_type":"article","og_title":"Cient\u00edficos proponen aislamientos intermitentes y programados para bajar los contagios - Noticias Radio Reflejos","og_description":"Un grupo de investigadores proponen como estrategia un\u00a0Aislamiento Social Programado Intermitente (ASPI), lo que implica per\u00edodos de confinamiento estricto seguidos de aperturas donde se sostengan los cuidados por tiempos cortos y programados.","og_url":"https:\/\/www.noticiasradioreflejos.com.ar\/2021\/cientificos-proponen-aislamientos-intermitentes-y-programados-para-bajar-los-contagios\/","og_site_name":"Noticias Radio Reflejos","article_published_time":"2021-05-30T00:25:45+00:00","article_modified_time":"2021-05-30T00:28:04+00:00","og_image":[{"url":"https:\/\/www.telam.com.ar\/advf\/imagenes\/2021\/05\/60b26d1b73f09_1004x565.jpg","type":"","width":"","height":""}],"author":"Arnaldo Botto","twitter_card":"summary_large_image","schema":{"@context":"https:\/\/schema.org","@graph":[{"@type":"WebPage","@id":"https:\/\/www.noticiasradioreflejos.com.ar\/2021\/cientificos-proponen-aislamientos-intermitentes-y-programados-para-bajar-los-contagios\/","url":"https:\/\/www.noticiasradioreflejos.com.ar\/2021\/cientificos-proponen-aislamientos-intermitentes-y-programados-para-bajar-los-contagios\/","name":"Cient\u00edficos proponen aislamientos intermitentes y programados para bajar los contagios - Noticias Radio Reflejos","isPartOf":{"@id":"https:\/\/www.noticiasradioreflejos.com.ar\/2021\/#website"},"primaryImageOfPage":{"@id":"https:\/\/www.noticiasradioreflejos.com.ar\/2021\/cientificos-proponen-aislamientos-intermitentes-y-programados-para-bajar-los-contagios\/#primaryimage"},"image":{"@id":"https:\/\/www.noticiasradioreflejos.com.ar\/2021\/cientificos-proponen-aislamientos-intermitentes-y-programados-para-bajar-los-contagios\/#primaryimage"},"thumbnailUrl":"https:\/\/www.telam.com.ar\/advf\/imagenes\/2021\/05\/60b26d1b73f09_1004x565.jpg","datePublished":"2021-05-30T00:25:45+00:00","dateModified":"2021-05-30T00:28:04+00:00","author":{"@id":"https:\/\/www.noticiasradioreflejos.com.ar\/2021\/#\/schema\/person\/ad82545263dcc5ec0996818884fd5fb1"},"breadcrumb":{"@id":"https:\/\/www.noticiasradioreflejos.com.ar\/2021\/cientificos-proponen-aislamientos-intermitentes-y-programados-para-bajar-los-contagios\/#breadcrumb"},"inLanguage":"es","potentialAction":[{"@type":"ReadAction","target":["https:\/\/www.noticiasradioreflejos.com.ar\/2021\/cientificos-proponen-aislamientos-intermitentes-y-programados-para-bajar-los-contagios\/"]}]},{"@type":"ImageObject","inLanguage":"es","@id":"https:\/\/www.noticiasradioreflejos.com.ar\/2021\/cientificos-proponen-aislamientos-intermitentes-y-programados-para-bajar-los-contagios\/#primaryimage","url":"https:\/\/www.telam.com.ar\/advf\/imagenes\/2021\/05\/60b26d1b73f09_1004x565.jpg","contentUrl":"https:\/\/www.telam.com.ar\/advf\/imagenes\/2021\/05\/60b26d1b73f09_1004x565.jpg"},{"@type":"BreadcrumbList","@id":"https:\/\/www.noticiasradioreflejos.com.ar\/2021\/cientificos-proponen-aislamientos-intermitentes-y-programados-para-bajar-los-contagios\/#breadcrumb","itemListElement":[{"@type":"ListItem","position":1,"name":"Portada","item":"https:\/\/www.noticiasradioreflejos.com.ar\/2021\/"},{"@type":"ListItem","position":2,"name":"Cient\u00edficos proponen aislamientos intermitentes y programados para bajar los contagios"}]},{"@type":"WebSite","@id":"https:\/\/www.noticiasradioreflejos.com.ar\/2021\/#website","url":"https:\/\/www.noticiasradioreflejos.com.ar\/2021\/","name":"Noticias Radio Reflejos","description":"Las noticias de mi comarca","potentialAction":[{"@type":"SearchAction","target":{"@type":"EntryPoint","urlTemplate":"https:\/\/www.noticiasradioreflejos.com.ar\/2021\/?s={search_term_string}"},"query-input":{"@type":"PropertyValueSpecification","valueRequired":true,"valueName":"search_term_string"}}],"inLanguage":"es"},{"@type":"Person","@id":"https:\/\/www.noticiasradioreflejos.com.ar\/2021\/#\/schema\/person\/ad82545263dcc5ec0996818884fd5fb1","name":"Arnaldo Botto","image":{"@type":"ImageObject","inLanguage":"es","@id":"https:\/\/www.noticiasradioreflejos.com.ar\/2021\/#\/schema\/person\/image\/","url":"https:\/\/secure.gravatar.com\/avatar\/55cb5e37c1efa326397366e6974cb338056df65cb50e7d64d1cf314e87504837?s=96&d=mm&r=g","contentUrl":"https:\/\/secure.gravatar.com\/avatar\/55cb5e37c1efa326397366e6974cb338056df65cb50e7d64d1cf314e87504837?s=96&d=mm&r=g","caption":"Arnaldo Botto"},"url":"https:\/\/www.noticiasradioreflejos.com.ar\/2021\/author\/arnaldo\/"}]}},"_links":{"self":[{"href":"https:\/\/www.noticiasradioreflejos.com.ar\/2021\/wp-json\/wp\/v2\/posts\/57677","targetHints":{"allow":["GET"]}}],"collection":[{"href":"https:\/\/www.noticiasradioreflejos.com.ar\/2021\/wp-json\/wp\/v2\/posts"}],"about":[{"href":"https:\/\/www.noticiasradioreflejos.com.ar\/2021\/wp-json\/wp\/v2\/types\/post"}],"author":[{"embeddable":true,"href":"https:\/\/www.noticiasradioreflejos.com.ar\/2021\/wp-json\/wp\/v2\/users\/3"}],"replies":[{"embeddable":true,"href":"https:\/\/www.noticiasradioreflejos.com.ar\/2021\/wp-json\/wp\/v2\/comments?post=57677"}],"version-history":[{"count":2,"href":"https:\/\/www.noticiasradioreflejos.com.ar\/2021\/wp-json\/wp\/v2\/posts\/57677\/revisions"}],"predecessor-version":[{"id":57680,"href":"https:\/\/www.noticiasradioreflejos.com.ar\/2021\/wp-json\/wp\/v2\/posts\/57677\/revisions\/57680"}],"wp:attachment":[{"href":"https:\/\/www.noticiasradioreflejos.com.ar\/2021\/wp-json\/wp\/v2\/media?parent=57677"}],"wp:term":[{"taxonomy":"category","embeddable":true,"href":"https:\/\/www.noticiasradioreflejos.com.ar\/2021\/wp-json\/wp\/v2\/categories?post=57677"},{"taxonomy":"post_tag","embeddable":true,"href":"https:\/\/www.noticiasradioreflejos.com.ar\/2021\/wp-json\/wp\/v2\/tags?post=57677"}],"curies":[{"name":"wp","href":"https:\/\/api.w.org\/{rel}","templated":true}]}}