{"id":57662,"date":"2021-05-28T22:10:36","date_gmt":"2021-05-28T22:10:36","guid":{"rendered":"http:\/\/www.noticiasradioreflejos.com.ar\/2021\/?p=57662"},"modified":"2021-05-28T22:10:36","modified_gmt":"2021-05-28T22:10:36","slug":"amplian-las-lineas-de-credito-para-pymes-monotributistas-y-autonomos-del-sector-turistico","status":"publish","type":"post","link":"https:\/\/www.noticiasradioreflejos.com.ar\/2021\/amplian-las-lineas-de-credito-para-pymes-monotributistas-y-autonomos-del-sector-turistico\/","title":{"rendered":"Ampl\u00edan las l\u00edneas de cr\u00e9dito para pymes, monotributistas y aut\u00f3nomos del sector tur\u00edstico"},"content":{"rendered":"<div class=\"head-content\">\n<p>En di\u00e1logo con T\u00e9lam Radio, la subsecretaria de Desarrollo Estrat\u00e9gico del Ministerio de Turismo y Deportes, Eugenia Benedetti explic\u00f3 de que se trata el programa y hacia quienes est\u00e1 dirigido.<\/p>\n<\/div>\n<p><!--more--><\/p>\n<div class=\"main-content-block\">\n<div class=\"main-box clearfix\">\n<div class=\"wrapper-main-section clearfix\">\n<div class=\"wrapper-editable-content\">\n<div class=\"editable-content clearfix\">\n<div id=\"image\" class=\"image\">\n<div class=\"epigrafe\">La subsecretaria de Desarrollo Estrat\u00e9gico del Ministerio de Turismo y Deportes, Eugenia Benedetti, detall\u00f3 los alcances de una ampliaci\u00f3n de 2.000 millones de pesos en la l\u00ednea de cr\u00e9ditos a tasa 0% para PyMEs, monotributistas y aut\u00f3nomos del sector tur\u00edstico.<\/div>\n<\/div>\n<p>El financiamiento llegar\u00e1 as\u00ed a los 6.000 millones de pesos y estar\u00e1 vigente hasta el pr\u00f3ximo 30 de junio, y los cr\u00e9ditos est\u00e1n destinados a capital de trabajo con un plazo de dos a\u00f1os, durante el primero de los cuales la tasa es del 0%, subsidiada por el Fondo Nacional de Desarrollo Productivo (Fondep).<\/p>\n<p><img loading=\"lazy\" decoding=\"async\" class=\"alignnone size-full wp-image-54937\" src=\"http:\/\/www.noticiasradioreflejos.com.ar\/2021\/wp-content\/uploads\/2021\/04\/WhatsApp-Image-2021-04-05-at-11.43.02-e1622239714687.jpeg\" alt=\"\" width=\"800\" height=\"459\" \/><\/p>\n<p>Durante los 12 meses subsiguientes la tasa ser\u00e1 del 18%, y desde el Fondo de Garant\u00edas Argentino (Fogar) se otorgar\u00e1n los avales por el 100% de cada pr\u00e9stamo, que adem\u00e1s tendr\u00e1n un a\u00f1o de gracia para comenzar a pagarlos.<\/p>\n<p>En di\u00e1logo con T\u00e9lam Radio, Benedetti explic\u00f3 que la l\u00ednea de cr\u00e9dito \u00abtiene una cobertura un poco m\u00e1s amplia que el resto de las medidas que van a turismo porque permite la posibilidad de que, justificando la vinculaci\u00f3n con el turismo, el ministerio otorgue avales para que despu\u00e9s las empresas puedan ir a pedir el pr\u00e9stamo\u00bb.<\/p>\n<div class=\"js-code\">\n<p><iframe loading=\"lazy\" src=\"https:\/\/w.soundcloud.com\/player\/?url=https%3A\/\/api.soundcloud.com\/tracks\/1056756880&amp;color=%23ff5500&amp;auto_play=false&amp;hide_related=false&amp;show_comments=true&amp;show_user=true&amp;show_reposts=false&amp;show_teaser=true\" width=\"100%\" height=\"166\" frameborder=\"no\" scrolling=\"no\" data-mce-fragment=\"1\"><\/iframe><\/p>\n<div><a title=\"PODCAST\" href=\"https:\/\/soundcloud.com\/user-961456406\" target=\"_blank\" rel=\"noopener\">PODCAST<\/a>\u00a0\u00b7\u00a0<a title=\"TURISMO: AMPLIACI\u00d3N DE L\u00cdNEA DE CR\u00c9DITOS PARA PYMES, MONOTRIBUTISTAS Y AUT\u00d3NOMOS\" href=\"https:\/\/soundcloud.com\/user-961456406\/turismo-ampliacion-de-linea-de-creditos-para-pymes-monotriburistas-y-autonomos\" target=\"_blank\" rel=\"noopener\">TURISMO: AMPLIACI\u00d3N DE L\u00cdNEA DE CR\u00c9DITOS PARA PYMES, MONOTRIBUTISTAS Y AUT\u00d3NOMOS<\/a><\/div>\n<\/div>\n<p>Subray\u00f3 que tiene alcance\u00a0<strong>\u00abpara todas las PyMEs, micro, peque\u00f1as y medianas empresas del sector, lo que permite que algunos sectores que tal vez tienen m\u00e1s complejidades para pedir o justificar su vinculaci\u00f3n con el turismo, como el turismo de reuniones, por ejemplo, que es uno de los m\u00e1s afectados, pero que a veces no entran en estos c\u00f3digos de Afip los claves, como lo que entran sectores cr\u00edticos\u00bb<\/strong>.<\/p>\n<p>Asimismo, la funcionaria explic\u00f3 que el Ministerio de Desarrollo Productivo, \u00aba trav\u00e9s del Fondep y el Fondap, es el que permite habilitar los fondos, pero tambi\u00e9n ofrecer garant\u00edas\u00bb.<\/p>\n<p>\u00abEsto, para las PyMEs tur\u00edsticas, que vienen soportando hace tanto tiempo esta crisis, es una posibilidad de acceder a l\u00edneas de cr\u00e9ditos en estas condiciones tan favorables sin tener que cumplir a veces con esos requisitos tan exigentes que pueden llegar a significar para estas empresas\u00bb, afirm\u00f3.<\/p>\n<blockquote><p>\u00abEs la quinta edici\u00f3n del APTur, un programa que otorga 50 mil pesos para aut\u00f3nomos y monotributistas para que puedan tambi\u00e9n ganar un poco de inyecci\u00f3n en liquidez en estos sectores afectados\u00bb<\/p>\n<div class=\"sign\">EUGENIA BENEDETTI<\/div>\n<\/blockquote>\n<p>Luego de ello, el Banco Naci\u00f3n es el que operativiza la l\u00ednea, lo que fue calificado por Benedetti como \u00abfundamental\u00bb, porque hay todo un equipo que est\u00e1 permanentemente atendiendo las necesidades en cada sucursal.<\/p>\n<p>Para poder acceder a estos tr\u00e1mites, la funcionaria nacional explic\u00f3 que se realizan a trav\u00e9s de un link en la p\u00e1gina del Ministerio de Trismo y Deportes.<\/p>\n<p><img loading=\"lazy\" decoding=\"async\" class=\"alignnone size-full wp-image-55185\" src=\"http:\/\/www.noticiasradioreflejos.com.ar\/2021\/wp-content\/uploads\/2021\/04\/sierradelaventana.jpg\" alt=\"\" width=\"1920\" height=\"1080\" \/><\/p>\n<p><strong>\u00abAh\u00ed aparece una direcci\u00f3n de correo donde justifican porqu\u00e9 necesitan el aval, y \u00e9ste se otorga en un plazo de menos de 24 horas, y ya con eso, se pide turno en el Banco Naci\u00f3n y ah\u00ed un agente especial va contando cu\u00e1les son las condiciones del cr\u00e9dito, y puede ser necesario que despu\u00e9s de ello, tengan que ir una vez m\u00e1s a presentar los papeles. Siempre, por lo general, es algo que demora uno o dos turnos en el transcurso de menos de un mes\u00bb<\/strong>, remarc\u00f3.<\/p>\n<p>Respecto de otros mecanismos en marcha para seguir ayudando al sector, Benedetti record\u00f3 que estaban los Repro, que ahora subieron a 22.000 pesos para todos los trabajadores afectados en sectores cr\u00edticos, entre ellos el turismo.<\/p>\n<blockquote class=\"twitter-tweet\" data-width=\"500\" data-dnt=\"true\">\n<p lang=\"es\" dir=\"ltr\">Los ministros Mat\u00edas Lammens y Mat\u00edas Kulfas anunciaron, junto al titular del <a href=\"https:\/\/twitter.com\/prensabna?ref_src=twsrc%5Etfw\">@prensabna<\/a>, Eduardo Hecker, la extensi\u00f3n en la l\u00ednea de cr\u00e9ditos a tasa 0% para PyMEs, monotributistas y aut\u00f3nomos del sector tur\u00edstico. \ud83c\udfe6 <\/p>\n<p>\ud83d\udc49 <a href=\"https:\/\/t.co\/EO3LYVR6rE\">https:\/\/t.co\/EO3LYVR6rE<\/a> <a href=\"https:\/\/t.co\/ejIOAH7io6\">pic.twitter.com\/ejIOAH7io6<\/a><\/p>\n<p>&mdash; Ministerio de Turismo y Deportes (@TurDepAR) <a href=\"https:\/\/twitter.com\/TurDepAR\/status\/1397645435318247427?ref_src=twsrc%5Etfw\">May 26, 2021<\/a><\/p><\/blockquote>\n<p><script async src=\"https:\/\/platform.twitter.com\/widgets.js\" charset=\"utf-8\"><\/script><\/p>\n<p>\u00abTambi\u00e9n est\u00e1 en marcha un Repro para gastron\u00f3micos, para monotributistas que tienen hasta cinco empleados, que adem\u00e1s de darles los 22 mil pesos a los trabajadores de las empresas, tambi\u00e9n se les da en este caso a peque\u00f1as empresas, a los due\u00f1os, que tienen que soportar gastos y est\u00e1n muy complicados con la liquidez\u00bb, agreg\u00f3.<\/p>\n<p>Tras adelantar que se est\u00e1 pensando en extender esas Repro para aut\u00f3nomos y monotributistas a m\u00e1s sectores cr\u00edticos, Benedetti dijo que desde el Ministerio de Turismo y Deportes est\u00e1 por lanzar \u00abla quinta edici\u00f3n del APTur, que es un programa que otorga 50 mil pesos para aut\u00f3nomos y monotributistas para que puedan tambi\u00e9n ganar un poco de inyecci\u00f3n en liquidez en estos sectores afectados\u00bb.<\/p>\n<p>Para finalizar, remarc\u00f3 que desde el organismo se prev\u00e9n de forma continua medidas de asistencia, \u00abporque una vez que se van confirmando la extensi\u00f3n de las medidas restrictivas tenemos permanentemente presente que el sector tur\u00edstico es de los m\u00e1s afectados\u00bb.<\/p>\n<\/div>\n<\/div>\n<\/div>\n<\/div>\n<\/div>\n","protected":false},"excerpt":{"rendered":"<p>En di\u00e1logo con T\u00e9lam Radio, la subsecretaria de Desarrollo Estrat\u00e9gico del Ministerio de Turismo y Deportes, Eugenia Benedetti explic\u00f3 de que se trata el programa y hacia quienes est\u00e1 dirigido.<\/p>\n","protected":false},"author":3,"featured_media":28550,"comment_status":"closed","ping_status":"closed","sticky":false,"template":"","format":"standard","meta":{"footnotes":""},"categories":[36,24,33],"tags":[48],"class_list":["post-57662","post","type-post","status-publish","format-standard","has-post-thumbnail","hentry","category-economia","category-politica","category-turismo","tag-destacada"],"yoast_head":"<!-- This site is optimized with the Yoast SEO plugin v25.9 - https:\/\/yoast.com\/wordpress\/plugins\/seo\/ -->\n<title>Ampl\u00edan las l\u00edneas de cr\u00e9dito para pymes, monotributistas y aut\u00f3nomos del sector tur\u00edstico - Noticias Radio Reflejos<\/title>\n<meta name=\"robots\" content=\"index, follow, max-snippet:-1, max-image-preview:large, max-video-preview:-1\" \/>\n<link rel=\"canonical\" href=\"https:\/\/www.noticiasradioreflejos.com.ar\/2021\/amplian-las-lineas-de-credito-para-pymes-monotributistas-y-autonomos-del-sector-turistico\/\" \/>\n<meta property=\"og:locale\" content=\"es_ES\" \/>\n<meta property=\"og:type\" content=\"article\" \/>\n<meta property=\"og:title\" content=\"Ampl\u00edan las l\u00edneas de cr\u00e9dito para pymes, monotributistas y aut\u00f3nomos del sector tur\u00edstico - Noticias Radio Reflejos\" \/>\n<meta property=\"og:description\" content=\"En di\u00e1logo con T\u00e9lam Radio, la subsecretaria de Desarrollo Estrat\u00e9gico del Ministerio de Turismo y Deportes, Eugenia Benedetti explic\u00f3 de que se trata el programa y hacia quienes est\u00e1 dirigido.\" \/>\n<meta property=\"og:url\" content=\"https:\/\/www.noticiasradioreflejos.com.ar\/2021\/amplian-las-lineas-de-credito-para-pymes-monotributistas-y-autonomos-del-sector-turistico\/\" \/>\n<meta property=\"og:site_name\" content=\"Noticias Radio Reflejos\" \/>\n<meta property=\"article:published_time\" content=\"2021-05-28T22:10:36+00:00\" \/>\n<meta property=\"og:image\" content=\"https:\/\/www.noticiasradioreflejos.com.ar\/2021\/wp-content\/uploads\/2019\/01\/area-si.jpg\" \/>\n\t<meta property=\"og:image:width\" content=\"700\" \/>\n\t<meta property=\"og:image:height\" content=\"412\" \/>\n\t<meta property=\"og:image:type\" content=\"image\/jpeg\" \/>\n<meta name=\"author\" content=\"Arnaldo Botto\" \/>\n<meta name=\"twitter:card\" content=\"summary_large_image\" \/>\n<script type=\"application\/ld+json\" class=\"yoast-schema-graph\">{\"@context\":\"https:\/\/schema.org\",\"@graph\":[{\"@type\":\"WebPage\",\"@id\":\"https:\/\/www.noticiasradioreflejos.com.ar\/2021\/amplian-las-lineas-de-credito-para-pymes-monotributistas-y-autonomos-del-sector-turistico\/\",\"url\":\"https:\/\/www.noticiasradioreflejos.com.ar\/2021\/amplian-las-lineas-de-credito-para-pymes-monotributistas-y-autonomos-del-sector-turistico\/\",\"name\":\"Ampl\u00edan las l\u00edneas de cr\u00e9dito para pymes, monotributistas y aut\u00f3nomos del sector tur\u00edstico - Noticias Radio Reflejos\",\"isPartOf\":{\"@id\":\"https:\/\/www.noticiasradioreflejos.com.ar\/2021\/#website\"},\"primaryImageOfPage\":{\"@id\":\"https:\/\/www.noticiasradioreflejos.com.ar\/2021\/amplian-las-lineas-de-credito-para-pymes-monotributistas-y-autonomos-del-sector-turistico\/#primaryimage\"},\"image\":{\"@id\":\"https:\/\/www.noticiasradioreflejos.com.ar\/2021\/amplian-las-lineas-de-credito-para-pymes-monotributistas-y-autonomos-del-sector-turistico\/#primaryimage\"},\"thumbnailUrl\":\"https:\/\/www.noticiasradioreflejos.com.ar\/2021\/wp-content\/uploads\/2019\/01\/area-si.jpg\",\"datePublished\":\"2021-05-28T22:10:36+00:00\",\"author\":{\"@id\":\"https:\/\/www.noticiasradioreflejos.com.ar\/2021\/#\/schema\/person\/ad82545263dcc5ec0996818884fd5fb1\"},\"breadcrumb\":{\"@id\":\"https:\/\/www.noticiasradioreflejos.com.ar\/2021\/amplian-las-lineas-de-credito-para-pymes-monotributistas-y-autonomos-del-sector-turistico\/#breadcrumb\"},\"inLanguage\":\"es\",\"potentialAction\":[{\"@type\":\"ReadAction\",\"target\":[\"https:\/\/www.noticiasradioreflejos.com.ar\/2021\/amplian-las-lineas-de-credito-para-pymes-monotributistas-y-autonomos-del-sector-turistico\/\"]}]},{\"@type\":\"ImageObject\",\"inLanguage\":\"es\",\"@id\":\"https:\/\/www.noticiasradioreflejos.com.ar\/2021\/amplian-las-lineas-de-credito-para-pymes-monotributistas-y-autonomos-del-sector-turistico\/#primaryimage\",\"url\":\"https:\/\/www.noticiasradioreflejos.com.ar\/2021\/wp-content\/uploads\/2019\/01\/area-si.jpg\",\"contentUrl\":\"https:\/\/www.noticiasradioreflejos.com.ar\/2021\/wp-content\/uploads\/2019\/01\/area-si.jpg\",\"width\":700,\"height\":412},{\"@type\":\"BreadcrumbList\",\"@id\":\"https:\/\/www.noticiasradioreflejos.com.ar\/2021\/amplian-las-lineas-de-credito-para-pymes-monotributistas-y-autonomos-del-sector-turistico\/#breadcrumb\",\"itemListElement\":[{\"@type\":\"ListItem\",\"position\":1,\"name\":\"Portada\",\"item\":\"https:\/\/www.noticiasradioreflejos.com.ar\/2021\/\"},{\"@type\":\"ListItem\",\"position\":2,\"name\":\"Ampl\u00edan las l\u00edneas de cr\u00e9dito para pymes, monotributistas y aut\u00f3nomos del sector tur\u00edstico\"}]},{\"@type\":\"WebSite\",\"@id\":\"https:\/\/www.noticiasradioreflejos.com.ar\/2021\/#website\",\"url\":\"https:\/\/www.noticiasradioreflejos.com.ar\/2021\/\",\"name\":\"Noticias Radio Reflejos\",\"description\":\"Las noticias de mi comarca\",\"potentialAction\":[{\"@type\":\"SearchAction\",\"target\":{\"@type\":\"EntryPoint\",\"urlTemplate\":\"https:\/\/www.noticiasradioreflejos.com.ar\/2021\/?s={search_term_string}\"},\"query-input\":{\"@type\":\"PropertyValueSpecification\",\"valueRequired\":true,\"valueName\":\"search_term_string\"}}],\"inLanguage\":\"es\"},{\"@type\":\"Person\",\"@id\":\"https:\/\/www.noticiasradioreflejos.com.ar\/2021\/#\/schema\/person\/ad82545263dcc5ec0996818884fd5fb1\",\"name\":\"Arnaldo Botto\",\"image\":{\"@type\":\"ImageObject\",\"inLanguage\":\"es\",\"@id\":\"https:\/\/www.noticiasradioreflejos.com.ar\/2021\/#\/schema\/person\/image\/\",\"url\":\"https:\/\/secure.gravatar.com\/avatar\/55cb5e37c1efa326397366e6974cb338056df65cb50e7d64d1cf314e87504837?s=96&d=mm&r=g\",\"contentUrl\":\"https:\/\/secure.gravatar.com\/avatar\/55cb5e37c1efa326397366e6974cb338056df65cb50e7d64d1cf314e87504837?s=96&d=mm&r=g\",\"caption\":\"Arnaldo Botto\"},\"url\":\"https:\/\/www.noticiasradioreflejos.com.ar\/2021\/author\/arnaldo\/\"}]}<\/script>\n<!-- \/ Yoast SEO plugin. -->","yoast_head_json":{"title":"Ampl\u00edan las l\u00edneas de cr\u00e9dito para pymes, monotributistas y aut\u00f3nomos del sector tur\u00edstico - Noticias Radio Reflejos","robots":{"index":"index","follow":"follow","max-snippet":"max-snippet:-1","max-image-preview":"max-image-preview:large","max-video-preview":"max-video-preview:-1"},"canonical":"https:\/\/www.noticiasradioreflejos.com.ar\/2021\/amplian-las-lineas-de-credito-para-pymes-monotributistas-y-autonomos-del-sector-turistico\/","og_locale":"es_ES","og_type":"article","og_title":"Ampl\u00edan las l\u00edneas de cr\u00e9dito para pymes, monotributistas y aut\u00f3nomos del sector tur\u00edstico - Noticias Radio Reflejos","og_description":"En di\u00e1logo con T\u00e9lam Radio, la subsecretaria de Desarrollo Estrat\u00e9gico del Ministerio de Turismo y Deportes, Eugenia Benedetti explic\u00f3 de que se trata el programa y hacia quienes est\u00e1 dirigido.","og_url":"https:\/\/www.noticiasradioreflejos.com.ar\/2021\/amplian-las-lineas-de-credito-para-pymes-monotributistas-y-autonomos-del-sector-turistico\/","og_site_name":"Noticias Radio Reflejos","article_published_time":"2021-05-28T22:10:36+00:00","og_image":[{"width":700,"height":412,"url":"https:\/\/www.noticiasradioreflejos.com.ar\/2021\/wp-content\/uploads\/2019\/01\/area-si.jpg","type":"image\/jpeg"}],"author":"Arnaldo Botto","twitter_card":"summary_large_image","schema":{"@context":"https:\/\/schema.org","@graph":[{"@type":"WebPage","@id":"https:\/\/www.noticiasradioreflejos.com.ar\/2021\/amplian-las-lineas-de-credito-para-pymes-monotributistas-y-autonomos-del-sector-turistico\/","url":"https:\/\/www.noticiasradioreflejos.com.ar\/2021\/amplian-las-lineas-de-credito-para-pymes-monotributistas-y-autonomos-del-sector-turistico\/","name":"Ampl\u00edan las l\u00edneas de cr\u00e9dito para pymes, monotributistas y aut\u00f3nomos del sector tur\u00edstico - Noticias Radio Reflejos","isPartOf":{"@id":"https:\/\/www.noticiasradioreflejos.com.ar\/2021\/#website"},"primaryImageOfPage":{"@id":"https:\/\/www.noticiasradioreflejos.com.ar\/2021\/amplian-las-lineas-de-credito-para-pymes-monotributistas-y-autonomos-del-sector-turistico\/#primaryimage"},"image":{"@id":"https:\/\/www.noticiasradioreflejos.com.ar\/2021\/amplian-las-lineas-de-credito-para-pymes-monotributistas-y-autonomos-del-sector-turistico\/#primaryimage"},"thumbnailUrl":"https:\/\/www.noticiasradioreflejos.com.ar\/2021\/wp-content\/uploads\/2019\/01\/area-si.jpg","datePublished":"2021-05-28T22:10:36+00:00","author":{"@id":"https:\/\/www.noticiasradioreflejos.com.ar\/2021\/#\/schema\/person\/ad82545263dcc5ec0996818884fd5fb1"},"breadcrumb":{"@id":"https:\/\/www.noticiasradioreflejos.com.ar\/2021\/amplian-las-lineas-de-credito-para-pymes-monotributistas-y-autonomos-del-sector-turistico\/#breadcrumb"},"inLanguage":"es","potentialAction":[{"@type":"ReadAction","target":["https:\/\/www.noticiasradioreflejos.com.ar\/2021\/amplian-las-lineas-de-credito-para-pymes-monotributistas-y-autonomos-del-sector-turistico\/"]}]},{"@type":"ImageObject","inLanguage":"es","@id":"https:\/\/www.noticiasradioreflejos.com.ar\/2021\/amplian-las-lineas-de-credito-para-pymes-monotributistas-y-autonomos-del-sector-turistico\/#primaryimage","url":"https:\/\/www.noticiasradioreflejos.com.ar\/2021\/wp-content\/uploads\/2019\/01\/area-si.jpg","contentUrl":"https:\/\/www.noticiasradioreflejos.com.ar\/2021\/wp-content\/uploads\/2019\/01\/area-si.jpg","width":700,"height":412},{"@type":"BreadcrumbList","@id":"https:\/\/www.noticiasradioreflejos.com.ar\/2021\/amplian-las-lineas-de-credito-para-pymes-monotributistas-y-autonomos-del-sector-turistico\/#breadcrumb","itemListElement":[{"@type":"ListItem","position":1,"name":"Portada","item":"https:\/\/www.noticiasradioreflejos.com.ar\/2021\/"},{"@type":"ListItem","position":2,"name":"Ampl\u00edan las l\u00edneas de cr\u00e9dito para pymes, monotributistas y aut\u00f3nomos del sector tur\u00edstico"}]},{"@type":"WebSite","@id":"https:\/\/www.noticiasradioreflejos.com.ar\/2021\/#website","url":"https:\/\/www.noticiasradioreflejos.com.ar\/2021\/","name":"Noticias Radio Reflejos","description":"Las noticias de mi comarca","potentialAction":[{"@type":"SearchAction","target":{"@type":"EntryPoint","urlTemplate":"https:\/\/www.noticiasradioreflejos.com.ar\/2021\/?s={search_term_string}"},"query-input":{"@type":"PropertyValueSpecification","valueRequired":true,"valueName":"search_term_string"}}],"inLanguage":"es"},{"@type":"Person","@id":"https:\/\/www.noticiasradioreflejos.com.ar\/2021\/#\/schema\/person\/ad82545263dcc5ec0996818884fd5fb1","name":"Arnaldo Botto","image":{"@type":"ImageObject","inLanguage":"es","@id":"https:\/\/www.noticiasradioreflejos.com.ar\/2021\/#\/schema\/person\/image\/","url":"https:\/\/secure.gravatar.com\/avatar\/55cb5e37c1efa326397366e6974cb338056df65cb50e7d64d1cf314e87504837?s=96&d=mm&r=g","contentUrl":"https:\/\/secure.gravatar.com\/avatar\/55cb5e37c1efa326397366e6974cb338056df65cb50e7d64d1cf314e87504837?s=96&d=mm&r=g","caption":"Arnaldo Botto"},"url":"https:\/\/www.noticiasradioreflejos.com.ar\/2021\/author\/arnaldo\/"}]}},"_links":{"self":[{"href":"https:\/\/www.noticiasradioreflejos.com.ar\/2021\/wp-json\/wp\/v2\/posts\/57662","targetHints":{"allow":["GET"]}}],"collection":[{"href":"https:\/\/www.noticiasradioreflejos.com.ar\/2021\/wp-json\/wp\/v2\/posts"}],"about":[{"href":"https:\/\/www.noticiasradioreflejos.com.ar\/2021\/wp-json\/wp\/v2\/types\/post"}],"author":[{"embeddable":true,"href":"https:\/\/www.noticiasradioreflejos.com.ar\/2021\/wp-json\/wp\/v2\/users\/3"}],"replies":[{"embeddable":true,"href":"https:\/\/www.noticiasradioreflejos.com.ar\/2021\/wp-json\/wp\/v2\/comments?post=57662"}],"version-history":[{"count":1,"href":"https:\/\/www.noticiasradioreflejos.com.ar\/2021\/wp-json\/wp\/v2\/posts\/57662\/revisions"}],"predecessor-version":[{"id":57663,"href":"https:\/\/www.noticiasradioreflejos.com.ar\/2021\/wp-json\/wp\/v2\/posts\/57662\/revisions\/57663"}],"wp:featuredmedia":[{"embeddable":true,"href":"https:\/\/www.noticiasradioreflejos.com.ar\/2021\/wp-json\/wp\/v2\/media\/28550"}],"wp:attachment":[{"href":"https:\/\/www.noticiasradioreflejos.com.ar\/2021\/wp-json\/wp\/v2\/media?parent=57662"}],"wp:term":[{"taxonomy":"category","embeddable":true,"href":"https:\/\/www.noticiasradioreflejos.com.ar\/2021\/wp-json\/wp\/v2\/categories?post=57662"},{"taxonomy":"post_tag","embeddable":true,"href":"https:\/\/www.noticiasradioreflejos.com.ar\/2021\/wp-json\/wp\/v2\/tags?post=57662"}],"curies":[{"name":"wp","href":"https:\/\/api.w.org\/{rel}","templated":true}]}}