{"id":57657,"date":"2021-05-28T21:53:26","date_gmt":"2021-05-28T21:53:26","guid":{"rendered":"http:\/\/www.noticiasradioreflejos.com.ar\/2021\/?p=57657"},"modified":"2021-05-28T21:53:26","modified_gmt":"2021-05-28T21:53:26","slug":"el-gobierno-bonaerense-prepara-un-importante-anuncio-de-vacunacion-asignara-mas-de-un-millon-de-turnos","status":"publish","type":"post","link":"https:\/\/www.noticiasradioreflejos.com.ar\/2021\/el-gobierno-bonaerense-prepara-un-importante-anuncio-de-vacunacion-asignara-mas-de-un-millon-de-turnos\/","title":{"rendered":"El gobierno bonaerense prepara un importante anuncio de vacunaci\u00f3n: asignar\u00e1 m\u00e1s de un mill\u00f3n de turnos"},"content":{"rendered":"<header>\n<div class=\"article-header \">\n<p class=\"article-subheadline\">La comunicaci\u00f3n ser\u00e1 el s\u00e1bado por redes sociales. En principio ser\u00eda para grupos de riesgo y podr\u00edan entrar los menores de 40 con comorbilidades<\/p>\n<div class=\"grid\">\n<div class=\"byline | col widescreen-8 desktop-8 tablet-12 nd-article-byline display_flex isText width_full\">\n<div class=\"byline-text-wrapper\"><\/div>\n<\/div>\n<\/div>\n<\/div>\n<\/header>\n<p><!--more--><\/p>\n<article class=\"article | col widescreen-8 desktop-8 tablet-12 width_full\">\n<div class=\"nd-body-article\">\n<div class=\"visual__image  \"><img loading=\"lazy\" decoding=\"async\" src=\"https:\/\/www.infobae.com\/new-resizer\/RBNCWHWmmNVEzpch0Nq1QJb3w3E=\/420x236\/filters:format(jpg):quality(85)\/cloudfront-us-east-1.images.arcpublishing.com\/infobae\/VQ2LGWKTU5AZ5BBPHK37ZLM3CA.jpg%20420w\" sizes=\"auto, (min-width: 800px) 50vw, 90vw\" srcset=\"https:\/\/www.infobae.com\/new-resizer\/RBNCWHWmmNVEzpch0Nq1QJb3w3E=\/420x236\/filters:format(jpg):quality(85)\/cloudfront-us-east-1.images.arcpublishing.com\/infobae\/VQ2LGWKTU5AZ5BBPHK37ZLM3CA.jpg 420w,https:\/\/www.infobae.com\/new-resizer\/Dwz0CuwOG4KqP3oVwzKH0UG3cns=\/768x432\/filters:format(jpg):quality(85)\/cloudfront-us-east-1.images.arcpublishing.com\/infobae\/VQ2LGWKTU5AZ5BBPHK37ZLM3CA.jpg 768w,https:\/\/www.infobae.com\/new-resizer\/qWMEIiKCdSU3yHE-ANWPRnHbEMg=\/992x558\/filters:format(jpg):quality(85)\/cloudfront-us-east-1.images.arcpublishing.com\/infobae\/VQ2LGWKTU5AZ5BBPHK37ZLM3CA.jpg 992w,https:\/\/www.infobae.com\/new-resizer\/lAafmRO_vd6xg3owoGbNwyt0iWw=\/1200x675\/filters:format(jpg):quality(85)\/cloudfront-us-east-1.images.arcpublishing.com\/infobae\/VQ2LGWKTU5AZ5BBPHK37ZLM3CA.jpg 1200w\" alt=\"Daniel Gollan, Axel Kicillof y Carlos Bianco\" width=\"1920\" height=\"1080\" \/>Daniel Gollan, Axel Kicillof y Carlos Bianco<\/div>\n<p class=\"paragraph\">Con los contagios de coronavirus en un punto r\u00e9cord y a dos d\u00edas de terminar con el confinamiento estricto que dict\u00f3 Alberto Fern\u00e1ndez, la provincia de Buenos Aires se prepara para hacer un importante anuncio con respecto al plan de vacunaci\u00f3n. Seg\u00fan pudo saber\u00a0<b>Infobae<\/b>, la administraci\u00f3n de Axel Kicillof<mark class=\"hl_yellow\"><b>\u00a0comunicar\u00e1 el s\u00e1bado, a trav\u00e9s de las redes sociales, una masiva asignaci\u00f3n de turnos que superar\u00e1 el mill\u00f3n de personas.<\/b><\/mark><\/p>\n<p class=\"paragraph\">Si bien a\u00fan no trascendi\u00f3 qui\u00e9nes podr\u00e1n inscribirse, fuentes de la gobernaci\u00f3n le explicaron a este medio que principalmente estar\u00e1 apuntado a los grupos de riesgo -un rango que buscan tener totalmente inoculado para el invierno-\u00a0<mark class=\"hl_yellow\"><b>y que podr\u00edan entrar los menos de 40 con comorbilidades.<\/b><\/mark><\/p>\n<p class=\"paragraph\">Si bien ser\u00e1 de manera virtual -no habr\u00e1 conferencia-, el anuncio estar\u00e1 a cargo de las tres principales figuras bonaerenses con respecto a la comunicaci\u00f3n en pandemia: Axel Kicillof, el jefe de Gabinete, Carlos Bianco, y el ministro de Salud, Daniel Gollan.<\/p>\n<p class=\"paragraph\">La provincia de Buenos Aires est\u00e1 en condiciones de hacer un anuncio de esta magnitud gracias a la cantidad de vacunas que llegaron los \u00faltimos d\u00edas ya que, por su cantidad de poblaci\u00f3n,\u00a0<mark class=\"hl_yellow\"><b>siempre recibe entre el 30% y el 35% de los cargamentos que recibe la Argentina.<\/b><\/mark><\/p>\n<div class=\"visual__image  \"><img loading=\"lazy\" decoding=\"async\" src=\"https:\/\/www.infobae.com\/new-resizer\/C59mVzpNr8ozbMZzY2oJKAZ5sVo=\/420x236\/filters:format(jpg):quality(85)\/cloudfront-us-east-1.images.arcpublishing.com\/infobae\/DHIYZIGC55CZTE7OTO3OGIDIEA.jpg%20420w\" sizes=\"auto, (min-width: 800px) 50vw, 90vw\" srcset=\"https:\/\/www.infobae.com\/new-resizer\/C59mVzpNr8ozbMZzY2oJKAZ5sVo=\/420x236\/filters:format(jpg):quality(85)\/cloudfront-us-east-1.images.arcpublishing.com\/infobae\/DHIYZIGC55CZTE7OTO3OGIDIEA.jpg 420w,https:\/\/www.infobae.com\/new-resizer\/Re4fLfL1HXVoY7_UYlm2TdjF9kg=\/768x432\/filters:format(jpg):quality(85)\/cloudfront-us-east-1.images.arcpublishing.com\/infobae\/DHIYZIGC55CZTE7OTO3OGIDIEA.jpg 768w,https:\/\/www.infobae.com\/new-resizer\/Ygop4FesPYp3d85VRdh17dUHZZA=\/992x558\/filters:format(jpg):quality(85)\/cloudfront-us-east-1.images.arcpublishing.com\/infobae\/DHIYZIGC55CZTE7OTO3OGIDIEA.jpg 992w,https:\/\/www.infobae.com\/new-resizer\/g7N4rOoK62IjkQpCHZ2mKSJP7CA=\/1200x675\/filters:format(jpg):quality(85)\/cloudfront-us-east-1.images.arcpublishing.com\/infobae\/DHIYZIGC55CZTE7OTO3OGIDIEA.jpg 1200w\" alt=\"Esta semana llegaron a la Argentina m\u00e1s de 2 millones 500 mil vacunas\" width=\"1920\" height=\"1080\" \/>Esta semana llegaron a la Argentina m\u00e1s de 2 millones 500 mil vacunas<\/div>\n<p class=\"paragraph\">Seg\u00fan los datos distribuidos por el gobierno nacional,\u00a0<b>esta semana llegaron 2.684.600 vacunas,\u00a0<\/b>de las cuales 1.604.000 son de AstraZeneca, 1.000.500 son del componente 1 de la Sputnik V y 80.100 del componente 2 de la inyecci\u00f3n rusa. De todo ese cargamento, el territorio bonaerense recibir\u00e1\u00a0<b>1.046.950: 626.200 AstraZeneca, 389.850 del componente 1 de la Sputnik y 30.900 del componente 2.<\/b><\/p>\n<p class=\"paragraph\">Adem\u00e1s, la ministra de Salud, Carla Vizzotti, anticip\u00f3 que\u00a0<b>el lunes que viene llegar\u00e1n 2.148.600 dosis de vacunas de Astrazeneca,\u00a0<\/b>en lo que ser\u00e1 la mayor partida que llegue en un solo vuelo. Se trata de inyecciones cuyo principio activo se produjo en la Argentina. Cuando arriben, el pa\u00eds contar\u00e1 con 17.5 millones de inoculaciones.<\/p>\n<p class=\"paragraph\">Hasta esta ma\u00f1ana, de acuerdo a los datos del Monitor P\u00fablico de Vacunaci\u00f3n, fueron distribuidas 14.264.154 vacunas, de las cuales 11.676.733 ya fueron aplicadas:\u00a0<b>9.084.600 personas recibieron la primera dosis y 2.592.133 ambas.<\/b><\/p>\n<div class=\"visual__image  \"><img loading=\"lazy\" decoding=\"async\" src=\"https:\/\/www.infobae.com\/new-resizer\/RQp6FUh9NAwMAC119-lJbhobWYE=\/420x236\/filters:format(jpg):quality(85)\/cloudfront-us-east-1.images.arcpublishing.com\/infobae\/CDRHSQTVFBGBPOGUVNBOVNNLSA.jpg%20420w\" sizes=\"auto, (min-width: 800px) 50vw, 90vw\" srcset=\"https:\/\/www.infobae.com\/new-resizer\/RQp6FUh9NAwMAC119-lJbhobWYE=\/420x236\/filters:format(jpg):quality(85)\/cloudfront-us-east-1.images.arcpublishing.com\/infobae\/CDRHSQTVFBGBPOGUVNBOVNNLSA.jpg 420w,https:\/\/www.infobae.com\/new-resizer\/cot3uHJqQqKIdeuh2hBsqqfl8bw=\/768x432\/filters:format(jpg):quality(85)\/cloudfront-us-east-1.images.arcpublishing.com\/infobae\/CDRHSQTVFBGBPOGUVNBOVNNLSA.jpg 768w,https:\/\/www.infobae.com\/new-resizer\/qMYdIspL1bIe377RsBONHLudedw=\/992x558\/filters:format(jpg):quality(85)\/cloudfront-us-east-1.images.arcpublishing.com\/infobae\/CDRHSQTVFBGBPOGUVNBOVNNLSA.jpg 992w,https:\/\/www.infobae.com\/new-resizer\/RaIMzSp8K2QajLK3g02XhtbcLFk=\/1200x675\/filters:format(jpg):quality(85)\/cloudfront-us-east-1.images.arcpublishing.com\/infobae\/CDRHSQTVFBGBPOGUVNBOVNNLSA.jpg 1200w\" alt=\"\" width=\"1920\" height=\"1080\" \/><\/div>\n<p class=\"paragraph\">Con todo esto, Axel Kicillof y sus funcionarios est\u00e1n en un\u00a0<b>clima de optimismo y entusiasmo por el anuncio que har\u00e1n ma\u00f1ana y porque sienten que de ahora en adelante se regularizar\u00e1 el arribo de dosis,<\/b>\u00a0lo que les permitir\u00e1 agilizar el plan de vacunaci\u00f3n. Adem\u00e1s, hay expectativa por los n\u00fameros que llegar\u00e1n la semana que viene, en donde se podr\u00e1 ver el impacto de las nuevas restricciones y de los 9 d\u00edas de confinamiento estricto.<\/p>\n<p class=\"paragraph\">En la conferencia de esta ma\u00f1ana, Gollan pidi\u00f3 a la ciudadan\u00eda que se \u201csiga anotando en el plan de vacunaci\u00f3n\u201d porque \u201ces la \u00fanica manera de terminar con esta pesadilla\u201d. Asimismo, indic\u00f3 que en esta etapa el foco tambi\u00e9n est\u00e1 puesto en las embarazadas entre los grupos priorizados: \u201cLas nuevas cepas las convirtieron en un grupo de riesgo, por eso les pedimos que se registren como tales para poder ser vacunadas y evitar formas graves de la enfermedad\u201d.<\/p>\n<p class=\"paragraph\">Adem\u00e1s, otras de las medidas que estudia el gobierno bonaerense es\u00a0<a href=\"https:\/\/www.infobae.com\/politica\/2021\/05\/28\/con-el-aval-de-los-gremios-docentes-axel-kicillof-estudia-adelantar-las-vacaciones-de-invierno\/\" target=\"_blank\" rel=\"noopener\">adelantar las vacaciones de invierno<\/a>:\u00a0<b>\u201cHace tiempo que lo venimos trabajando. Es una posibilidad\u201d,\u00a0<\/b>expres\u00f3 este viernes el jefe de Gabinete, Carlos Bianco.<\/p>\n<p class=\"paragraph\">Seg\u00fan supo\u00a0<b>Infobae,<\/b>\u00a0la idea se viene hablando con los gremios docentes con los que el gobierno provincial mantiene un buen v\u00ednculo, con preponderancia del gremio de Suteba que comanda Roberto Baradel. Los gremios ven con buenos ojos el plan de adelantar las vacaciones.<\/p>\n<p class=\"paragraph\">La directora de Cultura y Educaci\u00f3n,\u00a0<b>Agustina Vila,<\/b>\u00a0advirti\u00f3 que el adelantamiento del receso invernal es apenas un punto dentro del esquema que estudia el gobierno bonaerense. Otras opciones podr\u00edan ser la\u00a0<b>extensi\u00f3n del calendario escolar o la estructuraci\u00f3n de clases presenciales en contraturno, que involucra los s\u00e1bados.<\/b><\/p>\n<\/div>\n<\/article>\n","protected":false},"excerpt":{"rendered":"<p>La comunicaci\u00f3n ser\u00e1 el s\u00e1bado por redes sociales. En principio ser\u00eda para grupos de riesgo y podr\u00edan entrar los menores de 40 con comorbilidades<\/p>\n","protected":false},"author":3,"featured_media":0,"comment_status":"closed","ping_status":"closed","sticky":false,"template":"","format":"standard","meta":{"footnotes":""},"categories":[24,30],"tags":[],"class_list":["post-57657","post","type-post","status-publish","format-standard","hentry","category-politica","category-salud"],"yoast_head":"<!-- This site is optimized with the Yoast SEO plugin v25.9 - https:\/\/yoast.com\/wordpress\/plugins\/seo\/ -->\n<title>El gobierno bonaerense prepara un importante anuncio de vacunaci\u00f3n: asignar\u00e1 m\u00e1s de un mill\u00f3n de turnos - Noticias Radio Reflejos<\/title>\n<meta name=\"robots\" content=\"index, follow, max-snippet:-1, max-image-preview:large, max-video-preview:-1\" \/>\n<link rel=\"canonical\" href=\"https:\/\/www.noticiasradioreflejos.com.ar\/2021\/el-gobierno-bonaerense-prepara-un-importante-anuncio-de-vacunacion-asignara-mas-de-un-millon-de-turnos\/\" \/>\n<meta property=\"og:locale\" content=\"es_ES\" \/>\n<meta property=\"og:type\" content=\"article\" \/>\n<meta property=\"og:title\" content=\"El gobierno bonaerense prepara un importante anuncio de vacunaci\u00f3n: asignar\u00e1 m\u00e1s de un mill\u00f3n de turnos - Noticias Radio Reflejos\" \/>\n<meta property=\"og:description\" content=\"La comunicaci\u00f3n ser\u00e1 el s\u00e1bado por redes sociales. En principio ser\u00eda para grupos de riesgo y podr\u00edan entrar los menores de 40 con comorbilidades\" \/>\n<meta property=\"og:url\" content=\"https:\/\/www.noticiasradioreflejos.com.ar\/2021\/el-gobierno-bonaerense-prepara-un-importante-anuncio-de-vacunacion-asignara-mas-de-un-millon-de-turnos\/\" \/>\n<meta property=\"og:site_name\" content=\"Noticias Radio Reflejos\" \/>\n<meta property=\"article:published_time\" content=\"2021-05-28T21:53:26+00:00\" \/>\n<meta property=\"og:image\" content=\"https:\/\/www.infobae.com\/new-resizer\/RBNCWHWmmNVEzpch0Nq1QJb3w3E=\/420x236\/filters:format(jpg):quality(85)\/cloudfront-us-east-1.images.arcpublishing.com\/infobae\/VQ2LGWKTU5AZ5BBPHK37ZLM3CA.jpg%20420w\" \/>\n<meta name=\"author\" content=\"Arnaldo Botto\" \/>\n<meta name=\"twitter:card\" content=\"summary_large_image\" \/>\n<script type=\"application\/ld+json\" class=\"yoast-schema-graph\">{\"@context\":\"https:\/\/schema.org\",\"@graph\":[{\"@type\":\"WebPage\",\"@id\":\"https:\/\/www.noticiasradioreflejos.com.ar\/2021\/el-gobierno-bonaerense-prepara-un-importante-anuncio-de-vacunacion-asignara-mas-de-un-millon-de-turnos\/\",\"url\":\"https:\/\/www.noticiasradioreflejos.com.ar\/2021\/el-gobierno-bonaerense-prepara-un-importante-anuncio-de-vacunacion-asignara-mas-de-un-millon-de-turnos\/\",\"name\":\"El gobierno bonaerense prepara un importante anuncio de vacunaci\u00f3n: asignar\u00e1 m\u00e1s de un mill\u00f3n de turnos - Noticias Radio Reflejos\",\"isPartOf\":{\"@id\":\"https:\/\/www.noticiasradioreflejos.com.ar\/2021\/#website\"},\"primaryImageOfPage\":{\"@id\":\"https:\/\/www.noticiasradioreflejos.com.ar\/2021\/el-gobierno-bonaerense-prepara-un-importante-anuncio-de-vacunacion-asignara-mas-de-un-millon-de-turnos\/#primaryimage\"},\"image\":{\"@id\":\"https:\/\/www.noticiasradioreflejos.com.ar\/2021\/el-gobierno-bonaerense-prepara-un-importante-anuncio-de-vacunacion-asignara-mas-de-un-millon-de-turnos\/#primaryimage\"},\"thumbnailUrl\":\"https:\/\/www.infobae.com\/new-resizer\/RBNCWHWmmNVEzpch0Nq1QJb3w3E=\/420x236\/filters:format(jpg):quality(85)\/cloudfront-us-east-1.images.arcpublishing.com\/infobae\/VQ2LGWKTU5AZ5BBPHK37ZLM3CA.jpg%20420w\",\"datePublished\":\"2021-05-28T21:53:26+00:00\",\"author\":{\"@id\":\"https:\/\/www.noticiasradioreflejos.com.ar\/2021\/#\/schema\/person\/ad82545263dcc5ec0996818884fd5fb1\"},\"breadcrumb\":{\"@id\":\"https:\/\/www.noticiasradioreflejos.com.ar\/2021\/el-gobierno-bonaerense-prepara-un-importante-anuncio-de-vacunacion-asignara-mas-de-un-millon-de-turnos\/#breadcrumb\"},\"inLanguage\":\"es\",\"potentialAction\":[{\"@type\":\"ReadAction\",\"target\":[\"https:\/\/www.noticiasradioreflejos.com.ar\/2021\/el-gobierno-bonaerense-prepara-un-importante-anuncio-de-vacunacion-asignara-mas-de-un-millon-de-turnos\/\"]}]},{\"@type\":\"ImageObject\",\"inLanguage\":\"es\",\"@id\":\"https:\/\/www.noticiasradioreflejos.com.ar\/2021\/el-gobierno-bonaerense-prepara-un-importante-anuncio-de-vacunacion-asignara-mas-de-un-millon-de-turnos\/#primaryimage\",\"url\":\"https:\/\/www.infobae.com\/new-resizer\/RBNCWHWmmNVEzpch0Nq1QJb3w3E=\/420x236\/filters:format(jpg):quality(85)\/cloudfront-us-east-1.images.arcpublishing.com\/infobae\/VQ2LGWKTU5AZ5BBPHK37ZLM3CA.jpg%20420w\",\"contentUrl\":\"https:\/\/www.infobae.com\/new-resizer\/RBNCWHWmmNVEzpch0Nq1QJb3w3E=\/420x236\/filters:format(jpg):quality(85)\/cloudfront-us-east-1.images.arcpublishing.com\/infobae\/VQ2LGWKTU5AZ5BBPHK37ZLM3CA.jpg%20420w\"},{\"@type\":\"BreadcrumbList\",\"@id\":\"https:\/\/www.noticiasradioreflejos.com.ar\/2021\/el-gobierno-bonaerense-prepara-un-importante-anuncio-de-vacunacion-asignara-mas-de-un-millon-de-turnos\/#breadcrumb\",\"itemListElement\":[{\"@type\":\"ListItem\",\"position\":1,\"name\":\"Portada\",\"item\":\"https:\/\/www.noticiasradioreflejos.com.ar\/2021\/\"},{\"@type\":\"ListItem\",\"position\":2,\"name\":\"El gobierno bonaerense prepara un importante anuncio de vacunaci\u00f3n: asignar\u00e1 m\u00e1s de un mill\u00f3n de turnos\"}]},{\"@type\":\"WebSite\",\"@id\":\"https:\/\/www.noticiasradioreflejos.com.ar\/2021\/#website\",\"url\":\"https:\/\/www.noticiasradioreflejos.com.ar\/2021\/\",\"name\":\"Noticias Radio Reflejos\",\"description\":\"Las noticias de mi comarca\",\"potentialAction\":[{\"@type\":\"SearchAction\",\"target\":{\"@type\":\"EntryPoint\",\"urlTemplate\":\"https:\/\/www.noticiasradioreflejos.com.ar\/2021\/?s={search_term_string}\"},\"query-input\":{\"@type\":\"PropertyValueSpecification\",\"valueRequired\":true,\"valueName\":\"search_term_string\"}}],\"inLanguage\":\"es\"},{\"@type\":\"Person\",\"@id\":\"https:\/\/www.noticiasradioreflejos.com.ar\/2021\/#\/schema\/person\/ad82545263dcc5ec0996818884fd5fb1\",\"name\":\"Arnaldo Botto\",\"image\":{\"@type\":\"ImageObject\",\"inLanguage\":\"es\",\"@id\":\"https:\/\/www.noticiasradioreflejos.com.ar\/2021\/#\/schema\/person\/image\/\",\"url\":\"https:\/\/secure.gravatar.com\/avatar\/55cb5e37c1efa326397366e6974cb338056df65cb50e7d64d1cf314e87504837?s=96&d=mm&r=g\",\"contentUrl\":\"https:\/\/secure.gravatar.com\/avatar\/55cb5e37c1efa326397366e6974cb338056df65cb50e7d64d1cf314e87504837?s=96&d=mm&r=g\",\"caption\":\"Arnaldo Botto\"},\"url\":\"https:\/\/www.noticiasradioreflejos.com.ar\/2021\/author\/arnaldo\/\"}]}<\/script>\n<!-- \/ Yoast SEO plugin. -->","yoast_head_json":{"title":"El gobierno bonaerense prepara un importante anuncio de vacunaci\u00f3n: asignar\u00e1 m\u00e1s de un mill\u00f3n de turnos - Noticias Radio Reflejos","robots":{"index":"index","follow":"follow","max-snippet":"max-snippet:-1","max-image-preview":"max-image-preview:large","max-video-preview":"max-video-preview:-1"},"canonical":"https:\/\/www.noticiasradioreflejos.com.ar\/2021\/el-gobierno-bonaerense-prepara-un-importante-anuncio-de-vacunacion-asignara-mas-de-un-millon-de-turnos\/","og_locale":"es_ES","og_type":"article","og_title":"El gobierno bonaerense prepara un importante anuncio de vacunaci\u00f3n: asignar\u00e1 m\u00e1s de un mill\u00f3n de turnos - Noticias Radio Reflejos","og_description":"La comunicaci\u00f3n ser\u00e1 el s\u00e1bado por redes sociales. En principio ser\u00eda para grupos de riesgo y podr\u00edan entrar los menores de 40 con comorbilidades","og_url":"https:\/\/www.noticiasradioreflejos.com.ar\/2021\/el-gobierno-bonaerense-prepara-un-importante-anuncio-de-vacunacion-asignara-mas-de-un-millon-de-turnos\/","og_site_name":"Noticias Radio Reflejos","article_published_time":"2021-05-28T21:53:26+00:00","og_image":[{"url":"https:\/\/www.infobae.com\/new-resizer\/RBNCWHWmmNVEzpch0Nq1QJb3w3E=\/420x236\/filters:format(jpg):quality(85)\/cloudfront-us-east-1.images.arcpublishing.com\/infobae\/VQ2LGWKTU5AZ5BBPHK37ZLM3CA.jpg%20420w","type":"","width":"","height":""}],"author":"Arnaldo Botto","twitter_card":"summary_large_image","schema":{"@context":"https:\/\/schema.org","@graph":[{"@type":"WebPage","@id":"https:\/\/www.noticiasradioreflejos.com.ar\/2021\/el-gobierno-bonaerense-prepara-un-importante-anuncio-de-vacunacion-asignara-mas-de-un-millon-de-turnos\/","url":"https:\/\/www.noticiasradioreflejos.com.ar\/2021\/el-gobierno-bonaerense-prepara-un-importante-anuncio-de-vacunacion-asignara-mas-de-un-millon-de-turnos\/","name":"El gobierno bonaerense prepara un importante anuncio de vacunaci\u00f3n: asignar\u00e1 m\u00e1s de un mill\u00f3n de turnos - Noticias Radio Reflejos","isPartOf":{"@id":"https:\/\/www.noticiasradioreflejos.com.ar\/2021\/#website"},"primaryImageOfPage":{"@id":"https:\/\/www.noticiasradioreflejos.com.ar\/2021\/el-gobierno-bonaerense-prepara-un-importante-anuncio-de-vacunacion-asignara-mas-de-un-millon-de-turnos\/#primaryimage"},"image":{"@id":"https:\/\/www.noticiasradioreflejos.com.ar\/2021\/el-gobierno-bonaerense-prepara-un-importante-anuncio-de-vacunacion-asignara-mas-de-un-millon-de-turnos\/#primaryimage"},"thumbnailUrl":"https:\/\/www.infobae.com\/new-resizer\/RBNCWHWmmNVEzpch0Nq1QJb3w3E=\/420x236\/filters:format(jpg):quality(85)\/cloudfront-us-east-1.images.arcpublishing.com\/infobae\/VQ2LGWKTU5AZ5BBPHK37ZLM3CA.jpg%20420w","datePublished":"2021-05-28T21:53:26+00:00","author":{"@id":"https:\/\/www.noticiasradioreflejos.com.ar\/2021\/#\/schema\/person\/ad82545263dcc5ec0996818884fd5fb1"},"breadcrumb":{"@id":"https:\/\/www.noticiasradioreflejos.com.ar\/2021\/el-gobierno-bonaerense-prepara-un-importante-anuncio-de-vacunacion-asignara-mas-de-un-millon-de-turnos\/#breadcrumb"},"inLanguage":"es","potentialAction":[{"@type":"ReadAction","target":["https:\/\/www.noticiasradioreflejos.com.ar\/2021\/el-gobierno-bonaerense-prepara-un-importante-anuncio-de-vacunacion-asignara-mas-de-un-millon-de-turnos\/"]}]},{"@type":"ImageObject","inLanguage":"es","@id":"https:\/\/www.noticiasradioreflejos.com.ar\/2021\/el-gobierno-bonaerense-prepara-un-importante-anuncio-de-vacunacion-asignara-mas-de-un-millon-de-turnos\/#primaryimage","url":"https:\/\/www.infobae.com\/new-resizer\/RBNCWHWmmNVEzpch0Nq1QJb3w3E=\/420x236\/filters:format(jpg):quality(85)\/cloudfront-us-east-1.images.arcpublishing.com\/infobae\/VQ2LGWKTU5AZ5BBPHK37ZLM3CA.jpg%20420w","contentUrl":"https:\/\/www.infobae.com\/new-resizer\/RBNCWHWmmNVEzpch0Nq1QJb3w3E=\/420x236\/filters:format(jpg):quality(85)\/cloudfront-us-east-1.images.arcpublishing.com\/infobae\/VQ2LGWKTU5AZ5BBPHK37ZLM3CA.jpg%20420w"},{"@type":"BreadcrumbList","@id":"https:\/\/www.noticiasradioreflejos.com.ar\/2021\/el-gobierno-bonaerense-prepara-un-importante-anuncio-de-vacunacion-asignara-mas-de-un-millon-de-turnos\/#breadcrumb","itemListElement":[{"@type":"ListItem","position":1,"name":"Portada","item":"https:\/\/www.noticiasradioreflejos.com.ar\/2021\/"},{"@type":"ListItem","position":2,"name":"El gobierno bonaerense prepara un importante anuncio de vacunaci\u00f3n: asignar\u00e1 m\u00e1s de un mill\u00f3n de turnos"}]},{"@type":"WebSite","@id":"https:\/\/www.noticiasradioreflejos.com.ar\/2021\/#website","url":"https:\/\/www.noticiasradioreflejos.com.ar\/2021\/","name":"Noticias Radio Reflejos","description":"Las noticias de mi comarca","potentialAction":[{"@type":"SearchAction","target":{"@type":"EntryPoint","urlTemplate":"https:\/\/www.noticiasradioreflejos.com.ar\/2021\/?s={search_term_string}"},"query-input":{"@type":"PropertyValueSpecification","valueRequired":true,"valueName":"search_term_string"}}],"inLanguage":"es"},{"@type":"Person","@id":"https:\/\/www.noticiasradioreflejos.com.ar\/2021\/#\/schema\/person\/ad82545263dcc5ec0996818884fd5fb1","name":"Arnaldo Botto","image":{"@type":"ImageObject","inLanguage":"es","@id":"https:\/\/www.noticiasradioreflejos.com.ar\/2021\/#\/schema\/person\/image\/","url":"https:\/\/secure.gravatar.com\/avatar\/55cb5e37c1efa326397366e6974cb338056df65cb50e7d64d1cf314e87504837?s=96&d=mm&r=g","contentUrl":"https:\/\/secure.gravatar.com\/avatar\/55cb5e37c1efa326397366e6974cb338056df65cb50e7d64d1cf314e87504837?s=96&d=mm&r=g","caption":"Arnaldo Botto"},"url":"https:\/\/www.noticiasradioreflejos.com.ar\/2021\/author\/arnaldo\/"}]}},"_links":{"self":[{"href":"https:\/\/www.noticiasradioreflejos.com.ar\/2021\/wp-json\/wp\/v2\/posts\/57657","targetHints":{"allow":["GET"]}}],"collection":[{"href":"https:\/\/www.noticiasradioreflejos.com.ar\/2021\/wp-json\/wp\/v2\/posts"}],"about":[{"href":"https:\/\/www.noticiasradioreflejos.com.ar\/2021\/wp-json\/wp\/v2\/types\/post"}],"author":[{"embeddable":true,"href":"https:\/\/www.noticiasradioreflejos.com.ar\/2021\/wp-json\/wp\/v2\/users\/3"}],"replies":[{"embeddable":true,"href":"https:\/\/www.noticiasradioreflejos.com.ar\/2021\/wp-json\/wp\/v2\/comments?post=57657"}],"version-history":[{"count":1,"href":"https:\/\/www.noticiasradioreflejos.com.ar\/2021\/wp-json\/wp\/v2\/posts\/57657\/revisions"}],"predecessor-version":[{"id":57659,"href":"https:\/\/www.noticiasradioreflejos.com.ar\/2021\/wp-json\/wp\/v2\/posts\/57657\/revisions\/57659"}],"wp:attachment":[{"href":"https:\/\/www.noticiasradioreflejos.com.ar\/2021\/wp-json\/wp\/v2\/media?parent=57657"}],"wp:term":[{"taxonomy":"category","embeddable":true,"href":"https:\/\/www.noticiasradioreflejos.com.ar\/2021\/wp-json\/wp\/v2\/categories?post=57657"},{"taxonomy":"post_tag","embeddable":true,"href":"https:\/\/www.noticiasradioreflejos.com.ar\/2021\/wp-json\/wp\/v2\/tags?post=57657"}],"curies":[{"name":"wp","href":"https:\/\/api.w.org\/{rel}","templated":true}]}}