{"id":57654,"date":"2021-05-28T21:47:40","date_gmt":"2021-05-28T21:47:40","guid":{"rendered":"http:\/\/www.noticiasradioreflejos.com.ar\/2021\/?p=57654"},"modified":"2021-05-28T21:48:32","modified_gmt":"2021-05-28T21:48:32","slug":"comienzan-a-llegar-las-credenciales-para-certificar-la-vacunacion-contra-el-covid","status":"publish","type":"post","link":"https:\/\/www.noticiasradioreflejos.com.ar\/2021\/comienzan-a-llegar-las-credenciales-para-certificar-la-vacunacion-contra-el-covid\/","title":{"rendered":"Comienzan a llegar las credenciales para certificar la vacunaci\u00f3n contra el COVID"},"content":{"rendered":"<header id=\"mvp-post-head\" class=\"left relative\">\n<div class=\"mvp-author-info-wrap left relative\">\n<div class=\"mvp-author-info-text left relative\">\n<div class=\"mvp-author-info-name left relative\">Regi\u00f3n Sanitaria I confirm\u00f3 que comenzaron a llegar a Bah\u00eda Blanca las primeras credenciales de certificaci\u00f3n que ser\u00e1n entregadas a aquellos que reciban alguna de las vacunas contra el coronavirus.<\/div>\n<\/div>\n<\/div>\n<\/header>\n<p><!--more--><\/p>\n<div class=\"mvp-post-main-out left relative\">\n<div class=\"mvp-post-main-in\">\n<div id=\"mvp-post-content\" class=\"left relative\">\n<div id=\"mvp-content-wrap\" class=\"left relative\">\n<div class=\"mvp-post-soc-out right relative\">\n<div class=\"mvp-post-soc-in\">\n<div id=\"mvp-content-body\" class=\"left relative\">\n<div id=\"mvp-content-body-top\" class=\"left relative\">\n<div id=\"mvp-content-main\" class=\"left relative\">\n<div id=\"textbody\">\n<p>Se trata de una tarjeta celeste, que reemplazar\u00e1 al cart\u00f3n que se entregaba hasta el momento y en la que se recopilar\u00e1 la informaci\u00f3n del paciente, el componente que recibi\u00f3 y si tras las aplicaciones tuvo alg\u00fan tipo de reacci\u00f3n adversa.<\/p>\n<p>Adem\u00e1s, explicaron que la tarjeta tiene un c\u00f3digo QR, el cu\u00e1l servir\u00e1 para poder presentar oportunamente en el caso de ser requerido. Cabe recordar que algunos pa\u00edses de Europa solicitan en los aeropuertos la certificaci\u00f3n de las vacunas para permitir el ingreso y que algunas naciones no dejan ingresar a aquellos que recibieron dosis de Sputnik V.<\/p>\n<p>\u00abPor el momento vienen llegando para aquellos que ya recibieron las dos dosis. No creo que se distribuyan desde cada una de las postas, porque ya tienen demasiada tarea. Por eso, la idea es hacer un relevamiento de aquellas que ya recibimos para avisarle a la gente y que las vengan a retirar\u00bb, sintetiz\u00f3 Maximiliano N\u00fa\u00f1ez Farina, titular del ente sanitario.<\/p>\n<\/div>\n<\/div>\n<\/div>\n<\/div>\n<\/div>\n<\/div>\n<\/div>\n<\/div>\n<\/div>\n<\/div>\n","protected":false},"excerpt":{"rendered":"<p>Regi\u00f3n Sanitaria I confirm\u00f3 que comenzaron a llegar a Bah\u00eda Blanca las primeras credenciales de certificaci\u00f3n que ser\u00e1n entregadas a aquellos que reciban alguna de las vacunas contra el coronavirus.<\/p>\n","protected":false},"author":3,"featured_media":0,"comment_status":"closed","ping_status":"closed","sticky":false,"template":"","format":"standard","meta":{"footnotes":""},"categories":[24,30],"tags":[],"class_list":["post-57654","post","type-post","status-publish","format-standard","hentry","category-politica","category-salud"],"yoast_head":"<!-- This site is optimized with the Yoast SEO plugin v25.9 - https:\/\/yoast.com\/wordpress\/plugins\/seo\/ -->\n<title>Comienzan a llegar las credenciales para certificar la vacunaci\u00f3n contra el COVID - Noticias Radio Reflejos<\/title>\n<meta name=\"robots\" content=\"index, follow, max-snippet:-1, max-image-preview:large, max-video-preview:-1\" \/>\n<link rel=\"canonical\" href=\"https:\/\/www.noticiasradioreflejos.com.ar\/2021\/comienzan-a-llegar-las-credenciales-para-certificar-la-vacunacion-contra-el-covid\/\" \/>\n<meta property=\"og:locale\" content=\"es_ES\" \/>\n<meta property=\"og:type\" content=\"article\" \/>\n<meta property=\"og:title\" content=\"Comienzan a llegar las credenciales para certificar la vacunaci\u00f3n contra el COVID - Noticias Radio Reflejos\" \/>\n<meta property=\"og:description\" content=\"Regi\u00f3n Sanitaria I confirm\u00f3 que comenzaron a llegar a Bah\u00eda Blanca las primeras credenciales de certificaci\u00f3n que ser\u00e1n entregadas a aquellos que reciban alguna de las vacunas contra el coronavirus.\" \/>\n<meta property=\"og:url\" content=\"https:\/\/www.noticiasradioreflejos.com.ar\/2021\/comienzan-a-llegar-las-credenciales-para-certificar-la-vacunacion-contra-el-covid\/\" \/>\n<meta property=\"og:site_name\" content=\"Noticias Radio Reflejos\" \/>\n<meta property=\"article:published_time\" content=\"2021-05-28T21:47:40+00:00\" \/>\n<meta property=\"article:modified_time\" content=\"2021-05-28T21:48:32+00:00\" \/>\n<meta property=\"og:image\" content=\"https:\/\/www.noticiasradioreflejos.com.ar\/2021\/wp-content\/uploads\/2021\/07\/logosol300x200.png\" \/>\n\t<meta property=\"og:image:width\" content=\"300\" \/>\n\t<meta property=\"og:image:height\" content=\"200\" \/>\n\t<meta property=\"og:image:type\" content=\"image\/png\" \/>\n<meta name=\"author\" content=\"Arnaldo Botto\" \/>\n<meta name=\"twitter:card\" content=\"summary_large_image\" \/>\n<script type=\"application\/ld+json\" class=\"yoast-schema-graph\">{\"@context\":\"https:\/\/schema.org\",\"@graph\":[{\"@type\":\"WebPage\",\"@id\":\"https:\/\/www.noticiasradioreflejos.com.ar\/2021\/comienzan-a-llegar-las-credenciales-para-certificar-la-vacunacion-contra-el-covid\/\",\"url\":\"https:\/\/www.noticiasradioreflejos.com.ar\/2021\/comienzan-a-llegar-las-credenciales-para-certificar-la-vacunacion-contra-el-covid\/\",\"name\":\"Comienzan a llegar las credenciales para certificar la vacunaci\u00f3n contra el COVID - Noticias Radio Reflejos\",\"isPartOf\":{\"@id\":\"https:\/\/www.noticiasradioreflejos.com.ar\/2021\/#website\"},\"datePublished\":\"2021-05-28T21:47:40+00:00\",\"dateModified\":\"2021-05-28T21:48:32+00:00\",\"author\":{\"@id\":\"https:\/\/www.noticiasradioreflejos.com.ar\/2021\/#\/schema\/person\/ad82545263dcc5ec0996818884fd5fb1\"},\"breadcrumb\":{\"@id\":\"https:\/\/www.noticiasradioreflejos.com.ar\/2021\/comienzan-a-llegar-las-credenciales-para-certificar-la-vacunacion-contra-el-covid\/#breadcrumb\"},\"inLanguage\":\"es\",\"potentialAction\":[{\"@type\":\"ReadAction\",\"target\":[\"https:\/\/www.noticiasradioreflejos.com.ar\/2021\/comienzan-a-llegar-las-credenciales-para-certificar-la-vacunacion-contra-el-covid\/\"]}]},{\"@type\":\"BreadcrumbList\",\"@id\":\"https:\/\/www.noticiasradioreflejos.com.ar\/2021\/comienzan-a-llegar-las-credenciales-para-certificar-la-vacunacion-contra-el-covid\/#breadcrumb\",\"itemListElement\":[{\"@type\":\"ListItem\",\"position\":1,\"name\":\"Portada\",\"item\":\"https:\/\/www.noticiasradioreflejos.com.ar\/2021\/\"},{\"@type\":\"ListItem\",\"position\":2,\"name\":\"Comienzan a llegar las credenciales para certificar la vacunaci\u00f3n contra el COVID\"}]},{\"@type\":\"WebSite\",\"@id\":\"https:\/\/www.noticiasradioreflejos.com.ar\/2021\/#website\",\"url\":\"https:\/\/www.noticiasradioreflejos.com.ar\/2021\/\",\"name\":\"Noticias Radio Reflejos\",\"description\":\"Las noticias de mi comarca\",\"potentialAction\":[{\"@type\":\"SearchAction\",\"target\":{\"@type\":\"EntryPoint\",\"urlTemplate\":\"https:\/\/www.noticiasradioreflejos.com.ar\/2021\/?s={search_term_string}\"},\"query-input\":{\"@type\":\"PropertyValueSpecification\",\"valueRequired\":true,\"valueName\":\"search_term_string\"}}],\"inLanguage\":\"es\"},{\"@type\":\"Person\",\"@id\":\"https:\/\/www.noticiasradioreflejos.com.ar\/2021\/#\/schema\/person\/ad82545263dcc5ec0996818884fd5fb1\",\"name\":\"Arnaldo Botto\",\"image\":{\"@type\":\"ImageObject\",\"inLanguage\":\"es\",\"@id\":\"https:\/\/www.noticiasradioreflejos.com.ar\/2021\/#\/schema\/person\/image\/\",\"url\":\"https:\/\/secure.gravatar.com\/avatar\/55cb5e37c1efa326397366e6974cb338056df65cb50e7d64d1cf314e87504837?s=96&d=mm&r=g\",\"contentUrl\":\"https:\/\/secure.gravatar.com\/avatar\/55cb5e37c1efa326397366e6974cb338056df65cb50e7d64d1cf314e87504837?s=96&d=mm&r=g\",\"caption\":\"Arnaldo Botto\"},\"url\":\"https:\/\/www.noticiasradioreflejos.com.ar\/2021\/author\/arnaldo\/\"}]}<\/script>\n<!-- \/ Yoast SEO plugin. -->","yoast_head_json":{"title":"Comienzan a llegar las credenciales para certificar la vacunaci\u00f3n contra el COVID - Noticias Radio Reflejos","robots":{"index":"index","follow":"follow","max-snippet":"max-snippet:-1","max-image-preview":"max-image-preview:large","max-video-preview":"max-video-preview:-1"},"canonical":"https:\/\/www.noticiasradioreflejos.com.ar\/2021\/comienzan-a-llegar-las-credenciales-para-certificar-la-vacunacion-contra-el-covid\/","og_locale":"es_ES","og_type":"article","og_title":"Comienzan a llegar las credenciales para certificar la vacunaci\u00f3n contra el COVID - Noticias Radio Reflejos","og_description":"Regi\u00f3n Sanitaria I confirm\u00f3 que comenzaron a llegar a Bah\u00eda Blanca las primeras credenciales de certificaci\u00f3n que ser\u00e1n entregadas a aquellos que reciban alguna de las vacunas contra el coronavirus.","og_url":"https:\/\/www.noticiasradioreflejos.com.ar\/2021\/comienzan-a-llegar-las-credenciales-para-certificar-la-vacunacion-contra-el-covid\/","og_site_name":"Noticias Radio Reflejos","article_published_time":"2021-05-28T21:47:40+00:00","article_modified_time":"2021-05-28T21:48:32+00:00","og_image":[{"width":300,"height":200,"url":"https:\/\/www.noticiasradioreflejos.com.ar\/2021\/wp-content\/uploads\/2021\/07\/logosol300x200.png","type":"image\/png"}],"author":"Arnaldo Botto","twitter_card":"summary_large_image","schema":{"@context":"https:\/\/schema.org","@graph":[{"@type":"WebPage","@id":"https:\/\/www.noticiasradioreflejos.com.ar\/2021\/comienzan-a-llegar-las-credenciales-para-certificar-la-vacunacion-contra-el-covid\/","url":"https:\/\/www.noticiasradioreflejos.com.ar\/2021\/comienzan-a-llegar-las-credenciales-para-certificar-la-vacunacion-contra-el-covid\/","name":"Comienzan a llegar las credenciales para certificar la vacunaci\u00f3n contra el COVID - Noticias Radio Reflejos","isPartOf":{"@id":"https:\/\/www.noticiasradioreflejos.com.ar\/2021\/#website"},"datePublished":"2021-05-28T21:47:40+00:00","dateModified":"2021-05-28T21:48:32+00:00","author":{"@id":"https:\/\/www.noticiasradioreflejos.com.ar\/2021\/#\/schema\/person\/ad82545263dcc5ec0996818884fd5fb1"},"breadcrumb":{"@id":"https:\/\/www.noticiasradioreflejos.com.ar\/2021\/comienzan-a-llegar-las-credenciales-para-certificar-la-vacunacion-contra-el-covid\/#breadcrumb"},"inLanguage":"es","potentialAction":[{"@type":"ReadAction","target":["https:\/\/www.noticiasradioreflejos.com.ar\/2021\/comienzan-a-llegar-las-credenciales-para-certificar-la-vacunacion-contra-el-covid\/"]}]},{"@type":"BreadcrumbList","@id":"https:\/\/www.noticiasradioreflejos.com.ar\/2021\/comienzan-a-llegar-las-credenciales-para-certificar-la-vacunacion-contra-el-covid\/#breadcrumb","itemListElement":[{"@type":"ListItem","position":1,"name":"Portada","item":"https:\/\/www.noticiasradioreflejos.com.ar\/2021\/"},{"@type":"ListItem","position":2,"name":"Comienzan a llegar las credenciales para certificar la vacunaci\u00f3n contra el COVID"}]},{"@type":"WebSite","@id":"https:\/\/www.noticiasradioreflejos.com.ar\/2021\/#website","url":"https:\/\/www.noticiasradioreflejos.com.ar\/2021\/","name":"Noticias Radio Reflejos","description":"Las noticias de mi comarca","potentialAction":[{"@type":"SearchAction","target":{"@type":"EntryPoint","urlTemplate":"https:\/\/www.noticiasradioreflejos.com.ar\/2021\/?s={search_term_string}"},"query-input":{"@type":"PropertyValueSpecification","valueRequired":true,"valueName":"search_term_string"}}],"inLanguage":"es"},{"@type":"Person","@id":"https:\/\/www.noticiasradioreflejos.com.ar\/2021\/#\/schema\/person\/ad82545263dcc5ec0996818884fd5fb1","name":"Arnaldo Botto","image":{"@type":"ImageObject","inLanguage":"es","@id":"https:\/\/www.noticiasradioreflejos.com.ar\/2021\/#\/schema\/person\/image\/","url":"https:\/\/secure.gravatar.com\/avatar\/55cb5e37c1efa326397366e6974cb338056df65cb50e7d64d1cf314e87504837?s=96&d=mm&r=g","contentUrl":"https:\/\/secure.gravatar.com\/avatar\/55cb5e37c1efa326397366e6974cb338056df65cb50e7d64d1cf314e87504837?s=96&d=mm&r=g","caption":"Arnaldo Botto"},"url":"https:\/\/www.noticiasradioreflejos.com.ar\/2021\/author\/arnaldo\/"}]}},"_links":{"self":[{"href":"https:\/\/www.noticiasradioreflejos.com.ar\/2021\/wp-json\/wp\/v2\/posts\/57654","targetHints":{"allow":["GET"]}}],"collection":[{"href":"https:\/\/www.noticiasradioreflejos.com.ar\/2021\/wp-json\/wp\/v2\/posts"}],"about":[{"href":"https:\/\/www.noticiasradioreflejos.com.ar\/2021\/wp-json\/wp\/v2\/types\/post"}],"author":[{"embeddable":true,"href":"https:\/\/www.noticiasradioreflejos.com.ar\/2021\/wp-json\/wp\/v2\/users\/3"}],"replies":[{"embeddable":true,"href":"https:\/\/www.noticiasradioreflejos.com.ar\/2021\/wp-json\/wp\/v2\/comments?post=57654"}],"version-history":[{"count":1,"href":"https:\/\/www.noticiasradioreflejos.com.ar\/2021\/wp-json\/wp\/v2\/posts\/57654\/revisions"}],"predecessor-version":[{"id":57656,"href":"https:\/\/www.noticiasradioreflejos.com.ar\/2021\/wp-json\/wp\/v2\/posts\/57654\/revisions\/57656"}],"wp:attachment":[{"href":"https:\/\/www.noticiasradioreflejos.com.ar\/2021\/wp-json\/wp\/v2\/media?parent=57654"}],"wp:term":[{"taxonomy":"category","embeddable":true,"href":"https:\/\/www.noticiasradioreflejos.com.ar\/2021\/wp-json\/wp\/v2\/categories?post=57654"},{"taxonomy":"post_tag","embeddable":true,"href":"https:\/\/www.noticiasradioreflejos.com.ar\/2021\/wp-json\/wp\/v2\/tags?post=57654"}],"curies":[{"name":"wp","href":"https:\/\/api.w.org\/{rel}","templated":true}]}}