{"id":57648,"date":"2021-05-28T21:26:40","date_gmt":"2021-05-28T21:26:40","guid":{"rendered":"http:\/\/www.noticiasradioreflejos.com.ar\/2021\/?p=57648"},"modified":"2021-05-28T21:26:40","modified_gmt":"2021-05-28T21:26:40","slug":"lanzan-cursos-de-capacitacion-politica-online-gratuitos","status":"publish","type":"post","link":"https:\/\/www.noticiasradioreflejos.com.ar\/2021\/lanzan-cursos-de-capacitacion-politica-online-gratuitos\/","title":{"rendered":"Lanzan cursos de capacitaci\u00f3n pol\u00edtica online gratuitos"},"content":{"rendered":"<p><em>Sobre <strong>Comunicaci\u00f3n pol\u00edtica digital<\/strong> y <strong>Am\u00e9rica Latina, la historia reciente y el presente<\/strong>. Comienzan en junio, son virtuales y gratuitos. \u00a0C\u00f3mo inscribirse.<\/em><!--more--><\/p>\n<p><strong>\u00a0<\/strong>Con dos nuevos seminarios con enfoque en la Comunicaci\u00f3n pol\u00edtica digital y los procesos sociales y pol\u00edticos actuales de Am\u00e9rica Latina, el <strong>Instituto de Capacitaci\u00f3n Pol\u00edtica y Estudios Estrat\u00e9gicos (ICP)<\/strong> relanza su oferta de formaci\u00f3n 2021, de alcance federal.<\/p>\n<p>Tendr\u00e1n una duraci\u00f3n de cuatro clases cada uno -dictados por reconocidos profesionales con amplia experiencia en las tem\u00e1ticas abordadas- y se cursar\u00e1n de manera virtual. \u00a0La inscripci\u00f3n est\u00e1 abierta, son gratuitos y al finalizar se otorgar\u00e1n certificados.<\/p>\n<p>\u201cLa comunicaci\u00f3n pol\u00edtica en los territorios digitales\u201d comienza el 8 de junio y se llevar\u00e1 a cabo todos los martes del mes a las 19. analiza la irrupci\u00f3n de los medios digitales y la evoluci\u00f3n constante de las herramientas de la comunicaci\u00f3n, proponiendo un acercamiento al manejo de las mismas.<\/p>\n<p>Redes sociales, comunicaciones de gobierno, campa\u00f1as electorales y de posicionamiento, audiencias, viralizaci\u00f3n, los influencer, generaci\u00f3n de contenidos y narrativas y fake \u2013 news, son algunos de los contenidos que se desarrollar\u00e1n.<\/p>\n<p>Est\u00e1 dirigido a personas que trabajen \u00f3 est\u00e9n interesadas en trabajar en equipos de gobiernos municipales, provinciales y nacionales; partidos pol\u00edticos, ONG y medios especializados, entre otros; y a quienes deseen adquirir conocimientos sobre la comunicaci\u00f3n pol\u00edtica digital y sus amplificaciones en plataformas y medios.<\/p>\n<p>Dictado por los docentes Mart\u00edn Gonz\u00e1lez Fr\u00edgoli y Natalia Ferrante, a cargo de la Especializaci\u00f3n en Comunicaci\u00f3n Digital de la Facultad de Periodismo y Comunicaci\u00f3n Social de la Universidad Nacional de La Plata.<\/p>\n<p>La otra propuesta es \u201cAm\u00e9rica latina. La historia reciente y el presente. Procesos sociales y pol\u00edticos. Un continente en disputa de sentidos\u201d. inicia el jueves 3 de junio a las 19 y contin\u00faa los d\u00edas 10, 17 y 24; propone partir de un posicionamiento nacional, popular y latinoamericano para analizar la historia reciente en cuatro momentos o ciclos.<\/p>\n<p>Al frente de las clases estar\u00e1 Carlos Mar\u00eda Ciappina, profesor en la Facultad de Periodismo y Comunicaci\u00f3n Social de la UNLP, licenciado en Historia y doctor en Comunicaci\u00f3n; es investigador y ha escrito varios libros sobre su campo de estudio.<\/p>\n<p>Formulado de modo accesible, como \u00e1mbito de formaci\u00f3n contextual, el curso promueve un acercamiento serio acad\u00e9micamente a quienes quieran tener una primera mirada sobre la tem\u00e1tica.<\/p>\n<p>Los y las interesadas en participar deber\u00e1n inscribirse previamente en www.icpweb.ar.<\/p>\n<p><a title=\"Comunicacio\u0301n Politica Digital\" href=\"https:\/\/www.flickr.com\/photos\/182279889@N02\/51209295346\/in\/dateposted-public\/\" data-flickr-embed=\"true\" data-header=\"true\"><img loading=\"lazy\" decoding=\"async\" src=\"https:\/\/live.staticflickr.com\/65535\/51209295346_48ef34d1ef_c.jpg\" alt=\"Comunicacio\u0301n Politica Digital\" width=\"565\" height=\"800\" \/><\/a><script async src=\"\/\/embedr.flickr.com\/assets\/client-code.js\" charset=\"utf-8\"><\/script><\/p>\n<h4><strong>ICP, trayectoria<\/strong><\/h4>\n<p>El <strong>Instituto de Capacitaci\u00f3n Pol\u00edtica <\/strong>fue fundado en el a\u00f1o 2000 y desde entonces ha contribuido de forma constante a la formaci\u00f3n de\u00a0 cuadros pol\u00edticos y t\u00e9cnicos, promoviendo la participaci\u00f3n y capacitaci\u00f3n de\u00a0 j\u00f3venes. Todas sus actividades son de car\u00e1cter pluralista y excelencia acad\u00e9mica.<\/p>\n<p>Por sus aulas han pasado m\u00e1s de mil alumnos y destacados intelectuales del pensamiento nacional, la cultura y la academia como Alberto Gonz\u00e1lez Arzac, Araceli Bellota, Ram\u00f3n Torres Molina, Mar\u00eda del Carmen Squeff, Ernesto Goldar y C\u00e9sar Luis D\u00edaz; adem\u00e1s de numerosos dirigentes y funcionarios y funcionarias con recorrido por la funci\u00f3n p\u00fablica.<\/p>\n<p>El espacio, con m\u00e1s de 20 a\u00f1os de trayectoria, constituye un modelo innovador en el marco de las democracias modernas, en el que se construyen instancias de estudio, debate y reflexi\u00f3n sobre los procesos pol\u00edticos, sociales, econ\u00f3micos y culturales de la Argentina, el mundo y la regi\u00f3n; adem\u00e1s del an\u00e1lisis del Estado y las pol\u00edticas p\u00fablicas, y el dise\u00f1o de proyectos e investigaciones orientados a la gesti\u00f3n de gobierno.<\/p>\n<p><a title=\"Ame\u0301rica Latina\" href=\"https:\/\/www.flickr.com\/photos\/182279889@N02\/51210053724\/in\/dateposted-public\/\" data-flickr-embed=\"true\" data-header=\"true\"><img loading=\"lazy\" decoding=\"async\" src=\"https:\/\/live.staticflickr.com\/65535\/51210053724_2f563e7a90_c.jpg\" alt=\"Ame\u0301rica Latina\" width=\"565\" height=\"800\" \/><\/a><script async src=\"\/\/embedr.flickr.com\/assets\/client-code.js\" charset=\"utf-8\"><\/script><\/p>\n","protected":false},"excerpt":{"rendered":"<p>Sobre Comunicaci\u00f3n pol\u00edtica digital y Am\u00e9rica Latina, la historia reciente y el presente. Comienzan en junio, son virtuales y gratuitos. \u00a0C\u00f3mo inscribirse.<\/p>\n","protected":false},"author":3,"featured_media":0,"comment_status":"closed","ping_status":"closed","sticky":false,"template":"","format":"standard","meta":{"footnotes":""},"categories":[34],"tags":[],"class_list":["post-57648","post","type-post","status-publish","format-standard","hentry","category-educacion"],"yoast_head":"<!-- This site is optimized with the Yoast SEO plugin v25.9 - https:\/\/yoast.com\/wordpress\/plugins\/seo\/ -->\n<title>Lanzan cursos de capacitaci\u00f3n pol\u00edtica online gratuitos - Noticias Radio Reflejos<\/title>\n<meta name=\"robots\" content=\"index, follow, max-snippet:-1, max-image-preview:large, max-video-preview:-1\" \/>\n<link rel=\"canonical\" href=\"https:\/\/www.noticiasradioreflejos.com.ar\/2021\/lanzan-cursos-de-capacitacion-politica-online-gratuitos\/\" \/>\n<meta property=\"og:locale\" content=\"es_ES\" \/>\n<meta property=\"og:type\" content=\"article\" \/>\n<meta property=\"og:title\" content=\"Lanzan cursos de capacitaci\u00f3n pol\u00edtica online gratuitos - Noticias Radio Reflejos\" \/>\n<meta property=\"og:description\" content=\"Sobre Comunicaci\u00f3n pol\u00edtica digital y Am\u00e9rica Latina, la historia reciente y el presente. Comienzan en junio, son virtuales y gratuitos. \u00a0C\u00f3mo inscribirse.\" \/>\n<meta property=\"og:url\" content=\"https:\/\/www.noticiasradioreflejos.com.ar\/2021\/lanzan-cursos-de-capacitacion-politica-online-gratuitos\/\" \/>\n<meta property=\"og:site_name\" content=\"Noticias Radio Reflejos\" \/>\n<meta property=\"article:published_time\" content=\"2021-05-28T21:26:40+00:00\" \/>\n<meta property=\"og:image\" content=\"https:\/\/live.staticflickr.com\/65535\/51209295346_48ef34d1ef_c.jpg\" \/>\n<meta name=\"author\" content=\"Arnaldo Botto\" \/>\n<meta name=\"twitter:card\" content=\"summary_large_image\" \/>\n<script type=\"application\/ld+json\" class=\"yoast-schema-graph\">{\"@context\":\"https:\/\/schema.org\",\"@graph\":[{\"@type\":\"WebPage\",\"@id\":\"https:\/\/www.noticiasradioreflejos.com.ar\/2021\/lanzan-cursos-de-capacitacion-politica-online-gratuitos\/\",\"url\":\"https:\/\/www.noticiasradioreflejos.com.ar\/2021\/lanzan-cursos-de-capacitacion-politica-online-gratuitos\/\",\"name\":\"Lanzan cursos de capacitaci\u00f3n pol\u00edtica online gratuitos - Noticias Radio Reflejos\",\"isPartOf\":{\"@id\":\"https:\/\/www.noticiasradioreflejos.com.ar\/2021\/#website\"},\"primaryImageOfPage\":{\"@id\":\"https:\/\/www.noticiasradioreflejos.com.ar\/2021\/lanzan-cursos-de-capacitacion-politica-online-gratuitos\/#primaryimage\"},\"image\":{\"@id\":\"https:\/\/www.noticiasradioreflejos.com.ar\/2021\/lanzan-cursos-de-capacitacion-politica-online-gratuitos\/#primaryimage\"},\"thumbnailUrl\":\"https:\/\/live.staticflickr.com\/65535\/51209295346_48ef34d1ef_c.jpg\",\"datePublished\":\"2021-05-28T21:26:40+00:00\",\"author\":{\"@id\":\"https:\/\/www.noticiasradioreflejos.com.ar\/2021\/#\/schema\/person\/ad82545263dcc5ec0996818884fd5fb1\"},\"breadcrumb\":{\"@id\":\"https:\/\/www.noticiasradioreflejos.com.ar\/2021\/lanzan-cursos-de-capacitacion-politica-online-gratuitos\/#breadcrumb\"},\"inLanguage\":\"es\",\"potentialAction\":[{\"@type\":\"ReadAction\",\"target\":[\"https:\/\/www.noticiasradioreflejos.com.ar\/2021\/lanzan-cursos-de-capacitacion-politica-online-gratuitos\/\"]}]},{\"@type\":\"ImageObject\",\"inLanguage\":\"es\",\"@id\":\"https:\/\/www.noticiasradioreflejos.com.ar\/2021\/lanzan-cursos-de-capacitacion-politica-online-gratuitos\/#primaryimage\",\"url\":\"https:\/\/live.staticflickr.com\/65535\/51209295346_48ef34d1ef_c.jpg\",\"contentUrl\":\"https:\/\/live.staticflickr.com\/65535\/51209295346_48ef34d1ef_c.jpg\"},{\"@type\":\"BreadcrumbList\",\"@id\":\"https:\/\/www.noticiasradioreflejos.com.ar\/2021\/lanzan-cursos-de-capacitacion-politica-online-gratuitos\/#breadcrumb\",\"itemListElement\":[{\"@type\":\"ListItem\",\"position\":1,\"name\":\"Portada\",\"item\":\"https:\/\/www.noticiasradioreflejos.com.ar\/2021\/\"},{\"@type\":\"ListItem\",\"position\":2,\"name\":\"Lanzan cursos de capacitaci\u00f3n pol\u00edtica online gratuitos\"}]},{\"@type\":\"WebSite\",\"@id\":\"https:\/\/www.noticiasradioreflejos.com.ar\/2021\/#website\",\"url\":\"https:\/\/www.noticiasradioreflejos.com.ar\/2021\/\",\"name\":\"Noticias Radio Reflejos\",\"description\":\"Las noticias de mi comarca\",\"potentialAction\":[{\"@type\":\"SearchAction\",\"target\":{\"@type\":\"EntryPoint\",\"urlTemplate\":\"https:\/\/www.noticiasradioreflejos.com.ar\/2021\/?s={search_term_string}\"},\"query-input\":{\"@type\":\"PropertyValueSpecification\",\"valueRequired\":true,\"valueName\":\"search_term_string\"}}],\"inLanguage\":\"es\"},{\"@type\":\"Person\",\"@id\":\"https:\/\/www.noticiasradioreflejos.com.ar\/2021\/#\/schema\/person\/ad82545263dcc5ec0996818884fd5fb1\",\"name\":\"Arnaldo Botto\",\"image\":{\"@type\":\"ImageObject\",\"inLanguage\":\"es\",\"@id\":\"https:\/\/www.noticiasradioreflejos.com.ar\/2021\/#\/schema\/person\/image\/\",\"url\":\"https:\/\/secure.gravatar.com\/avatar\/55cb5e37c1efa326397366e6974cb338056df65cb50e7d64d1cf314e87504837?s=96&d=mm&r=g\",\"contentUrl\":\"https:\/\/secure.gravatar.com\/avatar\/55cb5e37c1efa326397366e6974cb338056df65cb50e7d64d1cf314e87504837?s=96&d=mm&r=g\",\"caption\":\"Arnaldo Botto\"},\"url\":\"https:\/\/www.noticiasradioreflejos.com.ar\/2021\/author\/arnaldo\/\"}]}<\/script>\n<!-- \/ Yoast SEO plugin. -->","yoast_head_json":{"title":"Lanzan cursos de capacitaci\u00f3n pol\u00edtica online gratuitos - Noticias Radio Reflejos","robots":{"index":"index","follow":"follow","max-snippet":"max-snippet:-1","max-image-preview":"max-image-preview:large","max-video-preview":"max-video-preview:-1"},"canonical":"https:\/\/www.noticiasradioreflejos.com.ar\/2021\/lanzan-cursos-de-capacitacion-politica-online-gratuitos\/","og_locale":"es_ES","og_type":"article","og_title":"Lanzan cursos de capacitaci\u00f3n pol\u00edtica online gratuitos - Noticias Radio Reflejos","og_description":"Sobre Comunicaci\u00f3n pol\u00edtica digital y Am\u00e9rica Latina, la historia reciente y el presente. Comienzan en junio, son virtuales y gratuitos. \u00a0C\u00f3mo inscribirse.","og_url":"https:\/\/www.noticiasradioreflejos.com.ar\/2021\/lanzan-cursos-de-capacitacion-politica-online-gratuitos\/","og_site_name":"Noticias Radio Reflejos","article_published_time":"2021-05-28T21:26:40+00:00","og_image":[{"url":"https:\/\/live.staticflickr.com\/65535\/51209295346_48ef34d1ef_c.jpg","type":"","width":"","height":""}],"author":"Arnaldo Botto","twitter_card":"summary_large_image","schema":{"@context":"https:\/\/schema.org","@graph":[{"@type":"WebPage","@id":"https:\/\/www.noticiasradioreflejos.com.ar\/2021\/lanzan-cursos-de-capacitacion-politica-online-gratuitos\/","url":"https:\/\/www.noticiasradioreflejos.com.ar\/2021\/lanzan-cursos-de-capacitacion-politica-online-gratuitos\/","name":"Lanzan cursos de capacitaci\u00f3n pol\u00edtica online gratuitos - Noticias Radio Reflejos","isPartOf":{"@id":"https:\/\/www.noticiasradioreflejos.com.ar\/2021\/#website"},"primaryImageOfPage":{"@id":"https:\/\/www.noticiasradioreflejos.com.ar\/2021\/lanzan-cursos-de-capacitacion-politica-online-gratuitos\/#primaryimage"},"image":{"@id":"https:\/\/www.noticiasradioreflejos.com.ar\/2021\/lanzan-cursos-de-capacitacion-politica-online-gratuitos\/#primaryimage"},"thumbnailUrl":"https:\/\/live.staticflickr.com\/65535\/51209295346_48ef34d1ef_c.jpg","datePublished":"2021-05-28T21:26:40+00:00","author":{"@id":"https:\/\/www.noticiasradioreflejos.com.ar\/2021\/#\/schema\/person\/ad82545263dcc5ec0996818884fd5fb1"},"breadcrumb":{"@id":"https:\/\/www.noticiasradioreflejos.com.ar\/2021\/lanzan-cursos-de-capacitacion-politica-online-gratuitos\/#breadcrumb"},"inLanguage":"es","potentialAction":[{"@type":"ReadAction","target":["https:\/\/www.noticiasradioreflejos.com.ar\/2021\/lanzan-cursos-de-capacitacion-politica-online-gratuitos\/"]}]},{"@type":"ImageObject","inLanguage":"es","@id":"https:\/\/www.noticiasradioreflejos.com.ar\/2021\/lanzan-cursos-de-capacitacion-politica-online-gratuitos\/#primaryimage","url":"https:\/\/live.staticflickr.com\/65535\/51209295346_48ef34d1ef_c.jpg","contentUrl":"https:\/\/live.staticflickr.com\/65535\/51209295346_48ef34d1ef_c.jpg"},{"@type":"BreadcrumbList","@id":"https:\/\/www.noticiasradioreflejos.com.ar\/2021\/lanzan-cursos-de-capacitacion-politica-online-gratuitos\/#breadcrumb","itemListElement":[{"@type":"ListItem","position":1,"name":"Portada","item":"https:\/\/www.noticiasradioreflejos.com.ar\/2021\/"},{"@type":"ListItem","position":2,"name":"Lanzan cursos de capacitaci\u00f3n pol\u00edtica online gratuitos"}]},{"@type":"WebSite","@id":"https:\/\/www.noticiasradioreflejos.com.ar\/2021\/#website","url":"https:\/\/www.noticiasradioreflejos.com.ar\/2021\/","name":"Noticias Radio Reflejos","description":"Las noticias de mi comarca","potentialAction":[{"@type":"SearchAction","target":{"@type":"EntryPoint","urlTemplate":"https:\/\/www.noticiasradioreflejos.com.ar\/2021\/?s={search_term_string}"},"query-input":{"@type":"PropertyValueSpecification","valueRequired":true,"valueName":"search_term_string"}}],"inLanguage":"es"},{"@type":"Person","@id":"https:\/\/www.noticiasradioreflejos.com.ar\/2021\/#\/schema\/person\/ad82545263dcc5ec0996818884fd5fb1","name":"Arnaldo Botto","image":{"@type":"ImageObject","inLanguage":"es","@id":"https:\/\/www.noticiasradioreflejos.com.ar\/2021\/#\/schema\/person\/image\/","url":"https:\/\/secure.gravatar.com\/avatar\/55cb5e37c1efa326397366e6974cb338056df65cb50e7d64d1cf314e87504837?s=96&d=mm&r=g","contentUrl":"https:\/\/secure.gravatar.com\/avatar\/55cb5e37c1efa326397366e6974cb338056df65cb50e7d64d1cf314e87504837?s=96&d=mm&r=g","caption":"Arnaldo Botto"},"url":"https:\/\/www.noticiasradioreflejos.com.ar\/2021\/author\/arnaldo\/"}]}},"_links":{"self":[{"href":"https:\/\/www.noticiasradioreflejos.com.ar\/2021\/wp-json\/wp\/v2\/posts\/57648","targetHints":{"allow":["GET"]}}],"collection":[{"href":"https:\/\/www.noticiasradioreflejos.com.ar\/2021\/wp-json\/wp\/v2\/posts"}],"about":[{"href":"https:\/\/www.noticiasradioreflejos.com.ar\/2021\/wp-json\/wp\/v2\/types\/post"}],"author":[{"embeddable":true,"href":"https:\/\/www.noticiasradioreflejos.com.ar\/2021\/wp-json\/wp\/v2\/users\/3"}],"replies":[{"embeddable":true,"href":"https:\/\/www.noticiasradioreflejos.com.ar\/2021\/wp-json\/wp\/v2\/comments?post=57648"}],"version-history":[{"count":1,"href":"https:\/\/www.noticiasradioreflejos.com.ar\/2021\/wp-json\/wp\/v2\/posts\/57648\/revisions"}],"predecessor-version":[{"id":57650,"href":"https:\/\/www.noticiasradioreflejos.com.ar\/2021\/wp-json\/wp\/v2\/posts\/57648\/revisions\/57650"}],"wp:attachment":[{"href":"https:\/\/www.noticiasradioreflejos.com.ar\/2021\/wp-json\/wp\/v2\/media?parent=57648"}],"wp:term":[{"taxonomy":"category","embeddable":true,"href":"https:\/\/www.noticiasradioreflejos.com.ar\/2021\/wp-json\/wp\/v2\/categories?post=57648"},{"taxonomy":"post_tag","embeddable":true,"href":"https:\/\/www.noticiasradioreflejos.com.ar\/2021\/wp-json\/wp\/v2\/tags?post=57648"}],"curies":[{"name":"wp","href":"https:\/\/api.w.org\/{rel}","templated":true}]}}