{"id":57645,"date":"2021-05-28T21:19:01","date_gmt":"2021-05-28T21:19:01","guid":{"rendered":"http:\/\/www.noticiasradioreflejos.com.ar\/2021\/?p=57645"},"modified":"2021-05-28T21:19:30","modified_gmt":"2021-05-28T21:19:30","slug":"en-las-ultimas-24-horas-murieron-560-personas-y-suman-39-207-los-casos-reportados","status":"publish","type":"post","link":"https:\/\/www.noticiasradioreflejos.com.ar\/2021\/en-las-ultimas-24-horas-murieron-560-personas-y-suman-39-207-los-casos-reportados\/","title":{"rendered":"En las \u00faltimas 24 horas murieron 560 personas y suman 39.207 los casos reportados"},"content":{"rendered":"<div class=\"head-content\">\n<p>As\u00ed lo informa el reporte del Ministerio de Salud de la Naci\u00f3n. Suman 76.693 los fallecidos registrados oficialmente a nivel nacional y 3.702.422 los contagiados desde el inicio de la pandemia.<\/p>\n<\/div>\n<p><!--more--><\/p>\n<div class=\"main-content-block\">\n<div class=\"main-box clearfix\">\n<div class=\"wrapper-main-section clearfix\">\n<div class=\"wrapper-editable-content\">\n<div class=\"editable-content clearfix\">\n<div id=\"image\" class=\"image\">\n<p><img decoding=\"async\" title=\"Otras 560 personas murieron y 39.207 fueron reportadas con coronavirus en las \u00faltimas 24 horas en la Argentina.\" src=\"https:\/\/www.telam.com.ar\/advf\/imagenes\/2021\/05\/60b11ecfe27f9_1004x565.jpg\" alt=\"Otras 560 personas murieron y 39.207 fueron reportadas con coronavirus en las \u00faltimas 24 horas en la Argentina.\" \/><\/p>\n<div class=\"epigrafe\">Otras 560 personas murieron y 39.207 fueron reportadas con coronavirus en las \u00faltimas 24 horas en la Argentina.<\/div>\n<\/div>\n<p>Otras 560 personas murieron y 39.207 fueron reportadas con coronavirus en las \u00faltimas 24 horas en la Argentina, con lo que\u00a0<strong>suman 76.693 los fallecidos registrados oficialmente a nivel nacional y 3.702.422 los contagiados\u00a0<\/strong>desde el inicio de la pandemia, inform\u00f3 el Ministerio de Salud.<\/p>\n<p>La cartera sanitaria indic\u00f3 que son 6.872 los internados en unidades de terapia intensiva, con un porcentaje de ocupaci\u00f3n de camas de adultos de 77,1% en el pa\u00eds y del 76,6% en el \u00c1rea Metropolitana Buenos Aires.<\/p>\n<p>De los 3.702.422 contagiados, 3.252.843 recibieron el alta y 372.886 son casos confirmados activos.<\/p>\n<div class=\"auth\">Los falecidos, por distrito<\/div>\n<p>El reporte consign\u00f3 que fallecieron 334 hombres y 223 mujeres, mientras que dos personas de la provincia de Buenos Aires y una de Chubut fueron reportadas sin dato de sexo.<\/p>\n<p>El parte precis\u00f3 que murieron 142 hombres en la provincia de Buenos Aires; 26 en la Ciudad de Buenos Aires; 2 en Catamarca; 5 en Chaco; 15 en Chubut; 1 en Corrientes; 19 en C\u00f3rdoba; 7 en Entre R\u00edos; 18 en Formosa; 7 en La Pampa; 13 en Mendoza; 13 en Neuqu\u00e9n; 11 en R\u00edo Negro; 5 en Salta; 5 en San Juan; 3 en San Luis; 4 en Santa Cruz; 23 en Santa Fe; 7 en Santiago del Estero; 2 en Tierra del Fuego y 6 en Tucum\u00e1n.<\/p>\n<p>Tambi\u00e9n fallecieron 96 mujeres en la provincia de Buenos Aires; 19 en la Ciudad de Buenos Aires; 1 en Catamarca; 6 en Chaco; 11 en Chubut; 16 en C\u00f3rdoba; 6 en Entre R\u00edos; 7 en Formosa; 3 en La Pampa;12 en Mendoza; 3 en Neuqu\u00e9n; 5 en R\u00edo Negro; 3 en Salta; 4 en San Juan; 3 en San Luis; 21 en Santa Fe; 2 en Santiago del Estero y 5 en Tucum\u00e1n.<\/p>\n<div id=\"image\" class=\"image\">\n<p><img decoding=\"async\" title=\"El reporte consign\u00f3 que fallecieron 334 hombres y 223 mujeres, mientras que dos personas de la provincia de Buenos Aires y una de Chubut fueron reportadas sin dato de sexo.\" src=\"https:\/\/www.telam.com.ar\/advf\/imagenes\/2021\/04\/608408e7cc5a6_1004x565.jpg\" alt=\"El reporte consign\u00f3 que fallecieron 334 hombres y 223 mujeres, mientras que dos personas de la provincia de Buenos Aires y una de Chubut fueron reportadas sin dato de sexo.\" \/><\/p>\n<div class=\"epigrafe\">El reporte consign\u00f3 que fallecieron 334 hombres y 223 mujeres, mientras que dos personas de la provincia de Buenos Aires y una de Chubut fueron reportadas sin dato de sexo.<\/div>\n<\/div>\n<div class=\"auth\">Los contagios, por distrito<\/div>\n<p>Hoy se registraron en la provincia de Buenos Aires 15.035 casos; en la Ciudad de Buenos Aires, 3.026; en Catamarca, 422; en Chaco, 727; en Chubut, 440; en Corrientes, 491; en C\u00f3rdoba, 4.654; en Entre R\u00edos, 1.476; en Formosa, 1.203; en Jujuy, 182; en La Pampa, 570; en La Rioja, 210; en Mendoza, 1.127; en Misiones, 214; en Neuqu\u00e9n, 987; en R\u00edo Negro, 600; en Salta, 636; en San Juan, 921; en San Luis, 638; en Santa Cruz, 220; en Santa Fe, 3.653; en Santiago del Estero, 633; Tierra del Fuego, 80 y en Tucum\u00e1n, 1.062.<\/p>\n<p>El Ministerio indic\u00f3, adem\u00e1s, que se realizaron en las \u00faltimas 24 horas 110.987 testeos y desde el inicio del brote ascienden a 13.682.632 pruebas diagn\u00f3sticas para esta enfermedad.<\/p>\n<p>El total de acumulados por distrito indica que la provincia de Buenos Aires suma 1.582.856 casos; la Ciudad de Buenos Aires, 412.061; Catamarca, 22.623; Chaco, 56.675; Chubut, 61.861; Corrientes, 49.744; C\u00f3rdoba 301.483; Entre R\u00edos, 83.151; Formosa, 27.849; Jujuy, 27.904; La Pampa, 41.735; La Rioja, 16.957; Mendoza, 118.768; Misiones, 19.876; Neuqu\u00e9n, 88.322; R\u00edo Negro, 72.981; Salta, 44.157; San Juan, 35.892; San Luis, 51.497; Santa Cruz, 51.025; Santa Fe, 336.899; Santiago del Estero, 42.299; Tierra del Fuego, 28.379 y Tucum\u00e1n, 127.428.<\/p>\n<p>Se incluyen casos existentes en las Islas Malvinas seg\u00fan informaci\u00f3n de prensa (debido a la ocupaci\u00f3n ilegal del Reino Unido, Gran Breta\u00f1a e Irlanda del Norte no es posible contar con informaci\u00f3n propia sobre el impacto de la Covid-19 en esa parte del territorio argentino).<\/p>\n<div class=\"btn_externos\"><\/div>\n<\/div>\n<\/div>\n<\/div>\n<\/div>\n<\/div>\n","protected":false},"excerpt":{"rendered":"<p>As\u00ed lo informa el reporte del Ministerio de Salud de la Naci\u00f3n. Suman 76.693 los fallecidos registrados oficialmente a nivel nacional y 3.702.422 los contagiados desde el inicio de la pandemia.<\/p>\n","protected":false},"author":3,"featured_media":0,"comment_status":"closed","ping_status":"closed","sticky":false,"template":"","format":"standard","meta":{"footnotes":""},"categories":[30],"tags":[],"class_list":["post-57645","post","type-post","status-publish","format-standard","hentry","category-salud"],"yoast_head":"<!-- This site is optimized with the Yoast SEO plugin v25.9 - https:\/\/yoast.com\/wordpress\/plugins\/seo\/ -->\n<title>En las \u00faltimas 24 horas murieron 560 personas y suman 39.207 los casos reportados - Noticias Radio Reflejos<\/title>\n<meta name=\"robots\" content=\"index, follow, max-snippet:-1, max-image-preview:large, max-video-preview:-1\" \/>\n<link rel=\"canonical\" href=\"https:\/\/www.noticiasradioreflejos.com.ar\/2021\/en-las-ultimas-24-horas-murieron-560-personas-y-suman-39-207-los-casos-reportados\/\" \/>\n<meta property=\"og:locale\" content=\"es_ES\" \/>\n<meta property=\"og:type\" content=\"article\" \/>\n<meta property=\"og:title\" content=\"En las \u00faltimas 24 horas murieron 560 personas y suman 39.207 los casos reportados - Noticias Radio Reflejos\" \/>\n<meta property=\"og:description\" content=\"As\u00ed lo informa el reporte del Ministerio de Salud de la Naci\u00f3n. Suman 76.693 los fallecidos registrados oficialmente a nivel nacional y 3.702.422 los contagiados desde el inicio de la pandemia.\" \/>\n<meta property=\"og:url\" content=\"https:\/\/www.noticiasradioreflejos.com.ar\/2021\/en-las-ultimas-24-horas-murieron-560-personas-y-suman-39-207-los-casos-reportados\/\" \/>\n<meta property=\"og:site_name\" content=\"Noticias Radio Reflejos\" \/>\n<meta property=\"article:published_time\" content=\"2021-05-28T21:19:01+00:00\" \/>\n<meta property=\"article:modified_time\" content=\"2021-05-28T21:19:30+00:00\" \/>\n<meta property=\"og:image\" content=\"https:\/\/www.telam.com.ar\/advf\/imagenes\/2021\/05\/60b11ecfe27f9_1004x565.jpg\" \/>\n<meta name=\"author\" content=\"Arnaldo Botto\" \/>\n<meta name=\"twitter:card\" content=\"summary_large_image\" \/>\n<script type=\"application\/ld+json\" class=\"yoast-schema-graph\">{\"@context\":\"https:\/\/schema.org\",\"@graph\":[{\"@type\":\"WebPage\",\"@id\":\"https:\/\/www.noticiasradioreflejos.com.ar\/2021\/en-las-ultimas-24-horas-murieron-560-personas-y-suman-39-207-los-casos-reportados\/\",\"url\":\"https:\/\/www.noticiasradioreflejos.com.ar\/2021\/en-las-ultimas-24-horas-murieron-560-personas-y-suman-39-207-los-casos-reportados\/\",\"name\":\"En las \u00faltimas 24 horas murieron 560 personas y suman 39.207 los casos reportados - Noticias Radio Reflejos\",\"isPartOf\":{\"@id\":\"https:\/\/www.noticiasradioreflejos.com.ar\/2021\/#website\"},\"primaryImageOfPage\":{\"@id\":\"https:\/\/www.noticiasradioreflejos.com.ar\/2021\/en-las-ultimas-24-horas-murieron-560-personas-y-suman-39-207-los-casos-reportados\/#primaryimage\"},\"image\":{\"@id\":\"https:\/\/www.noticiasradioreflejos.com.ar\/2021\/en-las-ultimas-24-horas-murieron-560-personas-y-suman-39-207-los-casos-reportados\/#primaryimage\"},\"thumbnailUrl\":\"https:\/\/www.telam.com.ar\/advf\/imagenes\/2021\/05\/60b11ecfe27f9_1004x565.jpg\",\"datePublished\":\"2021-05-28T21:19:01+00:00\",\"dateModified\":\"2021-05-28T21:19:30+00:00\",\"author\":{\"@id\":\"https:\/\/www.noticiasradioreflejos.com.ar\/2021\/#\/schema\/person\/ad82545263dcc5ec0996818884fd5fb1\"},\"breadcrumb\":{\"@id\":\"https:\/\/www.noticiasradioreflejos.com.ar\/2021\/en-las-ultimas-24-horas-murieron-560-personas-y-suman-39-207-los-casos-reportados\/#breadcrumb\"},\"inLanguage\":\"es\",\"potentialAction\":[{\"@type\":\"ReadAction\",\"target\":[\"https:\/\/www.noticiasradioreflejos.com.ar\/2021\/en-las-ultimas-24-horas-murieron-560-personas-y-suman-39-207-los-casos-reportados\/\"]}]},{\"@type\":\"ImageObject\",\"inLanguage\":\"es\",\"@id\":\"https:\/\/www.noticiasradioreflejos.com.ar\/2021\/en-las-ultimas-24-horas-murieron-560-personas-y-suman-39-207-los-casos-reportados\/#primaryimage\",\"url\":\"https:\/\/www.telam.com.ar\/advf\/imagenes\/2021\/05\/60b11ecfe27f9_1004x565.jpg\",\"contentUrl\":\"https:\/\/www.telam.com.ar\/advf\/imagenes\/2021\/05\/60b11ecfe27f9_1004x565.jpg\"},{\"@type\":\"BreadcrumbList\",\"@id\":\"https:\/\/www.noticiasradioreflejos.com.ar\/2021\/en-las-ultimas-24-horas-murieron-560-personas-y-suman-39-207-los-casos-reportados\/#breadcrumb\",\"itemListElement\":[{\"@type\":\"ListItem\",\"position\":1,\"name\":\"Portada\",\"item\":\"https:\/\/www.noticiasradioreflejos.com.ar\/2021\/\"},{\"@type\":\"ListItem\",\"position\":2,\"name\":\"En las \u00faltimas 24 horas murieron 560 personas y suman 39.207 los casos reportados\"}]},{\"@type\":\"WebSite\",\"@id\":\"https:\/\/www.noticiasradioreflejos.com.ar\/2021\/#website\",\"url\":\"https:\/\/www.noticiasradioreflejos.com.ar\/2021\/\",\"name\":\"Noticias Radio Reflejos\",\"description\":\"Las noticias de mi comarca\",\"potentialAction\":[{\"@type\":\"SearchAction\",\"target\":{\"@type\":\"EntryPoint\",\"urlTemplate\":\"https:\/\/www.noticiasradioreflejos.com.ar\/2021\/?s={search_term_string}\"},\"query-input\":{\"@type\":\"PropertyValueSpecification\",\"valueRequired\":true,\"valueName\":\"search_term_string\"}}],\"inLanguage\":\"es\"},{\"@type\":\"Person\",\"@id\":\"https:\/\/www.noticiasradioreflejos.com.ar\/2021\/#\/schema\/person\/ad82545263dcc5ec0996818884fd5fb1\",\"name\":\"Arnaldo Botto\",\"image\":{\"@type\":\"ImageObject\",\"inLanguage\":\"es\",\"@id\":\"https:\/\/www.noticiasradioreflejos.com.ar\/2021\/#\/schema\/person\/image\/\",\"url\":\"https:\/\/secure.gravatar.com\/avatar\/55cb5e37c1efa326397366e6974cb338056df65cb50e7d64d1cf314e87504837?s=96&d=mm&r=g\",\"contentUrl\":\"https:\/\/secure.gravatar.com\/avatar\/55cb5e37c1efa326397366e6974cb338056df65cb50e7d64d1cf314e87504837?s=96&d=mm&r=g\",\"caption\":\"Arnaldo Botto\"},\"url\":\"https:\/\/www.noticiasradioreflejos.com.ar\/2021\/author\/arnaldo\/\"}]}<\/script>\n<!-- \/ Yoast SEO plugin. -->","yoast_head_json":{"title":"En las \u00faltimas 24 horas murieron 560 personas y suman 39.207 los casos reportados - Noticias Radio Reflejos","robots":{"index":"index","follow":"follow","max-snippet":"max-snippet:-1","max-image-preview":"max-image-preview:large","max-video-preview":"max-video-preview:-1"},"canonical":"https:\/\/www.noticiasradioreflejos.com.ar\/2021\/en-las-ultimas-24-horas-murieron-560-personas-y-suman-39-207-los-casos-reportados\/","og_locale":"es_ES","og_type":"article","og_title":"En las \u00faltimas 24 horas murieron 560 personas y suman 39.207 los casos reportados - Noticias Radio Reflejos","og_description":"As\u00ed lo informa el reporte del Ministerio de Salud de la Naci\u00f3n. Suman 76.693 los fallecidos registrados oficialmente a nivel nacional y 3.702.422 los contagiados desde el inicio de la pandemia.","og_url":"https:\/\/www.noticiasradioreflejos.com.ar\/2021\/en-las-ultimas-24-horas-murieron-560-personas-y-suman-39-207-los-casos-reportados\/","og_site_name":"Noticias Radio Reflejos","article_published_time":"2021-05-28T21:19:01+00:00","article_modified_time":"2021-05-28T21:19:30+00:00","og_image":[{"url":"https:\/\/www.telam.com.ar\/advf\/imagenes\/2021\/05\/60b11ecfe27f9_1004x565.jpg","type":"","width":"","height":""}],"author":"Arnaldo Botto","twitter_card":"summary_large_image","schema":{"@context":"https:\/\/schema.org","@graph":[{"@type":"WebPage","@id":"https:\/\/www.noticiasradioreflejos.com.ar\/2021\/en-las-ultimas-24-horas-murieron-560-personas-y-suman-39-207-los-casos-reportados\/","url":"https:\/\/www.noticiasradioreflejos.com.ar\/2021\/en-las-ultimas-24-horas-murieron-560-personas-y-suman-39-207-los-casos-reportados\/","name":"En las \u00faltimas 24 horas murieron 560 personas y suman 39.207 los casos reportados - Noticias Radio Reflejos","isPartOf":{"@id":"https:\/\/www.noticiasradioreflejos.com.ar\/2021\/#website"},"primaryImageOfPage":{"@id":"https:\/\/www.noticiasradioreflejos.com.ar\/2021\/en-las-ultimas-24-horas-murieron-560-personas-y-suman-39-207-los-casos-reportados\/#primaryimage"},"image":{"@id":"https:\/\/www.noticiasradioreflejos.com.ar\/2021\/en-las-ultimas-24-horas-murieron-560-personas-y-suman-39-207-los-casos-reportados\/#primaryimage"},"thumbnailUrl":"https:\/\/www.telam.com.ar\/advf\/imagenes\/2021\/05\/60b11ecfe27f9_1004x565.jpg","datePublished":"2021-05-28T21:19:01+00:00","dateModified":"2021-05-28T21:19:30+00:00","author":{"@id":"https:\/\/www.noticiasradioreflejos.com.ar\/2021\/#\/schema\/person\/ad82545263dcc5ec0996818884fd5fb1"},"breadcrumb":{"@id":"https:\/\/www.noticiasradioreflejos.com.ar\/2021\/en-las-ultimas-24-horas-murieron-560-personas-y-suman-39-207-los-casos-reportados\/#breadcrumb"},"inLanguage":"es","potentialAction":[{"@type":"ReadAction","target":["https:\/\/www.noticiasradioreflejos.com.ar\/2021\/en-las-ultimas-24-horas-murieron-560-personas-y-suman-39-207-los-casos-reportados\/"]}]},{"@type":"ImageObject","inLanguage":"es","@id":"https:\/\/www.noticiasradioreflejos.com.ar\/2021\/en-las-ultimas-24-horas-murieron-560-personas-y-suman-39-207-los-casos-reportados\/#primaryimage","url":"https:\/\/www.telam.com.ar\/advf\/imagenes\/2021\/05\/60b11ecfe27f9_1004x565.jpg","contentUrl":"https:\/\/www.telam.com.ar\/advf\/imagenes\/2021\/05\/60b11ecfe27f9_1004x565.jpg"},{"@type":"BreadcrumbList","@id":"https:\/\/www.noticiasradioreflejos.com.ar\/2021\/en-las-ultimas-24-horas-murieron-560-personas-y-suman-39-207-los-casos-reportados\/#breadcrumb","itemListElement":[{"@type":"ListItem","position":1,"name":"Portada","item":"https:\/\/www.noticiasradioreflejos.com.ar\/2021\/"},{"@type":"ListItem","position":2,"name":"En las \u00faltimas 24 horas murieron 560 personas y suman 39.207 los casos reportados"}]},{"@type":"WebSite","@id":"https:\/\/www.noticiasradioreflejos.com.ar\/2021\/#website","url":"https:\/\/www.noticiasradioreflejos.com.ar\/2021\/","name":"Noticias Radio Reflejos","description":"Las noticias de mi comarca","potentialAction":[{"@type":"SearchAction","target":{"@type":"EntryPoint","urlTemplate":"https:\/\/www.noticiasradioreflejos.com.ar\/2021\/?s={search_term_string}"},"query-input":{"@type":"PropertyValueSpecification","valueRequired":true,"valueName":"search_term_string"}}],"inLanguage":"es"},{"@type":"Person","@id":"https:\/\/www.noticiasradioreflejos.com.ar\/2021\/#\/schema\/person\/ad82545263dcc5ec0996818884fd5fb1","name":"Arnaldo Botto","image":{"@type":"ImageObject","inLanguage":"es","@id":"https:\/\/www.noticiasradioreflejos.com.ar\/2021\/#\/schema\/person\/image\/","url":"https:\/\/secure.gravatar.com\/avatar\/55cb5e37c1efa326397366e6974cb338056df65cb50e7d64d1cf314e87504837?s=96&d=mm&r=g","contentUrl":"https:\/\/secure.gravatar.com\/avatar\/55cb5e37c1efa326397366e6974cb338056df65cb50e7d64d1cf314e87504837?s=96&d=mm&r=g","caption":"Arnaldo Botto"},"url":"https:\/\/www.noticiasradioreflejos.com.ar\/2021\/author\/arnaldo\/"}]}},"_links":{"self":[{"href":"https:\/\/www.noticiasradioreflejos.com.ar\/2021\/wp-json\/wp\/v2\/posts\/57645","targetHints":{"allow":["GET"]}}],"collection":[{"href":"https:\/\/www.noticiasradioreflejos.com.ar\/2021\/wp-json\/wp\/v2\/posts"}],"about":[{"href":"https:\/\/www.noticiasradioreflejos.com.ar\/2021\/wp-json\/wp\/v2\/types\/post"}],"author":[{"embeddable":true,"href":"https:\/\/www.noticiasradioreflejos.com.ar\/2021\/wp-json\/wp\/v2\/users\/3"}],"replies":[{"embeddable":true,"href":"https:\/\/www.noticiasradioreflejos.com.ar\/2021\/wp-json\/wp\/v2\/comments?post=57645"}],"version-history":[{"count":2,"href":"https:\/\/www.noticiasradioreflejos.com.ar\/2021\/wp-json\/wp\/v2\/posts\/57645\/revisions"}],"predecessor-version":[{"id":57647,"href":"https:\/\/www.noticiasradioreflejos.com.ar\/2021\/wp-json\/wp\/v2\/posts\/57645\/revisions\/57647"}],"wp:attachment":[{"href":"https:\/\/www.noticiasradioreflejos.com.ar\/2021\/wp-json\/wp\/v2\/media?parent=57645"}],"wp:term":[{"taxonomy":"category","embeddable":true,"href":"https:\/\/www.noticiasradioreflejos.com.ar\/2021\/wp-json\/wp\/v2\/categories?post=57645"},{"taxonomy":"post_tag","embeddable":true,"href":"https:\/\/www.noticiasradioreflejos.com.ar\/2021\/wp-json\/wp\/v2\/tags?post=57645"}],"curies":[{"name":"wp","href":"https:\/\/api.w.org\/{rel}","templated":true}]}}