{"id":57640,"date":"2021-05-28T15:40:38","date_gmt":"2021-05-28T15:40:38","guid":{"rendered":"http:\/\/www.noticiasradioreflejos.com.ar\/2021\/?p=57640"},"modified":"2021-05-28T15:40:38","modified_gmt":"2021-05-28T15:40:38","slug":"oficializan-la-prorroga-hasta-el-30-de-junio-de-la-prohibicion-de-despidos-y-suspensiones","status":"publish","type":"post","link":"https:\/\/www.noticiasradioreflejos.com.ar\/2021\/oficializan-la-prorroga-hasta-el-30-de-junio-de-la-prohibicion-de-despidos-y-suspensiones\/","title":{"rendered":"Oficializan la pr\u00f3rroga hasta el 30 de junio de la prohibici\u00f3n de despidos y suspensiones"},"content":{"rendered":"<div class=\"head-content\">\n<p>La medida, que hab\u00eda sido anunciada el jueves en la residencia de Olivos por la vicejefa de Gabinete, Cecilia Todesca, tras la reuni\u00f3n de gabinete econ\u00f3mico que encabez\u00f3 el presidente Alberto Fern\u00e1ndez, fue formalizada a trav\u00e9s del Decreto 345\/2021.<\/p>\n<div class=\"addthis_custom_sharing\" data-url=\"https:\/\/www.telam.com.ar\/notas\/202105\/555765-coronavirus-empleo-despidos-suspensiones.html\" data-title=\"Oficializan la pr\u00f3rroga hasta el 30 de junio de la prohibici\u00f3n de despidos y suspensiones\" data-description=\"La medida, que hab\u00eda sido anunciada el jueves en la residencia de Olivos por la vicejefa de Gabinete, Cecilia Todesca, tras la reuni\u00f3n de gabinete econ\u00f3mico que encabez\u00f3 el presidente Alberto Fern\u00e1ndez, fue formalizada a trav\u00e9s del Decreto 345\/2021.\">\n<div id=\"atstbx\" class=\"at-resp-share-element at-style-responsive addthis-smartlayers addthis-animated at4-show\" role=\"region\" aria-labelledby=\"at-b9c3462f-e7ab-4360-a387-898b76668744\"><span id=\"at-b9c3462f-e7ab-4360-a387-898b76668744\" class=\"at4-visually-hidden\"><\/span><\/p>\n<div class=\"at-share-btn-elements\"><\/div>\n<\/div>\n<\/div>\n<\/div>\n<p><!--more--><\/p>\n<div class=\"main-content-block\">\n<div class=\"main-box clearfix\">\n<div class=\"wrapper-main-section clearfix\">\n<div class=\"wrapper-editable-content\">\n<div class=\"editable-content clearfix\">\n<div id=\"image\" class=\"image\"><img decoding=\"async\" title=\"El decreto puntualiza que &quot;es imperioso acompa\u00f1ar&quot; las medidas sanitarias\" src=\"https:\/\/www.telam.com.ar\/advf\/imagenes\/2021\/04\/6071b90627ece_1004x565.jpg\" alt=\"El decreto puntualiza que &quot;es imperioso acompa\u00f1ar&quot; las medidas sanitarias\" \/><\/p>\n<div class=\"epigrafe\">El decreto puntualiza que \u00abes imperioso acompa\u00f1ar\u00bb las medidas sanitarias<\/div>\n<\/div>\n<p>El Gobierno nacional oficializ\u00f3 este viernes la pr\u00f3rroga por 30 d\u00edas de la vigencia de la prohibici\u00f3n de despidos y suspensiones, hasta el 30 de junio pr\u00f3ximo, con el objetivo de proteger el empleo en el marco de la segunda ola de la pandemia de coronavirus.<\/p>\n<p>La medida, que hab\u00eda sido anunciada el jueves en la residencia de Olivos por la vicejefa de Gabinete, Cecilia Todesca, tras la reuni\u00f3n de gabinete econ\u00f3mico que encabez\u00f3 el presidente Alberto Fern\u00e1ndez, fue formalizada a trav\u00e9s del Decreto 345\/2021 publicado en el Bolet\u00edn Oficial.<\/p>\n<p>\u00abEl presente decreto se dicta en el marco de la emergencia p\u00fablica en materia econ\u00f3mica, financiera, fiscal, administrativa, previsional, tarifaria, energ\u00e9tica, sanitaria y social establecida por la Ley N\u00b0 27.541, su ampliaci\u00f3n dispuesta por el Decreto N\u00b0 260\/20, sus modificatorios y su pr\u00f3rroga establecida por el Decreto N\u00b0 167\/21 y la emergencia ocupacional declarada por el Decreto N\u00ba 34\/19 y ampliada por sus similares Nros. 528\/20, 961\/20 y 39\/21\u00bb, se\u00f1ala la norma.<\/p>\n<blockquote><p>\u00abSe decidi\u00f3 prorrogar la suspensi\u00f3n de despidos hasta el 30 de junio, es una medida muy importante en estas circunstancias, atravesando la segunda ola\u00bb<\/p>\n<div class=\"sign\">CECILIA TODESCA<\/div>\n<\/blockquote>\n<p>Por la medida, se \u00abprorroga hasta el 30 de junio de 2021, inclusive, la prohibici\u00f3n de efectuar despidos sin justa causa y por las causales de falta o disminuci\u00f3n de trabajo y fuerza mayor\u00bb.<\/p>\n<p>En paralelo, tambi\u00e9n se \u00abprorroga hasta el 30 de junio de 2021, inclusive, la prohibici\u00f3n de efectuar suspensiones por las causales de fuerza mayor o falta o disminuci\u00f3n de trabajo\u00bb.<\/p>\n<p>\u00abSe decidi\u00f3 prorrogar la suspensi\u00f3n de despidos hasta el 30 de junio, es una medida muy importante en estas circunstancias, atravesando la segunda ola\u00bb, dijo el jueves Todesca, al hacer el anuncio tras finalizar la reuni\u00f3n de gabinete econ\u00f3mico, que se desarroll\u00f3 en la quinta presidencial de Olivos.<\/p>\n<p>La funcionaria se\u00f1al\u00f3 que la suspensi\u00f3n de despidos, que fue adoptada desde el inicio del aislamiento obligatorio por la pandemia el a\u00f1o pasado y se fue prorrogando, \u00abes un instrumento que al pa\u00eds le ha dado muy buenos resultados en t\u00e9rminos de la protecci\u00f3n del empleo y de las capacidades que tienen las empresas\u00bb.<\/p>\n<p>En ese plano, el decreto puntualiza que \u00abes imperioso acompa\u00f1ar\u00bb las medidas sanitarias que se est\u00e1n adoptado en el marco de la segunda ola de coronavirus \u00abprorrogando la adopci\u00f3n de aquellas que resguardan los puestos de trabajo, como herramientas de pol\u00edtica laboral necesarias para la protecci\u00f3n de las trabajadoras y los trabajadores, en cumplimiento de las garant\u00edas establecidas por la Constituci\u00f3n\u00bb.<\/p>\n<div class=\"js-code\">\n<p><a title=\"View Decreto 345\/2021 on Scribd\" href=\"https:\/\/www.scribd.com\/document\/509692198\/Decreto-345-2021#from_embed\">Decreto 345\/2021<\/a>\u00a0by\u00a0<a title=\"View T\u00e9lam's profile on Scribd\" href=\"https:\/\/www.scribd.com\/user\/276843644\/Telam#from_embed\">T\u00e9lam<\/a>\u00a0on Scribd<\/p>\n<p><iframe loading=\"lazy\" id=\"doc_86222\" class=\"scribd_iframe_embed\" title=\"Decreto 345\/2021\" src=\"https:\/\/es.scribd.com\/embeds\/509692198\/content?start_page=1&amp;view_mode=scroll&amp;access_key=key-sPrDjojbf58JxAdFLnWE\" width=\"100%\" height=\"600\" frameborder=\"0\" scrolling=\"no\" data-auto-height=\"false\" data-aspect-ratio=\"0.7080062794348508\" data-mce-fragment=\"1\"><\/iframe><\/div>\n<div class=\"btn_externos\"><\/div>\n<\/div>\n<\/div>\n<\/div>\n<\/div>\n<\/div>\n","protected":false},"excerpt":{"rendered":"<p>La medida, que hab\u00eda sido anunciada el jueves en la residencia de Olivos por la vicejefa de Gabinete, Cecilia Todesca, tras la reuni\u00f3n de gabinete econ\u00f3mico que encabez\u00f3 el presidente Alberto Fern\u00e1ndez, fue formalizada a trav\u00e9s del Decreto 345\/2021.<\/p>\n","protected":false},"author":3,"featured_media":0,"comment_status":"closed","ping_status":"closed","sticky":false,"template":"","format":"standard","meta":{"footnotes":""},"categories":[1],"tags":[],"class_list":["post-57640","post","type-post","status-publish","format-standard","hentry","category-sin-categoria"],"yoast_head":"<!-- This site is optimized with the Yoast SEO plugin v25.9 - https:\/\/yoast.com\/wordpress\/plugins\/seo\/ -->\n<title>Oficializan la pr\u00f3rroga hasta el 30 de junio de la prohibici\u00f3n de despidos y suspensiones - Noticias Radio Reflejos<\/title>\n<meta name=\"robots\" content=\"index, follow, max-snippet:-1, max-image-preview:large, max-video-preview:-1\" \/>\n<link rel=\"canonical\" href=\"https:\/\/www.noticiasradioreflejos.com.ar\/2021\/oficializan-la-prorroga-hasta-el-30-de-junio-de-la-prohibicion-de-despidos-y-suspensiones\/\" \/>\n<meta property=\"og:locale\" content=\"es_ES\" \/>\n<meta property=\"og:type\" content=\"article\" \/>\n<meta property=\"og:title\" content=\"Oficializan la pr\u00f3rroga hasta el 30 de junio de la prohibici\u00f3n de despidos y suspensiones - Noticias Radio Reflejos\" \/>\n<meta property=\"og:description\" content=\"La medida, que hab\u00eda sido anunciada el jueves en la residencia de Olivos por la vicejefa de Gabinete, Cecilia Todesca, tras la reuni\u00f3n de gabinete econ\u00f3mico que encabez\u00f3 el presidente Alberto Fern\u00e1ndez, fue formalizada a trav\u00e9s del Decreto 345\/2021.\" \/>\n<meta property=\"og:url\" content=\"https:\/\/www.noticiasradioreflejos.com.ar\/2021\/oficializan-la-prorroga-hasta-el-30-de-junio-de-la-prohibicion-de-despidos-y-suspensiones\/\" \/>\n<meta property=\"og:site_name\" content=\"Noticias Radio Reflejos\" \/>\n<meta property=\"article:published_time\" content=\"2021-05-28T15:40:38+00:00\" \/>\n<meta property=\"og:image\" content=\"https:\/\/www.telam.com.ar\/advf\/imagenes\/2021\/04\/6071b90627ece_1004x565.jpg\" \/>\n<meta name=\"author\" content=\"Arnaldo Botto\" \/>\n<meta name=\"twitter:card\" content=\"summary_large_image\" \/>\n<script type=\"application\/ld+json\" class=\"yoast-schema-graph\">{\"@context\":\"https:\/\/schema.org\",\"@graph\":[{\"@type\":\"WebPage\",\"@id\":\"https:\/\/www.noticiasradioreflejos.com.ar\/2021\/oficializan-la-prorroga-hasta-el-30-de-junio-de-la-prohibicion-de-despidos-y-suspensiones\/\",\"url\":\"https:\/\/www.noticiasradioreflejos.com.ar\/2021\/oficializan-la-prorroga-hasta-el-30-de-junio-de-la-prohibicion-de-despidos-y-suspensiones\/\",\"name\":\"Oficializan la pr\u00f3rroga hasta el 30 de junio de la prohibici\u00f3n de despidos y suspensiones - Noticias Radio Reflejos\",\"isPartOf\":{\"@id\":\"https:\/\/www.noticiasradioreflejos.com.ar\/2021\/#website\"},\"primaryImageOfPage\":{\"@id\":\"https:\/\/www.noticiasradioreflejos.com.ar\/2021\/oficializan-la-prorroga-hasta-el-30-de-junio-de-la-prohibicion-de-despidos-y-suspensiones\/#primaryimage\"},\"image\":{\"@id\":\"https:\/\/www.noticiasradioreflejos.com.ar\/2021\/oficializan-la-prorroga-hasta-el-30-de-junio-de-la-prohibicion-de-despidos-y-suspensiones\/#primaryimage\"},\"thumbnailUrl\":\"https:\/\/www.telam.com.ar\/advf\/imagenes\/2021\/04\/6071b90627ece_1004x565.jpg\",\"datePublished\":\"2021-05-28T15:40:38+00:00\",\"author\":{\"@id\":\"https:\/\/www.noticiasradioreflejos.com.ar\/2021\/#\/schema\/person\/ad82545263dcc5ec0996818884fd5fb1\"},\"breadcrumb\":{\"@id\":\"https:\/\/www.noticiasradioreflejos.com.ar\/2021\/oficializan-la-prorroga-hasta-el-30-de-junio-de-la-prohibicion-de-despidos-y-suspensiones\/#breadcrumb\"},\"inLanguage\":\"es\",\"potentialAction\":[{\"@type\":\"ReadAction\",\"target\":[\"https:\/\/www.noticiasradioreflejos.com.ar\/2021\/oficializan-la-prorroga-hasta-el-30-de-junio-de-la-prohibicion-de-despidos-y-suspensiones\/\"]}]},{\"@type\":\"ImageObject\",\"inLanguage\":\"es\",\"@id\":\"https:\/\/www.noticiasradioreflejos.com.ar\/2021\/oficializan-la-prorroga-hasta-el-30-de-junio-de-la-prohibicion-de-despidos-y-suspensiones\/#primaryimage\",\"url\":\"https:\/\/www.telam.com.ar\/advf\/imagenes\/2021\/04\/6071b90627ece_1004x565.jpg\",\"contentUrl\":\"https:\/\/www.telam.com.ar\/advf\/imagenes\/2021\/04\/6071b90627ece_1004x565.jpg\"},{\"@type\":\"BreadcrumbList\",\"@id\":\"https:\/\/www.noticiasradioreflejos.com.ar\/2021\/oficializan-la-prorroga-hasta-el-30-de-junio-de-la-prohibicion-de-despidos-y-suspensiones\/#breadcrumb\",\"itemListElement\":[{\"@type\":\"ListItem\",\"position\":1,\"name\":\"Portada\",\"item\":\"https:\/\/www.noticiasradioreflejos.com.ar\/2021\/\"},{\"@type\":\"ListItem\",\"position\":2,\"name\":\"Oficializan la pr\u00f3rroga hasta el 30 de junio de la prohibici\u00f3n de despidos y suspensiones\"}]},{\"@type\":\"WebSite\",\"@id\":\"https:\/\/www.noticiasradioreflejos.com.ar\/2021\/#website\",\"url\":\"https:\/\/www.noticiasradioreflejos.com.ar\/2021\/\",\"name\":\"Noticias Radio Reflejos\",\"description\":\"Las noticias de mi comarca\",\"potentialAction\":[{\"@type\":\"SearchAction\",\"target\":{\"@type\":\"EntryPoint\",\"urlTemplate\":\"https:\/\/www.noticiasradioreflejos.com.ar\/2021\/?s={search_term_string}\"},\"query-input\":{\"@type\":\"PropertyValueSpecification\",\"valueRequired\":true,\"valueName\":\"search_term_string\"}}],\"inLanguage\":\"es\"},{\"@type\":\"Person\",\"@id\":\"https:\/\/www.noticiasradioreflejos.com.ar\/2021\/#\/schema\/person\/ad82545263dcc5ec0996818884fd5fb1\",\"name\":\"Arnaldo Botto\",\"image\":{\"@type\":\"ImageObject\",\"inLanguage\":\"es\",\"@id\":\"https:\/\/www.noticiasradioreflejos.com.ar\/2021\/#\/schema\/person\/image\/\",\"url\":\"https:\/\/secure.gravatar.com\/avatar\/55cb5e37c1efa326397366e6974cb338056df65cb50e7d64d1cf314e87504837?s=96&d=mm&r=g\",\"contentUrl\":\"https:\/\/secure.gravatar.com\/avatar\/55cb5e37c1efa326397366e6974cb338056df65cb50e7d64d1cf314e87504837?s=96&d=mm&r=g\",\"caption\":\"Arnaldo Botto\"},\"url\":\"https:\/\/www.noticiasradioreflejos.com.ar\/2021\/author\/arnaldo\/\"}]}<\/script>\n<!-- \/ Yoast SEO plugin. -->","yoast_head_json":{"title":"Oficializan la pr\u00f3rroga hasta el 30 de junio de la prohibici\u00f3n de despidos y suspensiones - Noticias Radio Reflejos","robots":{"index":"index","follow":"follow","max-snippet":"max-snippet:-1","max-image-preview":"max-image-preview:large","max-video-preview":"max-video-preview:-1"},"canonical":"https:\/\/www.noticiasradioreflejos.com.ar\/2021\/oficializan-la-prorroga-hasta-el-30-de-junio-de-la-prohibicion-de-despidos-y-suspensiones\/","og_locale":"es_ES","og_type":"article","og_title":"Oficializan la pr\u00f3rroga hasta el 30 de junio de la prohibici\u00f3n de despidos y suspensiones - Noticias Radio Reflejos","og_description":"La medida, que hab\u00eda sido anunciada el jueves en la residencia de Olivos por la vicejefa de Gabinete, Cecilia Todesca, tras la reuni\u00f3n de gabinete econ\u00f3mico que encabez\u00f3 el presidente Alberto Fern\u00e1ndez, fue formalizada a trav\u00e9s del Decreto 345\/2021.","og_url":"https:\/\/www.noticiasradioreflejos.com.ar\/2021\/oficializan-la-prorroga-hasta-el-30-de-junio-de-la-prohibicion-de-despidos-y-suspensiones\/","og_site_name":"Noticias Radio Reflejos","article_published_time":"2021-05-28T15:40:38+00:00","og_image":[{"url":"https:\/\/www.telam.com.ar\/advf\/imagenes\/2021\/04\/6071b90627ece_1004x565.jpg","type":"","width":"","height":""}],"author":"Arnaldo Botto","twitter_card":"summary_large_image","schema":{"@context":"https:\/\/schema.org","@graph":[{"@type":"WebPage","@id":"https:\/\/www.noticiasradioreflejos.com.ar\/2021\/oficializan-la-prorroga-hasta-el-30-de-junio-de-la-prohibicion-de-despidos-y-suspensiones\/","url":"https:\/\/www.noticiasradioreflejos.com.ar\/2021\/oficializan-la-prorroga-hasta-el-30-de-junio-de-la-prohibicion-de-despidos-y-suspensiones\/","name":"Oficializan la pr\u00f3rroga hasta el 30 de junio de la prohibici\u00f3n de despidos y suspensiones - Noticias Radio Reflejos","isPartOf":{"@id":"https:\/\/www.noticiasradioreflejos.com.ar\/2021\/#website"},"primaryImageOfPage":{"@id":"https:\/\/www.noticiasradioreflejos.com.ar\/2021\/oficializan-la-prorroga-hasta-el-30-de-junio-de-la-prohibicion-de-despidos-y-suspensiones\/#primaryimage"},"image":{"@id":"https:\/\/www.noticiasradioreflejos.com.ar\/2021\/oficializan-la-prorroga-hasta-el-30-de-junio-de-la-prohibicion-de-despidos-y-suspensiones\/#primaryimage"},"thumbnailUrl":"https:\/\/www.telam.com.ar\/advf\/imagenes\/2021\/04\/6071b90627ece_1004x565.jpg","datePublished":"2021-05-28T15:40:38+00:00","author":{"@id":"https:\/\/www.noticiasradioreflejos.com.ar\/2021\/#\/schema\/person\/ad82545263dcc5ec0996818884fd5fb1"},"breadcrumb":{"@id":"https:\/\/www.noticiasradioreflejos.com.ar\/2021\/oficializan-la-prorroga-hasta-el-30-de-junio-de-la-prohibicion-de-despidos-y-suspensiones\/#breadcrumb"},"inLanguage":"es","potentialAction":[{"@type":"ReadAction","target":["https:\/\/www.noticiasradioreflejos.com.ar\/2021\/oficializan-la-prorroga-hasta-el-30-de-junio-de-la-prohibicion-de-despidos-y-suspensiones\/"]}]},{"@type":"ImageObject","inLanguage":"es","@id":"https:\/\/www.noticiasradioreflejos.com.ar\/2021\/oficializan-la-prorroga-hasta-el-30-de-junio-de-la-prohibicion-de-despidos-y-suspensiones\/#primaryimage","url":"https:\/\/www.telam.com.ar\/advf\/imagenes\/2021\/04\/6071b90627ece_1004x565.jpg","contentUrl":"https:\/\/www.telam.com.ar\/advf\/imagenes\/2021\/04\/6071b90627ece_1004x565.jpg"},{"@type":"BreadcrumbList","@id":"https:\/\/www.noticiasradioreflejos.com.ar\/2021\/oficializan-la-prorroga-hasta-el-30-de-junio-de-la-prohibicion-de-despidos-y-suspensiones\/#breadcrumb","itemListElement":[{"@type":"ListItem","position":1,"name":"Portada","item":"https:\/\/www.noticiasradioreflejos.com.ar\/2021\/"},{"@type":"ListItem","position":2,"name":"Oficializan la pr\u00f3rroga hasta el 30 de junio de la prohibici\u00f3n de despidos y suspensiones"}]},{"@type":"WebSite","@id":"https:\/\/www.noticiasradioreflejos.com.ar\/2021\/#website","url":"https:\/\/www.noticiasradioreflejos.com.ar\/2021\/","name":"Noticias Radio Reflejos","description":"Las noticias de mi comarca","potentialAction":[{"@type":"SearchAction","target":{"@type":"EntryPoint","urlTemplate":"https:\/\/www.noticiasradioreflejos.com.ar\/2021\/?s={search_term_string}"},"query-input":{"@type":"PropertyValueSpecification","valueRequired":true,"valueName":"search_term_string"}}],"inLanguage":"es"},{"@type":"Person","@id":"https:\/\/www.noticiasradioreflejos.com.ar\/2021\/#\/schema\/person\/ad82545263dcc5ec0996818884fd5fb1","name":"Arnaldo Botto","image":{"@type":"ImageObject","inLanguage":"es","@id":"https:\/\/www.noticiasradioreflejos.com.ar\/2021\/#\/schema\/person\/image\/","url":"https:\/\/secure.gravatar.com\/avatar\/55cb5e37c1efa326397366e6974cb338056df65cb50e7d64d1cf314e87504837?s=96&d=mm&r=g","contentUrl":"https:\/\/secure.gravatar.com\/avatar\/55cb5e37c1efa326397366e6974cb338056df65cb50e7d64d1cf314e87504837?s=96&d=mm&r=g","caption":"Arnaldo Botto"},"url":"https:\/\/www.noticiasradioreflejos.com.ar\/2021\/author\/arnaldo\/"}]}},"_links":{"self":[{"href":"https:\/\/www.noticiasradioreflejos.com.ar\/2021\/wp-json\/wp\/v2\/posts\/57640","targetHints":{"allow":["GET"]}}],"collection":[{"href":"https:\/\/www.noticiasradioreflejos.com.ar\/2021\/wp-json\/wp\/v2\/posts"}],"about":[{"href":"https:\/\/www.noticiasradioreflejos.com.ar\/2021\/wp-json\/wp\/v2\/types\/post"}],"author":[{"embeddable":true,"href":"https:\/\/www.noticiasradioreflejos.com.ar\/2021\/wp-json\/wp\/v2\/users\/3"}],"replies":[{"embeddable":true,"href":"https:\/\/www.noticiasradioreflejos.com.ar\/2021\/wp-json\/wp\/v2\/comments?post=57640"}],"version-history":[{"count":1,"href":"https:\/\/www.noticiasradioreflejos.com.ar\/2021\/wp-json\/wp\/v2\/posts\/57640\/revisions"}],"predecessor-version":[{"id":57641,"href":"https:\/\/www.noticiasradioreflejos.com.ar\/2021\/wp-json\/wp\/v2\/posts\/57640\/revisions\/57641"}],"wp:attachment":[{"href":"https:\/\/www.noticiasradioreflejos.com.ar\/2021\/wp-json\/wp\/v2\/media?parent=57640"}],"wp:term":[{"taxonomy":"category","embeddable":true,"href":"https:\/\/www.noticiasradioreflejos.com.ar\/2021\/wp-json\/wp\/v2\/categories?post=57640"},{"taxonomy":"post_tag","embeddable":true,"href":"https:\/\/www.noticiasradioreflejos.com.ar\/2021\/wp-json\/wp\/v2\/tags?post=57640"}],"curies":[{"name":"wp","href":"https:\/\/api.w.org\/{rel}","templated":true}]}}