{"id":57637,"date":"2021-05-28T15:05:23","date_gmt":"2021-05-28T15:05:23","guid":{"rendered":"http:\/\/www.noticiasradioreflejos.com.ar\/2021\/?p=57637"},"modified":"2021-05-28T15:05:23","modified_gmt":"2021-05-28T15:05:23","slug":"el-interior-de-la-provincia-cuna-de-atletas-olimpicos-y-ciudades-turisticas","status":"publish","type":"post","link":"https:\/\/www.noticiasradioreflejos.com.ar\/2021\/el-interior-de-la-provincia-cuna-de-atletas-olimpicos-y-ciudades-turisticas\/","title":{"rendered":"El interior de la provincia, cuna de atletas ol\u00edmpicos y ciudades tur\u00edsticas."},"content":{"rendered":"<p style=\"font-weight: 400;\">\u00bfQu\u00e9 tienen en com\u00fan Paola Su\u00e1rez, Emanuel Gin\u00f3bili y Germ\u00e1n Lauro? Adem\u00e1s de ser atletas de \u00e9lite, los tres comparten otras dos caracter\u00edsticas que los definen: participaron en Juegos Ol\u00edmpicos en sus respectivas disciplinas y nacieron en ciudades del interior de la provincia de Buenos Aires.<!--more--><\/p>\n<p style=\"font-weight: 400;\">La primera, tenista y multicampeona, es oriunda de Pergamino, al norte. El basquetbolista, reconocido en el mundo, dio sus primeros piques de pelota en la sure\u00f1a Bah\u00eda Blanca. Al oeste, en Trenque Lauquen, el \u201clanzador\u201d disfruta del retiro despu\u00e9s de una carrera exitosa.<\/p>\n<p style=\"font-weight: 400;\">En cada uno de los logros deportivos de Su\u00e1rez, Gin\u00f3bili y Lauro, sus or\u00edgenes estuvieron presentes. Familiares, amigos de la infancia y compa\u00f1eros de escuela, los esperan all\u00ed.\u00a0 \u00bfC\u00f3mo son esas tres localidades? Cada una tiene su magia y, al igual que los deportistas, descollan en lo suyo.<\/p>\n<p style=\"font-weight: 400;\"><strong>Estancias, bodegones y doce pueblos para conocer<\/strong><\/p>\n<p style=\"font-weight: 400;\">El partido de Pergamino se encuentra conformado por una ciudad cabecera, de nombre hom\u00f3nimo y 12 pueblos rurales, cada uno con particularidades y atractivos culturales e hist\u00f3ricos. Un acta del Cabildo de 1626 hace referencia a \u201cLa Dormida del Pergamino\u201d, sin embargo reci\u00e9n el 23 de octubre de 1895, fue declarada ciudad por ley del Senado y de la C\u00e1mara de Diputados de la provincia de Buenos Aires.<\/p>\n<p style=\"font-weight: 400;\">El lugar conectaba tres rutas comerciales importantes como la de Buenos Aires, C\u00f3rdoba, Tucum\u00e1n y tambi\u00e9n la regi\u00f3n de Cuyo (Mendoza, San Juan, Chile), ah\u00ed radicaba la centralidad que ten\u00eda en aquel entonces.<\/p>\n<p style=\"font-weight: 400;\">El partido ofrece una amplia variedad de atractivos tur\u00edsticos. Una ciudad moderna, segura, con diversidad de sectores para el esparcimiento, riqueza patrimonial y cultural, sitios que rememoran costumbres y tradiciones, paseos y recorridos al aire libre.<\/p>\n<p style=\"font-weight: 400;\">Ese conjunto de opciones engloba tambi\u00e9n a los cinco museos: el municipal Giun\u00edppero Castellano, el Batallas de Cepeda, el del Gaucho, el del Fort\u00edn Pergamino, el Ferroviario, y tambi\u00e9n las Casas de Arturo Illia y Atahualpa Yupanqui.<\/p>\n<p style=\"font-weight: 400;\">Los doce pueblos rurales (Mariano Ben\u00edtez, Manuel Ocampo, El Socorro, J. A de la Pe\u00f1a, Acevedo, Guerrico, Fontezuela, Villa Ang\u00e9lica, Juan Anchorena, La Violeta, Villa San Jos\u00e9 y Pinz\u00f3n) guardan en sus calles relatos de una rica historia que comenz\u00f3 con el trazado del ferrocarril en el interior del pa\u00eds.<\/p>\n<p style=\"font-weight: 400;\">Entre los caminos rurales,\u00a0 grandes cascos de estancias llaman a conocer los secretos escondidos en sus paredes y disfrutar de un d\u00eda de campo memorable.<\/p>\n<p><a title=\"Arroyo y terraple\u0301n -Pergamino\" href=\"https:\/\/www.flickr.com\/photos\/182279889@N02\/51207930517\/in\/dateposted-public\/\" data-flickr-embed=\"true\" data-header=\"true\"><img loading=\"lazy\" decoding=\"async\" src=\"https:\/\/live.staticflickr.com\/65535\/51207930517_965e05ebe8_c.jpg\" alt=\"Arroyo y terraple\u0301n -Pergamino\" width=\"800\" height=\"686\" \/><\/a><script async src=\"\/\/embedr.flickr.com\/assets\/client-code.js\" charset=\"utf-8\"><\/script><\/p>\n<p style=\"font-weight: 400;\"><strong>La capital del b\u00e1squet y del Turismo de Reuniones<\/strong><\/p>\n<p style=\"font-weight: 400;\">No se puede negar que b\u00e1squet y Bah\u00eda Blanca van de la mano. Ciudad portuaria, industrial, universitaria, deportiva, cultural y comercial, esta urbe de m\u00e1s de 300 mil habitantes se fund\u00f3 el 11 de abril de 1828 con el nombre de \u201cFortaleza Protectora Argentina\u201d, por el coronel Ram\u00f3n Bernab\u00e9 Estomba.<\/p>\n<p style=\"font-weight: 400;\">la ciudad es un gran escenario de encuentros y por eso -junto a Mar del Plata y La Plata- se convirti\u00f3 en uno de los destinos m\u00e1s elegidos por su equipamiento y conectividad para el Turismo de Reuniones.<\/p>\n<p style=\"font-weight: 400;\">Bah\u00eda -como la llaman los bahienses- cuenta con ventajas y capacidades que la ubican como una locaci\u00f3n de excelencia para la organizaci\u00f3n de congresos, ferias, reuniones deportivas, comerciales y culturales: con m\u00e1s de cien salas distribuidas en hoteles, teatros, universidades, cada a\u00f1o es sede de m\u00e1s ochenta eventos de impacto nacional e\u00a0 internacional.<\/p>\n<p style=\"font-weight: 400;\">El puerto, la industria, la Universidad Nacional del Sur, el deporte, la cultura y el comercio la definen como una metr\u00f3poli. Entre sus principales atractivos est\u00e1n\u00a0 el puerto de Ingeniero White con su inmejorable gastronom\u00eda de mar, el patrimonio arquitect\u00f3nico, la actividad art\u00edstico cultural en sus teatros, sus once museos y sus diversos espacios culturales independientes.<\/p>\n<p style=\"font-weight: 400;\">En medio de un singular paisaje portuario se encuentra la reserva natural \u201cBahia Blanca, Bah\u00eda Falsa y Bah\u00eda Verde\u201d a la que se puede acceder mediante visitas guiadas.<\/p>\n<p style=\"font-weight: 400;\"><strong>Trenque Lauquen: entre lagunas y murales<\/strong><\/p>\n<p style=\"font-weight: 400;\">Hablar de los pueblos del interior de la provincia de Buenos Aires es, indefectiblemente, hablar tambi\u00e9n de la historia del pa\u00eds. Trenque Lauquen, \u201cLaguna Redonda\u201d en lengua Ranquel, fue uno de los lugares elegidos por\u00a0 Adolfo Alsina para cavar la famosa \u201czanja de Alsina\u201d con el objetivo de expandir las fronteras, pero tambi\u00e9n fue territorio del Cacique Pinc\u00e9n, el poderoso guerrero que condujo la resistencia contra la Campa\u00f1a del Desierto en la zona.<\/p>\n<p style=\"font-weight: 400;\">Trenque Lauquen se fund\u00f3 en 1876 y desde entonces fue un distrito agropecuario. En la tradicional zona rural se desarroll\u00f3 el turismo para el disfrute de los visitantes que rinden culto a la tranquilidad, el contacto con la naturaleza y la gastronom\u00eda t\u00edpica.<\/p>\n<p style=\"font-weight: 400;\">\u201cCuero de Zorro\u201d es la atracci\u00f3n principal. Un espejo de agua dulce ideal para la pesca deportiva y la pr\u00e1ctica del kitesurf, windsurf y kayakismo. En el lugar funciona un camping completamente equipado.<\/p>\n<p style=\"font-weight: 400;\">Los paisajes y la historia del lugar, dieron origen al movimiento muralista conocido como \u201cLaguna Redonda\u201d, hace 50 a\u00f1os. Los encuentros anuales, de los que participan artistas visuales de distintos pa\u00edses de Am\u00e9rica Latina, dan forma a un paisaje urbano \u00fanico y colorido que borra el l\u00edmite entre arte y arquitectura.<\/p>\n<p style=\"font-weight: 400;\">Los atletas ol\u00edmpicos nacidos en los municipios bonaerenses nos permiten acercarnos a estos destinos tur\u00edsticos cada vez que los nombran y reviven\u00a0 an\u00e9cdotas de sus infancias, ahora queda recorrerlos para conocer y disfrutar de estas tierras que colocaron al pa\u00eds en la cima del mundo, cuando podamos volver a viajar.<\/p>\n<p style=\"font-weight: 400;\">M\u00e1s informaci\u00f3n en\u00a0<a href=\"http:\/\/buenosaires.tur.ar\/\" data-saferedirecturl=\"https:\/\/www.google.com\/url?q=http:\/\/buenosaires.tur.ar&amp;source=gmail&amp;ust=1622299989250000&amp;usg=AFQjCNFkW8YaBBsncrBDKhw3Qu0EjkzN0w\">buenosaires.tur.ar<\/a><\/p>\n<p><a title=\"Pueblos rurales1\" href=\"https:\/\/www.flickr.com\/photos\/182279889@N02\/51209405089\/in\/dateposted-public\/\" data-flickr-embed=\"true\" data-header=\"true\"><img loading=\"lazy\" decoding=\"async\" src=\"https:\/\/live.staticflickr.com\/65535\/51209405089_7de0d773ea_c.jpg\" alt=\"Pueblos rurales1\" width=\"800\" height=\"686\" \/><\/a><script async src=\"\/\/embedr.flickr.com\/assets\/client-code.js\" charset=\"utf-8\"><\/script><\/p>\n<p style=\"font-weight: 400;\"><strong>CR\u00c9DITO FOTOS<\/strong><\/p>\n<p style=\"font-weight: 400;\">Cuero de Zorro:<strong>\u00a0<\/strong>municipio de Trenque Lauquen<\/p>\n<p style=\"font-weight: 400;\">Arroyo y terrapl\u00e9n: municipio de Pergamino<\/p>\n","protected":false},"excerpt":{"rendered":"<p>\u00bfQu\u00e9 tienen en com\u00fan Paola Su\u00e1rez, Emanuel Gin\u00f3bili y Germ\u00e1n Lauro? Adem\u00e1s de ser atletas de \u00e9lite, los tres comparten otras dos caracter\u00edsticas que los definen: participaron en Juegos Ol\u00edmpicos en sus respectivas disciplinas y nacieron en ciudades del interior de la provincia de Buenos Aires.<\/p>\n","protected":false},"author":3,"featured_media":0,"comment_status":"closed","ping_status":"closed","sticky":false,"template":"","format":"standard","meta":{"footnotes":""},"categories":[27,33],"tags":[],"class_list":["post-57637","post","type-post","status-publish","format-standard","hentry","category-deportes","category-turismo"],"yoast_head":"<!-- This site is optimized with the Yoast SEO plugin v25.9 - https:\/\/yoast.com\/wordpress\/plugins\/seo\/ -->\n<title>El interior de la provincia, cuna de atletas ol\u00edmpicos y ciudades tur\u00edsticas. - Noticias Radio Reflejos<\/title>\n<meta name=\"robots\" content=\"index, follow, max-snippet:-1, max-image-preview:large, max-video-preview:-1\" \/>\n<link rel=\"canonical\" href=\"https:\/\/www.noticiasradioreflejos.com.ar\/2021\/el-interior-de-la-provincia-cuna-de-atletas-olimpicos-y-ciudades-turisticas\/\" \/>\n<meta property=\"og:locale\" content=\"es_ES\" \/>\n<meta property=\"og:type\" content=\"article\" \/>\n<meta property=\"og:title\" content=\"El interior de la provincia, cuna de atletas ol\u00edmpicos y ciudades tur\u00edsticas. - Noticias Radio Reflejos\" \/>\n<meta property=\"og:description\" content=\"\u00bfQu\u00e9 tienen en com\u00fan Paola Su\u00e1rez, Emanuel Gin\u00f3bili y Germ\u00e1n Lauro? Adem\u00e1s de ser atletas de \u00e9lite, los tres comparten otras dos caracter\u00edsticas que los definen: participaron en Juegos Ol\u00edmpicos en sus respectivas disciplinas y nacieron en ciudades del interior de la provincia de Buenos Aires.\" \/>\n<meta property=\"og:url\" content=\"https:\/\/www.noticiasradioreflejos.com.ar\/2021\/el-interior-de-la-provincia-cuna-de-atletas-olimpicos-y-ciudades-turisticas\/\" \/>\n<meta property=\"og:site_name\" content=\"Noticias Radio Reflejos\" \/>\n<meta property=\"article:published_time\" content=\"2021-05-28T15:05:23+00:00\" \/>\n<meta property=\"og:image\" content=\"https:\/\/live.staticflickr.com\/65535\/51207930517_965e05ebe8_c.jpg\" \/>\n<meta name=\"author\" content=\"Arnaldo Botto\" \/>\n<meta name=\"twitter:card\" content=\"summary_large_image\" \/>\n<script type=\"application\/ld+json\" class=\"yoast-schema-graph\">{\"@context\":\"https:\/\/schema.org\",\"@graph\":[{\"@type\":\"WebPage\",\"@id\":\"https:\/\/www.noticiasradioreflejos.com.ar\/2021\/el-interior-de-la-provincia-cuna-de-atletas-olimpicos-y-ciudades-turisticas\/\",\"url\":\"https:\/\/www.noticiasradioreflejos.com.ar\/2021\/el-interior-de-la-provincia-cuna-de-atletas-olimpicos-y-ciudades-turisticas\/\",\"name\":\"El interior de la provincia, cuna de atletas ol\u00edmpicos y ciudades tur\u00edsticas. - Noticias Radio Reflejos\",\"isPartOf\":{\"@id\":\"https:\/\/www.noticiasradioreflejos.com.ar\/2021\/#website\"},\"primaryImageOfPage\":{\"@id\":\"https:\/\/www.noticiasradioreflejos.com.ar\/2021\/el-interior-de-la-provincia-cuna-de-atletas-olimpicos-y-ciudades-turisticas\/#primaryimage\"},\"image\":{\"@id\":\"https:\/\/www.noticiasradioreflejos.com.ar\/2021\/el-interior-de-la-provincia-cuna-de-atletas-olimpicos-y-ciudades-turisticas\/#primaryimage\"},\"thumbnailUrl\":\"https:\/\/live.staticflickr.com\/65535\/51207930517_965e05ebe8_c.jpg\",\"datePublished\":\"2021-05-28T15:05:23+00:00\",\"author\":{\"@id\":\"https:\/\/www.noticiasradioreflejos.com.ar\/2021\/#\/schema\/person\/ad82545263dcc5ec0996818884fd5fb1\"},\"breadcrumb\":{\"@id\":\"https:\/\/www.noticiasradioreflejos.com.ar\/2021\/el-interior-de-la-provincia-cuna-de-atletas-olimpicos-y-ciudades-turisticas\/#breadcrumb\"},\"inLanguage\":\"es\",\"potentialAction\":[{\"@type\":\"ReadAction\",\"target\":[\"https:\/\/www.noticiasradioreflejos.com.ar\/2021\/el-interior-de-la-provincia-cuna-de-atletas-olimpicos-y-ciudades-turisticas\/\"]}]},{\"@type\":\"ImageObject\",\"inLanguage\":\"es\",\"@id\":\"https:\/\/www.noticiasradioreflejos.com.ar\/2021\/el-interior-de-la-provincia-cuna-de-atletas-olimpicos-y-ciudades-turisticas\/#primaryimage\",\"url\":\"https:\/\/live.staticflickr.com\/65535\/51207930517_965e05ebe8_c.jpg\",\"contentUrl\":\"https:\/\/live.staticflickr.com\/65535\/51207930517_965e05ebe8_c.jpg\"},{\"@type\":\"BreadcrumbList\",\"@id\":\"https:\/\/www.noticiasradioreflejos.com.ar\/2021\/el-interior-de-la-provincia-cuna-de-atletas-olimpicos-y-ciudades-turisticas\/#breadcrumb\",\"itemListElement\":[{\"@type\":\"ListItem\",\"position\":1,\"name\":\"Portada\",\"item\":\"https:\/\/www.noticiasradioreflejos.com.ar\/2021\/\"},{\"@type\":\"ListItem\",\"position\":2,\"name\":\"El interior de la provincia, cuna de atletas ol\u00edmpicos y ciudades tur\u00edsticas.\"}]},{\"@type\":\"WebSite\",\"@id\":\"https:\/\/www.noticiasradioreflejos.com.ar\/2021\/#website\",\"url\":\"https:\/\/www.noticiasradioreflejos.com.ar\/2021\/\",\"name\":\"Noticias Radio Reflejos\",\"description\":\"Las noticias de mi comarca\",\"potentialAction\":[{\"@type\":\"SearchAction\",\"target\":{\"@type\":\"EntryPoint\",\"urlTemplate\":\"https:\/\/www.noticiasradioreflejos.com.ar\/2021\/?s={search_term_string}\"},\"query-input\":{\"@type\":\"PropertyValueSpecification\",\"valueRequired\":true,\"valueName\":\"search_term_string\"}}],\"inLanguage\":\"es\"},{\"@type\":\"Person\",\"@id\":\"https:\/\/www.noticiasradioreflejos.com.ar\/2021\/#\/schema\/person\/ad82545263dcc5ec0996818884fd5fb1\",\"name\":\"Arnaldo Botto\",\"image\":{\"@type\":\"ImageObject\",\"inLanguage\":\"es\",\"@id\":\"https:\/\/www.noticiasradioreflejos.com.ar\/2021\/#\/schema\/person\/image\/\",\"url\":\"https:\/\/secure.gravatar.com\/avatar\/55cb5e37c1efa326397366e6974cb338056df65cb50e7d64d1cf314e87504837?s=96&d=mm&r=g\",\"contentUrl\":\"https:\/\/secure.gravatar.com\/avatar\/55cb5e37c1efa326397366e6974cb338056df65cb50e7d64d1cf314e87504837?s=96&d=mm&r=g\",\"caption\":\"Arnaldo Botto\"},\"url\":\"https:\/\/www.noticiasradioreflejos.com.ar\/2021\/author\/arnaldo\/\"}]}<\/script>\n<!-- \/ Yoast SEO plugin. -->","yoast_head_json":{"title":"El interior de la provincia, cuna de atletas ol\u00edmpicos y ciudades tur\u00edsticas. - Noticias Radio Reflejos","robots":{"index":"index","follow":"follow","max-snippet":"max-snippet:-1","max-image-preview":"max-image-preview:large","max-video-preview":"max-video-preview:-1"},"canonical":"https:\/\/www.noticiasradioreflejos.com.ar\/2021\/el-interior-de-la-provincia-cuna-de-atletas-olimpicos-y-ciudades-turisticas\/","og_locale":"es_ES","og_type":"article","og_title":"El interior de la provincia, cuna de atletas ol\u00edmpicos y ciudades tur\u00edsticas. - Noticias Radio Reflejos","og_description":"\u00bfQu\u00e9 tienen en com\u00fan Paola Su\u00e1rez, Emanuel Gin\u00f3bili y Germ\u00e1n Lauro? Adem\u00e1s de ser atletas de \u00e9lite, los tres comparten otras dos caracter\u00edsticas que los definen: participaron en Juegos Ol\u00edmpicos en sus respectivas disciplinas y nacieron en ciudades del interior de la provincia de Buenos Aires.","og_url":"https:\/\/www.noticiasradioreflejos.com.ar\/2021\/el-interior-de-la-provincia-cuna-de-atletas-olimpicos-y-ciudades-turisticas\/","og_site_name":"Noticias Radio Reflejos","article_published_time":"2021-05-28T15:05:23+00:00","og_image":[{"url":"https:\/\/live.staticflickr.com\/65535\/51207930517_965e05ebe8_c.jpg","type":"","width":"","height":""}],"author":"Arnaldo Botto","twitter_card":"summary_large_image","schema":{"@context":"https:\/\/schema.org","@graph":[{"@type":"WebPage","@id":"https:\/\/www.noticiasradioreflejos.com.ar\/2021\/el-interior-de-la-provincia-cuna-de-atletas-olimpicos-y-ciudades-turisticas\/","url":"https:\/\/www.noticiasradioreflejos.com.ar\/2021\/el-interior-de-la-provincia-cuna-de-atletas-olimpicos-y-ciudades-turisticas\/","name":"El interior de la provincia, cuna de atletas ol\u00edmpicos y ciudades tur\u00edsticas. - Noticias Radio Reflejos","isPartOf":{"@id":"https:\/\/www.noticiasradioreflejos.com.ar\/2021\/#website"},"primaryImageOfPage":{"@id":"https:\/\/www.noticiasradioreflejos.com.ar\/2021\/el-interior-de-la-provincia-cuna-de-atletas-olimpicos-y-ciudades-turisticas\/#primaryimage"},"image":{"@id":"https:\/\/www.noticiasradioreflejos.com.ar\/2021\/el-interior-de-la-provincia-cuna-de-atletas-olimpicos-y-ciudades-turisticas\/#primaryimage"},"thumbnailUrl":"https:\/\/live.staticflickr.com\/65535\/51207930517_965e05ebe8_c.jpg","datePublished":"2021-05-28T15:05:23+00:00","author":{"@id":"https:\/\/www.noticiasradioreflejos.com.ar\/2021\/#\/schema\/person\/ad82545263dcc5ec0996818884fd5fb1"},"breadcrumb":{"@id":"https:\/\/www.noticiasradioreflejos.com.ar\/2021\/el-interior-de-la-provincia-cuna-de-atletas-olimpicos-y-ciudades-turisticas\/#breadcrumb"},"inLanguage":"es","potentialAction":[{"@type":"ReadAction","target":["https:\/\/www.noticiasradioreflejos.com.ar\/2021\/el-interior-de-la-provincia-cuna-de-atletas-olimpicos-y-ciudades-turisticas\/"]}]},{"@type":"ImageObject","inLanguage":"es","@id":"https:\/\/www.noticiasradioreflejos.com.ar\/2021\/el-interior-de-la-provincia-cuna-de-atletas-olimpicos-y-ciudades-turisticas\/#primaryimage","url":"https:\/\/live.staticflickr.com\/65535\/51207930517_965e05ebe8_c.jpg","contentUrl":"https:\/\/live.staticflickr.com\/65535\/51207930517_965e05ebe8_c.jpg"},{"@type":"BreadcrumbList","@id":"https:\/\/www.noticiasradioreflejos.com.ar\/2021\/el-interior-de-la-provincia-cuna-de-atletas-olimpicos-y-ciudades-turisticas\/#breadcrumb","itemListElement":[{"@type":"ListItem","position":1,"name":"Portada","item":"https:\/\/www.noticiasradioreflejos.com.ar\/2021\/"},{"@type":"ListItem","position":2,"name":"El interior de la provincia, cuna de atletas ol\u00edmpicos y ciudades tur\u00edsticas."}]},{"@type":"WebSite","@id":"https:\/\/www.noticiasradioreflejos.com.ar\/2021\/#website","url":"https:\/\/www.noticiasradioreflejos.com.ar\/2021\/","name":"Noticias Radio Reflejos","description":"Las noticias de mi comarca","potentialAction":[{"@type":"SearchAction","target":{"@type":"EntryPoint","urlTemplate":"https:\/\/www.noticiasradioreflejos.com.ar\/2021\/?s={search_term_string}"},"query-input":{"@type":"PropertyValueSpecification","valueRequired":true,"valueName":"search_term_string"}}],"inLanguage":"es"},{"@type":"Person","@id":"https:\/\/www.noticiasradioreflejos.com.ar\/2021\/#\/schema\/person\/ad82545263dcc5ec0996818884fd5fb1","name":"Arnaldo Botto","image":{"@type":"ImageObject","inLanguage":"es","@id":"https:\/\/www.noticiasradioreflejos.com.ar\/2021\/#\/schema\/person\/image\/","url":"https:\/\/secure.gravatar.com\/avatar\/55cb5e37c1efa326397366e6974cb338056df65cb50e7d64d1cf314e87504837?s=96&d=mm&r=g","contentUrl":"https:\/\/secure.gravatar.com\/avatar\/55cb5e37c1efa326397366e6974cb338056df65cb50e7d64d1cf314e87504837?s=96&d=mm&r=g","caption":"Arnaldo Botto"},"url":"https:\/\/www.noticiasradioreflejos.com.ar\/2021\/author\/arnaldo\/"}]}},"_links":{"self":[{"href":"https:\/\/www.noticiasradioreflejos.com.ar\/2021\/wp-json\/wp\/v2\/posts\/57637","targetHints":{"allow":["GET"]}}],"collection":[{"href":"https:\/\/www.noticiasradioreflejos.com.ar\/2021\/wp-json\/wp\/v2\/posts"}],"about":[{"href":"https:\/\/www.noticiasradioreflejos.com.ar\/2021\/wp-json\/wp\/v2\/types\/post"}],"author":[{"embeddable":true,"href":"https:\/\/www.noticiasradioreflejos.com.ar\/2021\/wp-json\/wp\/v2\/users\/3"}],"replies":[{"embeddable":true,"href":"https:\/\/www.noticiasradioreflejos.com.ar\/2021\/wp-json\/wp\/v2\/comments?post=57637"}],"version-history":[{"count":1,"href":"https:\/\/www.noticiasradioreflejos.com.ar\/2021\/wp-json\/wp\/v2\/posts\/57637\/revisions"}],"predecessor-version":[{"id":57639,"href":"https:\/\/www.noticiasradioreflejos.com.ar\/2021\/wp-json\/wp\/v2\/posts\/57637\/revisions\/57639"}],"wp:attachment":[{"href":"https:\/\/www.noticiasradioreflejos.com.ar\/2021\/wp-json\/wp\/v2\/media?parent=57637"}],"wp:term":[{"taxonomy":"category","embeddable":true,"href":"https:\/\/www.noticiasradioreflejos.com.ar\/2021\/wp-json\/wp\/v2\/categories?post=57637"},{"taxonomy":"post_tag","embeddable":true,"href":"https:\/\/www.noticiasradioreflejos.com.ar\/2021\/wp-json\/wp\/v2\/tags?post=57637"}],"curies":[{"name":"wp","href":"https:\/\/api.w.org\/{rel}","templated":true}]}}