{"id":57634,"date":"2021-05-28T14:57:39","date_gmt":"2021-05-28T14:57:39","guid":{"rendered":"http:\/\/www.noticiasradioreflejos.com.ar\/2021\/?p=57634"},"modified":"2021-05-28T14:57:39","modified_gmt":"2021-05-28T14:57:39","slug":"bahia-blanca-la-investigacion-quedo-a-cargo-de-la-division-antiterrorismo-de-la-policia-federal","status":"publish","type":"post","link":"https:\/\/www.noticiasradioreflejos.com.ar\/2021\/bahia-blanca-la-investigacion-quedo-a-cargo-de-la-division-antiterrorismo-de-la-policia-federal\/","title":{"rendered":"Bah\u00eda Blanca: La investigaci\u00f3n qued\u00f3 a cargo de la Divisi\u00f3n Antiterrorismo de la Polic\u00eda Federal"},"content":{"rendered":"<header id=\"mvp-post-head\" class=\"left relative\">Lo decidi\u00f3 la jueza Gabriela Marr\u00f3n, para que todo se concentre en una sola fuerza. Esa divisi\u00f3n trabajar\u00e1 en conjunto con los expertos en explosivos.<\/p>\n<div class=\"mvp-author-info-wrap left relative\">\n<div class=\"mvp-author-info-text left relative\">\n<div class=\"mvp-author-info-name left relative\"><\/div>\n<\/div>\n<\/div>\n<\/header>\n<p><!--more--><\/p>\n<div class=\"mvp-post-main-out left relative\">\n<div class=\"mvp-post-main-in\">\n<div id=\"mvp-post-content\" class=\"left relative\">\n<div id=\"mvp-post-feat-img\" class=\"left relative mvp-post-feat-img-wide2\"><img loading=\"lazy\" decoding=\"async\" class=\"attachment- size- wp-post-image\" src=\"https:\/\/www.labrujula24.com\/wp-content\/uploads\/2021\/05\/33f8d90b-4116-4443-88d1-d85eff31f8e2.jpg\" sizes=\"auto, (max-width: 1200px) 100vw, 1200px\" srcset=\"https:\/\/www.labrujula24.com\/wp-content\/uploads\/2021\/05\/33f8d90b-4116-4443-88d1-d85eff31f8e2.jpg 1200w, https:\/\/www.labrujula24.com\/wp-content\/uploads\/2021\/05\/33f8d90b-4116-4443-88d1-d85eff31f8e2-768x461.jpg 768w, https:\/\/www.labrujula24.com\/wp-content\/uploads\/2021\/05\/33f8d90b-4116-4443-88d1-d85eff31f8e2-1000x600.jpg 1000w, https:\/\/www.labrujula24.com\/wp-content\/uploads\/2021\/05\/33f8d90b-4116-4443-88d1-d85eff31f8e2-590x354.jpg 590w, https:\/\/www.labrujula24.com\/wp-content\/uploads\/2021\/05\/33f8d90b-4116-4443-88d1-d85eff31f8e2-400x240.jpg 400w\" alt=\"\" width=\"1200\" height=\"720\" \/><\/div>\n<div id=\"mvp-content-wrap\" class=\"left relative\">\n<div class=\"mvp-post-soc-out right relative\">\n<div class=\"mvp-post-soc-in\">\n<div id=\"mvp-content-body\" class=\"left relative\">\n<div id=\"mvp-content-body-top\" class=\"left relative\">\n<div id=\"mvp-content-main\" class=\"left relative\">\n<div id=\"textbody\">\n<div class=\"code-block code-block-9\">\n<div id=\"ads_Q7WHF96ES5PN\"><\/div>\n<\/div>\n<p>El\u00a0<a href=\"https:\/\/www.labrujula24.com\/notas\/2021\/05\/25\/se-produjo-una-grave-explosion-en-un-local-de-la-campora-n131863\/\"><strong>atentado contra la sede de La C\u00e1mpora, ocurrido el pasado martes 25 de mayo<\/strong><\/a>, sigue &#8211;<em>y seguir\u00e1<\/em>&#8211; dejando tela para cortar. Y por eso, las novedades ligadas a la investigaci\u00f3n no cesan.<\/p>\n<p><a href=\"https:\/\/www.labrujula24.com\/notas\/2021\/05\/27\/atentado-a-la-campora-la-jueza-marron-decreto-el-secreto-de-sumario-n132582\/\">Por caso, en las \u00faltimas horas la jueza federal Gabriela Marr\u00f3n determin\u00f3 decretar secreto de sumario<\/a>. La decisi\u00f3n, que correr\u00e1 por los pr\u00f3ximos diez d\u00edas, fue tomada para que no se filtre informaci\u00f3n que pueda entorpecer su trabajo.<\/p>\n<blockquote class=\"twitter-tweet\" data-width=\"500\" data-dnt=\"true\">\n<p lang=\"es\" dir=\"ltr\">Atenci\u00f3n. Atentado a <a href=\"https:\/\/twitter.com\/la_campora?ref_src=twsrc%5Etfw\">@la_campora<\/a>. La jueza Marr\u00f3n decidi\u00f3 que la investigaci\u00f3n quede a cargo exclusivamente de la Divisi\u00f3n Antiterrorismo y la de Explosivos de la <a href=\"https:\/\/twitter.com\/PFAOficial?ref_src=twsrc%5Etfw\">@PFAOficial<\/a><\/p>\n<p>&mdash; Germ\u00e1n Sasso (@SassoGerman) <a href=\"https:\/\/twitter.com\/SassoGerman\/status\/1398247477594238984?ref_src=twsrc%5Etfw\">May 28, 2021<\/a><\/p><\/blockquote>\n<p><script async src=\"https:\/\/platform.twitter.com\/widgets.js\" charset=\"utf-8\"><\/script><\/p>\n<p><strong><em>Ahora, la propia magistrada decidi\u00f3 que las tareas investigativas las haga exclusivamente la Divisi\u00f3n Antiterrorismo de la Polic\u00eda Federal. Es decir que, a partir de este momento, el resto de los involucrados, como la Bonaerense, han sido apartados.<\/em><\/strong><\/p>\n<p>Esta oficina, que arrib\u00f3 a la ciudad para abocarse a la causa, queda a cargo para reunir toda la informaci\u00f3n que se considere pertinente y juntar pruebas. En definitiva, para que haya un solo n\u00facleo de monitoreo en el que se eval\u00faen los pasos a seguir de aqu\u00ed en adelante.<\/p>\n<div class=\"code-block code-block-1\"><\/div>\n<figure class=\"wp-block-embed is-type-rich is-provider-twitter wp-block-embed-twitter\">\n<div class=\"wp-block-embed__wrapper\">\n<div class=\"twitter-tweet twitter-tweet-rendered\"><iframe id=\"twitter-widget-1\" class=\"\" title=\"Twitter Tweet\" src=\"https:\/\/platform.twitter.com\/embed\/Tweet.html?dnt=true&amp;embedId=twitter-widget-1&amp;features=eyJ0ZndfZXhwZXJpbWVudHNfY29va2llX2V4cGlyYXRpb24iOnsiYnVja2V0IjoxMjA5NjAwLCJ2ZXJzaW9uIjpudWxsfSwidGZ3X2hvcml6b25fdHdlZXRfZW1iZWRfOTU1NSI6eyJidWNrZXQiOiJodGUiLCJ2ZXJzaW9uIjpudWxsfSwidGZ3X3R3ZWV0X2VtYmVkX2NsaWNrYWJpbGl0eV8xMjEwMiI6eyJidWNrZXQiOiJjb250cm9sIiwidmVyc2lvbiI6bnVsbH19&amp;frame=false&amp;hideCard=false&amp;hideThread=false&amp;id=1398248924079611910&amp;lang=es&amp;origin=https%3A%2F%2Fwww.labrujula24.com%2Fnotas%2F2021%2F05%2F28%2Fla-investigacion-quedo-a-cargo-de-la-division-antiterrorismo-de-la-policia-federal-n132676%2F&amp;sessionId=bd2c75e5d5344c2b6b239a987bdafab1ba709828&amp;theme=light&amp;widgetsVersion=82e1070%3A1619632193066&amp;width=550px\" frameborder=\"0\" scrolling=\"no\" allowfullscreen=\"allowfullscreen\" data-tweet-id=\"1398248924079611910\" data-mce-fragment=\"1\"><\/iframe><\/div>\n<\/div>\n<\/figure>\n<p>Cabe recordar que, seg\u00fan datos a los que pudo acceder en exclusiva\u00a0<strong>LA BR\u00daJULA 24<\/strong>, dos testigos declararon ante la Justicia que vieron a dos personas sospechosas correr en cercan\u00edas al lugar en que estall\u00f3 el explosivo. Uno de los testigos, quien estaba jugando a los videojuegos a esa hora de la madrugada, asegur\u00f3 haber observado c\u00f3mo esos sujetos se sub\u00edan a un veh\u00edculo, del que pudo dar ciertos detalles.<\/p>\n<\/div>\n<\/div>\n<\/div>\n<\/div>\n<\/div>\n<\/div>\n<\/div>\n<\/div>\n<\/div>\n<\/div>\n","protected":false},"excerpt":{"rendered":"<p>Lo decidi\u00f3 la jueza Gabriela Marr\u00f3n, para que todo se concentre en una sola fuerza. Esa divisi\u00f3n trabajar\u00e1 en conjunto con los expertos en explosivos.<\/p>\n","protected":false},"author":3,"featured_media":0,"comment_status":"closed","ping_status":"closed","sticky":false,"template":"","format":"standard","meta":{"footnotes":""},"categories":[29,24],"tags":[],"class_list":["post-57634","post","type-post","status-publish","format-standard","hentry","category-policiales","category-politica"],"yoast_head":"<!-- This site is optimized with the Yoast SEO plugin v25.9 - https:\/\/yoast.com\/wordpress\/plugins\/seo\/ -->\n<title>Bah\u00eda Blanca: La investigaci\u00f3n qued\u00f3 a cargo de la Divisi\u00f3n Antiterrorismo de la Polic\u00eda Federal - Noticias Radio Reflejos<\/title>\n<meta name=\"robots\" content=\"index, follow, max-snippet:-1, max-image-preview:large, max-video-preview:-1\" \/>\n<link rel=\"canonical\" href=\"https:\/\/www.noticiasradioreflejos.com.ar\/2021\/bahia-blanca-la-investigacion-quedo-a-cargo-de-la-division-antiterrorismo-de-la-policia-federal\/\" \/>\n<meta property=\"og:locale\" content=\"es_ES\" \/>\n<meta property=\"og:type\" content=\"article\" \/>\n<meta property=\"og:title\" content=\"Bah\u00eda Blanca: La investigaci\u00f3n qued\u00f3 a cargo de la Divisi\u00f3n Antiterrorismo de la Polic\u00eda Federal - Noticias Radio Reflejos\" \/>\n<meta property=\"og:description\" content=\"Lo decidi\u00f3 la jueza Gabriela Marr\u00f3n, para que todo se concentre en una sola fuerza. Esa divisi\u00f3n trabajar\u00e1 en conjunto con los expertos en explosivos.\" \/>\n<meta property=\"og:url\" content=\"https:\/\/www.noticiasradioreflejos.com.ar\/2021\/bahia-blanca-la-investigacion-quedo-a-cargo-de-la-division-antiterrorismo-de-la-policia-federal\/\" \/>\n<meta property=\"og:site_name\" content=\"Noticias Radio Reflejos\" \/>\n<meta property=\"article:published_time\" content=\"2021-05-28T14:57:39+00:00\" \/>\n<meta property=\"og:image\" content=\"https:\/\/www.labrujula24.com\/wp-content\/uploads\/2021\/05\/33f8d90b-4116-4443-88d1-d85eff31f8e2.jpg\" \/>\n<meta name=\"author\" content=\"Arnaldo Botto\" \/>\n<meta name=\"twitter:card\" content=\"summary_large_image\" \/>\n<script type=\"application\/ld+json\" class=\"yoast-schema-graph\">{\"@context\":\"https:\/\/schema.org\",\"@graph\":[{\"@type\":\"WebPage\",\"@id\":\"https:\/\/www.noticiasradioreflejos.com.ar\/2021\/bahia-blanca-la-investigacion-quedo-a-cargo-de-la-division-antiterrorismo-de-la-policia-federal\/\",\"url\":\"https:\/\/www.noticiasradioreflejos.com.ar\/2021\/bahia-blanca-la-investigacion-quedo-a-cargo-de-la-division-antiterrorismo-de-la-policia-federal\/\",\"name\":\"Bah\u00eda Blanca: La investigaci\u00f3n qued\u00f3 a cargo de la Divisi\u00f3n Antiterrorismo de la Polic\u00eda Federal - Noticias Radio Reflejos\",\"isPartOf\":{\"@id\":\"https:\/\/www.noticiasradioreflejos.com.ar\/2021\/#website\"},\"primaryImageOfPage\":{\"@id\":\"https:\/\/www.noticiasradioreflejos.com.ar\/2021\/bahia-blanca-la-investigacion-quedo-a-cargo-de-la-division-antiterrorismo-de-la-policia-federal\/#primaryimage\"},\"image\":{\"@id\":\"https:\/\/www.noticiasradioreflejos.com.ar\/2021\/bahia-blanca-la-investigacion-quedo-a-cargo-de-la-division-antiterrorismo-de-la-policia-federal\/#primaryimage\"},\"thumbnailUrl\":\"https:\/\/www.labrujula24.com\/wp-content\/uploads\/2021\/05\/33f8d90b-4116-4443-88d1-d85eff31f8e2.jpg\",\"datePublished\":\"2021-05-28T14:57:39+00:00\",\"author\":{\"@id\":\"https:\/\/www.noticiasradioreflejos.com.ar\/2021\/#\/schema\/person\/ad82545263dcc5ec0996818884fd5fb1\"},\"breadcrumb\":{\"@id\":\"https:\/\/www.noticiasradioreflejos.com.ar\/2021\/bahia-blanca-la-investigacion-quedo-a-cargo-de-la-division-antiterrorismo-de-la-policia-federal\/#breadcrumb\"},\"inLanguage\":\"es\",\"potentialAction\":[{\"@type\":\"ReadAction\",\"target\":[\"https:\/\/www.noticiasradioreflejos.com.ar\/2021\/bahia-blanca-la-investigacion-quedo-a-cargo-de-la-division-antiterrorismo-de-la-policia-federal\/\"]}]},{\"@type\":\"ImageObject\",\"inLanguage\":\"es\",\"@id\":\"https:\/\/www.noticiasradioreflejos.com.ar\/2021\/bahia-blanca-la-investigacion-quedo-a-cargo-de-la-division-antiterrorismo-de-la-policia-federal\/#primaryimage\",\"url\":\"https:\/\/www.labrujula24.com\/wp-content\/uploads\/2021\/05\/33f8d90b-4116-4443-88d1-d85eff31f8e2.jpg\",\"contentUrl\":\"https:\/\/www.labrujula24.com\/wp-content\/uploads\/2021\/05\/33f8d90b-4116-4443-88d1-d85eff31f8e2.jpg\"},{\"@type\":\"BreadcrumbList\",\"@id\":\"https:\/\/www.noticiasradioreflejos.com.ar\/2021\/bahia-blanca-la-investigacion-quedo-a-cargo-de-la-division-antiterrorismo-de-la-policia-federal\/#breadcrumb\",\"itemListElement\":[{\"@type\":\"ListItem\",\"position\":1,\"name\":\"Portada\",\"item\":\"https:\/\/www.noticiasradioreflejos.com.ar\/2021\/\"},{\"@type\":\"ListItem\",\"position\":2,\"name\":\"Bah\u00eda Blanca: La investigaci\u00f3n qued\u00f3 a cargo de la Divisi\u00f3n Antiterrorismo de la Polic\u00eda Federal\"}]},{\"@type\":\"WebSite\",\"@id\":\"https:\/\/www.noticiasradioreflejos.com.ar\/2021\/#website\",\"url\":\"https:\/\/www.noticiasradioreflejos.com.ar\/2021\/\",\"name\":\"Noticias Radio Reflejos\",\"description\":\"Las noticias de mi comarca\",\"potentialAction\":[{\"@type\":\"SearchAction\",\"target\":{\"@type\":\"EntryPoint\",\"urlTemplate\":\"https:\/\/www.noticiasradioreflejos.com.ar\/2021\/?s={search_term_string}\"},\"query-input\":{\"@type\":\"PropertyValueSpecification\",\"valueRequired\":true,\"valueName\":\"search_term_string\"}}],\"inLanguage\":\"es\"},{\"@type\":\"Person\",\"@id\":\"https:\/\/www.noticiasradioreflejos.com.ar\/2021\/#\/schema\/person\/ad82545263dcc5ec0996818884fd5fb1\",\"name\":\"Arnaldo Botto\",\"image\":{\"@type\":\"ImageObject\",\"inLanguage\":\"es\",\"@id\":\"https:\/\/www.noticiasradioreflejos.com.ar\/2021\/#\/schema\/person\/image\/\",\"url\":\"https:\/\/secure.gravatar.com\/avatar\/55cb5e37c1efa326397366e6974cb338056df65cb50e7d64d1cf314e87504837?s=96&d=mm&r=g\",\"contentUrl\":\"https:\/\/secure.gravatar.com\/avatar\/55cb5e37c1efa326397366e6974cb338056df65cb50e7d64d1cf314e87504837?s=96&d=mm&r=g\",\"caption\":\"Arnaldo Botto\"},\"url\":\"https:\/\/www.noticiasradioreflejos.com.ar\/2021\/author\/arnaldo\/\"}]}<\/script>\n<!-- \/ Yoast SEO plugin. -->","yoast_head_json":{"title":"Bah\u00eda Blanca: La investigaci\u00f3n qued\u00f3 a cargo de la Divisi\u00f3n Antiterrorismo de la Polic\u00eda Federal - Noticias Radio Reflejos","robots":{"index":"index","follow":"follow","max-snippet":"max-snippet:-1","max-image-preview":"max-image-preview:large","max-video-preview":"max-video-preview:-1"},"canonical":"https:\/\/www.noticiasradioreflejos.com.ar\/2021\/bahia-blanca-la-investigacion-quedo-a-cargo-de-la-division-antiterrorismo-de-la-policia-federal\/","og_locale":"es_ES","og_type":"article","og_title":"Bah\u00eda Blanca: La investigaci\u00f3n qued\u00f3 a cargo de la Divisi\u00f3n Antiterrorismo de la Polic\u00eda Federal - Noticias Radio Reflejos","og_description":"Lo decidi\u00f3 la jueza Gabriela Marr\u00f3n, para que todo se concentre en una sola fuerza. Esa divisi\u00f3n trabajar\u00e1 en conjunto con los expertos en explosivos.","og_url":"https:\/\/www.noticiasradioreflejos.com.ar\/2021\/bahia-blanca-la-investigacion-quedo-a-cargo-de-la-division-antiterrorismo-de-la-policia-federal\/","og_site_name":"Noticias Radio Reflejos","article_published_time":"2021-05-28T14:57:39+00:00","og_image":[{"url":"https:\/\/www.labrujula24.com\/wp-content\/uploads\/2021\/05\/33f8d90b-4116-4443-88d1-d85eff31f8e2.jpg","type":"","width":"","height":""}],"author":"Arnaldo Botto","twitter_card":"summary_large_image","schema":{"@context":"https:\/\/schema.org","@graph":[{"@type":"WebPage","@id":"https:\/\/www.noticiasradioreflejos.com.ar\/2021\/bahia-blanca-la-investigacion-quedo-a-cargo-de-la-division-antiterrorismo-de-la-policia-federal\/","url":"https:\/\/www.noticiasradioreflejos.com.ar\/2021\/bahia-blanca-la-investigacion-quedo-a-cargo-de-la-division-antiterrorismo-de-la-policia-federal\/","name":"Bah\u00eda Blanca: La investigaci\u00f3n qued\u00f3 a cargo de la Divisi\u00f3n Antiterrorismo de la Polic\u00eda Federal - Noticias Radio Reflejos","isPartOf":{"@id":"https:\/\/www.noticiasradioreflejos.com.ar\/2021\/#website"},"primaryImageOfPage":{"@id":"https:\/\/www.noticiasradioreflejos.com.ar\/2021\/bahia-blanca-la-investigacion-quedo-a-cargo-de-la-division-antiterrorismo-de-la-policia-federal\/#primaryimage"},"image":{"@id":"https:\/\/www.noticiasradioreflejos.com.ar\/2021\/bahia-blanca-la-investigacion-quedo-a-cargo-de-la-division-antiterrorismo-de-la-policia-federal\/#primaryimage"},"thumbnailUrl":"https:\/\/www.labrujula24.com\/wp-content\/uploads\/2021\/05\/33f8d90b-4116-4443-88d1-d85eff31f8e2.jpg","datePublished":"2021-05-28T14:57:39+00:00","author":{"@id":"https:\/\/www.noticiasradioreflejos.com.ar\/2021\/#\/schema\/person\/ad82545263dcc5ec0996818884fd5fb1"},"breadcrumb":{"@id":"https:\/\/www.noticiasradioreflejos.com.ar\/2021\/bahia-blanca-la-investigacion-quedo-a-cargo-de-la-division-antiterrorismo-de-la-policia-federal\/#breadcrumb"},"inLanguage":"es","potentialAction":[{"@type":"ReadAction","target":["https:\/\/www.noticiasradioreflejos.com.ar\/2021\/bahia-blanca-la-investigacion-quedo-a-cargo-de-la-division-antiterrorismo-de-la-policia-federal\/"]}]},{"@type":"ImageObject","inLanguage":"es","@id":"https:\/\/www.noticiasradioreflejos.com.ar\/2021\/bahia-blanca-la-investigacion-quedo-a-cargo-de-la-division-antiterrorismo-de-la-policia-federal\/#primaryimage","url":"https:\/\/www.labrujula24.com\/wp-content\/uploads\/2021\/05\/33f8d90b-4116-4443-88d1-d85eff31f8e2.jpg","contentUrl":"https:\/\/www.labrujula24.com\/wp-content\/uploads\/2021\/05\/33f8d90b-4116-4443-88d1-d85eff31f8e2.jpg"},{"@type":"BreadcrumbList","@id":"https:\/\/www.noticiasradioreflejos.com.ar\/2021\/bahia-blanca-la-investigacion-quedo-a-cargo-de-la-division-antiterrorismo-de-la-policia-federal\/#breadcrumb","itemListElement":[{"@type":"ListItem","position":1,"name":"Portada","item":"https:\/\/www.noticiasradioreflejos.com.ar\/2021\/"},{"@type":"ListItem","position":2,"name":"Bah\u00eda Blanca: La investigaci\u00f3n qued\u00f3 a cargo de la Divisi\u00f3n Antiterrorismo de la Polic\u00eda Federal"}]},{"@type":"WebSite","@id":"https:\/\/www.noticiasradioreflejos.com.ar\/2021\/#website","url":"https:\/\/www.noticiasradioreflejos.com.ar\/2021\/","name":"Noticias Radio Reflejos","description":"Las noticias de mi comarca","potentialAction":[{"@type":"SearchAction","target":{"@type":"EntryPoint","urlTemplate":"https:\/\/www.noticiasradioreflejos.com.ar\/2021\/?s={search_term_string}"},"query-input":{"@type":"PropertyValueSpecification","valueRequired":true,"valueName":"search_term_string"}}],"inLanguage":"es"},{"@type":"Person","@id":"https:\/\/www.noticiasradioreflejos.com.ar\/2021\/#\/schema\/person\/ad82545263dcc5ec0996818884fd5fb1","name":"Arnaldo Botto","image":{"@type":"ImageObject","inLanguage":"es","@id":"https:\/\/www.noticiasradioreflejos.com.ar\/2021\/#\/schema\/person\/image\/","url":"https:\/\/secure.gravatar.com\/avatar\/55cb5e37c1efa326397366e6974cb338056df65cb50e7d64d1cf314e87504837?s=96&d=mm&r=g","contentUrl":"https:\/\/secure.gravatar.com\/avatar\/55cb5e37c1efa326397366e6974cb338056df65cb50e7d64d1cf314e87504837?s=96&d=mm&r=g","caption":"Arnaldo Botto"},"url":"https:\/\/www.noticiasradioreflejos.com.ar\/2021\/author\/arnaldo\/"}]}},"_links":{"self":[{"href":"https:\/\/www.noticiasradioreflejos.com.ar\/2021\/wp-json\/wp\/v2\/posts\/57634","targetHints":{"allow":["GET"]}}],"collection":[{"href":"https:\/\/www.noticiasradioreflejos.com.ar\/2021\/wp-json\/wp\/v2\/posts"}],"about":[{"href":"https:\/\/www.noticiasradioreflejos.com.ar\/2021\/wp-json\/wp\/v2\/types\/post"}],"author":[{"embeddable":true,"href":"https:\/\/www.noticiasradioreflejos.com.ar\/2021\/wp-json\/wp\/v2\/users\/3"}],"replies":[{"embeddable":true,"href":"https:\/\/www.noticiasradioreflejos.com.ar\/2021\/wp-json\/wp\/v2\/comments?post=57634"}],"version-history":[{"count":1,"href":"https:\/\/www.noticiasradioreflejos.com.ar\/2021\/wp-json\/wp\/v2\/posts\/57634\/revisions"}],"predecessor-version":[{"id":57636,"href":"https:\/\/www.noticiasradioreflejos.com.ar\/2021\/wp-json\/wp\/v2\/posts\/57634\/revisions\/57636"}],"wp:attachment":[{"href":"https:\/\/www.noticiasradioreflejos.com.ar\/2021\/wp-json\/wp\/v2\/media?parent=57634"}],"wp:term":[{"taxonomy":"category","embeddable":true,"href":"https:\/\/www.noticiasradioreflejos.com.ar\/2021\/wp-json\/wp\/v2\/categories?post=57634"},{"taxonomy":"post_tag","embeddable":true,"href":"https:\/\/www.noticiasradioreflejos.com.ar\/2021\/wp-json\/wp\/v2\/tags?post=57634"}],"curies":[{"name":"wp","href":"https:\/\/api.w.org\/{rel}","templated":true}]}}