{"id":57610,"date":"2021-05-28T11:34:51","date_gmt":"2021-05-28T11:34:51","guid":{"rendered":"http:\/\/www.noticiasradioreflejos.com.ar\/2021\/?p=57610"},"modified":"2021-05-28T11:34:51","modified_gmt":"2021-05-28T11:34:51","slug":"analizan-adelantar-las-vacaciones-de-invierno","status":"publish","type":"post","link":"https:\/\/www.noticiasradioreflejos.com.ar\/2021\/analizan-adelantar-las-vacaciones-de-invierno\/","title":{"rendered":"Analizan adelantar las vacaciones de invierno"},"content":{"rendered":"<header id=\"mvp-post-head\" class=\"left relative\">\n<div class=\"mvp-author-info-wrap left relative\">\n<div class=\"mvp-author-info-text left relative\">\n<div class=\"mvp-author-info-date left relative\"><\/div>\n<div class=\"mvp-author-info-name left relative\">El gobierno de la provincia de Buenos Aires eval\u00faa adelantar el receso de invierno, si as\u00ed lo amerita la situaci\u00f3n epidemiol\u00f3gica. Las alternativas que analizan son anticipar a la segunda quincena de junio o la primera de julio las vacaciones que estaban planificadas desde el 19 de julio en el calendario escolar.<\/div>\n<\/div>\n<\/div>\n<\/header>\n<p><!--more--><\/p>\n<div class=\"mvp-post-main-out left relative\">\n<div class=\"mvp-post-main-in\">\n<div id=\"mvp-post-content\" class=\"left relative\">\n<div id=\"mvp-content-wrap\" class=\"left relative\">\n<div class=\"mvp-post-soc-out right relative\">\n<div class=\"mvp-post-soc-in\">\n<div id=\"mvp-content-body\" class=\"left relative\">\n<div id=\"mvp-content-body-top\" class=\"left relative\">\n<div id=\"mvp-content-main\" class=\"left relative\">\n<div id=\"textbody\">\n<p>La idea que se terminar\u00e1 de sopesar el fin de semana -con los \u00faltimos datos de contagios de covid-19- es ganar tiempo en el plan de vacunaci\u00f3n, en particular el destinado a la comunidad educativa, entre docentes y personal auxiliar.<\/p>\n<div class=\"code-block code-block-11\"><\/div>\n<p>La Ciudad de Buenos Aires, que tiene un sistema educativo varias veces m\u00e1s peque\u00f1o, ya anticip\u00f3 que analiza anticipar las vacaciones de invierno en junio o los primeros d\u00edas de julio. Tambi\u00e9n el ministro de Educaci\u00f3n nacional, Nicol\u00e1s Trotta, desliz\u00f3 la misma posibilidad, pero cada jurisdicci\u00f3n es libre de fijar su calendario escolar. \u201cEs algo que est\u00e1 sobre la mesa\u201d, admiti\u00f3.<\/p>\n<p>El gobernador Axel Kicillof a\u00fan no se manifest\u00f3 en p\u00fablico sobre este adelantamiento que involucra al sistema educativo m\u00e1s grande del pa\u00eds. En la provincia de Buenos Aires trabajan 350 mil docentes y 120 mil auxiliares. Hay 4.15 millones de estudiantes, vinculados a 16.000 escuelas.<\/p>\n<div class=\"code-block code-block-1\"><\/div>\n<p>\u201cEl adelanto del receso es una de las m\u00faltiples opciones que se analiza en el marco de la situaci\u00f3n epidemiol\u00f3gica\u201d, inform\u00f3 una fuente en la Casa de Gobierno provincial.<\/p>\n<p>La medida ya fue adelantada en forma extraoficial a algunos de los sindicatos m\u00e1s fuertes a fin de buscar su aval. \u201cEs una de las posibilidades adelantar el receso a la segunda quincena de junio o la primera quincena de julio\u201d, dijo Roberto Baradel, del Sindicato Unificado de Trabajadores de la Educaci\u00f3n de la provincia de Buenos Aires (Suteba).<\/p>\n<p>\u201cLo vemos bien. Es una manera de lograr vacunar a los maestros que a\u00fan falta, que son la mitad\u201d, agreg\u00f3 el referente sindical.<\/p>\n<p>Fuente: La Naci\u00f3n<\/p>\n<\/div>\n<\/div>\n<\/div>\n<\/div>\n<\/div>\n<\/div>\n<\/div>\n<\/div>\n<\/div>\n<\/div>\n","protected":false},"excerpt":{"rendered":"<p>El gobierno de la provincia de Buenos Aires eval\u00faa adelantar el receso de invierno, si as\u00ed lo amerita la situaci\u00f3n epidemiol\u00f3gica. Las alternativas que analizan son anticipar a la segunda quincena de junio o la primera de julio las vacaciones que estaban planificadas desde el 19 de julio en el calendario escolar.<\/p>\n","protected":false},"author":3,"featured_media":0,"comment_status":"closed","ping_status":"closed","sticky":false,"template":"","format":"standard","meta":{"footnotes":""},"categories":[34,24],"tags":[],"class_list":["post-57610","post","type-post","status-publish","format-standard","hentry","category-educacion","category-politica"],"yoast_head":"<!-- This site is optimized with the Yoast SEO plugin v25.9 - https:\/\/yoast.com\/wordpress\/plugins\/seo\/ -->\n<title>Analizan adelantar las vacaciones de invierno - Noticias Radio Reflejos<\/title>\n<meta name=\"robots\" content=\"index, follow, max-snippet:-1, max-image-preview:large, max-video-preview:-1\" \/>\n<link rel=\"canonical\" href=\"https:\/\/www.noticiasradioreflejos.com.ar\/2021\/analizan-adelantar-las-vacaciones-de-invierno\/\" \/>\n<meta property=\"og:locale\" content=\"es_ES\" \/>\n<meta property=\"og:type\" content=\"article\" \/>\n<meta property=\"og:title\" content=\"Analizan adelantar las vacaciones de invierno - Noticias Radio Reflejos\" \/>\n<meta property=\"og:description\" content=\"El gobierno de la provincia de Buenos Aires eval\u00faa adelantar el receso de invierno, si as\u00ed lo amerita la situaci\u00f3n epidemiol\u00f3gica. Las alternativas que analizan son anticipar a la segunda quincena de junio o la primera de julio las vacaciones que estaban planificadas desde el 19 de julio en el calendario escolar.\" \/>\n<meta property=\"og:url\" content=\"https:\/\/www.noticiasradioreflejos.com.ar\/2021\/analizan-adelantar-las-vacaciones-de-invierno\/\" \/>\n<meta property=\"og:site_name\" content=\"Noticias Radio Reflejos\" \/>\n<meta property=\"article:published_time\" content=\"2021-05-28T11:34:51+00:00\" \/>\n<meta property=\"og:image\" content=\"https:\/\/www.noticiasradioreflejos.com.ar\/2021\/wp-content\/uploads\/2021\/07\/logosol300x200.png\" \/>\n\t<meta property=\"og:image:width\" content=\"300\" \/>\n\t<meta property=\"og:image:height\" content=\"200\" \/>\n\t<meta property=\"og:image:type\" content=\"image\/png\" \/>\n<meta name=\"author\" content=\"Arnaldo Botto\" \/>\n<meta name=\"twitter:card\" content=\"summary_large_image\" \/>\n<script type=\"application\/ld+json\" class=\"yoast-schema-graph\">{\"@context\":\"https:\/\/schema.org\",\"@graph\":[{\"@type\":\"WebPage\",\"@id\":\"https:\/\/www.noticiasradioreflejos.com.ar\/2021\/analizan-adelantar-las-vacaciones-de-invierno\/\",\"url\":\"https:\/\/www.noticiasradioreflejos.com.ar\/2021\/analizan-adelantar-las-vacaciones-de-invierno\/\",\"name\":\"Analizan adelantar las vacaciones de invierno - Noticias Radio Reflejos\",\"isPartOf\":{\"@id\":\"https:\/\/www.noticiasradioreflejos.com.ar\/2021\/#website\"},\"datePublished\":\"2021-05-28T11:34:51+00:00\",\"author\":{\"@id\":\"https:\/\/www.noticiasradioreflejos.com.ar\/2021\/#\/schema\/person\/ad82545263dcc5ec0996818884fd5fb1\"},\"breadcrumb\":{\"@id\":\"https:\/\/www.noticiasradioreflejos.com.ar\/2021\/analizan-adelantar-las-vacaciones-de-invierno\/#breadcrumb\"},\"inLanguage\":\"es\",\"potentialAction\":[{\"@type\":\"ReadAction\",\"target\":[\"https:\/\/www.noticiasradioreflejos.com.ar\/2021\/analizan-adelantar-las-vacaciones-de-invierno\/\"]}]},{\"@type\":\"BreadcrumbList\",\"@id\":\"https:\/\/www.noticiasradioreflejos.com.ar\/2021\/analizan-adelantar-las-vacaciones-de-invierno\/#breadcrumb\",\"itemListElement\":[{\"@type\":\"ListItem\",\"position\":1,\"name\":\"Portada\",\"item\":\"https:\/\/www.noticiasradioreflejos.com.ar\/2021\/\"},{\"@type\":\"ListItem\",\"position\":2,\"name\":\"Analizan adelantar las vacaciones de invierno\"}]},{\"@type\":\"WebSite\",\"@id\":\"https:\/\/www.noticiasradioreflejos.com.ar\/2021\/#website\",\"url\":\"https:\/\/www.noticiasradioreflejos.com.ar\/2021\/\",\"name\":\"Noticias Radio Reflejos\",\"description\":\"Las noticias de mi comarca\",\"potentialAction\":[{\"@type\":\"SearchAction\",\"target\":{\"@type\":\"EntryPoint\",\"urlTemplate\":\"https:\/\/www.noticiasradioreflejos.com.ar\/2021\/?s={search_term_string}\"},\"query-input\":{\"@type\":\"PropertyValueSpecification\",\"valueRequired\":true,\"valueName\":\"search_term_string\"}}],\"inLanguage\":\"es\"},{\"@type\":\"Person\",\"@id\":\"https:\/\/www.noticiasradioreflejos.com.ar\/2021\/#\/schema\/person\/ad82545263dcc5ec0996818884fd5fb1\",\"name\":\"Arnaldo Botto\",\"image\":{\"@type\":\"ImageObject\",\"inLanguage\":\"es\",\"@id\":\"https:\/\/www.noticiasradioreflejos.com.ar\/2021\/#\/schema\/person\/image\/\",\"url\":\"https:\/\/secure.gravatar.com\/avatar\/55cb5e37c1efa326397366e6974cb338056df65cb50e7d64d1cf314e87504837?s=96&d=mm&r=g\",\"contentUrl\":\"https:\/\/secure.gravatar.com\/avatar\/55cb5e37c1efa326397366e6974cb338056df65cb50e7d64d1cf314e87504837?s=96&d=mm&r=g\",\"caption\":\"Arnaldo Botto\"},\"url\":\"https:\/\/www.noticiasradioreflejos.com.ar\/2021\/author\/arnaldo\/\"}]}<\/script>\n<!-- \/ Yoast SEO plugin. -->","yoast_head_json":{"title":"Analizan adelantar las vacaciones de invierno - Noticias Radio Reflejos","robots":{"index":"index","follow":"follow","max-snippet":"max-snippet:-1","max-image-preview":"max-image-preview:large","max-video-preview":"max-video-preview:-1"},"canonical":"https:\/\/www.noticiasradioreflejos.com.ar\/2021\/analizan-adelantar-las-vacaciones-de-invierno\/","og_locale":"es_ES","og_type":"article","og_title":"Analizan adelantar las vacaciones de invierno - Noticias Radio Reflejos","og_description":"El gobierno de la provincia de Buenos Aires eval\u00faa adelantar el receso de invierno, si as\u00ed lo amerita la situaci\u00f3n epidemiol\u00f3gica. Las alternativas que analizan son anticipar a la segunda quincena de junio o la primera de julio las vacaciones que estaban planificadas desde el 19 de julio en el calendario escolar.","og_url":"https:\/\/www.noticiasradioreflejos.com.ar\/2021\/analizan-adelantar-las-vacaciones-de-invierno\/","og_site_name":"Noticias Radio Reflejos","article_published_time":"2021-05-28T11:34:51+00:00","og_image":[{"width":300,"height":200,"url":"https:\/\/www.noticiasradioreflejos.com.ar\/2021\/wp-content\/uploads\/2021\/07\/logosol300x200.png","type":"image\/png"}],"author":"Arnaldo Botto","twitter_card":"summary_large_image","schema":{"@context":"https:\/\/schema.org","@graph":[{"@type":"WebPage","@id":"https:\/\/www.noticiasradioreflejos.com.ar\/2021\/analizan-adelantar-las-vacaciones-de-invierno\/","url":"https:\/\/www.noticiasradioreflejos.com.ar\/2021\/analizan-adelantar-las-vacaciones-de-invierno\/","name":"Analizan adelantar las vacaciones de invierno - Noticias Radio Reflejos","isPartOf":{"@id":"https:\/\/www.noticiasradioreflejos.com.ar\/2021\/#website"},"datePublished":"2021-05-28T11:34:51+00:00","author":{"@id":"https:\/\/www.noticiasradioreflejos.com.ar\/2021\/#\/schema\/person\/ad82545263dcc5ec0996818884fd5fb1"},"breadcrumb":{"@id":"https:\/\/www.noticiasradioreflejos.com.ar\/2021\/analizan-adelantar-las-vacaciones-de-invierno\/#breadcrumb"},"inLanguage":"es","potentialAction":[{"@type":"ReadAction","target":["https:\/\/www.noticiasradioreflejos.com.ar\/2021\/analizan-adelantar-las-vacaciones-de-invierno\/"]}]},{"@type":"BreadcrumbList","@id":"https:\/\/www.noticiasradioreflejos.com.ar\/2021\/analizan-adelantar-las-vacaciones-de-invierno\/#breadcrumb","itemListElement":[{"@type":"ListItem","position":1,"name":"Portada","item":"https:\/\/www.noticiasradioreflejos.com.ar\/2021\/"},{"@type":"ListItem","position":2,"name":"Analizan adelantar las vacaciones de invierno"}]},{"@type":"WebSite","@id":"https:\/\/www.noticiasradioreflejos.com.ar\/2021\/#website","url":"https:\/\/www.noticiasradioreflejos.com.ar\/2021\/","name":"Noticias Radio Reflejos","description":"Las noticias de mi comarca","potentialAction":[{"@type":"SearchAction","target":{"@type":"EntryPoint","urlTemplate":"https:\/\/www.noticiasradioreflejos.com.ar\/2021\/?s={search_term_string}"},"query-input":{"@type":"PropertyValueSpecification","valueRequired":true,"valueName":"search_term_string"}}],"inLanguage":"es"},{"@type":"Person","@id":"https:\/\/www.noticiasradioreflejos.com.ar\/2021\/#\/schema\/person\/ad82545263dcc5ec0996818884fd5fb1","name":"Arnaldo Botto","image":{"@type":"ImageObject","inLanguage":"es","@id":"https:\/\/www.noticiasradioreflejos.com.ar\/2021\/#\/schema\/person\/image\/","url":"https:\/\/secure.gravatar.com\/avatar\/55cb5e37c1efa326397366e6974cb338056df65cb50e7d64d1cf314e87504837?s=96&d=mm&r=g","contentUrl":"https:\/\/secure.gravatar.com\/avatar\/55cb5e37c1efa326397366e6974cb338056df65cb50e7d64d1cf314e87504837?s=96&d=mm&r=g","caption":"Arnaldo Botto"},"url":"https:\/\/www.noticiasradioreflejos.com.ar\/2021\/author\/arnaldo\/"}]}},"_links":{"self":[{"href":"https:\/\/www.noticiasradioreflejos.com.ar\/2021\/wp-json\/wp\/v2\/posts\/57610","targetHints":{"allow":["GET"]}}],"collection":[{"href":"https:\/\/www.noticiasradioreflejos.com.ar\/2021\/wp-json\/wp\/v2\/posts"}],"about":[{"href":"https:\/\/www.noticiasradioreflejos.com.ar\/2021\/wp-json\/wp\/v2\/types\/post"}],"author":[{"embeddable":true,"href":"https:\/\/www.noticiasradioreflejos.com.ar\/2021\/wp-json\/wp\/v2\/users\/3"}],"replies":[{"embeddable":true,"href":"https:\/\/www.noticiasradioreflejos.com.ar\/2021\/wp-json\/wp\/v2\/comments?post=57610"}],"version-history":[{"count":1,"href":"https:\/\/www.noticiasradioreflejos.com.ar\/2021\/wp-json\/wp\/v2\/posts\/57610\/revisions"}],"predecessor-version":[{"id":57611,"href":"https:\/\/www.noticiasradioreflejos.com.ar\/2021\/wp-json\/wp\/v2\/posts\/57610\/revisions\/57611"}],"wp:attachment":[{"href":"https:\/\/www.noticiasradioreflejos.com.ar\/2021\/wp-json\/wp\/v2\/media?parent=57610"}],"wp:term":[{"taxonomy":"category","embeddable":true,"href":"https:\/\/www.noticiasradioreflejos.com.ar\/2021\/wp-json\/wp\/v2\/categories?post=57610"},{"taxonomy":"post_tag","embeddable":true,"href":"https:\/\/www.noticiasradioreflejos.com.ar\/2021\/wp-json\/wp\/v2\/tags?post=57610"}],"curies":[{"name":"wp","href":"https:\/\/api.w.org\/{rel}","templated":true}]}}