{"id":57608,"date":"2021-05-28T11:31:35","date_gmt":"2021-05-28T11:31:35","guid":{"rendered":"http:\/\/www.noticiasradioreflejos.com.ar\/2021\/?p=57608"},"modified":"2021-05-28T11:31:35","modified_gmt":"2021-05-28T11:31:35","slug":"la-mesa-de-enlace-se-reune-para-decidir-si-continua-con-el-cese-de-comercializacion-de-hacienda","status":"publish","type":"post","link":"https:\/\/www.noticiasradioreflejos.com.ar\/2021\/la-mesa-de-enlace-se-reune-para-decidir-si-continua-con-el-cese-de-comercializacion-de-hacienda\/","title":{"rendered":"La Mesa de Enlace se re\u00fane para decidir si contin\u00faa con el cese de comercializaci\u00f3n de hacienda"},"content":{"rendered":"<div class=\"head-content\">\n<p>Desde el Gobierno remarcaron que \u00abla negociaci\u00f3n por el precio de la carne es sencilla\u00bb, sin embargo, el sector c\u00e1rnico evalu\u00f3 continuar con el paro si no se levanta la medida.<\/p>\n<\/div>\n<p><!--more--><\/p>\n<div class=\"main-content-block\">\n<div class=\"main-box clearfix\">\n<div class=\"wrapper-main-section clearfix\">\n<div class=\"wrapper-editable-content\">\n<div class=\"editable-content clearfix\">\n<div id=\"image\" class=\"image\"><img decoding=\"async\" title=\"Los presidentes de las entidades que integran la Mesa de Enlace se reunir\u00e1n para decidir si el cese de comercializaci\u00f3n de hacienda en rechazo a la suspensi\u00f3n temporal de exportaciones de carne vacuna contin\u00faa o no.\" src=\"https:\/\/www.telam.com.ar\/advf\/imagenes\/2021\/05\/6092b2db78da8_1004x565.jpg\" alt=\"Los presidentes de las entidades que integran la Mesa de Enlace se reunir\u00e1n para decidir si el cese de comercializaci\u00f3n de hacienda en rechazo a la suspensi\u00f3n temporal de exportaciones de carne vacuna contin\u00faa o no.\" \/><\/p>\n<div class=\"epigrafe\">Los presidentes de las entidades que integran la Mesa de Enlace se reunir\u00e1n para decidir si el cese de comercializaci\u00f3n de hacienda en rechazo a la suspensi\u00f3n temporal de exportaciones de carne vacuna contin\u00faa o no.<\/div>\n<\/div>\n<p>Los presidentes de las entidades que integran la Mesa de Enlace se reunir\u00e1n este viernes de forma virtual para decidir los pasos a seguir luego de que\u00a0<strong>finalice el cese de comercializaci\u00f3n de hacienda que mantienen desde el jueves<\/strong>\u00a0de la semana pasada en rechazo a la suspensi\u00f3n temporal de exportaciones de carne vacuna.<\/p>\n<p>El presidente de la Sociedad Rural (SRA), Daniel Pelegrina; el de Confederaciones Rurales (CRA), Jorge Chemes; el de Coninagro, Carlos Iannizzotto; y el de Federaci\u00f3n Agraria (FAA), Carlos Achetoni mantendr\u00e1n un encuentro para definir los pasos a seguir.<\/p>\n<p>Si bien todav\u00eda no acordaron qu\u00e9 suceder\u00e1, fuentes de las entidades consideraron que<strong>\u00a0\u00abes probable que contin\u00fae el cese\u00bb de no levantarse la medida gubernamental adoptada ante el fuerte alza de precios internos que suspende las exportaciones de carne por 30 d\u00edas<\/strong>, que motiv\u00f3 un paro de comercializaci\u00f3n de animales dispuesto por la Mesa de Enlace, .<\/p>\n<p>El lock out comenz\u00f3 el 20 de mayo y se extender\u00e1, en primera instancia, hasta esta medianoche.<\/p>\n<p>Lo que tampoco est\u00e1 definido es si otras actividades, como la de los granos, se acoplar\u00e1n a una eventual extensi\u00f3n de la medida de fuerza.<\/p>\n<blockquote><p>El lock out comenz\u00f3 el 20 de mayo y se extender\u00e1, en primera instancia, hasta esta medianoche<\/p><\/blockquote>\n<p>En el transcurso de las protestas, integrantes de la cadena c\u00e1rnica, en especial del sector exportador, mantuvieron negociaciones para poder destrabar el conflicto y que se reabran las exportaciones.<\/p>\n<p>Seg\u00fan aseguraron a T\u00e9lam,\u00a0<strong>tanto desde el sector p\u00fablico como privado, hay un \u00abcontacto permanente\u00bb y \u00abcontin\u00faan las negociaciones\u00bb aunque todav\u00eda no se dispuso una nueva reuni\u00f3n entre las partes.<\/strong><\/p>\n<p>En la noche del jueves,<strong><a href=\"https:\/\/www.telam.com.ar\/notas\/202105\/555743-alberto-fernandez-gobierno-nacional-exportaciones-carne.html\" target=\"_blank\" rel=\"noopener\">\u00a0el presidente Alberto Fern\u00e1ndez dijo que el cierre temporario de exportaciones de carnes ser\u00e1 levantado en cuanto est\u00e9 \u00abresuelto el tema\u00bb<\/a><\/strong>de los precios en el mercado local, porque -insisti\u00f3- \u00abno puede faltar comida en la mesa de los argentinos\u00bb.<\/p>\n<p>\u00abVamos a levantar el cierre cuando tengamos resuelto este tema\u00bb, dijo el Presidente en una entrevista por Youtube, porque \u00abentre los exportadores y la gente, elijo la gente\u00bb.<\/p>\n<p><strong>M\u00e1s temprano, el jefe de Gabinete, Santiago Cafiero, hab\u00eda indicado que desde el Gobierno le pidieron al sector exportador de la carne que busque un \u00abprecio adecuado\u00bb y se\u00f1al\u00f3 que est\u00e1n esperando una \u00abpropuesta\u00bb del sector.<\/strong><\/p>\n<p>\u00abLa negociaci\u00f3n por el precio de la carne es sencilla. Ya hace tiempo ven\u00edamos generando di\u00e1logo con el sector exportador para buscar un precio adecuado que se estacione en las posibilidades de los ingresos que tienen las familias argentinas\u00bb, sostuvo Cafiero en declaraciones a Radio 10.<\/p><\/div>\n<\/div>\n<\/div>\n<\/div>\n<\/div>\n","protected":false},"excerpt":{"rendered":"<p>Desde el Gobierno remarcaron que \u00abla negociaci\u00f3n por el precio de la carne es sencilla\u00bb, sin embargo, el sector c\u00e1rnico evalu\u00f3 continuar con el paro si no se levanta la medida.<\/p>\n","protected":false},"author":3,"featured_media":0,"comment_status":"closed","ping_status":"closed","sticky":false,"template":"","format":"standard","meta":{"footnotes":""},"categories":[36,24],"tags":[],"class_list":["post-57608","post","type-post","status-publish","format-standard","hentry","category-economia","category-politica"],"yoast_head":"<!-- This site is optimized with the Yoast SEO plugin v25.9 - https:\/\/yoast.com\/wordpress\/plugins\/seo\/ -->\n<title>La Mesa de Enlace se re\u00fane para decidir si contin\u00faa con el cese de comercializaci\u00f3n de hacienda - Noticias Radio Reflejos<\/title>\n<meta name=\"robots\" content=\"index, follow, max-snippet:-1, max-image-preview:large, max-video-preview:-1\" \/>\n<link rel=\"canonical\" href=\"https:\/\/www.noticiasradioreflejos.com.ar\/2021\/la-mesa-de-enlace-se-reune-para-decidir-si-continua-con-el-cese-de-comercializacion-de-hacienda\/\" \/>\n<meta property=\"og:locale\" content=\"es_ES\" \/>\n<meta property=\"og:type\" content=\"article\" \/>\n<meta property=\"og:title\" content=\"La Mesa de Enlace se re\u00fane para decidir si contin\u00faa con el cese de comercializaci\u00f3n de hacienda - Noticias Radio Reflejos\" \/>\n<meta property=\"og:description\" content=\"Desde el Gobierno remarcaron que \u00abla negociaci\u00f3n por el precio de la carne es sencilla\u00bb, sin embargo, el sector c\u00e1rnico evalu\u00f3 continuar con el paro si no se levanta la medida.\" \/>\n<meta property=\"og:url\" content=\"https:\/\/www.noticiasradioreflejos.com.ar\/2021\/la-mesa-de-enlace-se-reune-para-decidir-si-continua-con-el-cese-de-comercializacion-de-hacienda\/\" \/>\n<meta property=\"og:site_name\" content=\"Noticias Radio Reflejos\" \/>\n<meta property=\"article:published_time\" content=\"2021-05-28T11:31:35+00:00\" \/>\n<meta property=\"og:image\" content=\"https:\/\/www.telam.com.ar\/advf\/imagenes\/2021\/05\/6092b2db78da8_1004x565.jpg\" \/>\n<meta name=\"author\" content=\"Arnaldo Botto\" \/>\n<meta name=\"twitter:card\" content=\"summary_large_image\" \/>\n<script type=\"application\/ld+json\" class=\"yoast-schema-graph\">{\"@context\":\"https:\/\/schema.org\",\"@graph\":[{\"@type\":\"WebPage\",\"@id\":\"https:\/\/www.noticiasradioreflejos.com.ar\/2021\/la-mesa-de-enlace-se-reune-para-decidir-si-continua-con-el-cese-de-comercializacion-de-hacienda\/\",\"url\":\"https:\/\/www.noticiasradioreflejos.com.ar\/2021\/la-mesa-de-enlace-se-reune-para-decidir-si-continua-con-el-cese-de-comercializacion-de-hacienda\/\",\"name\":\"La Mesa de Enlace se re\u00fane para decidir si contin\u00faa con el cese de comercializaci\u00f3n de hacienda - Noticias Radio Reflejos\",\"isPartOf\":{\"@id\":\"https:\/\/www.noticiasradioreflejos.com.ar\/2021\/#website\"},\"primaryImageOfPage\":{\"@id\":\"https:\/\/www.noticiasradioreflejos.com.ar\/2021\/la-mesa-de-enlace-se-reune-para-decidir-si-continua-con-el-cese-de-comercializacion-de-hacienda\/#primaryimage\"},\"image\":{\"@id\":\"https:\/\/www.noticiasradioreflejos.com.ar\/2021\/la-mesa-de-enlace-se-reune-para-decidir-si-continua-con-el-cese-de-comercializacion-de-hacienda\/#primaryimage\"},\"thumbnailUrl\":\"https:\/\/www.telam.com.ar\/advf\/imagenes\/2021\/05\/6092b2db78da8_1004x565.jpg\",\"datePublished\":\"2021-05-28T11:31:35+00:00\",\"author\":{\"@id\":\"https:\/\/www.noticiasradioreflejos.com.ar\/2021\/#\/schema\/person\/ad82545263dcc5ec0996818884fd5fb1\"},\"breadcrumb\":{\"@id\":\"https:\/\/www.noticiasradioreflejos.com.ar\/2021\/la-mesa-de-enlace-se-reune-para-decidir-si-continua-con-el-cese-de-comercializacion-de-hacienda\/#breadcrumb\"},\"inLanguage\":\"es\",\"potentialAction\":[{\"@type\":\"ReadAction\",\"target\":[\"https:\/\/www.noticiasradioreflejos.com.ar\/2021\/la-mesa-de-enlace-se-reune-para-decidir-si-continua-con-el-cese-de-comercializacion-de-hacienda\/\"]}]},{\"@type\":\"ImageObject\",\"inLanguage\":\"es\",\"@id\":\"https:\/\/www.noticiasradioreflejos.com.ar\/2021\/la-mesa-de-enlace-se-reune-para-decidir-si-continua-con-el-cese-de-comercializacion-de-hacienda\/#primaryimage\",\"url\":\"https:\/\/www.telam.com.ar\/advf\/imagenes\/2021\/05\/6092b2db78da8_1004x565.jpg\",\"contentUrl\":\"https:\/\/www.telam.com.ar\/advf\/imagenes\/2021\/05\/6092b2db78da8_1004x565.jpg\"},{\"@type\":\"BreadcrumbList\",\"@id\":\"https:\/\/www.noticiasradioreflejos.com.ar\/2021\/la-mesa-de-enlace-se-reune-para-decidir-si-continua-con-el-cese-de-comercializacion-de-hacienda\/#breadcrumb\",\"itemListElement\":[{\"@type\":\"ListItem\",\"position\":1,\"name\":\"Portada\",\"item\":\"https:\/\/www.noticiasradioreflejos.com.ar\/2021\/\"},{\"@type\":\"ListItem\",\"position\":2,\"name\":\"La Mesa de Enlace se re\u00fane para decidir si contin\u00faa con el cese de comercializaci\u00f3n de hacienda\"}]},{\"@type\":\"WebSite\",\"@id\":\"https:\/\/www.noticiasradioreflejos.com.ar\/2021\/#website\",\"url\":\"https:\/\/www.noticiasradioreflejos.com.ar\/2021\/\",\"name\":\"Noticias Radio Reflejos\",\"description\":\"Las noticias de mi comarca\",\"potentialAction\":[{\"@type\":\"SearchAction\",\"target\":{\"@type\":\"EntryPoint\",\"urlTemplate\":\"https:\/\/www.noticiasradioreflejos.com.ar\/2021\/?s={search_term_string}\"},\"query-input\":{\"@type\":\"PropertyValueSpecification\",\"valueRequired\":true,\"valueName\":\"search_term_string\"}}],\"inLanguage\":\"es\"},{\"@type\":\"Person\",\"@id\":\"https:\/\/www.noticiasradioreflejos.com.ar\/2021\/#\/schema\/person\/ad82545263dcc5ec0996818884fd5fb1\",\"name\":\"Arnaldo Botto\",\"image\":{\"@type\":\"ImageObject\",\"inLanguage\":\"es\",\"@id\":\"https:\/\/www.noticiasradioreflejos.com.ar\/2021\/#\/schema\/person\/image\/\",\"url\":\"https:\/\/secure.gravatar.com\/avatar\/55cb5e37c1efa326397366e6974cb338056df65cb50e7d64d1cf314e87504837?s=96&d=mm&r=g\",\"contentUrl\":\"https:\/\/secure.gravatar.com\/avatar\/55cb5e37c1efa326397366e6974cb338056df65cb50e7d64d1cf314e87504837?s=96&d=mm&r=g\",\"caption\":\"Arnaldo Botto\"},\"url\":\"https:\/\/www.noticiasradioreflejos.com.ar\/2021\/author\/arnaldo\/\"}]}<\/script>\n<!-- \/ Yoast SEO plugin. -->","yoast_head_json":{"title":"La Mesa de Enlace se re\u00fane para decidir si contin\u00faa con el cese de comercializaci\u00f3n de hacienda - Noticias Radio Reflejos","robots":{"index":"index","follow":"follow","max-snippet":"max-snippet:-1","max-image-preview":"max-image-preview:large","max-video-preview":"max-video-preview:-1"},"canonical":"https:\/\/www.noticiasradioreflejos.com.ar\/2021\/la-mesa-de-enlace-se-reune-para-decidir-si-continua-con-el-cese-de-comercializacion-de-hacienda\/","og_locale":"es_ES","og_type":"article","og_title":"La Mesa de Enlace se re\u00fane para decidir si contin\u00faa con el cese de comercializaci\u00f3n de hacienda - Noticias Radio Reflejos","og_description":"Desde el Gobierno remarcaron que \u00abla negociaci\u00f3n por el precio de la carne es sencilla\u00bb, sin embargo, el sector c\u00e1rnico evalu\u00f3 continuar con el paro si no se levanta la medida.","og_url":"https:\/\/www.noticiasradioreflejos.com.ar\/2021\/la-mesa-de-enlace-se-reune-para-decidir-si-continua-con-el-cese-de-comercializacion-de-hacienda\/","og_site_name":"Noticias Radio Reflejos","article_published_time":"2021-05-28T11:31:35+00:00","og_image":[{"url":"https:\/\/www.telam.com.ar\/advf\/imagenes\/2021\/05\/6092b2db78da8_1004x565.jpg","type":"","width":"","height":""}],"author":"Arnaldo Botto","twitter_card":"summary_large_image","schema":{"@context":"https:\/\/schema.org","@graph":[{"@type":"WebPage","@id":"https:\/\/www.noticiasradioreflejos.com.ar\/2021\/la-mesa-de-enlace-se-reune-para-decidir-si-continua-con-el-cese-de-comercializacion-de-hacienda\/","url":"https:\/\/www.noticiasradioreflejos.com.ar\/2021\/la-mesa-de-enlace-se-reune-para-decidir-si-continua-con-el-cese-de-comercializacion-de-hacienda\/","name":"La Mesa de Enlace se re\u00fane para decidir si contin\u00faa con el cese de comercializaci\u00f3n de hacienda - Noticias Radio Reflejos","isPartOf":{"@id":"https:\/\/www.noticiasradioreflejos.com.ar\/2021\/#website"},"primaryImageOfPage":{"@id":"https:\/\/www.noticiasradioreflejos.com.ar\/2021\/la-mesa-de-enlace-se-reune-para-decidir-si-continua-con-el-cese-de-comercializacion-de-hacienda\/#primaryimage"},"image":{"@id":"https:\/\/www.noticiasradioreflejos.com.ar\/2021\/la-mesa-de-enlace-se-reune-para-decidir-si-continua-con-el-cese-de-comercializacion-de-hacienda\/#primaryimage"},"thumbnailUrl":"https:\/\/www.telam.com.ar\/advf\/imagenes\/2021\/05\/6092b2db78da8_1004x565.jpg","datePublished":"2021-05-28T11:31:35+00:00","author":{"@id":"https:\/\/www.noticiasradioreflejos.com.ar\/2021\/#\/schema\/person\/ad82545263dcc5ec0996818884fd5fb1"},"breadcrumb":{"@id":"https:\/\/www.noticiasradioreflejos.com.ar\/2021\/la-mesa-de-enlace-se-reune-para-decidir-si-continua-con-el-cese-de-comercializacion-de-hacienda\/#breadcrumb"},"inLanguage":"es","potentialAction":[{"@type":"ReadAction","target":["https:\/\/www.noticiasradioreflejos.com.ar\/2021\/la-mesa-de-enlace-se-reune-para-decidir-si-continua-con-el-cese-de-comercializacion-de-hacienda\/"]}]},{"@type":"ImageObject","inLanguage":"es","@id":"https:\/\/www.noticiasradioreflejos.com.ar\/2021\/la-mesa-de-enlace-se-reune-para-decidir-si-continua-con-el-cese-de-comercializacion-de-hacienda\/#primaryimage","url":"https:\/\/www.telam.com.ar\/advf\/imagenes\/2021\/05\/6092b2db78da8_1004x565.jpg","contentUrl":"https:\/\/www.telam.com.ar\/advf\/imagenes\/2021\/05\/6092b2db78da8_1004x565.jpg"},{"@type":"BreadcrumbList","@id":"https:\/\/www.noticiasradioreflejos.com.ar\/2021\/la-mesa-de-enlace-se-reune-para-decidir-si-continua-con-el-cese-de-comercializacion-de-hacienda\/#breadcrumb","itemListElement":[{"@type":"ListItem","position":1,"name":"Portada","item":"https:\/\/www.noticiasradioreflejos.com.ar\/2021\/"},{"@type":"ListItem","position":2,"name":"La Mesa de Enlace se re\u00fane para decidir si contin\u00faa con el cese de comercializaci\u00f3n de hacienda"}]},{"@type":"WebSite","@id":"https:\/\/www.noticiasradioreflejos.com.ar\/2021\/#website","url":"https:\/\/www.noticiasradioreflejos.com.ar\/2021\/","name":"Noticias Radio Reflejos","description":"Las noticias de mi comarca","potentialAction":[{"@type":"SearchAction","target":{"@type":"EntryPoint","urlTemplate":"https:\/\/www.noticiasradioreflejos.com.ar\/2021\/?s={search_term_string}"},"query-input":{"@type":"PropertyValueSpecification","valueRequired":true,"valueName":"search_term_string"}}],"inLanguage":"es"},{"@type":"Person","@id":"https:\/\/www.noticiasradioreflejos.com.ar\/2021\/#\/schema\/person\/ad82545263dcc5ec0996818884fd5fb1","name":"Arnaldo Botto","image":{"@type":"ImageObject","inLanguage":"es","@id":"https:\/\/www.noticiasradioreflejos.com.ar\/2021\/#\/schema\/person\/image\/","url":"https:\/\/secure.gravatar.com\/avatar\/55cb5e37c1efa326397366e6974cb338056df65cb50e7d64d1cf314e87504837?s=96&d=mm&r=g","contentUrl":"https:\/\/secure.gravatar.com\/avatar\/55cb5e37c1efa326397366e6974cb338056df65cb50e7d64d1cf314e87504837?s=96&d=mm&r=g","caption":"Arnaldo Botto"},"url":"https:\/\/www.noticiasradioreflejos.com.ar\/2021\/author\/arnaldo\/"}]}},"_links":{"self":[{"href":"https:\/\/www.noticiasradioreflejos.com.ar\/2021\/wp-json\/wp\/v2\/posts\/57608","targetHints":{"allow":["GET"]}}],"collection":[{"href":"https:\/\/www.noticiasradioreflejos.com.ar\/2021\/wp-json\/wp\/v2\/posts"}],"about":[{"href":"https:\/\/www.noticiasradioreflejos.com.ar\/2021\/wp-json\/wp\/v2\/types\/post"}],"author":[{"embeddable":true,"href":"https:\/\/www.noticiasradioreflejos.com.ar\/2021\/wp-json\/wp\/v2\/users\/3"}],"replies":[{"embeddable":true,"href":"https:\/\/www.noticiasradioreflejos.com.ar\/2021\/wp-json\/wp\/v2\/comments?post=57608"}],"version-history":[{"count":1,"href":"https:\/\/www.noticiasradioreflejos.com.ar\/2021\/wp-json\/wp\/v2\/posts\/57608\/revisions"}],"predecessor-version":[{"id":57609,"href":"https:\/\/www.noticiasradioreflejos.com.ar\/2021\/wp-json\/wp\/v2\/posts\/57608\/revisions\/57609"}],"wp:attachment":[{"href":"https:\/\/www.noticiasradioreflejos.com.ar\/2021\/wp-json\/wp\/v2\/media?parent=57608"}],"wp:term":[{"taxonomy":"category","embeddable":true,"href":"https:\/\/www.noticiasradioreflejos.com.ar\/2021\/wp-json\/wp\/v2\/categories?post=57608"},{"taxonomy":"post_tag","embeddable":true,"href":"https:\/\/www.noticiasradioreflejos.com.ar\/2021\/wp-json\/wp\/v2\/tags?post=57608"}],"curies":[{"name":"wp","href":"https:\/\/api.w.org\/{rel}","templated":true}]}}