{"id":57605,"date":"2021-05-28T11:27:22","date_gmt":"2021-05-28T11:27:22","guid":{"rendered":"http:\/\/www.noticiasradioreflejos.com.ar\/2021\/?p=57605"},"modified":"2021-05-28T11:27:22","modified_gmt":"2021-05-28T11:27:22","slug":"presentan-el-protocolo-para-la-interrupcion-voluntaria-del-embarazo","status":"publish","type":"post","link":"https:\/\/www.noticiasradioreflejos.com.ar\/2021\/presentan-el-protocolo-para-la-interrupcion-voluntaria-del-embarazo\/","title":{"rendered":"Presentan el protocolo para la interrupci\u00f3n voluntaria del embarazo"},"content":{"rendered":"<div class=\"head-content\">\n<p>El Ministerio de Salud presentar\u00e1 este viernes el protocolo para la Atenci\u00f3n Integral de las personas con derecho a la Interrupci\u00f3n Voluntaria y Legal del Embarazo adecuada a la nueva normativa aprobada en diciembre \u00faltimo en el pa\u00eds.<\/p>\n<\/div>\n<p><!--more--><\/p>\n<div class=\"main-content-block\">\n<div class=\"main-box clearfix\">\n<div class=\"wrapper-main-section clearfix\">\n<div class=\"wrapper-editable-content\">\n<div class=\"editable-content clearfix\">\n<div id=\"image\" class=\"image\"><img decoding=\"async\" title=\"\" src=\"https:\/\/www.telam.com.ar\/advf\/imagenes\/2021\/01\/6000d30a93578_1004x565.jpg\" alt=\"\" \/><\/div>\n<p>El Ministerio de Salud presentar\u00e1 este viernes el protocolo para la Atenci\u00f3n Integral de las personas con derecho a la Interrupci\u00f3n Voluntaria y Legal del Embarazo adecuada a la nueva normativa aprobada en diciembre \u00faltimo en el pa\u00eds.<\/p>\n<p>Ser\u00e1 durante un acto online del que se espera participen funcionarias nacionales, y\u00a0<strong>los detalles del protocolo los brindar\u00e1 la directora nacional de Salud Sexual y Reproductiva, Valeria Isla<\/strong><\/p>\n<p>Tambi\u00e9n participar\u00e1n del encuentro la ministra de Salud de Entre R\u00edos, Sonia Vel\u00e1zquez, la ministra de las Mujeres, Pol\u00edticas de G\u00e9nero y Diversidad Sexual de la provincia de Buenos Aires, Estela D\u00edaz, y Marta Alan\u00eds de Cat\u00f3licas por el Derecho a Decidir.<\/p>\n<p><strong>La presentaci\u00f3n del protocolo coincide con el D\u00eda de Acci\u00f3n por la Salud de las Mujeres.<\/strong><\/p>\n<p>La Ley de Interrupci\u00f3n Voluntaria del Embarazo (IVE) fue sancionada por el Congreso el 30 de diciembre de 2020 y promulgada el 14 de enero de 2021.<\/p>\n<p>La norma establece el derecho al aborto en todos los casos hasta la semana catorce inclusive.<\/p>\n<p>La presentaci\u00f3n ser\u00e1 a las 9 de este viernes a trav\u00e9s del canal de\u00a0<a href=\"https:\/\/www.youtube.com\/user\/MsalNacion\" target=\"_blank\" rel=\"noopener\">YouTube del Ministerio de Salud.<\/a><\/p>\n<div class=\"btn_externos\"><\/div>\n<\/div>\n<\/div>\n<\/div>\n<\/div>\n<\/div>\n","protected":false},"excerpt":{"rendered":"<p>El Ministerio de Salud presentar\u00e1 este viernes el protocolo para la Atenci\u00f3n Integral de las personas con derecho a la Interrupci\u00f3n Voluntaria y Legal del Embarazo adecuada a la nueva normativa aprobada en diciembre \u00faltimo en el pa\u00eds.<\/p>\n","protected":false},"author":3,"featured_media":0,"comment_status":"closed","ping_status":"closed","sticky":false,"template":"","format":"standard","meta":{"footnotes":""},"categories":[24,30],"tags":[],"class_list":["post-57605","post","type-post","status-publish","format-standard","hentry","category-politica","category-salud"],"yoast_head":"<!-- This site is optimized with the Yoast SEO plugin v25.9 - https:\/\/yoast.com\/wordpress\/plugins\/seo\/ -->\n<title>Presentan el protocolo para la interrupci\u00f3n voluntaria del embarazo - Noticias Radio Reflejos<\/title>\n<meta name=\"robots\" content=\"index, follow, max-snippet:-1, max-image-preview:large, max-video-preview:-1\" \/>\n<link rel=\"canonical\" href=\"https:\/\/www.noticiasradioreflejos.com.ar\/2021\/presentan-el-protocolo-para-la-interrupcion-voluntaria-del-embarazo\/\" \/>\n<meta property=\"og:locale\" content=\"es_ES\" \/>\n<meta property=\"og:type\" content=\"article\" \/>\n<meta property=\"og:title\" content=\"Presentan el protocolo para la interrupci\u00f3n voluntaria del embarazo - Noticias Radio Reflejos\" \/>\n<meta property=\"og:description\" content=\"El Ministerio de Salud presentar\u00e1 este viernes el protocolo para la Atenci\u00f3n Integral de las personas con derecho a la Interrupci\u00f3n Voluntaria y Legal del Embarazo adecuada a la nueva normativa aprobada en diciembre \u00faltimo en el pa\u00eds.\" \/>\n<meta property=\"og:url\" content=\"https:\/\/www.noticiasradioreflejos.com.ar\/2021\/presentan-el-protocolo-para-la-interrupcion-voluntaria-del-embarazo\/\" \/>\n<meta property=\"og:site_name\" content=\"Noticias Radio Reflejos\" \/>\n<meta property=\"article:published_time\" content=\"2021-05-28T11:27:22+00:00\" \/>\n<meta property=\"og:image\" content=\"https:\/\/www.telam.com.ar\/advf\/imagenes\/2021\/01\/6000d30a93578_1004x565.jpg\" \/>\n<meta name=\"author\" content=\"Arnaldo Botto\" \/>\n<meta name=\"twitter:card\" content=\"summary_large_image\" \/>\n<script type=\"application\/ld+json\" class=\"yoast-schema-graph\">{\"@context\":\"https:\/\/schema.org\",\"@graph\":[{\"@type\":\"WebPage\",\"@id\":\"https:\/\/www.noticiasradioreflejos.com.ar\/2021\/presentan-el-protocolo-para-la-interrupcion-voluntaria-del-embarazo\/\",\"url\":\"https:\/\/www.noticiasradioreflejos.com.ar\/2021\/presentan-el-protocolo-para-la-interrupcion-voluntaria-del-embarazo\/\",\"name\":\"Presentan el protocolo para la interrupci\u00f3n voluntaria del embarazo - Noticias Radio Reflejos\",\"isPartOf\":{\"@id\":\"https:\/\/www.noticiasradioreflejos.com.ar\/2021\/#website\"},\"primaryImageOfPage\":{\"@id\":\"https:\/\/www.noticiasradioreflejos.com.ar\/2021\/presentan-el-protocolo-para-la-interrupcion-voluntaria-del-embarazo\/#primaryimage\"},\"image\":{\"@id\":\"https:\/\/www.noticiasradioreflejos.com.ar\/2021\/presentan-el-protocolo-para-la-interrupcion-voluntaria-del-embarazo\/#primaryimage\"},\"thumbnailUrl\":\"https:\/\/www.telam.com.ar\/advf\/imagenes\/2021\/01\/6000d30a93578_1004x565.jpg\",\"datePublished\":\"2021-05-28T11:27:22+00:00\",\"author\":{\"@id\":\"https:\/\/www.noticiasradioreflejos.com.ar\/2021\/#\/schema\/person\/ad82545263dcc5ec0996818884fd5fb1\"},\"breadcrumb\":{\"@id\":\"https:\/\/www.noticiasradioreflejos.com.ar\/2021\/presentan-el-protocolo-para-la-interrupcion-voluntaria-del-embarazo\/#breadcrumb\"},\"inLanguage\":\"es\",\"potentialAction\":[{\"@type\":\"ReadAction\",\"target\":[\"https:\/\/www.noticiasradioreflejos.com.ar\/2021\/presentan-el-protocolo-para-la-interrupcion-voluntaria-del-embarazo\/\"]}]},{\"@type\":\"ImageObject\",\"inLanguage\":\"es\",\"@id\":\"https:\/\/www.noticiasradioreflejos.com.ar\/2021\/presentan-el-protocolo-para-la-interrupcion-voluntaria-del-embarazo\/#primaryimage\",\"url\":\"https:\/\/www.telam.com.ar\/advf\/imagenes\/2021\/01\/6000d30a93578_1004x565.jpg\",\"contentUrl\":\"https:\/\/www.telam.com.ar\/advf\/imagenes\/2021\/01\/6000d30a93578_1004x565.jpg\"},{\"@type\":\"BreadcrumbList\",\"@id\":\"https:\/\/www.noticiasradioreflejos.com.ar\/2021\/presentan-el-protocolo-para-la-interrupcion-voluntaria-del-embarazo\/#breadcrumb\",\"itemListElement\":[{\"@type\":\"ListItem\",\"position\":1,\"name\":\"Portada\",\"item\":\"https:\/\/www.noticiasradioreflejos.com.ar\/2021\/\"},{\"@type\":\"ListItem\",\"position\":2,\"name\":\"Presentan el protocolo para la interrupci\u00f3n voluntaria del embarazo\"}]},{\"@type\":\"WebSite\",\"@id\":\"https:\/\/www.noticiasradioreflejos.com.ar\/2021\/#website\",\"url\":\"https:\/\/www.noticiasradioreflejos.com.ar\/2021\/\",\"name\":\"Noticias Radio Reflejos\",\"description\":\"Las noticias de mi comarca\",\"potentialAction\":[{\"@type\":\"SearchAction\",\"target\":{\"@type\":\"EntryPoint\",\"urlTemplate\":\"https:\/\/www.noticiasradioreflejos.com.ar\/2021\/?s={search_term_string}\"},\"query-input\":{\"@type\":\"PropertyValueSpecification\",\"valueRequired\":true,\"valueName\":\"search_term_string\"}}],\"inLanguage\":\"es\"},{\"@type\":\"Person\",\"@id\":\"https:\/\/www.noticiasradioreflejos.com.ar\/2021\/#\/schema\/person\/ad82545263dcc5ec0996818884fd5fb1\",\"name\":\"Arnaldo Botto\",\"image\":{\"@type\":\"ImageObject\",\"inLanguage\":\"es\",\"@id\":\"https:\/\/www.noticiasradioreflejos.com.ar\/2021\/#\/schema\/person\/image\/\",\"url\":\"https:\/\/secure.gravatar.com\/avatar\/55cb5e37c1efa326397366e6974cb338056df65cb50e7d64d1cf314e87504837?s=96&d=mm&r=g\",\"contentUrl\":\"https:\/\/secure.gravatar.com\/avatar\/55cb5e37c1efa326397366e6974cb338056df65cb50e7d64d1cf314e87504837?s=96&d=mm&r=g\",\"caption\":\"Arnaldo Botto\"},\"url\":\"https:\/\/www.noticiasradioreflejos.com.ar\/2021\/author\/arnaldo\/\"}]}<\/script>\n<!-- \/ Yoast SEO plugin. -->","yoast_head_json":{"title":"Presentan el protocolo para la interrupci\u00f3n voluntaria del embarazo - Noticias Radio Reflejos","robots":{"index":"index","follow":"follow","max-snippet":"max-snippet:-1","max-image-preview":"max-image-preview:large","max-video-preview":"max-video-preview:-1"},"canonical":"https:\/\/www.noticiasradioreflejos.com.ar\/2021\/presentan-el-protocolo-para-la-interrupcion-voluntaria-del-embarazo\/","og_locale":"es_ES","og_type":"article","og_title":"Presentan el protocolo para la interrupci\u00f3n voluntaria del embarazo - Noticias Radio Reflejos","og_description":"El Ministerio de Salud presentar\u00e1 este viernes el protocolo para la Atenci\u00f3n Integral de las personas con derecho a la Interrupci\u00f3n Voluntaria y Legal del Embarazo adecuada a la nueva normativa aprobada en diciembre \u00faltimo en el pa\u00eds.","og_url":"https:\/\/www.noticiasradioreflejos.com.ar\/2021\/presentan-el-protocolo-para-la-interrupcion-voluntaria-del-embarazo\/","og_site_name":"Noticias Radio Reflejos","article_published_time":"2021-05-28T11:27:22+00:00","og_image":[{"url":"https:\/\/www.telam.com.ar\/advf\/imagenes\/2021\/01\/6000d30a93578_1004x565.jpg","type":"","width":"","height":""}],"author":"Arnaldo Botto","twitter_card":"summary_large_image","schema":{"@context":"https:\/\/schema.org","@graph":[{"@type":"WebPage","@id":"https:\/\/www.noticiasradioreflejos.com.ar\/2021\/presentan-el-protocolo-para-la-interrupcion-voluntaria-del-embarazo\/","url":"https:\/\/www.noticiasradioreflejos.com.ar\/2021\/presentan-el-protocolo-para-la-interrupcion-voluntaria-del-embarazo\/","name":"Presentan el protocolo para la interrupci\u00f3n voluntaria del embarazo - Noticias Radio Reflejos","isPartOf":{"@id":"https:\/\/www.noticiasradioreflejos.com.ar\/2021\/#website"},"primaryImageOfPage":{"@id":"https:\/\/www.noticiasradioreflejos.com.ar\/2021\/presentan-el-protocolo-para-la-interrupcion-voluntaria-del-embarazo\/#primaryimage"},"image":{"@id":"https:\/\/www.noticiasradioreflejos.com.ar\/2021\/presentan-el-protocolo-para-la-interrupcion-voluntaria-del-embarazo\/#primaryimage"},"thumbnailUrl":"https:\/\/www.telam.com.ar\/advf\/imagenes\/2021\/01\/6000d30a93578_1004x565.jpg","datePublished":"2021-05-28T11:27:22+00:00","author":{"@id":"https:\/\/www.noticiasradioreflejos.com.ar\/2021\/#\/schema\/person\/ad82545263dcc5ec0996818884fd5fb1"},"breadcrumb":{"@id":"https:\/\/www.noticiasradioreflejos.com.ar\/2021\/presentan-el-protocolo-para-la-interrupcion-voluntaria-del-embarazo\/#breadcrumb"},"inLanguage":"es","potentialAction":[{"@type":"ReadAction","target":["https:\/\/www.noticiasradioreflejos.com.ar\/2021\/presentan-el-protocolo-para-la-interrupcion-voluntaria-del-embarazo\/"]}]},{"@type":"ImageObject","inLanguage":"es","@id":"https:\/\/www.noticiasradioreflejos.com.ar\/2021\/presentan-el-protocolo-para-la-interrupcion-voluntaria-del-embarazo\/#primaryimage","url":"https:\/\/www.telam.com.ar\/advf\/imagenes\/2021\/01\/6000d30a93578_1004x565.jpg","contentUrl":"https:\/\/www.telam.com.ar\/advf\/imagenes\/2021\/01\/6000d30a93578_1004x565.jpg"},{"@type":"BreadcrumbList","@id":"https:\/\/www.noticiasradioreflejos.com.ar\/2021\/presentan-el-protocolo-para-la-interrupcion-voluntaria-del-embarazo\/#breadcrumb","itemListElement":[{"@type":"ListItem","position":1,"name":"Portada","item":"https:\/\/www.noticiasradioreflejos.com.ar\/2021\/"},{"@type":"ListItem","position":2,"name":"Presentan el protocolo para la interrupci\u00f3n voluntaria del embarazo"}]},{"@type":"WebSite","@id":"https:\/\/www.noticiasradioreflejos.com.ar\/2021\/#website","url":"https:\/\/www.noticiasradioreflejos.com.ar\/2021\/","name":"Noticias Radio Reflejos","description":"Las noticias de mi comarca","potentialAction":[{"@type":"SearchAction","target":{"@type":"EntryPoint","urlTemplate":"https:\/\/www.noticiasradioreflejos.com.ar\/2021\/?s={search_term_string}"},"query-input":{"@type":"PropertyValueSpecification","valueRequired":true,"valueName":"search_term_string"}}],"inLanguage":"es"},{"@type":"Person","@id":"https:\/\/www.noticiasradioreflejos.com.ar\/2021\/#\/schema\/person\/ad82545263dcc5ec0996818884fd5fb1","name":"Arnaldo Botto","image":{"@type":"ImageObject","inLanguage":"es","@id":"https:\/\/www.noticiasradioreflejos.com.ar\/2021\/#\/schema\/person\/image\/","url":"https:\/\/secure.gravatar.com\/avatar\/55cb5e37c1efa326397366e6974cb338056df65cb50e7d64d1cf314e87504837?s=96&d=mm&r=g","contentUrl":"https:\/\/secure.gravatar.com\/avatar\/55cb5e37c1efa326397366e6974cb338056df65cb50e7d64d1cf314e87504837?s=96&d=mm&r=g","caption":"Arnaldo Botto"},"url":"https:\/\/www.noticiasradioreflejos.com.ar\/2021\/author\/arnaldo\/"}]}},"_links":{"self":[{"href":"https:\/\/www.noticiasradioreflejos.com.ar\/2021\/wp-json\/wp\/v2\/posts\/57605","targetHints":{"allow":["GET"]}}],"collection":[{"href":"https:\/\/www.noticiasradioreflejos.com.ar\/2021\/wp-json\/wp\/v2\/posts"}],"about":[{"href":"https:\/\/www.noticiasradioreflejos.com.ar\/2021\/wp-json\/wp\/v2\/types\/post"}],"author":[{"embeddable":true,"href":"https:\/\/www.noticiasradioreflejos.com.ar\/2021\/wp-json\/wp\/v2\/users\/3"}],"replies":[{"embeddable":true,"href":"https:\/\/www.noticiasradioreflejos.com.ar\/2021\/wp-json\/wp\/v2\/comments?post=57605"}],"version-history":[{"count":1,"href":"https:\/\/www.noticiasradioreflejos.com.ar\/2021\/wp-json\/wp\/v2\/posts\/57605\/revisions"}],"predecessor-version":[{"id":57607,"href":"https:\/\/www.noticiasradioreflejos.com.ar\/2021\/wp-json\/wp\/v2\/posts\/57605\/revisions\/57607"}],"wp:attachment":[{"href":"https:\/\/www.noticiasradioreflejos.com.ar\/2021\/wp-json\/wp\/v2\/media?parent=57605"}],"wp:term":[{"taxonomy":"category","embeddable":true,"href":"https:\/\/www.noticiasradioreflejos.com.ar\/2021\/wp-json\/wp\/v2\/categories?post=57605"},{"taxonomy":"post_tag","embeddable":true,"href":"https:\/\/www.noticiasradioreflejos.com.ar\/2021\/wp-json\/wp\/v2\/tags?post=57605"}],"curies":[{"name":"wp","href":"https:\/\/api.w.org\/{rel}","templated":true}]}}