{"id":57603,"date":"2021-05-28T11:20:59","date_gmt":"2021-05-28T11:20:59","guid":{"rendered":"http:\/\/www.noticiasradioreflejos.com.ar\/2021\/?p=57603"},"modified":"2021-05-28T11:20:59","modified_gmt":"2021-05-28T11:20:59","slug":"el-lunes-llegaran-mas-de-dos-millones-de-vacunas-de-astrazeneca","status":"publish","type":"post","link":"https:\/\/www.noticiasradioreflejos.com.ar\/2021\/el-lunes-llegaran-mas-de-dos-millones-de-vacunas-de-astrazeneca\/","title":{"rendered":"El lunes llegar\u00e1n m\u00e1s de dos millones de vacunas de AstraZeneca"},"content":{"rendered":"<div class=\"head-content\">\n<p>La Ministra de Salud confirm\u00f3 la noticia a trav\u00e9s de Twitter desde Cuba, donde mantiene reuniones con las autoridades sanitarias y con el equipo que investig\u00f3 y desarroll\u00f3 las vacunas Abdala y Soberana.<\/p>\n<\/div>\n<p><!--more--><\/p>\n<div class=\"main-content-block\">\n<div class=\"main-box clearfix\">\n<div class=\"wrapper-main-section clearfix\">\n<div class=\"wrapper-editable-content\">\n<div class=\"editable-content clearfix\">\n<div id=\"image\" class=\"image\">\n<div class=\"epigrafe\"><\/div>\n<\/div>\n<p><strong>M\u00e1s de dos millones de dosis de la vacuna AstraZeneca contra el coronavirus llegar\u00e1n el pr\u00f3ximo lunes al pa\u00eds<\/strong>, seg\u00fan i<strong>nform\u00f3 la ministra de Salud, Carla Vizzotti.<\/strong><\/p>\n<p>\u00abSeguimos sumando. Hoy nos confirmaron que este lunes llegan al pa\u00eds otras 2.148.600 dosis del acuerdo bilateral de Argentina con AstraZeneca\u00bb, public\u00f3 este jueves la ministra en su cuenta de Twitter.<\/p>\n<p>Seg\u00fan precis\u00f3, e<strong>l vuelo tiene previsto aterrizar en el aeropuerto de Ezeiza el lunes a las 7:55<\/strong>.<\/p>\n<blockquote class=\"twitter-tweet\" data-width=\"500\" data-dnt=\"true\">\n<p lang=\"es\" dir=\"ltr\">Seguimos sumando.<\/p>\n<p>Hoy nos confirmaron que este lunes llegan al pa\u00eds otras 2.148.600 dosis del acuerdo bilateral de Argentina con AstraZeneca.<\/p>\n<p>El vuelo tiene previsto aterrizar en Ezeiza a las 7.55 am.<\/p>\n<p>Superaremos as\u00ed las <a href=\"https:\/\/twitter.com\/hashtag\/17MillonesdeVacunas?src=hash&amp;ref_src=twsrc%5Etfw\">#17MillonesdeVacunas<\/a>, que son 17 millones de esperanzas <a href=\"https:\/\/t.co\/kiAvy3aqPn\">pic.twitter.com\/kiAvy3aqPn<\/a><\/p>\n<p>&mdash; Carla Vizzotti (@carlavizzotti) <a href=\"https:\/\/twitter.com\/carlavizzotti\/status\/1398087506604736522?ref_src=twsrc%5Etfw\">May 28, 2021<\/a><\/p><\/blockquote>\n<p><script async src=\"https:\/\/platform.twitter.com\/widgets.js\" charset=\"utf-8\"><\/script><\/p>\n<p>De esta manera, Argentina \u00absuperar\u00e1 as\u00ed las 17 millones de vacunas, \u00abque son 17 millones de esperanzas\u00bb, destac\u00f3 Vizzotti en su publicaci\u00f3n.<\/p>\n<p>\u00abEsta semana recibimos 2.785.200 dosis para acelerar el plan estrat\u00e9gico de vacunaci\u00f3n, ya est\u00e1 en marcha su distribuci\u00f3n en las 24 jurisdicciones de la Argentina. Seguimos contando. Y tambi\u00e9n contamos con vos. Sigamos cuid\u00e1ndonos\u00bb, concluy\u00f3 el hilo de Twitter.<\/p>\n<p><strong>Vizzotti y la asesora presidencial Cecilia Nicolini se encuentran en Cuba<\/strong>, para conocer de parte de las autoridades sanitarias e investigadores de ese pa\u00eds los avances del desarrollo de las vacunas Abdala y Soberana.<\/p>\n<blockquote class=\"twitter-tweet\" data-width=\"500\" data-dnt=\"true\">\n<p lang=\"es\" dir=\"ltr\">Ya estamos en La Habana con <a href=\"https:\/\/twitter.com\/cecilianicolini?ref_src=twsrc%5Etfw\">@cecilianicolini<\/a> para conocer de parte de las autoridades sanitarias e investigadorxs de Cuba los avances del desarrollo de las vacunas Abdala y Soberana. <a href=\"https:\/\/t.co\/fxg3hW47VO\">pic.twitter.com\/fxg3hW47VO<\/a><\/p>\n<p>&mdash; Carla Vizzotti (@carlavizzotti) <a href=\"https:\/\/twitter.com\/carlavizzotti\/status\/1398021436455989248?ref_src=twsrc%5Etfw\">May 27, 2021<\/a><\/p><\/blockquote>\n<p><script async src=\"https:\/\/platform.twitter.com\/widgets.js\" charset=\"utf-8\"><\/script><\/p>\n<p><strong>Previamente, las funcionarias estuvieron en M\u00e9xico<\/strong>\u00a0luego de que esta semana\u00a0<a href=\"https:\/\/www.telam.com.ar\/notas\/202105\/555376-alberto-fernandez-lopez-obrador-anuncios-astrazeneca.html\" target=\"_blank\" rel=\"noopener\">los presidentes Alberto Fern\u00e1ndez y Andres L\u00f3pez Obrador anunciaran el inicio de la distribuci\u00f3n de las vacunas de AstraZeneca<\/a>\u00a0producidas en Latinoam\u00e9rica para Latinoam\u00e9rica.<\/p>\n<p>\u00abCon esta acci\u00f3n conjunta estamos favoreciendo el acceso justo y equitativo de nuestros pa\u00edses y de toda la Regi\u00f3n a las vacunas\u00bb, remarc\u00f3 Vizzotti.<\/p>\n<p>\u00abCreemos en la integraci\u00f3n de nuestra Am\u00e9rica y en el valor del intercambio solidario de experiencias y acciones concretas que favorezcan el bienestar de los pueblos. Tenemos una historia en com\u00fan y el trabajo por la Salud de todos y todas tambi\u00e9n nos une\u00bb, a\u00f1adi\u00f3.<\/p>\n<div class=\"btn_externos\"><\/div>\n<\/div>\n<\/div>\n<\/div>\n<\/div>\n<\/div>\n","protected":false},"excerpt":{"rendered":"<p>La Ministra de Salud confirm\u00f3 la noticia a trav\u00e9s de Twitter desde Cuba, donde mantiene reuniones con las autoridades sanitarias y con el equipo que investig\u00f3 y desarroll\u00f3 las vacunas Abdala y Soberana.<\/p>\n","protected":false},"author":3,"featured_media":0,"comment_status":"closed","ping_status":"closed","sticky":false,"template":"","format":"standard","meta":{"footnotes":""},"categories":[24,30],"tags":[],"class_list":["post-57603","post","type-post","status-publish","format-standard","hentry","category-politica","category-salud"],"yoast_head":"<!-- This site is optimized with the Yoast SEO plugin v25.9 - https:\/\/yoast.com\/wordpress\/plugins\/seo\/ -->\n<title>El lunes llegar\u00e1n m\u00e1s de dos millones de vacunas de AstraZeneca - Noticias Radio Reflejos<\/title>\n<meta name=\"robots\" content=\"index, follow, max-snippet:-1, max-image-preview:large, max-video-preview:-1\" \/>\n<link rel=\"canonical\" href=\"https:\/\/www.noticiasradioreflejos.com.ar\/2021\/el-lunes-llegaran-mas-de-dos-millones-de-vacunas-de-astrazeneca\/\" \/>\n<meta property=\"og:locale\" content=\"es_ES\" \/>\n<meta property=\"og:type\" content=\"article\" \/>\n<meta property=\"og:title\" content=\"El lunes llegar\u00e1n m\u00e1s de dos millones de vacunas de AstraZeneca - Noticias Radio Reflejos\" \/>\n<meta property=\"og:description\" content=\"La Ministra de Salud confirm\u00f3 la noticia a trav\u00e9s de Twitter desde Cuba, donde mantiene reuniones con las autoridades sanitarias y con el equipo que investig\u00f3 y desarroll\u00f3 las vacunas Abdala y Soberana.\" \/>\n<meta property=\"og:url\" content=\"https:\/\/www.noticiasradioreflejos.com.ar\/2021\/el-lunes-llegaran-mas-de-dos-millones-de-vacunas-de-astrazeneca\/\" \/>\n<meta property=\"og:site_name\" content=\"Noticias Radio Reflejos\" \/>\n<meta property=\"article:published_time\" content=\"2021-05-28T11:20:59+00:00\" \/>\n<meta property=\"og:image\" content=\"https:\/\/www.noticiasradioreflejos.com.ar\/2021\/wp-content\/uploads\/2021\/07\/logosol300x200.png\" \/>\n\t<meta property=\"og:image:width\" content=\"300\" \/>\n\t<meta property=\"og:image:height\" content=\"200\" \/>\n\t<meta property=\"og:image:type\" content=\"image\/png\" \/>\n<meta name=\"author\" content=\"Arnaldo Botto\" \/>\n<meta name=\"twitter:card\" content=\"summary_large_image\" \/>\n<script type=\"application\/ld+json\" class=\"yoast-schema-graph\">{\"@context\":\"https:\/\/schema.org\",\"@graph\":[{\"@type\":\"WebPage\",\"@id\":\"https:\/\/www.noticiasradioreflejos.com.ar\/2021\/el-lunes-llegaran-mas-de-dos-millones-de-vacunas-de-astrazeneca\/\",\"url\":\"https:\/\/www.noticiasradioreflejos.com.ar\/2021\/el-lunes-llegaran-mas-de-dos-millones-de-vacunas-de-astrazeneca\/\",\"name\":\"El lunes llegar\u00e1n m\u00e1s de dos millones de vacunas de AstraZeneca - Noticias Radio Reflejos\",\"isPartOf\":{\"@id\":\"https:\/\/www.noticiasradioreflejos.com.ar\/2021\/#website\"},\"datePublished\":\"2021-05-28T11:20:59+00:00\",\"author\":{\"@id\":\"https:\/\/www.noticiasradioreflejos.com.ar\/2021\/#\/schema\/person\/ad82545263dcc5ec0996818884fd5fb1\"},\"breadcrumb\":{\"@id\":\"https:\/\/www.noticiasradioreflejos.com.ar\/2021\/el-lunes-llegaran-mas-de-dos-millones-de-vacunas-de-astrazeneca\/#breadcrumb\"},\"inLanguage\":\"es\",\"potentialAction\":[{\"@type\":\"ReadAction\",\"target\":[\"https:\/\/www.noticiasradioreflejos.com.ar\/2021\/el-lunes-llegaran-mas-de-dos-millones-de-vacunas-de-astrazeneca\/\"]}]},{\"@type\":\"BreadcrumbList\",\"@id\":\"https:\/\/www.noticiasradioreflejos.com.ar\/2021\/el-lunes-llegaran-mas-de-dos-millones-de-vacunas-de-astrazeneca\/#breadcrumb\",\"itemListElement\":[{\"@type\":\"ListItem\",\"position\":1,\"name\":\"Portada\",\"item\":\"https:\/\/www.noticiasradioreflejos.com.ar\/2021\/\"},{\"@type\":\"ListItem\",\"position\":2,\"name\":\"El lunes llegar\u00e1n m\u00e1s de dos millones de vacunas de AstraZeneca\"}]},{\"@type\":\"WebSite\",\"@id\":\"https:\/\/www.noticiasradioreflejos.com.ar\/2021\/#website\",\"url\":\"https:\/\/www.noticiasradioreflejos.com.ar\/2021\/\",\"name\":\"Noticias Radio Reflejos\",\"description\":\"Las noticias de mi comarca\",\"potentialAction\":[{\"@type\":\"SearchAction\",\"target\":{\"@type\":\"EntryPoint\",\"urlTemplate\":\"https:\/\/www.noticiasradioreflejos.com.ar\/2021\/?s={search_term_string}\"},\"query-input\":{\"@type\":\"PropertyValueSpecification\",\"valueRequired\":true,\"valueName\":\"search_term_string\"}}],\"inLanguage\":\"es\"},{\"@type\":\"Person\",\"@id\":\"https:\/\/www.noticiasradioreflejos.com.ar\/2021\/#\/schema\/person\/ad82545263dcc5ec0996818884fd5fb1\",\"name\":\"Arnaldo Botto\",\"image\":{\"@type\":\"ImageObject\",\"inLanguage\":\"es\",\"@id\":\"https:\/\/www.noticiasradioreflejos.com.ar\/2021\/#\/schema\/person\/image\/\",\"url\":\"https:\/\/secure.gravatar.com\/avatar\/55cb5e37c1efa326397366e6974cb338056df65cb50e7d64d1cf314e87504837?s=96&d=mm&r=g\",\"contentUrl\":\"https:\/\/secure.gravatar.com\/avatar\/55cb5e37c1efa326397366e6974cb338056df65cb50e7d64d1cf314e87504837?s=96&d=mm&r=g\",\"caption\":\"Arnaldo Botto\"},\"url\":\"https:\/\/www.noticiasradioreflejos.com.ar\/2021\/author\/arnaldo\/\"}]}<\/script>\n<!-- \/ Yoast SEO plugin. -->","yoast_head_json":{"title":"El lunes llegar\u00e1n m\u00e1s de dos millones de vacunas de AstraZeneca - Noticias Radio Reflejos","robots":{"index":"index","follow":"follow","max-snippet":"max-snippet:-1","max-image-preview":"max-image-preview:large","max-video-preview":"max-video-preview:-1"},"canonical":"https:\/\/www.noticiasradioreflejos.com.ar\/2021\/el-lunes-llegaran-mas-de-dos-millones-de-vacunas-de-astrazeneca\/","og_locale":"es_ES","og_type":"article","og_title":"El lunes llegar\u00e1n m\u00e1s de dos millones de vacunas de AstraZeneca - Noticias Radio Reflejos","og_description":"La Ministra de Salud confirm\u00f3 la noticia a trav\u00e9s de Twitter desde Cuba, donde mantiene reuniones con las autoridades sanitarias y con el equipo que investig\u00f3 y desarroll\u00f3 las vacunas Abdala y Soberana.","og_url":"https:\/\/www.noticiasradioreflejos.com.ar\/2021\/el-lunes-llegaran-mas-de-dos-millones-de-vacunas-de-astrazeneca\/","og_site_name":"Noticias Radio Reflejos","article_published_time":"2021-05-28T11:20:59+00:00","og_image":[{"width":300,"height":200,"url":"https:\/\/www.noticiasradioreflejos.com.ar\/2021\/wp-content\/uploads\/2021\/07\/logosol300x200.png","type":"image\/png"}],"author":"Arnaldo Botto","twitter_card":"summary_large_image","schema":{"@context":"https:\/\/schema.org","@graph":[{"@type":"WebPage","@id":"https:\/\/www.noticiasradioreflejos.com.ar\/2021\/el-lunes-llegaran-mas-de-dos-millones-de-vacunas-de-astrazeneca\/","url":"https:\/\/www.noticiasradioreflejos.com.ar\/2021\/el-lunes-llegaran-mas-de-dos-millones-de-vacunas-de-astrazeneca\/","name":"El lunes llegar\u00e1n m\u00e1s de dos millones de vacunas de AstraZeneca - Noticias Radio Reflejos","isPartOf":{"@id":"https:\/\/www.noticiasradioreflejos.com.ar\/2021\/#website"},"datePublished":"2021-05-28T11:20:59+00:00","author":{"@id":"https:\/\/www.noticiasradioreflejos.com.ar\/2021\/#\/schema\/person\/ad82545263dcc5ec0996818884fd5fb1"},"breadcrumb":{"@id":"https:\/\/www.noticiasradioreflejos.com.ar\/2021\/el-lunes-llegaran-mas-de-dos-millones-de-vacunas-de-astrazeneca\/#breadcrumb"},"inLanguage":"es","potentialAction":[{"@type":"ReadAction","target":["https:\/\/www.noticiasradioreflejos.com.ar\/2021\/el-lunes-llegaran-mas-de-dos-millones-de-vacunas-de-astrazeneca\/"]}]},{"@type":"BreadcrumbList","@id":"https:\/\/www.noticiasradioreflejos.com.ar\/2021\/el-lunes-llegaran-mas-de-dos-millones-de-vacunas-de-astrazeneca\/#breadcrumb","itemListElement":[{"@type":"ListItem","position":1,"name":"Portada","item":"https:\/\/www.noticiasradioreflejos.com.ar\/2021\/"},{"@type":"ListItem","position":2,"name":"El lunes llegar\u00e1n m\u00e1s de dos millones de vacunas de AstraZeneca"}]},{"@type":"WebSite","@id":"https:\/\/www.noticiasradioreflejos.com.ar\/2021\/#website","url":"https:\/\/www.noticiasradioreflejos.com.ar\/2021\/","name":"Noticias Radio Reflejos","description":"Las noticias de mi comarca","potentialAction":[{"@type":"SearchAction","target":{"@type":"EntryPoint","urlTemplate":"https:\/\/www.noticiasradioreflejos.com.ar\/2021\/?s={search_term_string}"},"query-input":{"@type":"PropertyValueSpecification","valueRequired":true,"valueName":"search_term_string"}}],"inLanguage":"es"},{"@type":"Person","@id":"https:\/\/www.noticiasradioreflejos.com.ar\/2021\/#\/schema\/person\/ad82545263dcc5ec0996818884fd5fb1","name":"Arnaldo Botto","image":{"@type":"ImageObject","inLanguage":"es","@id":"https:\/\/www.noticiasradioreflejos.com.ar\/2021\/#\/schema\/person\/image\/","url":"https:\/\/secure.gravatar.com\/avatar\/55cb5e37c1efa326397366e6974cb338056df65cb50e7d64d1cf314e87504837?s=96&d=mm&r=g","contentUrl":"https:\/\/secure.gravatar.com\/avatar\/55cb5e37c1efa326397366e6974cb338056df65cb50e7d64d1cf314e87504837?s=96&d=mm&r=g","caption":"Arnaldo Botto"},"url":"https:\/\/www.noticiasradioreflejos.com.ar\/2021\/author\/arnaldo\/"}]}},"_links":{"self":[{"href":"https:\/\/www.noticiasradioreflejos.com.ar\/2021\/wp-json\/wp\/v2\/posts\/57603","targetHints":{"allow":["GET"]}}],"collection":[{"href":"https:\/\/www.noticiasradioreflejos.com.ar\/2021\/wp-json\/wp\/v2\/posts"}],"about":[{"href":"https:\/\/www.noticiasradioreflejos.com.ar\/2021\/wp-json\/wp\/v2\/types\/post"}],"author":[{"embeddable":true,"href":"https:\/\/www.noticiasradioreflejos.com.ar\/2021\/wp-json\/wp\/v2\/users\/3"}],"replies":[{"embeddable":true,"href":"https:\/\/www.noticiasradioreflejos.com.ar\/2021\/wp-json\/wp\/v2\/comments?post=57603"}],"version-history":[{"count":1,"href":"https:\/\/www.noticiasradioreflejos.com.ar\/2021\/wp-json\/wp\/v2\/posts\/57603\/revisions"}],"predecessor-version":[{"id":57604,"href":"https:\/\/www.noticiasradioreflejos.com.ar\/2021\/wp-json\/wp\/v2\/posts\/57603\/revisions\/57604"}],"wp:attachment":[{"href":"https:\/\/www.noticiasradioreflejos.com.ar\/2021\/wp-json\/wp\/v2\/media?parent=57603"}],"wp:term":[{"taxonomy":"category","embeddable":true,"href":"https:\/\/www.noticiasradioreflejos.com.ar\/2021\/wp-json\/wp\/v2\/categories?post=57603"},{"taxonomy":"post_tag","embeddable":true,"href":"https:\/\/www.noticiasradioreflejos.com.ar\/2021\/wp-json\/wp\/v2\/tags?post=57603"}],"curies":[{"name":"wp","href":"https:\/\/api.w.org\/{rel}","templated":true}]}}