{"id":57600,"date":"2021-05-28T11:17:02","date_gmt":"2021-05-28T11:17:02","guid":{"rendered":"http:\/\/www.noticiasradioreflejos.com.ar\/2021\/?p=57600"},"modified":"2021-05-28T11:17:02","modified_gmt":"2021-05-28T11:17:02","slug":"cual-va-a-ser-el-protocolo-para-evitar-contagios-en-las-elecciones","status":"publish","type":"post","link":"https:\/\/www.noticiasradioreflejos.com.ar\/2021\/cual-va-a-ser-el-protocolo-para-evitar-contagios-en-las-elecciones\/","title":{"rendered":"Cu\u00e1l va a ser el protocolo para evitar contagios en las elecciones"},"content":{"rendered":"<div class=\"head-content\">\n<p>Se trata de un proyecto elaborado entre el Gobienro nacional y la C\u00e1mara Nacional Electoral que debe aprobar el Ministerio de Salud. Comprende la ampliaci\u00f3n del n\u00famero de escuelas en las que se vota para evitar aglomeraciones y se priorizar\u00e1n los establecimientos que tengan espacios abiertos y mejor ventilaci\u00f3n.<\/p>\n<div class=\"addthis_custom_sharing\" data-url=\"https:\/\/www.telam.com.ar\/notas\/202105\/555717-protocolo-elecciones.html\" data-title=\"Cu\u00e1l va a ser el protocolo para evitar contagios en las elecciones\" data-description=\"Se trata de un proyecto elaborado entre el Gobienro nacional y la C\u00e1mara Nacional Electoral que debe aprobar el Ministerio de Salud. Comprende la ampliaci\u00f3n del n\u00famero de escuelas en las que se vota para evitar aglomeraciones y se priorizar\u00e1n los establecimientos que tengan espacios abiertos y mejor ventilaci\u00f3n. \">\n<div id=\"atstbx\" class=\"at-resp-share-element at-style-responsive addthis-smartlayers addthis-animated at4-show\" role=\"region\" aria-labelledby=\"at-11373317-df28-429b-9ecc-bf2933259bf5\"><\/div>\n<\/div>\n<\/div>\n<p><!--more--><\/p>\n<div class=\"main-content-block\">\n<div class=\"main-box clearfix\">\n<div class=\"wrapper-main-section clearfix\">\n<div class=\"wrapper-editable-content\">\n<div class=\"editable-content clearfix\">El<strong>\u00a0Gobierno nacional y la C\u00e1mara Nacional Electoral elaboran de manera un conjunta un protocolo sanitario<\/strong>\u00a0contra el coronavirus que\u00a0<strong>regir\u00e1 durante las pr\u00f3ximas elecciones\u00a0<\/strong>y que ser\u00e1 girado al Ministerio de Salud para su aprobaci\u00f3n definitiva, informaron este jueves fuentes oficiales.<\/p>\n<div class=\"auth\">M\u00e1s escuelas y m\u00e1s ventiladas<\/div>\n<p>El protocolo apunta ampliar de 14.429 a unos 19.000 establecimientos habilitados para votar y a limitar el n\u00famero de mesas en cada centro de votaci\u00f3n para evitar las aglomeraciones de p\u00fablico.<\/p>\n<p>\u00abSe mantendr\u00e1 la misma cantidad de mesas y los 350 electores por cada una de ellas, pero con m\u00e1s lugares de votaci\u00f3n, que podr\u00e1n ser escuelas, clubes o municipalidades\u00bb, se\u00f1al\u00f3 a T\u00e9lam un vocero del Ministerio del Interior.<\/p>\n<p>En ese marco,\u00a0<strong>se priorizar\u00e1n los establecimientos que cuenten con espacios abiertos en la planta baja\u00a0<\/strong>y muestren mejores condiciones de ventilaci\u00f3n; a la vez que se limitar\u00e1 el ingreso de acompa\u00f1antes a situaciones indispensables o de fuerza mayor.<\/p>\n<p>Adem\u00e1s,\u00a0<strong>se habilitar\u00e1 la organizaci\u00f3n de una fila fuera del establecimiento para que los electores esperen su turno para ingresar.<\/strong><\/p>\n<div class=\"auth\">Un supervisor para que se cumplan los controles<\/div>\n<p>El Comando Electoral, creado el 30 de abril pasado mediante el Decreto 283\/2021 y encargado de la coordinaci\u00f3n, ejecuci\u00f3n y vigilancia de los comicios previstos para este a\u00f1o, dispondr\u00e1 de un \u00abfacilitador sanitario\u00bb por cada establecimiento, es decir una persona encargada de hacer cumplir los controles por la pandemia del coronavirus.<\/p>\n<div class=\"auth\">Prioridad para los mayores de 60 a\u00f1os<\/div>\n<p><strong>Los mayores de 60 a\u00f1os de edad tendr\u00e1n prioridad de sufragio entre las 8.30 y la 10.30\u00a0<\/strong>y se mantendr\u00e1 el horario de votaci\u00f3n entre las 8 y las 18. En caso de que a la hora del cierre hubiera electores en la fila fuera del establecimiento, el delegado judicial les entregar\u00e1 un n\u00famero para certificar que a esa hora estaban para votar y les permitir\u00e1 el ingreso fuera del horario establecido, a\u00f1adieron los informantes.<\/p>\n<div class=\"auth\">Sin control de temperatura<\/div>\n<p>No se tomar\u00e1 temperatura al votante al ingresar a un establecimiento \u00abporque todos tienen el derecho a voto\u00bb, apunt\u00f3 la fuente, sino que se apelar\u00e1 a la \u00abresponsabilidad ciudadana para no ir a sufragar en caso de que tenga s\u00edntomas y justificar luego con un certificado m\u00e9dico\u00bb.<\/p>\n<div id=\"image\" class=\"image\"><img decoding=\"async\" title=\"Prev\u00e9n entregar 500.000 barbijos para las autoridades de mesa en las PASO y otros tantos en las legislativas. \" src=\"https:\/\/www.telam.com.ar\/advf\/imagenes\/2020\/04\/5e98d04e8692b_1004x565.jpg\" alt=\"Prev\u00e9n entregar 500.000 barbijos para las autoridades de mesa en las PASO y otros tantos en las legislativas. \" \/><\/p>\n<div class=\"epigrafe\">Prev\u00e9n entregar 500.000 barbijos para las autoridades de mesa en las PASO y otros tantos en las legislativas.<\/div>\n<\/div>\n<div class=\"auth\">Kits sanitarios<\/div>\n<p>Adem\u00e1s, se distribuir\u00e1n\u00a0<strong>500 mil barbijos\u00a0<\/strong>para las Primarias Abiertas, Simult\u00e1neas y Obligatorias \u200b(PASO) y otros tantos para la elecci\u00f3n general, destinados a las autoridades de mesa y miembros del Comando Electoral.<\/p>\n<p>En ese sentido, se implementar\u00e1 junto con el Ministerio de Salud un kit sanitario compuesto por cuatro barbijos y una soluci\u00f3n sanitizante que se repartir\u00e1 entre todas las autoridades de mesa.<\/p>\n<p>Tambi\u00e9n se recomendar\u00e1 a los electores llevar su propio bol\u00edgrafo para firmar el padr\u00f3n y, si eso no ocurre, le ser\u00e1 provisto uno sanitizado \u00abque luego de cada uso la autoridad de mesa deber\u00e1 sanitizarlo de nuevo\u00bb, se\u00f1alaron los voceros.<\/p>\n<p>Una vez en la mesa, ni la constancia de emisi\u00f3n del sufragio, ni el DNI ser\u00e1n entregados en mano al elector, sino que<strong>\u00a0la autoridad de mesa la dejar\u00e1 sobre la mesa de donde ser\u00e1 recogida por el elector.<\/strong><\/p>\n<p>Cada Juzgado Federal Electoral fijar\u00e1 los lugares de votaci\u00f3n y elegir\u00e1 a las autoridades de mesa, y eventualmente podr\u00eda solicitar la vacunaci\u00f3n de ellos contra el coronavirus, mientras que los que tuviesen factores de riesgo ante esa enfermedad tendr\u00e1n justificaci\u00f3n para no cumplir ese rol.<\/p>\n<p>En cuanto a la cantidad de personal por mesa las fuentes indicaron que \u00abse elegir\u00e1 un presidente y un vicepresidente\u00bb y \u00abtodos los partidos pol\u00edticos tendr\u00e1n el derecho a fiscalizar\u00bb.<\/p>\n<div class=\"auth\">El recuento<\/div>\n<p>Por otra parte, para el recuento provisorio de estos comicios se hizo una licitaci\u00f3n internacional con apertura a observaciones \u00abpr\u00f3xima a adjudicar, entre esta semana y la que viene\u00bb, se\u00f1al\u00f3 otro vocero de la cartera del Interior, que permitir\u00e1 un ahorro \u00abde entre el 25 y 30 por ciento en d\u00f3lares respecto de 2017\u00bb, a\u00f1adi\u00f3.<\/p>\n<p>Se trata de un servicio de dise\u00f1o, planificaci\u00f3n, desarrollo y operaci\u00f3n del servicio de digitalizaci\u00f3n, procesamiento y publicaci\u00f3n para el recuento provisional de resultados, impulsado desde el Ministerio del Interior, y por primera vez se abri\u00f3 una etapa de consultas al pliego de bases y condiciones particulares, en la cual se recibieron 55 observaciones o sugerencias de los diferentes actores involucrados en el proceso electoral, a\u00f1adi\u00f3 la fuente.<\/p>\n<p><strong>El presupuesto para estas elecciones es de 17.000 millones de pesos, aunque podr\u00eda asignarse otra partida \u00abdebido al impacto log\u00edstico\u00bb de la medidas sanitarias.<\/strong><\/p>\n<p>Si finalmente el Senado aprueba la semana que viene el proyecto de ley -que tiene media sanci\u00f3n de Diputados- para modificar las elecciones de este a\u00f1o y pasar las PASO para el 12 de septiembre y las generales para el 14 de noviembre, el 14 de julio pr\u00f3ximo ser\u00e1 la fecha para la presentaci\u00f3n de las alianzas y el 24 de ese mes las listas.<\/p>\n<p>El Ministerio del Interior, como adelant\u00f3 su titular Eduardo \u00abWado\u00bb de Pedro en el Senado, pidi\u00f3 a las provincias la unificaci\u00f3n del calendario electoral para disminuir la circulaci\u00f3n de personas, \u00abpero eso lo definir\u00e1 cada distrito\u00bb, refirieron las fuentes consultadas.<\/p><\/div>\n<\/div>\n<\/div>\n<\/div>\n<\/div>\n","protected":false},"excerpt":{"rendered":"<p>Se trata de un proyecto elaborado entre el Gobienro nacional y la C\u00e1mara Nacional Electoral que debe aprobar el Ministerio de Salud. Comprende la ampliaci\u00f3n del n\u00famero de escuelas en las que se vota para evitar aglomeraciones y se priorizar\u00e1n los establecimientos que tengan espacios abiertos y mejor ventilaci\u00f3n.<\/p>\n","protected":false},"author":3,"featured_media":0,"comment_status":"closed","ping_status":"closed","sticky":false,"template":"","format":"standard","meta":{"footnotes":""},"categories":[24,26],"tags":[],"class_list":["post-57600","post","type-post","status-publish","format-standard","hentry","category-politica","category-sociedad"],"yoast_head":"<!-- This site is optimized with the Yoast SEO plugin v25.9 - https:\/\/yoast.com\/wordpress\/plugins\/seo\/ -->\n<title>Cu\u00e1l va a ser el protocolo para evitar contagios en las elecciones - Noticias Radio Reflejos<\/title>\n<meta name=\"robots\" content=\"index, follow, max-snippet:-1, max-image-preview:large, max-video-preview:-1\" \/>\n<link rel=\"canonical\" href=\"https:\/\/www.noticiasradioreflejos.com.ar\/2021\/cual-va-a-ser-el-protocolo-para-evitar-contagios-en-las-elecciones\/\" \/>\n<meta property=\"og:locale\" content=\"es_ES\" \/>\n<meta property=\"og:type\" content=\"article\" \/>\n<meta property=\"og:title\" content=\"Cu\u00e1l va a ser el protocolo para evitar contagios en las elecciones - Noticias Radio Reflejos\" \/>\n<meta property=\"og:description\" content=\"Se trata de un proyecto elaborado entre el Gobienro nacional y la C\u00e1mara Nacional Electoral que debe aprobar el Ministerio de Salud. Comprende la ampliaci\u00f3n del n\u00famero de escuelas en las que se vota para evitar aglomeraciones y se priorizar\u00e1n los establecimientos que tengan espacios abiertos y mejor ventilaci\u00f3n.\" \/>\n<meta property=\"og:url\" content=\"https:\/\/www.noticiasradioreflejos.com.ar\/2021\/cual-va-a-ser-el-protocolo-para-evitar-contagios-en-las-elecciones\/\" \/>\n<meta property=\"og:site_name\" content=\"Noticias Radio Reflejos\" \/>\n<meta property=\"article:published_time\" content=\"2021-05-28T11:17:02+00:00\" \/>\n<meta property=\"og:image\" content=\"https:\/\/www.telam.com.ar\/advf\/imagenes\/2020\/04\/5e98d04e8692b_1004x565.jpg\" \/>\n<meta name=\"author\" content=\"Arnaldo Botto\" \/>\n<meta name=\"twitter:card\" content=\"summary_large_image\" \/>\n<script type=\"application\/ld+json\" class=\"yoast-schema-graph\">{\"@context\":\"https:\/\/schema.org\",\"@graph\":[{\"@type\":\"WebPage\",\"@id\":\"https:\/\/www.noticiasradioreflejos.com.ar\/2021\/cual-va-a-ser-el-protocolo-para-evitar-contagios-en-las-elecciones\/\",\"url\":\"https:\/\/www.noticiasradioreflejos.com.ar\/2021\/cual-va-a-ser-el-protocolo-para-evitar-contagios-en-las-elecciones\/\",\"name\":\"Cu\u00e1l va a ser el protocolo para evitar contagios en las elecciones - Noticias Radio Reflejos\",\"isPartOf\":{\"@id\":\"https:\/\/www.noticiasradioreflejos.com.ar\/2021\/#website\"},\"primaryImageOfPage\":{\"@id\":\"https:\/\/www.noticiasradioreflejos.com.ar\/2021\/cual-va-a-ser-el-protocolo-para-evitar-contagios-en-las-elecciones\/#primaryimage\"},\"image\":{\"@id\":\"https:\/\/www.noticiasradioreflejos.com.ar\/2021\/cual-va-a-ser-el-protocolo-para-evitar-contagios-en-las-elecciones\/#primaryimage\"},\"thumbnailUrl\":\"https:\/\/www.telam.com.ar\/advf\/imagenes\/2020\/04\/5e98d04e8692b_1004x565.jpg\",\"datePublished\":\"2021-05-28T11:17:02+00:00\",\"author\":{\"@id\":\"https:\/\/www.noticiasradioreflejos.com.ar\/2021\/#\/schema\/person\/ad82545263dcc5ec0996818884fd5fb1\"},\"breadcrumb\":{\"@id\":\"https:\/\/www.noticiasradioreflejos.com.ar\/2021\/cual-va-a-ser-el-protocolo-para-evitar-contagios-en-las-elecciones\/#breadcrumb\"},\"inLanguage\":\"es\",\"potentialAction\":[{\"@type\":\"ReadAction\",\"target\":[\"https:\/\/www.noticiasradioreflejos.com.ar\/2021\/cual-va-a-ser-el-protocolo-para-evitar-contagios-en-las-elecciones\/\"]}]},{\"@type\":\"ImageObject\",\"inLanguage\":\"es\",\"@id\":\"https:\/\/www.noticiasradioreflejos.com.ar\/2021\/cual-va-a-ser-el-protocolo-para-evitar-contagios-en-las-elecciones\/#primaryimage\",\"url\":\"https:\/\/www.telam.com.ar\/advf\/imagenes\/2020\/04\/5e98d04e8692b_1004x565.jpg\",\"contentUrl\":\"https:\/\/www.telam.com.ar\/advf\/imagenes\/2020\/04\/5e98d04e8692b_1004x565.jpg\"},{\"@type\":\"BreadcrumbList\",\"@id\":\"https:\/\/www.noticiasradioreflejos.com.ar\/2021\/cual-va-a-ser-el-protocolo-para-evitar-contagios-en-las-elecciones\/#breadcrumb\",\"itemListElement\":[{\"@type\":\"ListItem\",\"position\":1,\"name\":\"Portada\",\"item\":\"https:\/\/www.noticiasradioreflejos.com.ar\/2021\/\"},{\"@type\":\"ListItem\",\"position\":2,\"name\":\"Cu\u00e1l va a ser el protocolo para evitar contagios en las elecciones\"}]},{\"@type\":\"WebSite\",\"@id\":\"https:\/\/www.noticiasradioreflejos.com.ar\/2021\/#website\",\"url\":\"https:\/\/www.noticiasradioreflejos.com.ar\/2021\/\",\"name\":\"Noticias Radio Reflejos\",\"description\":\"Las noticias de mi comarca\",\"potentialAction\":[{\"@type\":\"SearchAction\",\"target\":{\"@type\":\"EntryPoint\",\"urlTemplate\":\"https:\/\/www.noticiasradioreflejos.com.ar\/2021\/?s={search_term_string}\"},\"query-input\":{\"@type\":\"PropertyValueSpecification\",\"valueRequired\":true,\"valueName\":\"search_term_string\"}}],\"inLanguage\":\"es\"},{\"@type\":\"Person\",\"@id\":\"https:\/\/www.noticiasradioreflejos.com.ar\/2021\/#\/schema\/person\/ad82545263dcc5ec0996818884fd5fb1\",\"name\":\"Arnaldo Botto\",\"image\":{\"@type\":\"ImageObject\",\"inLanguage\":\"es\",\"@id\":\"https:\/\/www.noticiasradioreflejos.com.ar\/2021\/#\/schema\/person\/image\/\",\"url\":\"https:\/\/secure.gravatar.com\/avatar\/55cb5e37c1efa326397366e6974cb338056df65cb50e7d64d1cf314e87504837?s=96&d=mm&r=g\",\"contentUrl\":\"https:\/\/secure.gravatar.com\/avatar\/55cb5e37c1efa326397366e6974cb338056df65cb50e7d64d1cf314e87504837?s=96&d=mm&r=g\",\"caption\":\"Arnaldo Botto\"},\"url\":\"https:\/\/www.noticiasradioreflejos.com.ar\/2021\/author\/arnaldo\/\"}]}<\/script>\n<!-- \/ Yoast SEO plugin. -->","yoast_head_json":{"title":"Cu\u00e1l va a ser el protocolo para evitar contagios en las elecciones - Noticias Radio Reflejos","robots":{"index":"index","follow":"follow","max-snippet":"max-snippet:-1","max-image-preview":"max-image-preview:large","max-video-preview":"max-video-preview:-1"},"canonical":"https:\/\/www.noticiasradioreflejos.com.ar\/2021\/cual-va-a-ser-el-protocolo-para-evitar-contagios-en-las-elecciones\/","og_locale":"es_ES","og_type":"article","og_title":"Cu\u00e1l va a ser el protocolo para evitar contagios en las elecciones - Noticias Radio Reflejos","og_description":"Se trata de un proyecto elaborado entre el Gobienro nacional y la C\u00e1mara Nacional Electoral que debe aprobar el Ministerio de Salud. Comprende la ampliaci\u00f3n del n\u00famero de escuelas en las que se vota para evitar aglomeraciones y se priorizar\u00e1n los establecimientos que tengan espacios abiertos y mejor ventilaci\u00f3n.","og_url":"https:\/\/www.noticiasradioreflejos.com.ar\/2021\/cual-va-a-ser-el-protocolo-para-evitar-contagios-en-las-elecciones\/","og_site_name":"Noticias Radio Reflejos","article_published_time":"2021-05-28T11:17:02+00:00","og_image":[{"url":"https:\/\/www.telam.com.ar\/advf\/imagenes\/2020\/04\/5e98d04e8692b_1004x565.jpg","type":"","width":"","height":""}],"author":"Arnaldo Botto","twitter_card":"summary_large_image","schema":{"@context":"https:\/\/schema.org","@graph":[{"@type":"WebPage","@id":"https:\/\/www.noticiasradioreflejos.com.ar\/2021\/cual-va-a-ser-el-protocolo-para-evitar-contagios-en-las-elecciones\/","url":"https:\/\/www.noticiasradioreflejos.com.ar\/2021\/cual-va-a-ser-el-protocolo-para-evitar-contagios-en-las-elecciones\/","name":"Cu\u00e1l va a ser el protocolo para evitar contagios en las elecciones - Noticias Radio Reflejos","isPartOf":{"@id":"https:\/\/www.noticiasradioreflejos.com.ar\/2021\/#website"},"primaryImageOfPage":{"@id":"https:\/\/www.noticiasradioreflejos.com.ar\/2021\/cual-va-a-ser-el-protocolo-para-evitar-contagios-en-las-elecciones\/#primaryimage"},"image":{"@id":"https:\/\/www.noticiasradioreflejos.com.ar\/2021\/cual-va-a-ser-el-protocolo-para-evitar-contagios-en-las-elecciones\/#primaryimage"},"thumbnailUrl":"https:\/\/www.telam.com.ar\/advf\/imagenes\/2020\/04\/5e98d04e8692b_1004x565.jpg","datePublished":"2021-05-28T11:17:02+00:00","author":{"@id":"https:\/\/www.noticiasradioreflejos.com.ar\/2021\/#\/schema\/person\/ad82545263dcc5ec0996818884fd5fb1"},"breadcrumb":{"@id":"https:\/\/www.noticiasradioreflejos.com.ar\/2021\/cual-va-a-ser-el-protocolo-para-evitar-contagios-en-las-elecciones\/#breadcrumb"},"inLanguage":"es","potentialAction":[{"@type":"ReadAction","target":["https:\/\/www.noticiasradioreflejos.com.ar\/2021\/cual-va-a-ser-el-protocolo-para-evitar-contagios-en-las-elecciones\/"]}]},{"@type":"ImageObject","inLanguage":"es","@id":"https:\/\/www.noticiasradioreflejos.com.ar\/2021\/cual-va-a-ser-el-protocolo-para-evitar-contagios-en-las-elecciones\/#primaryimage","url":"https:\/\/www.telam.com.ar\/advf\/imagenes\/2020\/04\/5e98d04e8692b_1004x565.jpg","contentUrl":"https:\/\/www.telam.com.ar\/advf\/imagenes\/2020\/04\/5e98d04e8692b_1004x565.jpg"},{"@type":"BreadcrumbList","@id":"https:\/\/www.noticiasradioreflejos.com.ar\/2021\/cual-va-a-ser-el-protocolo-para-evitar-contagios-en-las-elecciones\/#breadcrumb","itemListElement":[{"@type":"ListItem","position":1,"name":"Portada","item":"https:\/\/www.noticiasradioreflejos.com.ar\/2021\/"},{"@type":"ListItem","position":2,"name":"Cu\u00e1l va a ser el protocolo para evitar contagios en las elecciones"}]},{"@type":"WebSite","@id":"https:\/\/www.noticiasradioreflejos.com.ar\/2021\/#website","url":"https:\/\/www.noticiasradioreflejos.com.ar\/2021\/","name":"Noticias Radio Reflejos","description":"Las noticias de mi comarca","potentialAction":[{"@type":"SearchAction","target":{"@type":"EntryPoint","urlTemplate":"https:\/\/www.noticiasradioreflejos.com.ar\/2021\/?s={search_term_string}"},"query-input":{"@type":"PropertyValueSpecification","valueRequired":true,"valueName":"search_term_string"}}],"inLanguage":"es"},{"@type":"Person","@id":"https:\/\/www.noticiasradioreflejos.com.ar\/2021\/#\/schema\/person\/ad82545263dcc5ec0996818884fd5fb1","name":"Arnaldo Botto","image":{"@type":"ImageObject","inLanguage":"es","@id":"https:\/\/www.noticiasradioreflejos.com.ar\/2021\/#\/schema\/person\/image\/","url":"https:\/\/secure.gravatar.com\/avatar\/55cb5e37c1efa326397366e6974cb338056df65cb50e7d64d1cf314e87504837?s=96&d=mm&r=g","contentUrl":"https:\/\/secure.gravatar.com\/avatar\/55cb5e37c1efa326397366e6974cb338056df65cb50e7d64d1cf314e87504837?s=96&d=mm&r=g","caption":"Arnaldo Botto"},"url":"https:\/\/www.noticiasradioreflejos.com.ar\/2021\/author\/arnaldo\/"}]}},"_links":{"self":[{"href":"https:\/\/www.noticiasradioreflejos.com.ar\/2021\/wp-json\/wp\/v2\/posts\/57600","targetHints":{"allow":["GET"]}}],"collection":[{"href":"https:\/\/www.noticiasradioreflejos.com.ar\/2021\/wp-json\/wp\/v2\/posts"}],"about":[{"href":"https:\/\/www.noticiasradioreflejos.com.ar\/2021\/wp-json\/wp\/v2\/types\/post"}],"author":[{"embeddable":true,"href":"https:\/\/www.noticiasradioreflejos.com.ar\/2021\/wp-json\/wp\/v2\/users\/3"}],"replies":[{"embeddable":true,"href":"https:\/\/www.noticiasradioreflejos.com.ar\/2021\/wp-json\/wp\/v2\/comments?post=57600"}],"version-history":[{"count":1,"href":"https:\/\/www.noticiasradioreflejos.com.ar\/2021\/wp-json\/wp\/v2\/posts\/57600\/revisions"}],"predecessor-version":[{"id":57602,"href":"https:\/\/www.noticiasradioreflejos.com.ar\/2021\/wp-json\/wp\/v2\/posts\/57600\/revisions\/57602"}],"wp:attachment":[{"href":"https:\/\/www.noticiasradioreflejos.com.ar\/2021\/wp-json\/wp\/v2\/media?parent=57600"}],"wp:term":[{"taxonomy":"category","embeddable":true,"href":"https:\/\/www.noticiasradioreflejos.com.ar\/2021\/wp-json\/wp\/v2\/categories?post=57600"},{"taxonomy":"post_tag","embeddable":true,"href":"https:\/\/www.noticiasradioreflejos.com.ar\/2021\/wp-json\/wp\/v2\/tags?post=57600"}],"curies":[{"name":"wp","href":"https:\/\/api.w.org\/{rel}","templated":true}]}}