{"id":57593,"date":"2021-05-28T00:08:24","date_gmt":"2021-05-28T00:08:24","guid":{"rendered":"http:\/\/www.noticiasradioreflejos.com.ar\/2021\/?p=57593"},"modified":"2021-05-28T00:08:24","modified_gmt":"2021-05-28T00:08:24","slug":"imputaron-al-lider-de-medicos-por-la-verdad-por-instigacion-a-cometer-delitos","status":"publish","type":"post","link":"https:\/\/www.noticiasradioreflejos.com.ar\/2021\/imputaron-al-lider-de-medicos-por-la-verdad-por-instigacion-a-cometer-delitos\/","title":{"rendered":"Imputaron al l\u00edder de \u00abM\u00e9dicos por la Verdad\u00bb por instigaci\u00f3n a cometer delitos"},"content":{"rendered":"<p>La medida la tom\u00f3 Mar\u00eda Trinidad Chiabera, jueza penal de Rosario, que imput\u00f3 a Mariano Arriaga por incitar e inducir p\u00fablicamente a un grupo de personas para agruparse en el Monumento a la Bandera mediante la difusi\u00f3n por redes sociales.<!--more-->El l\u00edder de la agrupaci\u00f3n negacionista \u201cM\u00e9dicos por la Verdad\u201d, Mariano Arriaga, fue imputado en Rosario por instigaci\u00f3n al delito junto a un concejal chaque\u00f1o y a otro m\u00e9dico, quienes convocaron a un encuentro anticuarentena que tuvo lugar el martes pasado frente al Monumento Nacional a la Bandera donde fueron detenidos, informaron fuentes judiciales.<\/p>\n<p>La jueza penal Mar\u00eda Trinidad Chiabrera orden\u00f3 la libertad de los tres acusados luego de que hagan efectiva una fianza de $ 250 mil en el caso de Arriaga, y de $ 100 mil en el de los otros dos imputados.<\/p>\n<p>Adem\u00e1s, la jueza fij\u00f3 como condiciones de la libertad la prohibici\u00f3n del l\u00edder de \u201cM\u00e9dicos por la Verdad\u201d de salir del pa\u00eds y de acercarse -por cualquier medio- a quienes lo denunciaron.<\/p>\n<p>La medida fue adoptada luego de que una de las denunciantes del movimiento anticuarentena, la concejala rosarina Norma L\u00f3pez, recibi\u00f3 amenazas de muerte a trav\u00e9s de las redes sociales.<\/p>\n<p>&nbsp;<\/p>\n<p>Los tres acusados fueron aprehendidos el martes pasado frente al Monumento a la Bandera, mientras realizaban una reuni\u00f3n de unas 200 personas, sin barbijo ni distanciamiento, en la que negaban la existencia de la pandemia de coronavirus.<\/p>\n<p>En uno de los actos que se realiz\u00f3 en Santa Fe, en violaci\u00f3n a las disposiciones que suspenden las reuniones sociales en lugares p\u00fablicos, Arriaga llam\u00f3 a \u201ccambiar el planeta\u201d y dijo que para eso \u201cnos falta un paso importante a la gente com\u00fan: transformarnos en gente no com\u00fan\u201d.<\/p>\n<p>El l\u00edder de la agrupaci\u00f3n autodenominada \u201cM\u00e9dicos por la Verdad\u201d areng\u00f3 a sus seguidores al decirles que \u201ctu b\u00fasqueda empieza y puede terminar en un segundo, la Pacha, la Tierra y el cielo est\u00e1n esper\u00e1ndote\u201d.<\/p>\n<p>La jueza penal Mar\u00eda Trinidad Chiabrera orden\u00f3 la libertad de los tres acusados luego de que hagan efectiva una fianza de $ 250 mil en el caso de Arriaga<\/p>\n<p><img loading=\"lazy\" decoding=\"async\" class=\"alignnone size-full wp-image-57595\" src=\"http:\/\/www.noticiasradioreflejos.com.ar\/2021\/wp-content\/uploads\/2021\/05\/60ad849270366_1004x565.jpg\" alt=\"\" width=\"1004\" height=\"565\" \/><\/p>\n<p>&nbsp;<\/p>\n<p>El fiscal del caso, Marcelo Vienna, acus\u00f3 a Arriaga; al concejal de la localidad chaque\u00f1a de Las Bre\u00f1as, Juan Domingo Schanovskoy; y al m\u00e9dico Jos\u00e9 Luis Gettor, de instigaci\u00f3n a cometer delitos al \u201cincitar e inducir p\u00fablicamente mediante la difusi\u00f3n por diferentes redes sociales de acceso p\u00fablico\u201d a la convocatoria al Monumento a la Bandera, violando el decreto nacional y provincial que proh\u00edben los encuentros sociales para evitar la propagaci\u00f3n de la pandemia.<\/p>\n<p>&nbsp;<\/p>\n<p>Para ello exhibi\u00f3 como evidencia un video subido a una cuenta de Instagram en la que los organizadores, reunidos en una vivienda de Rosario, realizaron la convocatoria.<\/p>\n<p>&nbsp;<\/p>\n<p>El fiscal tambi\u00e9n acus\u00f3 a Arriaga y al concejal Schanovskoy de haber incumplido la prohibici\u00f3n de realizar reuniones en \u00e1mbitos privados, al grabar el video en una casa con unas 20 personas.<\/p>\n<p>&nbsp;<\/p>\n<p>Arriaga tambi\u00e9n fue acusado por liderar un encuentro de unas 100 personas el lunes pasado en otro parque p\u00fablico de Rosario, por uno que realiz\u00f3 el fin de semana en la ciudad de San Lorenzo y por el delito de da\u00f1os al patear una moto policial del personal que fue a detenerlo.<\/p>\n<p>&nbsp;<\/p>\n<p>Si bien el fiscal pidi\u00f3 prisi\u00f3n preventiva para Arriaga por dos a\u00f1os, la jueza Chiabrera entendi\u00f3 que pod\u00edan mitigarse los riesgos de entorpecimiento de la investigaci\u00f3n y orden\u00f3 su libertad, fij\u00f3 una fianza de $ 250 mil pesos y le prohibi\u00f3 convocar por cualquier medio a marchas o manifestaciones mientras se extiendan las actuales medidas sanitarias.<\/p>\n","protected":false},"excerpt":{"rendered":"<p>La medida la tom\u00f3 Mar\u00eda Trinidad Chiabera, jueza penal de Rosario, que imput\u00f3 a Mariano Arriaga por incitar e inducir p\u00fablicamente a un grupo de personas para agruparse en el Monumento a la Bandera mediante la difusi\u00f3n por redes sociales.<\/p>\n","protected":false},"author":3,"featured_media":0,"comment_status":"closed","ping_status":"closed","sticky":false,"template":"","format":"standard","meta":{"footnotes":""},"categories":[30,26],"tags":[48],"class_list":["post-57593","post","type-post","status-publish","format-standard","hentry","category-salud","category-sociedad","tag-destacada"],"yoast_head":"<!-- This site is optimized with the Yoast SEO plugin v25.9 - https:\/\/yoast.com\/wordpress\/plugins\/seo\/ -->\n<title>Imputaron al l\u00edder de &quot;M\u00e9dicos por la Verdad&quot; por instigaci\u00f3n a cometer delitos - Noticias Radio Reflejos<\/title>\n<meta name=\"robots\" content=\"index, follow, max-snippet:-1, max-image-preview:large, max-video-preview:-1\" \/>\n<link rel=\"canonical\" href=\"https:\/\/www.noticiasradioreflejos.com.ar\/2021\/imputaron-al-lider-de-medicos-por-la-verdad-por-instigacion-a-cometer-delitos\/\" \/>\n<meta property=\"og:locale\" content=\"es_ES\" \/>\n<meta property=\"og:type\" content=\"article\" \/>\n<meta property=\"og:title\" content=\"Imputaron al l\u00edder de &quot;M\u00e9dicos por la Verdad&quot; por instigaci\u00f3n a cometer delitos - Noticias Radio Reflejos\" \/>\n<meta property=\"og:description\" content=\"La medida la tom\u00f3 Mar\u00eda Trinidad Chiabera, jueza penal de Rosario, que imput\u00f3 a Mariano Arriaga por incitar e inducir p\u00fablicamente a un grupo de personas para agruparse en el Monumento a la Bandera mediante la difusi\u00f3n por redes sociales.\" \/>\n<meta property=\"og:url\" content=\"https:\/\/www.noticiasradioreflejos.com.ar\/2021\/imputaron-al-lider-de-medicos-por-la-verdad-por-instigacion-a-cometer-delitos\/\" \/>\n<meta property=\"og:site_name\" content=\"Noticias Radio Reflejos\" \/>\n<meta property=\"article:published_time\" content=\"2021-05-28T00:08:24+00:00\" \/>\n<meta property=\"og:image\" content=\"http:\/\/www.noticiasradioreflejos.com.ar\/2021\/wp-content\/uploads\/2021\/05\/60ad849270366_1004x565.jpg\" \/>\n<meta name=\"author\" content=\"Arnaldo Botto\" \/>\n<meta name=\"twitter:card\" content=\"summary_large_image\" \/>\n<script type=\"application\/ld+json\" class=\"yoast-schema-graph\">{\"@context\":\"https:\/\/schema.org\",\"@graph\":[{\"@type\":\"WebPage\",\"@id\":\"https:\/\/www.noticiasradioreflejos.com.ar\/2021\/imputaron-al-lider-de-medicos-por-la-verdad-por-instigacion-a-cometer-delitos\/\",\"url\":\"https:\/\/www.noticiasradioreflejos.com.ar\/2021\/imputaron-al-lider-de-medicos-por-la-verdad-por-instigacion-a-cometer-delitos\/\",\"name\":\"Imputaron al l\u00edder de \\\"M\u00e9dicos por la Verdad\\\" por instigaci\u00f3n a cometer delitos - Noticias Radio Reflejos\",\"isPartOf\":{\"@id\":\"https:\/\/www.noticiasradioreflejos.com.ar\/2021\/#website\"},\"primaryImageOfPage\":{\"@id\":\"https:\/\/www.noticiasradioreflejos.com.ar\/2021\/imputaron-al-lider-de-medicos-por-la-verdad-por-instigacion-a-cometer-delitos\/#primaryimage\"},\"image\":{\"@id\":\"https:\/\/www.noticiasradioreflejos.com.ar\/2021\/imputaron-al-lider-de-medicos-por-la-verdad-por-instigacion-a-cometer-delitos\/#primaryimage\"},\"thumbnailUrl\":\"http:\/\/www.noticiasradioreflejos.com.ar\/2021\/wp-content\/uploads\/2021\/05\/60ad849270366_1004x565.jpg\",\"datePublished\":\"2021-05-28T00:08:24+00:00\",\"author\":{\"@id\":\"https:\/\/www.noticiasradioreflejos.com.ar\/2021\/#\/schema\/person\/ad82545263dcc5ec0996818884fd5fb1\"},\"breadcrumb\":{\"@id\":\"https:\/\/www.noticiasradioreflejos.com.ar\/2021\/imputaron-al-lider-de-medicos-por-la-verdad-por-instigacion-a-cometer-delitos\/#breadcrumb\"},\"inLanguage\":\"es\",\"potentialAction\":[{\"@type\":\"ReadAction\",\"target\":[\"https:\/\/www.noticiasradioreflejos.com.ar\/2021\/imputaron-al-lider-de-medicos-por-la-verdad-por-instigacion-a-cometer-delitos\/\"]}]},{\"@type\":\"ImageObject\",\"inLanguage\":\"es\",\"@id\":\"https:\/\/www.noticiasradioreflejos.com.ar\/2021\/imputaron-al-lider-de-medicos-por-la-verdad-por-instigacion-a-cometer-delitos\/#primaryimage\",\"url\":\"\",\"contentUrl\":\"\"},{\"@type\":\"BreadcrumbList\",\"@id\":\"https:\/\/www.noticiasradioreflejos.com.ar\/2021\/imputaron-al-lider-de-medicos-por-la-verdad-por-instigacion-a-cometer-delitos\/#breadcrumb\",\"itemListElement\":[{\"@type\":\"ListItem\",\"position\":1,\"name\":\"Portada\",\"item\":\"https:\/\/www.noticiasradioreflejos.com.ar\/2021\/\"},{\"@type\":\"ListItem\",\"position\":2,\"name\":\"Imputaron al l\u00edder de \u00abM\u00e9dicos por la Verdad\u00bb por instigaci\u00f3n a cometer delitos\"}]},{\"@type\":\"WebSite\",\"@id\":\"https:\/\/www.noticiasradioreflejos.com.ar\/2021\/#website\",\"url\":\"https:\/\/www.noticiasradioreflejos.com.ar\/2021\/\",\"name\":\"Noticias Radio Reflejos\",\"description\":\"Las noticias de mi comarca\",\"potentialAction\":[{\"@type\":\"SearchAction\",\"target\":{\"@type\":\"EntryPoint\",\"urlTemplate\":\"https:\/\/www.noticiasradioreflejos.com.ar\/2021\/?s={search_term_string}\"},\"query-input\":{\"@type\":\"PropertyValueSpecification\",\"valueRequired\":true,\"valueName\":\"search_term_string\"}}],\"inLanguage\":\"es\"},{\"@type\":\"Person\",\"@id\":\"https:\/\/www.noticiasradioreflejos.com.ar\/2021\/#\/schema\/person\/ad82545263dcc5ec0996818884fd5fb1\",\"name\":\"Arnaldo Botto\",\"image\":{\"@type\":\"ImageObject\",\"inLanguage\":\"es\",\"@id\":\"https:\/\/www.noticiasradioreflejos.com.ar\/2021\/#\/schema\/person\/image\/\",\"url\":\"https:\/\/secure.gravatar.com\/avatar\/55cb5e37c1efa326397366e6974cb338056df65cb50e7d64d1cf314e87504837?s=96&d=mm&r=g\",\"contentUrl\":\"https:\/\/secure.gravatar.com\/avatar\/55cb5e37c1efa326397366e6974cb338056df65cb50e7d64d1cf314e87504837?s=96&d=mm&r=g\",\"caption\":\"Arnaldo Botto\"},\"url\":\"https:\/\/www.noticiasradioreflejos.com.ar\/2021\/author\/arnaldo\/\"}]}<\/script>\n<!-- \/ Yoast SEO plugin. -->","yoast_head_json":{"title":"Imputaron al l\u00edder de \"M\u00e9dicos por la Verdad\" por instigaci\u00f3n a cometer delitos - Noticias Radio Reflejos","robots":{"index":"index","follow":"follow","max-snippet":"max-snippet:-1","max-image-preview":"max-image-preview:large","max-video-preview":"max-video-preview:-1"},"canonical":"https:\/\/www.noticiasradioreflejos.com.ar\/2021\/imputaron-al-lider-de-medicos-por-la-verdad-por-instigacion-a-cometer-delitos\/","og_locale":"es_ES","og_type":"article","og_title":"Imputaron al l\u00edder de \"M\u00e9dicos por la Verdad\" por instigaci\u00f3n a cometer delitos - Noticias Radio Reflejos","og_description":"La medida la tom\u00f3 Mar\u00eda Trinidad Chiabera, jueza penal de Rosario, que imput\u00f3 a Mariano Arriaga por incitar e inducir p\u00fablicamente a un grupo de personas para agruparse en el Monumento a la Bandera mediante la difusi\u00f3n por redes sociales.","og_url":"https:\/\/www.noticiasradioreflejos.com.ar\/2021\/imputaron-al-lider-de-medicos-por-la-verdad-por-instigacion-a-cometer-delitos\/","og_site_name":"Noticias Radio Reflejos","article_published_time":"2021-05-28T00:08:24+00:00","og_image":[{"url":"http:\/\/www.noticiasradioreflejos.com.ar\/2021\/wp-content\/uploads\/2021\/05\/60ad849270366_1004x565.jpg","type":"","width":"","height":""}],"author":"Arnaldo Botto","twitter_card":"summary_large_image","schema":{"@context":"https:\/\/schema.org","@graph":[{"@type":"WebPage","@id":"https:\/\/www.noticiasradioreflejos.com.ar\/2021\/imputaron-al-lider-de-medicos-por-la-verdad-por-instigacion-a-cometer-delitos\/","url":"https:\/\/www.noticiasradioreflejos.com.ar\/2021\/imputaron-al-lider-de-medicos-por-la-verdad-por-instigacion-a-cometer-delitos\/","name":"Imputaron al l\u00edder de \"M\u00e9dicos por la Verdad\" por instigaci\u00f3n a cometer delitos - Noticias Radio Reflejos","isPartOf":{"@id":"https:\/\/www.noticiasradioreflejos.com.ar\/2021\/#website"},"primaryImageOfPage":{"@id":"https:\/\/www.noticiasradioreflejos.com.ar\/2021\/imputaron-al-lider-de-medicos-por-la-verdad-por-instigacion-a-cometer-delitos\/#primaryimage"},"image":{"@id":"https:\/\/www.noticiasradioreflejos.com.ar\/2021\/imputaron-al-lider-de-medicos-por-la-verdad-por-instigacion-a-cometer-delitos\/#primaryimage"},"thumbnailUrl":"http:\/\/www.noticiasradioreflejos.com.ar\/2021\/wp-content\/uploads\/2021\/05\/60ad849270366_1004x565.jpg","datePublished":"2021-05-28T00:08:24+00:00","author":{"@id":"https:\/\/www.noticiasradioreflejos.com.ar\/2021\/#\/schema\/person\/ad82545263dcc5ec0996818884fd5fb1"},"breadcrumb":{"@id":"https:\/\/www.noticiasradioreflejos.com.ar\/2021\/imputaron-al-lider-de-medicos-por-la-verdad-por-instigacion-a-cometer-delitos\/#breadcrumb"},"inLanguage":"es","potentialAction":[{"@type":"ReadAction","target":["https:\/\/www.noticiasradioreflejos.com.ar\/2021\/imputaron-al-lider-de-medicos-por-la-verdad-por-instigacion-a-cometer-delitos\/"]}]},{"@type":"ImageObject","inLanguage":"es","@id":"https:\/\/www.noticiasradioreflejos.com.ar\/2021\/imputaron-al-lider-de-medicos-por-la-verdad-por-instigacion-a-cometer-delitos\/#primaryimage","url":"","contentUrl":""},{"@type":"BreadcrumbList","@id":"https:\/\/www.noticiasradioreflejos.com.ar\/2021\/imputaron-al-lider-de-medicos-por-la-verdad-por-instigacion-a-cometer-delitos\/#breadcrumb","itemListElement":[{"@type":"ListItem","position":1,"name":"Portada","item":"https:\/\/www.noticiasradioreflejos.com.ar\/2021\/"},{"@type":"ListItem","position":2,"name":"Imputaron al l\u00edder de \u00abM\u00e9dicos por la Verdad\u00bb por instigaci\u00f3n a cometer delitos"}]},{"@type":"WebSite","@id":"https:\/\/www.noticiasradioreflejos.com.ar\/2021\/#website","url":"https:\/\/www.noticiasradioreflejos.com.ar\/2021\/","name":"Noticias Radio Reflejos","description":"Las noticias de mi comarca","potentialAction":[{"@type":"SearchAction","target":{"@type":"EntryPoint","urlTemplate":"https:\/\/www.noticiasradioreflejos.com.ar\/2021\/?s={search_term_string}"},"query-input":{"@type":"PropertyValueSpecification","valueRequired":true,"valueName":"search_term_string"}}],"inLanguage":"es"},{"@type":"Person","@id":"https:\/\/www.noticiasradioreflejos.com.ar\/2021\/#\/schema\/person\/ad82545263dcc5ec0996818884fd5fb1","name":"Arnaldo Botto","image":{"@type":"ImageObject","inLanguage":"es","@id":"https:\/\/www.noticiasradioreflejos.com.ar\/2021\/#\/schema\/person\/image\/","url":"https:\/\/secure.gravatar.com\/avatar\/55cb5e37c1efa326397366e6974cb338056df65cb50e7d64d1cf314e87504837?s=96&d=mm&r=g","contentUrl":"https:\/\/secure.gravatar.com\/avatar\/55cb5e37c1efa326397366e6974cb338056df65cb50e7d64d1cf314e87504837?s=96&d=mm&r=g","caption":"Arnaldo Botto"},"url":"https:\/\/www.noticiasradioreflejos.com.ar\/2021\/author\/arnaldo\/"}]}},"_links":{"self":[{"href":"https:\/\/www.noticiasradioreflejos.com.ar\/2021\/wp-json\/wp\/v2\/posts\/57593","targetHints":{"allow":["GET"]}}],"collection":[{"href":"https:\/\/www.noticiasradioreflejos.com.ar\/2021\/wp-json\/wp\/v2\/posts"}],"about":[{"href":"https:\/\/www.noticiasradioreflejos.com.ar\/2021\/wp-json\/wp\/v2\/types\/post"}],"author":[{"embeddable":true,"href":"https:\/\/www.noticiasradioreflejos.com.ar\/2021\/wp-json\/wp\/v2\/users\/3"}],"replies":[{"embeddable":true,"href":"https:\/\/www.noticiasradioreflejos.com.ar\/2021\/wp-json\/wp\/v2\/comments?post=57593"}],"version-history":[{"count":1,"href":"https:\/\/www.noticiasradioreflejos.com.ar\/2021\/wp-json\/wp\/v2\/posts\/57593\/revisions"}],"predecessor-version":[{"id":57596,"href":"https:\/\/www.noticiasradioreflejos.com.ar\/2021\/wp-json\/wp\/v2\/posts\/57593\/revisions\/57596"}],"wp:attachment":[{"href":"https:\/\/www.noticiasradioreflejos.com.ar\/2021\/wp-json\/wp\/v2\/media?parent=57593"}],"wp:term":[{"taxonomy":"category","embeddable":true,"href":"https:\/\/www.noticiasradioreflejos.com.ar\/2021\/wp-json\/wp\/v2\/categories?post=57593"},{"taxonomy":"post_tag","embeddable":true,"href":"https:\/\/www.noticiasradioreflejos.com.ar\/2021\/wp-json\/wp\/v2\/tags?post=57593"}],"curies":[{"name":"wp","href":"https:\/\/api.w.org\/{rel}","templated":true}]}}