{"id":57445,"date":"2021-05-25T12:01:08","date_gmt":"2021-05-25T12:01:08","guid":{"rendered":"http:\/\/www.noticiasradioreflejos.com.ar\/2021\/?p=57445"},"modified":"2021-05-25T12:01:08","modified_gmt":"2021-05-25T12:01:08","slug":"coronavirus-la-sputnik-v-genera-anticuerpos-contra-la-variante-de-manaos","status":"publish","type":"post","link":"https:\/\/www.noticiasradioreflejos.com.ar\/2021\/coronavirus-la-sputnik-v-genera-anticuerpos-contra-la-variante-de-manaos\/","title":{"rendered":"Coronavirus: la Sputnik V genera anticuerpos contra la variante de Manaos"},"content":{"rendered":"<div class=\"head-content\">\n<p>Un estudio realizado por investigadores argentinos constat\u00f3 que a las dos semanas de recibr la primera dosis, el 85,5% de las personas que participaron en la investigaci\u00f3n ten\u00eda anticuerpos. \u00abAl d\u00eda 42, luego de recibir la segunda dosis, el 99,65% ten\u00eda anticuerpos\u00bb.<\/p>\n<\/div>\n<p><!--more--><\/p>\n<div class=\"main-content-block\">\n<div class=\"main-box clearfix\">\n<div class=\"wrapper-main-section clearfix\">\n<div class=\"wrapper-editable-content\">\n<div class=\"editable-content clearfix\">\n<div id=\"image\" class=\"image\"><img decoding=\"async\" title=\"Seg\u00fan los resultados de los \u00faltimos estudios difundidos por el RDIF, la eficacia de la Sputnik V es del 97,6%.\" src=\"https:\/\/www.telam.com.ar\/advf\/imagenes\/2021\/05\/60abe43da65bc_1004x565.jpg\" alt=\"Seg\u00fan los resultados de los \u00faltimos estudios difundidos por el RDIF, la eficacia de la Sputnik V es del 97,6%.\" \/><\/p>\n<div class=\"epigrafe\">Seg\u00fan los resultados de los \u00faltimos estudios difundidos por el RDIF, la eficacia de la Sputnik V es del 97,6%.<\/div>\n<\/div>\n<p>Un estudio realizado por el Instituto de Virolog\u00eda de la Universidad Nacional de C\u00f3rdoba confirm\u00f3 con muestras de sangre de personas vacunadas con la Sputnik V que se generan en el organismo anticuerpos capaces de neutralizar la variante de coronavirus de Manaos, inform\u00f3 hoy el Fondo Ruso de Inversi\u00f3n Directa (RDIF).<\/p>\n<p>El estudio, que\u00a0<strong>evalu\u00f3 la respuesta de anticuerpos en 800 muestras tomadas a una cohorte de 285 personas en la ciudad de C\u00f3rdoba<\/strong>, concluy\u00f3 adem\u00e1s que \u00abexiste una buena respuesta en la producci\u00f3n de anticuerpos IgG contra SARS-CoV-2\u00bb.<\/p>\n<p>Las muestras fueron tomadas en tres momentos diferentes: una previa a la colocaci\u00f3n de la vacuna (en los casos en que fue posible), otra luego de la primera dosis de la vacuna (d\u00eda 14) y una tercera luego de la segunda dosis (d\u00eda 42 desde la 1er dosis).<\/p>\n<p>El promedio de la edad de las personas que conforman la cohorte fue de 39 a\u00f1os con un m\u00ednimo de 20 a\u00f1os y un m\u00e1ximo de 65 a\u00f1os.El 26,67% de ellos (76) hab\u00edan tenido exposici\u00f3n previa al virus SARS-CoV-2.<\/p>\n<p>El estudio midi\u00f3 cantidad de anticuerpos IgG contra SARS-CoV-2 totales y tambi\u00e9n aquellos con capacidad de neutralizar el virus (AcNT).<\/p>\n<p>Seg\u00fan el informe del estudio, que cont\u00f3 con el apoyo del Ministerio de Salud de la Provincia de C\u00f3rdoba y la Universidad de C\u00f3rdoba,\u00a0<strong>\u00abal d\u00eda 14, luego de la primera dosis de la vacuna, el 85,5% de la cohorte ten\u00eda anticuerpos contra el virus y al d\u00eda 42, luego de recibir la segunda dosis, el 99,65% ten\u00eda anticuerpos, resultando negativo solo un individuo\u00bb<\/strong>.<\/p>\n<p>En este sentido, los investigadores concluyeron que \u00ablos resultados demuestran la importancia de administrar la segunda dosis de la vacuna a quienes no han tenido exposici\u00f3n previa al virus, ya que no solo la proporci\u00f3n de individuos con anticuerpos IgG totales anti S es mayor, sino que tambi\u00e9n el t\u00edtulo de anticuerpos neutralizantes (AcNT) se incrementa significativamente en este grupo al d\u00eda 42 post vacunaci\u00f3n\u00bb.<\/p>\n<blockquote><p>\u00abLos resultados demuestran la importancia de administrar la segunda dosis de la vacuna a quienes no han tenido exposici\u00f3n previa al virus\u00bb<\/p><\/blockquote>\n<p>En tanto, en aquellos que ya hab\u00edan tenido contacto con el virus, la segunda dosis se podr\u00eda \u00abprescindir\u00bb al menos en cuanto a la respuesta de la inmunidad humoral (generaci\u00f3n de anticuerpos).<\/p>\n<p>La investigaci\u00f3n tambi\u00e9n trat\u00f3 de determinar la capacidad neutralizante frente a la variable de Manaos para las cuales analizaron plasma correspondientes a 157 personas, entre las cuales hab\u00eda muestras de individuos recuperados de infecci\u00f3n natural por SARS-CoV-2 de las variantes que circularon en la primera ola (cepa wild type B.1) y de personas vacunadas con Sputnik V que ten\u00edan o no exposici\u00f3n previa al virus.<\/p>\n<p><strong>\u00abEn todas las categor\u00edas evaluadas se observ\u00f3 neutralizaci\u00f3n de la variante Manaos\u00bb<\/strong>, se\u00f1al\u00f3 el informe, aunque advirti\u00f3 que \u00abalgunas muestras con anticuerpos neutralizantes contra la cepa wild type B.1 fueron negativas al enfrentarlas a la variante Manaos\u00bb.<\/p>\n<p>Los investigadores observaron que \u00ablos anticuerpos mostraron una capacidad neutralizante significativamente mayor frente a la variante wild type que frente a la Manaos en los grupos de personas recuperadas de infecci\u00f3n natural por SARS-CoV-2 y en las personas que hab\u00edan sido vacunadas con dos dosis pero no ten\u00edan exposici\u00f3n previa al virus\u00bb.<\/p>\n<p>En el grupo vacunado que hab\u00eda tenido infecci\u00f3n previa, la diferencia entre la capacidad de neutralizaci\u00f3n contra la variante wild type y la de Manaos \u00abno fue significativa\u00bb, indicaron los investigadores.<\/p>\n<div id=\"image\" class=\"image\"><img decoding=\"async\" title=\"El estudio evalu\u00f3 la respuesta de anticuerpos en 800 muestras tomadas a una cohorte de 285 personas.\" src=\"https:\/\/www.telam.com.ar\/advf\/imagenes\/2021\/05\/60abe43d93e02_1004x565.jpg\" alt=\"El estudio evalu\u00f3 la respuesta de anticuerpos en 800 muestras tomadas a una cohorte de 285 personas.\" \/><\/p>\n<div class=\"epigrafe\">El estudio evalu\u00f3 la respuesta de anticuerpos en 800 muestras tomadas a una cohorte de 285 personas.<\/div>\n<\/div>\n<p>Por su parte, Kirill Dmitriev, director ejecutivo del Fondo de Inversi\u00f3n Directa de Rusia (RDIF), celebr\u00f3 el estudio y record\u00f3 que\u00a0<strong>\u00abArgentina fue el primer pa\u00eds latinoamericano en utilizar &#8216;Sputnik V&#8217; para la vacunaci\u00f3n de sus habitantes, y ahora vemos que el uso de este f\u00e1rmaco ayuda a proteger a la poblaci\u00f3n no solo frente a las conocidas, sino tambi\u00e9n frente a las nuevas variantes del virus, incluida la brasile\u00f1a\u00bb<\/strong>.<\/p>\n<p>Seg\u00fan los resultados de los \u00faltimos estudios difundidos por el RDIF, la eficacia de la Sputnik V es del 97,6%; en tanto en ninguno de los 250 estudios cl\u00ednicos realizados alrededor del mundo -ni en la aplicaci\u00f3n a la poblaci\u00f3n a nivel masivo- la vacuna provoc\u00f3 alergias ni efectos graves.<\/p>\n<p>La Sputnik V se basa en una plataforma de vectores adenovirales humanos que causan el resfriado com\u00fan y utiliza dos vectores diferentes para dos inyecciones durante el proceso de vacunaci\u00f3n.<\/p><\/div>\n<\/div>\n<\/div>\n<\/div>\n<\/div>\n","protected":false},"excerpt":{"rendered":"<p>Un estudio realizado por investigadores argentinos constat\u00f3 que a las dos semanas de recibr la primera dosis, el 85,5% de las personas que participaron en la investigaci\u00f3n ten\u00eda anticuerpos. \u00abAl d\u00eda 42, luego de recibir la segunda dosis, el 99,65% ten\u00eda anticuerpos\u00bb.<\/p>\n","protected":false},"author":3,"featured_media":0,"comment_status":"closed","ping_status":"closed","sticky":false,"template":"","format":"standard","meta":{"footnotes":""},"categories":[30],"tags":[],"class_list":["post-57445","post","type-post","status-publish","format-standard","hentry","category-salud"],"yoast_head":"<!-- This site is optimized with the Yoast SEO plugin v25.9 - https:\/\/yoast.com\/wordpress\/plugins\/seo\/ -->\n<title>Coronavirus: la Sputnik V genera anticuerpos contra la variante de Manaos - Noticias Radio Reflejos<\/title>\n<meta name=\"robots\" content=\"index, follow, max-snippet:-1, max-image-preview:large, max-video-preview:-1\" \/>\n<link rel=\"canonical\" href=\"https:\/\/www.noticiasradioreflejos.com.ar\/2021\/coronavirus-la-sputnik-v-genera-anticuerpos-contra-la-variante-de-manaos\/\" \/>\n<meta property=\"og:locale\" content=\"es_ES\" \/>\n<meta property=\"og:type\" content=\"article\" \/>\n<meta property=\"og:title\" content=\"Coronavirus: la Sputnik V genera anticuerpos contra la variante de Manaos - Noticias Radio Reflejos\" \/>\n<meta property=\"og:description\" content=\"Un estudio realizado por investigadores argentinos constat\u00f3 que a las dos semanas de recibr la primera dosis, el 85,5% de las personas que participaron en la investigaci\u00f3n ten\u00eda anticuerpos. \u00abAl d\u00eda 42, luego de recibir la segunda dosis, el 99,65% ten\u00eda anticuerpos\u00bb.\" \/>\n<meta property=\"og:url\" content=\"https:\/\/www.noticiasradioreflejos.com.ar\/2021\/coronavirus-la-sputnik-v-genera-anticuerpos-contra-la-variante-de-manaos\/\" \/>\n<meta property=\"og:site_name\" content=\"Noticias Radio Reflejos\" \/>\n<meta property=\"article:published_time\" content=\"2021-05-25T12:01:08+00:00\" \/>\n<meta property=\"og:image\" content=\"https:\/\/www.telam.com.ar\/advf\/imagenes\/2021\/05\/60abe43da65bc_1004x565.jpg\" \/>\n<meta name=\"author\" content=\"Arnaldo Botto\" \/>\n<meta name=\"twitter:card\" content=\"summary_large_image\" \/>\n<script type=\"application\/ld+json\" class=\"yoast-schema-graph\">{\"@context\":\"https:\/\/schema.org\",\"@graph\":[{\"@type\":\"WebPage\",\"@id\":\"https:\/\/www.noticiasradioreflejos.com.ar\/2021\/coronavirus-la-sputnik-v-genera-anticuerpos-contra-la-variante-de-manaos\/\",\"url\":\"https:\/\/www.noticiasradioreflejos.com.ar\/2021\/coronavirus-la-sputnik-v-genera-anticuerpos-contra-la-variante-de-manaos\/\",\"name\":\"Coronavirus: la Sputnik V genera anticuerpos contra la variante de Manaos - Noticias Radio Reflejos\",\"isPartOf\":{\"@id\":\"https:\/\/www.noticiasradioreflejos.com.ar\/2021\/#website\"},\"primaryImageOfPage\":{\"@id\":\"https:\/\/www.noticiasradioreflejos.com.ar\/2021\/coronavirus-la-sputnik-v-genera-anticuerpos-contra-la-variante-de-manaos\/#primaryimage\"},\"image\":{\"@id\":\"https:\/\/www.noticiasradioreflejos.com.ar\/2021\/coronavirus-la-sputnik-v-genera-anticuerpos-contra-la-variante-de-manaos\/#primaryimage\"},\"thumbnailUrl\":\"https:\/\/www.telam.com.ar\/advf\/imagenes\/2021\/05\/60abe43da65bc_1004x565.jpg\",\"datePublished\":\"2021-05-25T12:01:08+00:00\",\"author\":{\"@id\":\"https:\/\/www.noticiasradioreflejos.com.ar\/2021\/#\/schema\/person\/ad82545263dcc5ec0996818884fd5fb1\"},\"breadcrumb\":{\"@id\":\"https:\/\/www.noticiasradioreflejos.com.ar\/2021\/coronavirus-la-sputnik-v-genera-anticuerpos-contra-la-variante-de-manaos\/#breadcrumb\"},\"inLanguage\":\"es\",\"potentialAction\":[{\"@type\":\"ReadAction\",\"target\":[\"https:\/\/www.noticiasradioreflejos.com.ar\/2021\/coronavirus-la-sputnik-v-genera-anticuerpos-contra-la-variante-de-manaos\/\"]}]},{\"@type\":\"ImageObject\",\"inLanguage\":\"es\",\"@id\":\"https:\/\/www.noticiasradioreflejos.com.ar\/2021\/coronavirus-la-sputnik-v-genera-anticuerpos-contra-la-variante-de-manaos\/#primaryimage\",\"url\":\"https:\/\/www.telam.com.ar\/advf\/imagenes\/2021\/05\/60abe43da65bc_1004x565.jpg\",\"contentUrl\":\"https:\/\/www.telam.com.ar\/advf\/imagenes\/2021\/05\/60abe43da65bc_1004x565.jpg\"},{\"@type\":\"BreadcrumbList\",\"@id\":\"https:\/\/www.noticiasradioreflejos.com.ar\/2021\/coronavirus-la-sputnik-v-genera-anticuerpos-contra-la-variante-de-manaos\/#breadcrumb\",\"itemListElement\":[{\"@type\":\"ListItem\",\"position\":1,\"name\":\"Portada\",\"item\":\"https:\/\/www.noticiasradioreflejos.com.ar\/2021\/\"},{\"@type\":\"ListItem\",\"position\":2,\"name\":\"Coronavirus: la Sputnik V genera anticuerpos contra la variante de Manaos\"}]},{\"@type\":\"WebSite\",\"@id\":\"https:\/\/www.noticiasradioreflejos.com.ar\/2021\/#website\",\"url\":\"https:\/\/www.noticiasradioreflejos.com.ar\/2021\/\",\"name\":\"Noticias Radio Reflejos\",\"description\":\"Las noticias de mi comarca\",\"potentialAction\":[{\"@type\":\"SearchAction\",\"target\":{\"@type\":\"EntryPoint\",\"urlTemplate\":\"https:\/\/www.noticiasradioreflejos.com.ar\/2021\/?s={search_term_string}\"},\"query-input\":{\"@type\":\"PropertyValueSpecification\",\"valueRequired\":true,\"valueName\":\"search_term_string\"}}],\"inLanguage\":\"es\"},{\"@type\":\"Person\",\"@id\":\"https:\/\/www.noticiasradioreflejos.com.ar\/2021\/#\/schema\/person\/ad82545263dcc5ec0996818884fd5fb1\",\"name\":\"Arnaldo Botto\",\"image\":{\"@type\":\"ImageObject\",\"inLanguage\":\"es\",\"@id\":\"https:\/\/www.noticiasradioreflejos.com.ar\/2021\/#\/schema\/person\/image\/\",\"url\":\"https:\/\/secure.gravatar.com\/avatar\/55cb5e37c1efa326397366e6974cb338056df65cb50e7d64d1cf314e87504837?s=96&d=mm&r=g\",\"contentUrl\":\"https:\/\/secure.gravatar.com\/avatar\/55cb5e37c1efa326397366e6974cb338056df65cb50e7d64d1cf314e87504837?s=96&d=mm&r=g\",\"caption\":\"Arnaldo Botto\"},\"url\":\"https:\/\/www.noticiasradioreflejos.com.ar\/2021\/author\/arnaldo\/\"}]}<\/script>\n<!-- \/ Yoast SEO plugin. -->","yoast_head_json":{"title":"Coronavirus: la Sputnik V genera anticuerpos contra la variante de Manaos - Noticias Radio Reflejos","robots":{"index":"index","follow":"follow","max-snippet":"max-snippet:-1","max-image-preview":"max-image-preview:large","max-video-preview":"max-video-preview:-1"},"canonical":"https:\/\/www.noticiasradioreflejos.com.ar\/2021\/coronavirus-la-sputnik-v-genera-anticuerpos-contra-la-variante-de-manaos\/","og_locale":"es_ES","og_type":"article","og_title":"Coronavirus: la Sputnik V genera anticuerpos contra la variante de Manaos - Noticias Radio Reflejos","og_description":"Un estudio realizado por investigadores argentinos constat\u00f3 que a las dos semanas de recibr la primera dosis, el 85,5% de las personas que participaron en la investigaci\u00f3n ten\u00eda anticuerpos. \u00abAl d\u00eda 42, luego de recibir la segunda dosis, el 99,65% ten\u00eda anticuerpos\u00bb.","og_url":"https:\/\/www.noticiasradioreflejos.com.ar\/2021\/coronavirus-la-sputnik-v-genera-anticuerpos-contra-la-variante-de-manaos\/","og_site_name":"Noticias Radio Reflejos","article_published_time":"2021-05-25T12:01:08+00:00","og_image":[{"url":"https:\/\/www.telam.com.ar\/advf\/imagenes\/2021\/05\/60abe43da65bc_1004x565.jpg","type":"","width":"","height":""}],"author":"Arnaldo Botto","twitter_card":"summary_large_image","schema":{"@context":"https:\/\/schema.org","@graph":[{"@type":"WebPage","@id":"https:\/\/www.noticiasradioreflejos.com.ar\/2021\/coronavirus-la-sputnik-v-genera-anticuerpos-contra-la-variante-de-manaos\/","url":"https:\/\/www.noticiasradioreflejos.com.ar\/2021\/coronavirus-la-sputnik-v-genera-anticuerpos-contra-la-variante-de-manaos\/","name":"Coronavirus: la Sputnik V genera anticuerpos contra la variante de Manaos - Noticias Radio Reflejos","isPartOf":{"@id":"https:\/\/www.noticiasradioreflejos.com.ar\/2021\/#website"},"primaryImageOfPage":{"@id":"https:\/\/www.noticiasradioreflejos.com.ar\/2021\/coronavirus-la-sputnik-v-genera-anticuerpos-contra-la-variante-de-manaos\/#primaryimage"},"image":{"@id":"https:\/\/www.noticiasradioreflejos.com.ar\/2021\/coronavirus-la-sputnik-v-genera-anticuerpos-contra-la-variante-de-manaos\/#primaryimage"},"thumbnailUrl":"https:\/\/www.telam.com.ar\/advf\/imagenes\/2021\/05\/60abe43da65bc_1004x565.jpg","datePublished":"2021-05-25T12:01:08+00:00","author":{"@id":"https:\/\/www.noticiasradioreflejos.com.ar\/2021\/#\/schema\/person\/ad82545263dcc5ec0996818884fd5fb1"},"breadcrumb":{"@id":"https:\/\/www.noticiasradioreflejos.com.ar\/2021\/coronavirus-la-sputnik-v-genera-anticuerpos-contra-la-variante-de-manaos\/#breadcrumb"},"inLanguage":"es","potentialAction":[{"@type":"ReadAction","target":["https:\/\/www.noticiasradioreflejos.com.ar\/2021\/coronavirus-la-sputnik-v-genera-anticuerpos-contra-la-variante-de-manaos\/"]}]},{"@type":"ImageObject","inLanguage":"es","@id":"https:\/\/www.noticiasradioreflejos.com.ar\/2021\/coronavirus-la-sputnik-v-genera-anticuerpos-contra-la-variante-de-manaos\/#primaryimage","url":"https:\/\/www.telam.com.ar\/advf\/imagenes\/2021\/05\/60abe43da65bc_1004x565.jpg","contentUrl":"https:\/\/www.telam.com.ar\/advf\/imagenes\/2021\/05\/60abe43da65bc_1004x565.jpg"},{"@type":"BreadcrumbList","@id":"https:\/\/www.noticiasradioreflejos.com.ar\/2021\/coronavirus-la-sputnik-v-genera-anticuerpos-contra-la-variante-de-manaos\/#breadcrumb","itemListElement":[{"@type":"ListItem","position":1,"name":"Portada","item":"https:\/\/www.noticiasradioreflejos.com.ar\/2021\/"},{"@type":"ListItem","position":2,"name":"Coronavirus: la Sputnik V genera anticuerpos contra la variante de Manaos"}]},{"@type":"WebSite","@id":"https:\/\/www.noticiasradioreflejos.com.ar\/2021\/#website","url":"https:\/\/www.noticiasradioreflejos.com.ar\/2021\/","name":"Noticias Radio Reflejos","description":"Las noticias de mi comarca","potentialAction":[{"@type":"SearchAction","target":{"@type":"EntryPoint","urlTemplate":"https:\/\/www.noticiasradioreflejos.com.ar\/2021\/?s={search_term_string}"},"query-input":{"@type":"PropertyValueSpecification","valueRequired":true,"valueName":"search_term_string"}}],"inLanguage":"es"},{"@type":"Person","@id":"https:\/\/www.noticiasradioreflejos.com.ar\/2021\/#\/schema\/person\/ad82545263dcc5ec0996818884fd5fb1","name":"Arnaldo Botto","image":{"@type":"ImageObject","inLanguage":"es","@id":"https:\/\/www.noticiasradioreflejos.com.ar\/2021\/#\/schema\/person\/image\/","url":"https:\/\/secure.gravatar.com\/avatar\/55cb5e37c1efa326397366e6974cb338056df65cb50e7d64d1cf314e87504837?s=96&d=mm&r=g","contentUrl":"https:\/\/secure.gravatar.com\/avatar\/55cb5e37c1efa326397366e6974cb338056df65cb50e7d64d1cf314e87504837?s=96&d=mm&r=g","caption":"Arnaldo Botto"},"url":"https:\/\/www.noticiasradioreflejos.com.ar\/2021\/author\/arnaldo\/"}]}},"_links":{"self":[{"href":"https:\/\/www.noticiasradioreflejos.com.ar\/2021\/wp-json\/wp\/v2\/posts\/57445","targetHints":{"allow":["GET"]}}],"collection":[{"href":"https:\/\/www.noticiasradioreflejos.com.ar\/2021\/wp-json\/wp\/v2\/posts"}],"about":[{"href":"https:\/\/www.noticiasradioreflejos.com.ar\/2021\/wp-json\/wp\/v2\/types\/post"}],"author":[{"embeddable":true,"href":"https:\/\/www.noticiasradioreflejos.com.ar\/2021\/wp-json\/wp\/v2\/users\/3"}],"replies":[{"embeddable":true,"href":"https:\/\/www.noticiasradioreflejos.com.ar\/2021\/wp-json\/wp\/v2\/comments?post=57445"}],"version-history":[{"count":1,"href":"https:\/\/www.noticiasradioreflejos.com.ar\/2021\/wp-json\/wp\/v2\/posts\/57445\/revisions"}],"predecessor-version":[{"id":57447,"href":"https:\/\/www.noticiasradioreflejos.com.ar\/2021\/wp-json\/wp\/v2\/posts\/57445\/revisions\/57447"}],"wp:attachment":[{"href":"https:\/\/www.noticiasradioreflejos.com.ar\/2021\/wp-json\/wp\/v2\/media?parent=57445"}],"wp:term":[{"taxonomy":"category","embeddable":true,"href":"https:\/\/www.noticiasradioreflejos.com.ar\/2021\/wp-json\/wp\/v2\/categories?post=57445"},{"taxonomy":"post_tag","embeddable":true,"href":"https:\/\/www.noticiasradioreflejos.com.ar\/2021\/wp-json\/wp\/v2\/tags?post=57445"}],"curies":[{"name":"wp","href":"https:\/\/api.w.org\/{rel}","templated":true}]}}