{"id":57429,"date":"2021-05-24T20:33:55","date_gmt":"2021-05-24T20:33:55","guid":{"rendered":"http:\/\/www.noticiasradioreflejos.com.ar\/2021\/?p=57429"},"modified":"2021-05-24T20:33:55","modified_gmt":"2021-05-24T20:33:55","slug":"mayo-el-peor-mes-de-la-pandemia-en-bahia-mas-de-100-muertes-en-24-dias","status":"publish","type":"post","link":"https:\/\/www.noticiasradioreflejos.com.ar\/2021\/mayo-el-peor-mes-de-la-pandemia-en-bahia-mas-de-100-muertes-en-24-dias\/","title":{"rendered":"Mayo, el peor mes de la pandemia en Bah\u00eda: m\u00e1s de 100 muertes en 24 d\u00edas"},"content":{"rendered":"<header id=\"mvp-post-head\" class=\"left relative\">Entre abril y lo que se lleva de mayo, se reportaron casi 195 casos letales, el 35% del total desde que se inici\u00f3 la pandemia.<\/p>\n<\/header>\n<p><!--more--><\/p>\n<div class=\"mvp-post-main-out left relative\">\n<div class=\"mvp-post-main-in\">\n<div id=\"mvp-post-content\" class=\"left relative\">\n<div id=\"mvp-post-feat-img\" class=\"left relative mvp-post-feat-img-wide2\"><img loading=\"lazy\" decoding=\"async\" class=\"attachment- size- wp-post-image\" src=\"https:\/\/www.labrujula24.com\/wp-content\/uploads\/2020\/09\/corona-4.jpg\" sizes=\"auto, (max-width: 1000px) 100vw, 1000px\" srcset=\"https:\/\/www.labrujula24.com\/wp-content\/uploads\/2020\/09\/corona-4.jpg 1000w, https:\/\/www.labrujula24.com\/wp-content\/uploads\/2020\/09\/corona-4-768x461.jpg 768w, https:\/\/www.labrujula24.com\/wp-content\/uploads\/2020\/09\/corona-4-590x354.jpg 590w, https:\/\/www.labrujula24.com\/wp-content\/uploads\/2020\/09\/corona-4-400x240.jpg 400w\" alt=\"\" width=\"1000\" height=\"600\" \/><\/div>\n<div id=\"mvp-content-wrap\" class=\"left relative\">\n<div class=\"mvp-post-soc-out right relative\">\n<div class=\"mvp-post-soc-in\">\n<div id=\"mvp-content-body\" class=\"left relative\">\n<div id=\"mvp-content-body-top\" class=\"left relative\">\n<div id=\"mvp-content-main\" class=\"left relative\">\n<div id=\"textbody\">\n<div class=\"code-block code-block-9\">\n<div id=\"ads_Q7WHF96ES5PN\"><\/div>\n<\/div>\n<p>Un total de 101 fallecimientos y 6.127 casos positivos de coronavirus en apenas 24 d\u00edas. Los datos oficiales de mayo en Bah\u00eda resultan realmente preocupantes, sobre todo teniendo en cuenta que a\u00fan resta una semana.<\/p>\n<p>La ciudad ya hab\u00eda cerrado un abril complicado con 6.448 confirmados y 94 decesos, pero en mayo la letalidad del virus se ha incrementado, pese a las semanas de regreso a fase 2.<\/p>\n<div class=\"code-block code-block-11\"><\/div>\n<p>Los 101 que se registraron en lo que va del mes superan tambi\u00e9n lo sucedido en octubre cuando hubo 96.<\/p>\n<p>Llev\u00e1ndolo a porcentajes, en mayo se registraron el 18,23% de los fallecimientos totales desde que se inici\u00f3 la pandemia y el 21,5% de los casos totales. Y entre abril y mayo, el 35,19% de los casos mortales.<\/p>\n<div class=\"code-block code-block-1\"><\/div>\n<figure class=\"wp-block-image size-large\"><img loading=\"lazy\" decoding=\"async\" class=\"wp-image-131794\" src=\"https:\/\/www.labrujula24.com\/wp-content\/uploads\/2021\/05\/coronavirusdatos.jpg\" sizes=\"auto, (max-width: 1200px) 100vw, 1200px\" srcset=\"https:\/\/www.labrujula24.com\/wp-content\/uploads\/2021\/05\/coronavirusdatos.jpg 1200w, https:\/\/www.labrujula24.com\/wp-content\/uploads\/2021\/05\/coronavirusdatos-768x461.jpg 768w, https:\/\/www.labrujula24.com\/wp-content\/uploads\/2021\/05\/coronavirusdatos-1000x600.jpg 1000w, https:\/\/www.labrujula24.com\/wp-content\/uploads\/2021\/05\/coronavirusdatos-590x354.jpg 590w, https:\/\/www.labrujula24.com\/wp-content\/uploads\/2021\/05\/coronavirusdatos-400x240.jpg 400w\" alt=\"\" width=\"1200\" height=\"720\" \/><\/figure>\n<p>En cuanto a la distribuci\u00f3n de la mortalidad, el segmento de entre 60 a 90 a\u00f1os sigue siendo el m\u00e1s afectado desde que se inici\u00f3 la pandemia, con 421 decesos (75,99%).<\/p>\n<p><strong>Fuente La Br\u00fajula 24<\/strong><\/p>\n<\/div>\n<\/div>\n<\/div>\n<\/div>\n<\/div>\n<\/div>\n<\/div>\n<\/div>\n<\/div>\n<\/div>\n","protected":false},"excerpt":{"rendered":"<p>Entre abril y lo que se lleva de mayo, se reportaron casi 195 casos letales, el 35% del total desde que se inici\u00f3 la pandemia.<\/p>\n","protected":false},"author":3,"featured_media":0,"comment_status":"closed","ping_status":"closed","sticky":false,"template":"","format":"standard","meta":{"footnotes":""},"categories":[30],"tags":[],"class_list":["post-57429","post","type-post","status-publish","format-standard","hentry","category-salud"],"yoast_head":"<!-- This site is optimized with the Yoast SEO plugin v25.9 - https:\/\/yoast.com\/wordpress\/plugins\/seo\/ -->\n<title>Mayo, el peor mes de la pandemia en Bah\u00eda: m\u00e1s de 100 muertes en 24 d\u00edas - Noticias Radio Reflejos<\/title>\n<meta name=\"robots\" content=\"index, follow, max-snippet:-1, max-image-preview:large, max-video-preview:-1\" \/>\n<link rel=\"canonical\" href=\"https:\/\/www.noticiasradioreflejos.com.ar\/2021\/mayo-el-peor-mes-de-la-pandemia-en-bahia-mas-de-100-muertes-en-24-dias\/\" \/>\n<meta property=\"og:locale\" content=\"es_ES\" \/>\n<meta property=\"og:type\" content=\"article\" \/>\n<meta property=\"og:title\" content=\"Mayo, el peor mes de la pandemia en Bah\u00eda: m\u00e1s de 100 muertes en 24 d\u00edas - Noticias Radio Reflejos\" \/>\n<meta property=\"og:description\" content=\"Entre abril y lo que se lleva de mayo, se reportaron casi 195 casos letales, el 35% del total desde que se inici\u00f3 la pandemia.\" \/>\n<meta property=\"og:url\" content=\"https:\/\/www.noticiasradioreflejos.com.ar\/2021\/mayo-el-peor-mes-de-la-pandemia-en-bahia-mas-de-100-muertes-en-24-dias\/\" \/>\n<meta property=\"og:site_name\" content=\"Noticias Radio Reflejos\" \/>\n<meta property=\"article:published_time\" content=\"2021-05-24T20:33:55+00:00\" \/>\n<meta property=\"og:image\" content=\"https:\/\/www.labrujula24.com\/wp-content\/uploads\/2020\/09\/corona-4.jpg\" \/>\n<meta name=\"author\" content=\"Arnaldo Botto\" \/>\n<meta name=\"twitter:card\" content=\"summary_large_image\" \/>\n<script type=\"application\/ld+json\" class=\"yoast-schema-graph\">{\"@context\":\"https:\/\/schema.org\",\"@graph\":[{\"@type\":\"WebPage\",\"@id\":\"https:\/\/www.noticiasradioreflejos.com.ar\/2021\/mayo-el-peor-mes-de-la-pandemia-en-bahia-mas-de-100-muertes-en-24-dias\/\",\"url\":\"https:\/\/www.noticiasradioreflejos.com.ar\/2021\/mayo-el-peor-mes-de-la-pandemia-en-bahia-mas-de-100-muertes-en-24-dias\/\",\"name\":\"Mayo, el peor mes de la pandemia en Bah\u00eda: m\u00e1s de 100 muertes en 24 d\u00edas - Noticias Radio Reflejos\",\"isPartOf\":{\"@id\":\"https:\/\/www.noticiasradioreflejos.com.ar\/2021\/#website\"},\"primaryImageOfPage\":{\"@id\":\"https:\/\/www.noticiasradioreflejos.com.ar\/2021\/mayo-el-peor-mes-de-la-pandemia-en-bahia-mas-de-100-muertes-en-24-dias\/#primaryimage\"},\"image\":{\"@id\":\"https:\/\/www.noticiasradioreflejos.com.ar\/2021\/mayo-el-peor-mes-de-la-pandemia-en-bahia-mas-de-100-muertes-en-24-dias\/#primaryimage\"},\"thumbnailUrl\":\"https:\/\/www.labrujula24.com\/wp-content\/uploads\/2020\/09\/corona-4.jpg\",\"datePublished\":\"2021-05-24T20:33:55+00:00\",\"author\":{\"@id\":\"https:\/\/www.noticiasradioreflejos.com.ar\/2021\/#\/schema\/person\/ad82545263dcc5ec0996818884fd5fb1\"},\"breadcrumb\":{\"@id\":\"https:\/\/www.noticiasradioreflejos.com.ar\/2021\/mayo-el-peor-mes-de-la-pandemia-en-bahia-mas-de-100-muertes-en-24-dias\/#breadcrumb\"},\"inLanguage\":\"es\",\"potentialAction\":[{\"@type\":\"ReadAction\",\"target\":[\"https:\/\/www.noticiasradioreflejos.com.ar\/2021\/mayo-el-peor-mes-de-la-pandemia-en-bahia-mas-de-100-muertes-en-24-dias\/\"]}]},{\"@type\":\"ImageObject\",\"inLanguage\":\"es\",\"@id\":\"https:\/\/www.noticiasradioreflejos.com.ar\/2021\/mayo-el-peor-mes-de-la-pandemia-en-bahia-mas-de-100-muertes-en-24-dias\/#primaryimage\",\"url\":\"https:\/\/www.labrujula24.com\/wp-content\/uploads\/2020\/09\/corona-4.jpg\",\"contentUrl\":\"https:\/\/www.labrujula24.com\/wp-content\/uploads\/2020\/09\/corona-4.jpg\"},{\"@type\":\"BreadcrumbList\",\"@id\":\"https:\/\/www.noticiasradioreflejos.com.ar\/2021\/mayo-el-peor-mes-de-la-pandemia-en-bahia-mas-de-100-muertes-en-24-dias\/#breadcrumb\",\"itemListElement\":[{\"@type\":\"ListItem\",\"position\":1,\"name\":\"Portada\",\"item\":\"https:\/\/www.noticiasradioreflejos.com.ar\/2021\/\"},{\"@type\":\"ListItem\",\"position\":2,\"name\":\"Mayo, el peor mes de la pandemia en Bah\u00eda: m\u00e1s de 100 muertes en 24 d\u00edas\"}]},{\"@type\":\"WebSite\",\"@id\":\"https:\/\/www.noticiasradioreflejos.com.ar\/2021\/#website\",\"url\":\"https:\/\/www.noticiasradioreflejos.com.ar\/2021\/\",\"name\":\"Noticias Radio Reflejos\",\"description\":\"Las noticias de mi comarca\",\"potentialAction\":[{\"@type\":\"SearchAction\",\"target\":{\"@type\":\"EntryPoint\",\"urlTemplate\":\"https:\/\/www.noticiasradioreflejos.com.ar\/2021\/?s={search_term_string}\"},\"query-input\":{\"@type\":\"PropertyValueSpecification\",\"valueRequired\":true,\"valueName\":\"search_term_string\"}}],\"inLanguage\":\"es\"},{\"@type\":\"Person\",\"@id\":\"https:\/\/www.noticiasradioreflejos.com.ar\/2021\/#\/schema\/person\/ad82545263dcc5ec0996818884fd5fb1\",\"name\":\"Arnaldo Botto\",\"image\":{\"@type\":\"ImageObject\",\"inLanguage\":\"es\",\"@id\":\"https:\/\/www.noticiasradioreflejos.com.ar\/2021\/#\/schema\/person\/image\/\",\"url\":\"https:\/\/secure.gravatar.com\/avatar\/55cb5e37c1efa326397366e6974cb338056df65cb50e7d64d1cf314e87504837?s=96&d=mm&r=g\",\"contentUrl\":\"https:\/\/secure.gravatar.com\/avatar\/55cb5e37c1efa326397366e6974cb338056df65cb50e7d64d1cf314e87504837?s=96&d=mm&r=g\",\"caption\":\"Arnaldo Botto\"},\"url\":\"https:\/\/www.noticiasradioreflejos.com.ar\/2021\/author\/arnaldo\/\"}]}<\/script>\n<!-- \/ Yoast SEO plugin. -->","yoast_head_json":{"title":"Mayo, el peor mes de la pandemia en Bah\u00eda: m\u00e1s de 100 muertes en 24 d\u00edas - Noticias Radio Reflejos","robots":{"index":"index","follow":"follow","max-snippet":"max-snippet:-1","max-image-preview":"max-image-preview:large","max-video-preview":"max-video-preview:-1"},"canonical":"https:\/\/www.noticiasradioreflejos.com.ar\/2021\/mayo-el-peor-mes-de-la-pandemia-en-bahia-mas-de-100-muertes-en-24-dias\/","og_locale":"es_ES","og_type":"article","og_title":"Mayo, el peor mes de la pandemia en Bah\u00eda: m\u00e1s de 100 muertes en 24 d\u00edas - Noticias Radio Reflejos","og_description":"Entre abril y lo que se lleva de mayo, se reportaron casi 195 casos letales, el 35% del total desde que se inici\u00f3 la pandemia.","og_url":"https:\/\/www.noticiasradioreflejos.com.ar\/2021\/mayo-el-peor-mes-de-la-pandemia-en-bahia-mas-de-100-muertes-en-24-dias\/","og_site_name":"Noticias Radio Reflejos","article_published_time":"2021-05-24T20:33:55+00:00","og_image":[{"url":"https:\/\/www.labrujula24.com\/wp-content\/uploads\/2020\/09\/corona-4.jpg","type":"","width":"","height":""}],"author":"Arnaldo Botto","twitter_card":"summary_large_image","schema":{"@context":"https:\/\/schema.org","@graph":[{"@type":"WebPage","@id":"https:\/\/www.noticiasradioreflejos.com.ar\/2021\/mayo-el-peor-mes-de-la-pandemia-en-bahia-mas-de-100-muertes-en-24-dias\/","url":"https:\/\/www.noticiasradioreflejos.com.ar\/2021\/mayo-el-peor-mes-de-la-pandemia-en-bahia-mas-de-100-muertes-en-24-dias\/","name":"Mayo, el peor mes de la pandemia en Bah\u00eda: m\u00e1s de 100 muertes en 24 d\u00edas - Noticias Radio Reflejos","isPartOf":{"@id":"https:\/\/www.noticiasradioreflejos.com.ar\/2021\/#website"},"primaryImageOfPage":{"@id":"https:\/\/www.noticiasradioreflejos.com.ar\/2021\/mayo-el-peor-mes-de-la-pandemia-en-bahia-mas-de-100-muertes-en-24-dias\/#primaryimage"},"image":{"@id":"https:\/\/www.noticiasradioreflejos.com.ar\/2021\/mayo-el-peor-mes-de-la-pandemia-en-bahia-mas-de-100-muertes-en-24-dias\/#primaryimage"},"thumbnailUrl":"https:\/\/www.labrujula24.com\/wp-content\/uploads\/2020\/09\/corona-4.jpg","datePublished":"2021-05-24T20:33:55+00:00","author":{"@id":"https:\/\/www.noticiasradioreflejos.com.ar\/2021\/#\/schema\/person\/ad82545263dcc5ec0996818884fd5fb1"},"breadcrumb":{"@id":"https:\/\/www.noticiasradioreflejos.com.ar\/2021\/mayo-el-peor-mes-de-la-pandemia-en-bahia-mas-de-100-muertes-en-24-dias\/#breadcrumb"},"inLanguage":"es","potentialAction":[{"@type":"ReadAction","target":["https:\/\/www.noticiasradioreflejos.com.ar\/2021\/mayo-el-peor-mes-de-la-pandemia-en-bahia-mas-de-100-muertes-en-24-dias\/"]}]},{"@type":"ImageObject","inLanguage":"es","@id":"https:\/\/www.noticiasradioreflejos.com.ar\/2021\/mayo-el-peor-mes-de-la-pandemia-en-bahia-mas-de-100-muertes-en-24-dias\/#primaryimage","url":"https:\/\/www.labrujula24.com\/wp-content\/uploads\/2020\/09\/corona-4.jpg","contentUrl":"https:\/\/www.labrujula24.com\/wp-content\/uploads\/2020\/09\/corona-4.jpg"},{"@type":"BreadcrumbList","@id":"https:\/\/www.noticiasradioreflejos.com.ar\/2021\/mayo-el-peor-mes-de-la-pandemia-en-bahia-mas-de-100-muertes-en-24-dias\/#breadcrumb","itemListElement":[{"@type":"ListItem","position":1,"name":"Portada","item":"https:\/\/www.noticiasradioreflejos.com.ar\/2021\/"},{"@type":"ListItem","position":2,"name":"Mayo, el peor mes de la pandemia en Bah\u00eda: m\u00e1s de 100 muertes en 24 d\u00edas"}]},{"@type":"WebSite","@id":"https:\/\/www.noticiasradioreflejos.com.ar\/2021\/#website","url":"https:\/\/www.noticiasradioreflejos.com.ar\/2021\/","name":"Noticias Radio Reflejos","description":"Las noticias de mi comarca","potentialAction":[{"@type":"SearchAction","target":{"@type":"EntryPoint","urlTemplate":"https:\/\/www.noticiasradioreflejos.com.ar\/2021\/?s={search_term_string}"},"query-input":{"@type":"PropertyValueSpecification","valueRequired":true,"valueName":"search_term_string"}}],"inLanguage":"es"},{"@type":"Person","@id":"https:\/\/www.noticiasradioreflejos.com.ar\/2021\/#\/schema\/person\/ad82545263dcc5ec0996818884fd5fb1","name":"Arnaldo Botto","image":{"@type":"ImageObject","inLanguage":"es","@id":"https:\/\/www.noticiasradioreflejos.com.ar\/2021\/#\/schema\/person\/image\/","url":"https:\/\/secure.gravatar.com\/avatar\/55cb5e37c1efa326397366e6974cb338056df65cb50e7d64d1cf314e87504837?s=96&d=mm&r=g","contentUrl":"https:\/\/secure.gravatar.com\/avatar\/55cb5e37c1efa326397366e6974cb338056df65cb50e7d64d1cf314e87504837?s=96&d=mm&r=g","caption":"Arnaldo Botto"},"url":"https:\/\/www.noticiasradioreflejos.com.ar\/2021\/author\/arnaldo\/"}]}},"_links":{"self":[{"href":"https:\/\/www.noticiasradioreflejos.com.ar\/2021\/wp-json\/wp\/v2\/posts\/57429","targetHints":{"allow":["GET"]}}],"collection":[{"href":"https:\/\/www.noticiasradioreflejos.com.ar\/2021\/wp-json\/wp\/v2\/posts"}],"about":[{"href":"https:\/\/www.noticiasradioreflejos.com.ar\/2021\/wp-json\/wp\/v2\/types\/post"}],"author":[{"embeddable":true,"href":"https:\/\/www.noticiasradioreflejos.com.ar\/2021\/wp-json\/wp\/v2\/users\/3"}],"replies":[{"embeddable":true,"href":"https:\/\/www.noticiasradioreflejos.com.ar\/2021\/wp-json\/wp\/v2\/comments?post=57429"}],"version-history":[{"count":1,"href":"https:\/\/www.noticiasradioreflejos.com.ar\/2021\/wp-json\/wp\/v2\/posts\/57429\/revisions"}],"predecessor-version":[{"id":57430,"href":"https:\/\/www.noticiasradioreflejos.com.ar\/2021\/wp-json\/wp\/v2\/posts\/57429\/revisions\/57430"}],"wp:attachment":[{"href":"https:\/\/www.noticiasradioreflejos.com.ar\/2021\/wp-json\/wp\/v2\/media?parent=57429"}],"wp:term":[{"taxonomy":"category","embeddable":true,"href":"https:\/\/www.noticiasradioreflejos.com.ar\/2021\/wp-json\/wp\/v2\/categories?post=57429"},{"taxonomy":"post_tag","embeddable":true,"href":"https:\/\/www.noticiasradioreflejos.com.ar\/2021\/wp-json\/wp\/v2\/tags?post=57429"}],"curies":[{"name":"wp","href":"https:\/\/api.w.org\/{rel}","templated":true}]}}